{"id":4029,"date":"2016-11-23T23:13:31","date_gmt":"2016-11-23T23:13:31","guid":{"rendered":"http:\/\/noticiasradioreflejos.com.ar\/noticias\/?p=4029"},"modified":"2016-11-23T23:13:31","modified_gmt":"2016-11-23T23:13:31","slug":"gestion-de-la-camara-argentina-de-comercio","status":"publish","type":"post","link":"https:\/\/www.noticiasradioreflejos.com.ar\/2021\/gestion-de-la-camara-argentina-de-comercio\/","title":{"rendered":"Gesti\u00f3n de la C\u00e1mara Argentina de Comercio"},"content":{"rendered":"<p>En virtud de las de las gestiones realizadas por la C\u00e1mara Argentina Comercio , ante distintas autoridades gubernamentales; en el d\u00eda de la fecha se public\u00f3 en el Bolet\u00edn Oficial, la Disposici\u00f3n 60 &#8211; E\/2016 de la Subsecretar\u00eda de Comercio Interior en el cual se homologa la pr\u00f3rroga y ampliaci\u00f3n de productos del Ahora 12 y da vigencia al Ahora 18, desde el 1 de diciembre de 2016 hasta el d\u00eda 31 de marzo de 2017 , siendo su plazo prorrogable.<!--more--><br \/>\nPodr\u00e1n ser adquiridos mediante este tipo de financiamiento los bienes de producci\u00f3n nacional y servicios prestados en el territorio de la Rep\u00fablica Argentina comprendidos en las siguientes categor\u00edas:<br \/>\n<strong>L\u00ednea blanca<\/strong> . Comprende \u00fanicamente los siguientes productos: aires acondicionados, lavavajillas, lavarropas y secarropas, cocinas, hornos y anafes, calefactores y estufas, termotanques y calefones, heladeras, congeladores y freezers, para las adquisiciones que tengan lugar entre los d\u00edas jueves y domingo, ambos inclusive.<br \/>\n<strong>Indumentaria<\/strong> . Comprende \u00fanicamente los siguientes productos: prendas de vestir para hombres, mujeres y ni\u00f1os (incluye ropa de trabajo, deportiva, de uso diario y todo tipo de accesorios de vestir), para las adquisiciones que tengan lugar entre los d\u00edas jueves y domingo, ambos inclusive.<br \/>\n<strong>Calzado y marroquiner\u00eda<\/strong> . Comprende \u00fanicamente los siguientes productos: calzado deportivo y no deportivo, carteras, maletas, bolsos de mano y art\u00edculos de marroquiner\u00eda de cuero y otros materiales, para las adquisiciones que tengan lugar entre los d\u00edas jueves y domingo, ambos inclusive.<br \/>\n<strong>Materiales y herramientas para la construcci\u00f3n<\/strong> . Comprende los siguientes productos: arena, cemento, cal, yeso, ladrillos, hierro, chapa, aberturas, maderas, cer\u00e1micos, sanitarios, ca\u00f1os y tuber\u00edas, grifer\u00eda, membranas, tejas, pintura, vidrios, herrajes, pisos de madera y herramientas de trabajo, entre otros, para las adquisiciones que tengan lugar entre los d\u00edas jueves y domingo, ambos inclusive.<br \/>\n<strong>Muebles<\/strong> . Comprende todos los muebles para el hogar, para las adquisiciones que tengan lugar entre los d\u00edas jueves y domingo, ambos inclusive.<br \/>\n<strong>Bicicletas.<\/strong> Comprende todo tipo de bicicletas, inclusive las el\u00e9ctricas, sus partes y\/o piezas, para las adquisiciones que tengan lugar entre los d\u00edas jueves y domingo, ambos inclusive.<br \/>\n<strong>Motos.<\/strong> Comprende a todas aquellas cuyo precio final no sea superior a PESOS CINCUENTA MIL ($\u00a050.000), para las adquisiciones que tengan lugar entre los d\u00edas jueves y domingo, ambos inclusive.<br \/>\n<strong>Turismo.<\/strong> Comprende los siguientes servicios a ser prestados \u00edntegramente dentro del Territorio Nacional: pasajes de \u00f3mnibus de larga distancia, pasajes a\u00e9reos, hoteles y otros alojamientos tur\u00edsticos habilitados por el organismo provincial competente, paquetes tur\u00edsticos adquiridos a trav\u00e9s de agencias de viaje habilitadas, autos de alquiler, y excursiones y actividades recreativas, para las adquisiciones y\/o contrataciones que tengan lugar entre los d\u00edas jueves y domingo, ambos inclusive.<br \/>\n<strong>Colchones.<\/strong> Comprende colchones y sommiers, para las adquisiciones que tengan lugar entre los d\u00edas jueves y domingo, ambos inclusive.<br \/>\n<strong>Libros.<\/strong> Comprende textos escolares y libros de impresi\u00f3n nacional, para las adquisiciones que tengan lugar entre los d\u00edas jueves y domingo, ambos inclusive.<br \/>\n<strong>Anteojos<\/strong> . Comprende anteojos recetados, adquiridos en \u00f3pticas, cuyo precio final no sea superior a PESOS CINCO MIL ($\u00a05.000), para las adquisiciones que tengan lugar entre los d\u00edas jueves y domingo, ambos inclusive.<br \/>\n<strong>Art\u00edculos de Librer\u00eda.<\/strong> Comprende art\u00edculos escolares de librer\u00eda (cuadernos, papeler\u00eda, l\u00e1pices, lapiceras, mochilas, cartucheras, etiquetas, entre otros), para las adquisiciones que tengan lugar entre los d\u00edas jueves y domingo, ambos inclusive.<br \/>\n<strong>Juguetes y Juegos de Mesa.<\/strong> Comprende todos los productos, para las adquisiciones que tengan lugar entre los d\u00edas jueves y domingo, ambos inclusive.<br \/>\n<strong>Tel\u00e9fonos celulares 4G,<\/strong> para las adquisiciones que tengan lugar cualquier d\u00eda de la semana.<br \/>\n<strong>Neum\u00e1ticos, accesorios y repuestos para automotores y motos<\/strong> , para las adquisiciones que tengan lugar entre los d\u00edas jueves y domingo, ambos inclusive.<br \/>\n<strong>Instrumentos musicales,<\/strong> para las adquisiciones que tengan lugar entre los d\u00edas jueves y domingo, ambos inclusive.<br \/>\n<strong>Computadoras, notebooks y tabletas,<\/strong> para las adquisiciones que tengan lugar entre los d\u00edas jueves y domingo, ambos inclusive.<br \/>\n<strong>Artefactos de iluminaci\u00f3n<\/strong> , incluyendo los artefactos el\u00e9ctricos de iluminaci\u00f3n de tecnolog\u00eda LED (light-emitting diode), para las adquisiciones que tengan lugar entre los d\u00edas jueves y domingo, ambos inclusive.<br \/>\nPara acceder a la normativa haga <a href=\"http:\/\/app.dyncontact.com.ar\/in\/go\/9552249CE7684C058BC3D658575E90B2\/7974@FB5863684A7E414E9866B1CA7A4C5C9A\" data-saferedirecturl=\"https:\/\/www.google.com\/url?hl=es&amp;q=http:\/\/app.dyncontact.com.ar\/in\/go\/9552249CE7684C058BC3D658575E90B2\/7974@FB5863684A7E414E9866B1CA7A4C5C9A&amp;source=gmail&amp;ust=1480026404643000&amp;usg=AFQjCNFfwWAtnRWOypJXeDttBiPbU5Gx4Q\"><strong>clic aqu\u00ed<\/strong><\/a><br \/>\nDpto. de Comercio Interior<br \/>\nC\u00e1mara Argentina de Comercio y Servicios<\/p>\n","protected":false},"excerpt":{"rendered":"<p>En virtud de las de las gestiones realizadas por la C\u00e1mara Argentina Comercio , ante distintas autoridades gubernamentales; en el d\u00eda de la fecha se public\u00f3 en el Bolet\u00edn Oficial, la Disposici\u00f3n 60 &#8211; E\/2016 de la Subsecretar\u00eda de Comercio Interior en el cual se homologa la pr\u00f3rroga y ampliaci\u00f3n de productos del Ahora 12 [&hellip;]<\/p>\n","protected":false},"author":3,"featured_media":0,"comment_status":"closed","ping_status":"open","sticky":false,"template":"","format":"standard","meta":{"footnotes":""},"categories":[33],"tags":[],"class_list":["post-4029","post","type-post","status-publish","format-standard","hentry","category-turismo"],"yoast_head":"<!-- This site is optimized with the Yoast SEO plugin v25.9 - https:\/\/yoast.com\/wordpress\/plugins\/seo\/ -->\n<title>Gesti\u00f3n de la C\u00e1mara Argentina de Comercio - Noticias Radio Reflejos<\/title>\n<meta name=\"robots\" content=\"index, follow, max-snippet:-1, max-image-preview:large, max-video-preview:-1\" \/>\n<link rel=\"canonical\" href=\"https:\/\/www.noticiasradioreflejos.com.ar\/2021\/gestion-de-la-camara-argentina-de-comercio\/\" \/>\n<meta property=\"og:locale\" content=\"es_ES\" \/>\n<meta property=\"og:type\" content=\"article\" \/>\n<meta property=\"og:title\" content=\"Gesti\u00f3n de la C\u00e1mara Argentina de Comercio - Noticias Radio Reflejos\" \/>\n<meta property=\"og:description\" content=\"En virtud de las de las gestiones realizadas por la C\u00e1mara Argentina Comercio , ante distintas autoridades gubernamentales; en el d\u00eda de la fecha se public\u00f3 en el Bolet\u00edn Oficial, la Disposici\u00f3n 60 &#8211; E\/2016 de la Subsecretar\u00eda de Comercio Interior en el cual se homologa la pr\u00f3rroga y ampliaci\u00f3n de productos del Ahora 12 [&hellip;]\" \/>\n<meta property=\"og:url\" content=\"https:\/\/www.noticiasradioreflejos.com.ar\/2021\/gestion-de-la-camara-argentina-de-comercio\/\" \/>\n<meta property=\"og:site_name\" content=\"Noticias Radio Reflejos\" \/>\n<meta property=\"article:published_time\" content=\"2016-11-23T23:13:31+00:00\" \/>\n<meta property=\"og:image\" content=\"https:\/\/www.noticiasradioreflejos.com.ar\/2021\/wp-content\/uploads\/2021\/07\/logosol300x200.png\" \/>\n\t<meta property=\"og:image:width\" content=\"300\" \/>\n\t<meta property=\"og:image:height\" content=\"200\" \/>\n\t<meta property=\"og:image:type\" content=\"image\/png\" \/>\n<meta name=\"author\" content=\"Arnaldo Botto\" \/>\n<meta name=\"twitter:card\" content=\"summary_large_image\" \/>\n<script type=\"application\/ld+json\" class=\"yoast-schema-graph\">{\"@context\":\"https:\/\/schema.org\",\"@graph\":[{\"@type\":\"WebPage\",\"@id\":\"https:\/\/www.noticiasradioreflejos.com.ar\/2021\/gestion-de-la-camara-argentina-de-comercio\/\",\"url\":\"https:\/\/www.noticiasradioreflejos.com.ar\/2021\/gestion-de-la-camara-argentina-de-comercio\/\",\"name\":\"Gesti\u00f3n de la C\u00e1mara Argentina de Comercio - Noticias Radio Reflejos\",\"isPartOf\":{\"@id\":\"https:\/\/www.noticiasradioreflejos.com.ar\/2021\/#website\"},\"datePublished\":\"2016-11-23T23:13:31+00:00\",\"author\":{\"@id\":\"https:\/\/www.noticiasradioreflejos.com.ar\/2021\/#\/schema\/person\/ad82545263dcc5ec0996818884fd5fb1\"},\"breadcrumb\":{\"@id\":\"https:\/\/www.noticiasradioreflejos.com.ar\/2021\/gestion-de-la-camara-argentina-de-comercio\/#breadcrumb\"},\"inLanguage\":\"es\",\"potentialAction\":[{\"@type\":\"ReadAction\",\"target\":[\"https:\/\/www.noticiasradioreflejos.com.ar\/2021\/gestion-de-la-camara-argentina-de-comercio\/\"]}]},{\"@type\":\"BreadcrumbList\",\"@id\":\"https:\/\/www.noticiasradioreflejos.com.ar\/2021\/gestion-de-la-camara-argentina-de-comercio\/#breadcrumb\",\"itemListElement\":[{\"@type\":\"ListItem\",\"position\":1,\"name\":\"Portada\",\"item\":\"https:\/\/www.noticiasradioreflejos.com.ar\/2021\/\"},{\"@type\":\"ListItem\",\"position\":2,\"name\":\"Gesti\u00f3n de la C\u00e1mara Argentina de Comercio\"}]},{\"@type\":\"WebSite\",\"@id\":\"https:\/\/www.noticiasradioreflejos.com.ar\/2021\/#website\",\"url\":\"https:\/\/www.noticiasradioreflejos.com.ar\/2021\/\",\"name\":\"Noticias Radio Reflejos\",\"description\":\"Las noticias de mi comarca\",\"potentialAction\":[{\"@type\":\"SearchAction\",\"target\":{\"@type\":\"EntryPoint\",\"urlTemplate\":\"https:\/\/www.noticiasradioreflejos.com.ar\/2021\/?s={search_term_string}\"},\"query-input\":{\"@type\":\"PropertyValueSpecification\",\"valueRequired\":true,\"valueName\":\"search_term_string\"}}],\"inLanguage\":\"es\"},{\"@type\":\"Person\",\"@id\":\"https:\/\/www.noticiasradioreflejos.com.ar\/2021\/#\/schema\/person\/ad82545263dcc5ec0996818884fd5fb1\",\"name\":\"Arnaldo Botto\",\"image\":{\"@type\":\"ImageObject\",\"inLanguage\":\"es\",\"@id\":\"https:\/\/www.noticiasradioreflejos.com.ar\/2021\/#\/schema\/person\/image\/\",\"url\":\"https:\/\/secure.gravatar.com\/avatar\/55cb5e37c1efa326397366e6974cb338056df65cb50e7d64d1cf314e87504837?s=96&d=mm&r=g\",\"contentUrl\":\"https:\/\/secure.gravatar.com\/avatar\/55cb5e37c1efa326397366e6974cb338056df65cb50e7d64d1cf314e87504837?s=96&d=mm&r=g\",\"caption\":\"Arnaldo Botto\"},\"url\":\"https:\/\/www.noticiasradioreflejos.com.ar\/2021\/author\/arnaldo\/\"}]}<\/script>\n<!-- \/ Yoast SEO plugin. -->","yoast_head_json":{"title":"Gesti\u00f3n de la C\u00e1mara Argentina de Comercio - Noticias Radio Reflejos","robots":{"index":"index","follow":"follow","max-snippet":"max-snippet:-1","max-image-preview":"max-image-preview:large","max-video-preview":"max-video-preview:-1"},"canonical":"https:\/\/www.noticiasradioreflejos.com.ar\/2021\/gestion-de-la-camara-argentina-de-comercio\/","og_locale":"es_ES","og_type":"article","og_title":"Gesti\u00f3n de la C\u00e1mara Argentina de Comercio - Noticias Radio Reflejos","og_description":"En virtud de las de las gestiones realizadas por la C\u00e1mara Argentina Comercio , ante distintas autoridades gubernamentales; en el d\u00eda de la fecha se public\u00f3 en el Bolet\u00edn Oficial, la Disposici\u00f3n 60 &#8211; E\/2016 de la Subsecretar\u00eda de Comercio Interior en el cual se homologa la pr\u00f3rroga y ampliaci\u00f3n de productos del Ahora 12 [&hellip;]","og_url":"https:\/\/www.noticiasradioreflejos.com.ar\/2021\/gestion-de-la-camara-argentina-de-comercio\/","og_site_name":"Noticias Radio Reflejos","article_published_time":"2016-11-23T23:13:31+00:00","og_image":[{"width":300,"height":200,"url":"https:\/\/www.noticiasradioreflejos.com.ar\/2021\/wp-content\/uploads\/2021\/07\/logosol300x200.png","type":"image\/png"}],"author":"Arnaldo Botto","twitter_card":"summary_large_image","schema":{"@context":"https:\/\/schema.org","@graph":[{"@type":"WebPage","@id":"https:\/\/www.noticiasradioreflejos.com.ar\/2021\/gestion-de-la-camara-argentina-de-comercio\/","url":"https:\/\/www.noticiasradioreflejos.com.ar\/2021\/gestion-de-la-camara-argentina-de-comercio\/","name":"Gesti\u00f3n de la C\u00e1mara Argentina de Comercio - Noticias Radio Reflejos","isPartOf":{"@id":"https:\/\/www.noticiasradioreflejos.com.ar\/2021\/#website"},"datePublished":"2016-11-23T23:13:31+00:00","author":{"@id":"https:\/\/www.noticiasradioreflejos.com.ar\/2021\/#\/schema\/person\/ad82545263dcc5ec0996818884fd5fb1"},"breadcrumb":{"@id":"https:\/\/www.noticiasradioreflejos.com.ar\/2021\/gestion-de-la-camara-argentina-de-comercio\/#breadcrumb"},"inLanguage":"es","potentialAction":[{"@type":"ReadAction","target":["https:\/\/www.noticiasradioreflejos.com.ar\/2021\/gestion-de-la-camara-argentina-de-comercio\/"]}]},{"@type":"BreadcrumbList","@id":"https:\/\/www.noticiasradioreflejos.com.ar\/2021\/gestion-de-la-camara-argentina-de-comercio\/#breadcrumb","itemListElement":[{"@type":"ListItem","position":1,"name":"Portada","item":"https:\/\/www.noticiasradioreflejos.com.ar\/2021\/"},{"@type":"ListItem","position":2,"name":"Gesti\u00f3n de la C\u00e1mara Argentina de Comercio"}]},{"@type":"WebSite","@id":"https:\/\/www.noticiasradioreflejos.com.ar\/2021\/#website","url":"https:\/\/www.noticiasradioreflejos.com.ar\/2021\/","name":"Noticias Radio Reflejos","description":"Las noticias de mi comarca","potentialAction":[{"@type":"SearchAction","target":{"@type":"EntryPoint","urlTemplate":"https:\/\/www.noticiasradioreflejos.com.ar\/2021\/?s={search_term_string}"},"query-input":{"@type":"PropertyValueSpecification","valueRequired":true,"valueName":"search_term_string"}}],"inLanguage":"es"},{"@type":"Person","@id":"https:\/\/www.noticiasradioreflejos.com.ar\/2021\/#\/schema\/person\/ad82545263dcc5ec0996818884fd5fb1","name":"Arnaldo Botto","image":{"@type":"ImageObject","inLanguage":"es","@id":"https:\/\/www.noticiasradioreflejos.com.ar\/2021\/#\/schema\/person\/image\/","url":"https:\/\/secure.gravatar.com\/avatar\/55cb5e37c1efa326397366e6974cb338056df65cb50e7d64d1cf314e87504837?s=96&d=mm&r=g","contentUrl":"https:\/\/secure.gravatar.com\/avatar\/55cb5e37c1efa326397366e6974cb338056df65cb50e7d64d1cf314e87504837?s=96&d=mm&r=g","caption":"Arnaldo Botto"},"url":"https:\/\/www.noticiasradioreflejos.com.ar\/2021\/author\/arnaldo\/"}]}},"_links":{"self":[{"href":"https:\/\/www.noticiasradioreflejos.com.ar\/2021\/wp-json\/wp\/v2\/posts\/4029","targetHints":{"allow":["GET"]}}],"collection":[{"href":"https:\/\/www.noticiasradioreflejos.com.ar\/2021\/wp-json\/wp\/v2\/posts"}],"about":[{"href":"https:\/\/www.noticiasradioreflejos.com.ar\/2021\/wp-json\/wp\/v2\/types\/post"}],"author":[{"embeddable":true,"href":"https:\/\/www.noticiasradioreflejos.com.ar\/2021\/wp-json\/wp\/v2\/users\/3"}],"replies":[{"embeddable":true,"href":"https:\/\/www.noticiasradioreflejos.com.ar\/2021\/wp-json\/wp\/v2\/comments?post=4029"}],"version-history":[{"count":0,"href":"https:\/\/www.noticiasradioreflejos.com.ar\/2021\/wp-json\/wp\/v2\/posts\/4029\/revisions"}],"wp:attachment":[{"href":"https:\/\/www.noticiasradioreflejos.com.ar\/2021\/wp-json\/wp\/v2\/media?parent=4029"}],"wp:term":[{"taxonomy":"category","embeddable":true,"href":"https:\/\/www.noticiasradioreflejos.com.ar\/2021\/wp-json\/wp\/v2\/categories?post=4029"},{"taxonomy":"post_tag","embeddable":true,"href":"https:\/\/www.noticiasradioreflejos.com.ar\/2021\/wp-json\/wp\/v2\/tags?post=4029"}],"curies":[{"name":"wp","href":"https:\/\/api.w.org\/{rel}","templated":true}]}}