{"id":4026,"date":"2016-11-23T23:09:59","date_gmt":"2016-11-23T23:09:59","guid":{"rendered":"http:\/\/noticiasradioreflejos.com.ar\/noticias\/?p=4026"},"modified":"2016-11-23T23:09:59","modified_gmt":"2016-11-23T23:09:59","slug":"con-espatulas-no-me-sacas-mas-de-aca","status":"publish","type":"post","link":"https:\/\/www.noticiasradioreflejos.com.ar\/2021\/con-espatulas-no-me-sacas-mas-de-aca\/","title":{"rendered":"&quot;Con espatulas no me sacas m\u00e1s de ac\u00e1&quot;"},"content":{"rendered":"<p>Alejandro Almiron vive en Villa Ventana hace cuatro a\u00f1os y recuerda que conoci\u00f3 este lugar gracias a una entrevista de trabajo y asegura no irse nunca m\u00e1s.<!--more--><br \/>\nEs oriundo de Mar del Plata pero manifiesta: \u00abConoc\u00ed este lugar, me encant\u00f3 y ac\u00e1 estoy trabajando\u00bb.<br \/>\nSus ex patrones de Capital Federal hicieron el contacto para que conozca Villa Ventana y Alejandro agrega: \u00abNo conoc\u00eda Villa Ventana, ni sab\u00eda que exist\u00eda, ni por foto y me vine, trabaje y no me voy m\u00e1s\u00bb.<br \/>\n\u00abViv\u00ed en c\u00f3rdoba, es parecido pero no hay nada que envidiarle, este lugar es bello\u00bb.<br \/>\n\u00abLa veo m\u00e1s poblada, m\u00e1s gente viviendo, m\u00e1s movida y est\u00e1 m\u00e1s viva\u00bb comenta Alejandro qui\u00e9n esta seguro en la crianza feliz que lleva su hija.<br \/>\n\u00abYo estoy c\u00f3modo y me adapte a este lugar. Este lugar es un para\u00edso y recomendable\u00bb.<br \/>\n<a title=\"1551484_545957482196730_4487521164484930719_n\" href=\"http:\/\/farm6.staticflickr.com\/5798\/31089526751_a8780e18dd_c.jpg\" rel=\"\"><img loading=\"lazy\" decoding=\"async\" class=\"aligncenter\" title=\"1551484_545957482196730_4487521164484930719_n\" src=\"http:\/\/farm6.staticflickr.com\/5798\/31089526751_a8780e18dd_c.jpg\" alt=\"1551484_545957482196730_4487521164484930719_n\" width=\"800\" height=\"800\" \/><\/a><br \/>\n<iframe loading=\"lazy\" src=\"https:\/\/w.soundcloud.com\/player\/?url=https%3A\/\/api.soundcloud.com\/tracks\/294489685&amp;color=ff5500&amp;auto_play=false&amp;hide_related=false&amp;show_comments=true&amp;show_user=true&amp;show_reposts=false\" width=\"100%\" height=\"166\" frameborder=\"no\" scrolling=\"no\"><\/iframe><\/p>\n","protected":false},"excerpt":{"rendered":"<p>Alejandro Almiron vive en Villa Ventana hace cuatro a\u00f1os y recuerda que conoci\u00f3 este lugar gracias a una entrevista de trabajo y asegura no irse nunca m\u00e1s.<\/p>\n","protected":false},"author":3,"featured_media":0,"comment_status":"closed","ping_status":"open","sticky":false,"template":"","format":"standard","meta":{"footnotes":""},"categories":[26],"tags":[],"class_list":["post-4026","post","type-post","status-publish","format-standard","hentry","category-sociedad"],"yoast_head":"<!-- This site is optimized with the Yoast SEO plugin v25.9 - https:\/\/yoast.com\/wordpress\/plugins\/seo\/ -->\n<title>&quot;Con espatulas no me sacas m\u00e1s de ac\u00e1&quot; - Noticias Radio Reflejos<\/title>\n<meta name=\"robots\" content=\"index, follow, max-snippet:-1, max-image-preview:large, max-video-preview:-1\" \/>\n<link rel=\"canonical\" href=\"https:\/\/www.noticiasradioreflejos.com.ar\/2021\/con-espatulas-no-me-sacas-mas-de-aca\/\" \/>\n<meta property=\"og:locale\" content=\"es_ES\" \/>\n<meta property=\"og:type\" content=\"article\" \/>\n<meta property=\"og:title\" content=\"&quot;Con espatulas no me sacas m\u00e1s de ac\u00e1&quot; - Noticias Radio Reflejos\" \/>\n<meta property=\"og:description\" content=\"Alejandro Almiron vive en Villa Ventana hace cuatro a\u00f1os y recuerda que conoci\u00f3 este lugar gracias a una entrevista de trabajo y asegura no irse nunca m\u00e1s.\" \/>\n<meta property=\"og:url\" content=\"https:\/\/www.noticiasradioreflejos.com.ar\/2021\/con-espatulas-no-me-sacas-mas-de-aca\/\" \/>\n<meta property=\"og:site_name\" content=\"Noticias Radio Reflejos\" \/>\n<meta property=\"article:published_time\" content=\"2016-11-23T23:09:59+00:00\" \/>\n<meta property=\"og:image\" content=\"http:\/\/farm6.staticflickr.com\/5798\/31089526751_a8780e18dd_c.jpg\" \/>\n<meta name=\"author\" content=\"Arnaldo Botto\" \/>\n<meta name=\"twitter:card\" content=\"summary_large_image\" \/>\n<script type=\"application\/ld+json\" class=\"yoast-schema-graph\">{\"@context\":\"https:\/\/schema.org\",\"@graph\":[{\"@type\":\"WebPage\",\"@id\":\"https:\/\/www.noticiasradioreflejos.com.ar\/2021\/con-espatulas-no-me-sacas-mas-de-aca\/\",\"url\":\"https:\/\/www.noticiasradioreflejos.com.ar\/2021\/con-espatulas-no-me-sacas-mas-de-aca\/\",\"name\":\"&quot;Con espatulas no me sacas m\u00e1s de ac\u00e1&quot; - Noticias Radio Reflejos\",\"isPartOf\":{\"@id\":\"https:\/\/www.noticiasradioreflejos.com.ar\/2021\/#website\"},\"primaryImageOfPage\":{\"@id\":\"https:\/\/www.noticiasradioreflejos.com.ar\/2021\/con-espatulas-no-me-sacas-mas-de-aca\/#primaryimage\"},\"image\":{\"@id\":\"https:\/\/www.noticiasradioreflejos.com.ar\/2021\/con-espatulas-no-me-sacas-mas-de-aca\/#primaryimage\"},\"thumbnailUrl\":\"http:\/\/farm6.staticflickr.com\/5798\/31089526751_a8780e18dd_c.jpg\",\"datePublished\":\"2016-11-23T23:09:59+00:00\",\"author\":{\"@id\":\"https:\/\/www.noticiasradioreflejos.com.ar\/2021\/#\/schema\/person\/ad82545263dcc5ec0996818884fd5fb1\"},\"breadcrumb\":{\"@id\":\"https:\/\/www.noticiasradioreflejos.com.ar\/2021\/con-espatulas-no-me-sacas-mas-de-aca\/#breadcrumb\"},\"inLanguage\":\"es\",\"potentialAction\":[{\"@type\":\"ReadAction\",\"target\":[\"https:\/\/www.noticiasradioreflejos.com.ar\/2021\/con-espatulas-no-me-sacas-mas-de-aca\/\"]}]},{\"@type\":\"ImageObject\",\"inLanguage\":\"es\",\"@id\":\"https:\/\/www.noticiasradioreflejos.com.ar\/2021\/con-espatulas-no-me-sacas-mas-de-aca\/#primaryimage\",\"url\":\"http:\/\/farm6.staticflickr.com\/5798\/31089526751_a8780e18dd_c.jpg\",\"contentUrl\":\"http:\/\/farm6.staticflickr.com\/5798\/31089526751_a8780e18dd_c.jpg\"},{\"@type\":\"BreadcrumbList\",\"@id\":\"https:\/\/www.noticiasradioreflejos.com.ar\/2021\/con-espatulas-no-me-sacas-mas-de-aca\/#breadcrumb\",\"itemListElement\":[{\"@type\":\"ListItem\",\"position\":1,\"name\":\"Portada\",\"item\":\"https:\/\/www.noticiasradioreflejos.com.ar\/2021\/\"},{\"@type\":\"ListItem\",\"position\":2,\"name\":\"&quot;Con espatulas no me sacas m\u00e1s de ac\u00e1&quot;\"}]},{\"@type\":\"WebSite\",\"@id\":\"https:\/\/www.noticiasradioreflejos.com.ar\/2021\/#website\",\"url\":\"https:\/\/www.noticiasradioreflejos.com.ar\/2021\/\",\"name\":\"Noticias Radio Reflejos\",\"description\":\"Las noticias de mi comarca\",\"potentialAction\":[{\"@type\":\"SearchAction\",\"target\":{\"@type\":\"EntryPoint\",\"urlTemplate\":\"https:\/\/www.noticiasradioreflejos.com.ar\/2021\/?s={search_term_string}\"},\"query-input\":{\"@type\":\"PropertyValueSpecification\",\"valueRequired\":true,\"valueName\":\"search_term_string\"}}],\"inLanguage\":\"es\"},{\"@type\":\"Person\",\"@id\":\"https:\/\/www.noticiasradioreflejos.com.ar\/2021\/#\/schema\/person\/ad82545263dcc5ec0996818884fd5fb1\",\"name\":\"Arnaldo Botto\",\"image\":{\"@type\":\"ImageObject\",\"inLanguage\":\"es\",\"@id\":\"https:\/\/www.noticiasradioreflejos.com.ar\/2021\/#\/schema\/person\/image\/\",\"url\":\"https:\/\/secure.gravatar.com\/avatar\/55cb5e37c1efa326397366e6974cb338056df65cb50e7d64d1cf314e87504837?s=96&d=mm&r=g\",\"contentUrl\":\"https:\/\/secure.gravatar.com\/avatar\/55cb5e37c1efa326397366e6974cb338056df65cb50e7d64d1cf314e87504837?s=96&d=mm&r=g\",\"caption\":\"Arnaldo Botto\"},\"url\":\"https:\/\/www.noticiasradioreflejos.com.ar\/2021\/author\/arnaldo\/\"}]}<\/script>\n<!-- \/ Yoast SEO plugin. -->","yoast_head_json":{"title":"&quot;Con espatulas no me sacas m\u00e1s de ac\u00e1&quot; - Noticias Radio Reflejos","robots":{"index":"index","follow":"follow","max-snippet":"max-snippet:-1","max-image-preview":"max-image-preview:large","max-video-preview":"max-video-preview:-1"},"canonical":"https:\/\/www.noticiasradioreflejos.com.ar\/2021\/con-espatulas-no-me-sacas-mas-de-aca\/","og_locale":"es_ES","og_type":"article","og_title":"&quot;Con espatulas no me sacas m\u00e1s de ac\u00e1&quot; - Noticias Radio Reflejos","og_description":"Alejandro Almiron vive en Villa Ventana hace cuatro a\u00f1os y recuerda que conoci\u00f3 este lugar gracias a una entrevista de trabajo y asegura no irse nunca m\u00e1s.","og_url":"https:\/\/www.noticiasradioreflejos.com.ar\/2021\/con-espatulas-no-me-sacas-mas-de-aca\/","og_site_name":"Noticias Radio Reflejos","article_published_time":"2016-11-23T23:09:59+00:00","og_image":[{"url":"http:\/\/farm6.staticflickr.com\/5798\/31089526751_a8780e18dd_c.jpg","type":"","width":"","height":""}],"author":"Arnaldo Botto","twitter_card":"summary_large_image","schema":{"@context":"https:\/\/schema.org","@graph":[{"@type":"WebPage","@id":"https:\/\/www.noticiasradioreflejos.com.ar\/2021\/con-espatulas-no-me-sacas-mas-de-aca\/","url":"https:\/\/www.noticiasradioreflejos.com.ar\/2021\/con-espatulas-no-me-sacas-mas-de-aca\/","name":"&quot;Con espatulas no me sacas m\u00e1s de ac\u00e1&quot; - Noticias Radio Reflejos","isPartOf":{"@id":"https:\/\/www.noticiasradioreflejos.com.ar\/2021\/#website"},"primaryImageOfPage":{"@id":"https:\/\/www.noticiasradioreflejos.com.ar\/2021\/con-espatulas-no-me-sacas-mas-de-aca\/#primaryimage"},"image":{"@id":"https:\/\/www.noticiasradioreflejos.com.ar\/2021\/con-espatulas-no-me-sacas-mas-de-aca\/#primaryimage"},"thumbnailUrl":"http:\/\/farm6.staticflickr.com\/5798\/31089526751_a8780e18dd_c.jpg","datePublished":"2016-11-23T23:09:59+00:00","author":{"@id":"https:\/\/www.noticiasradioreflejos.com.ar\/2021\/#\/schema\/person\/ad82545263dcc5ec0996818884fd5fb1"},"breadcrumb":{"@id":"https:\/\/www.noticiasradioreflejos.com.ar\/2021\/con-espatulas-no-me-sacas-mas-de-aca\/#breadcrumb"},"inLanguage":"es","potentialAction":[{"@type":"ReadAction","target":["https:\/\/www.noticiasradioreflejos.com.ar\/2021\/con-espatulas-no-me-sacas-mas-de-aca\/"]}]},{"@type":"ImageObject","inLanguage":"es","@id":"https:\/\/www.noticiasradioreflejos.com.ar\/2021\/con-espatulas-no-me-sacas-mas-de-aca\/#primaryimage","url":"http:\/\/farm6.staticflickr.com\/5798\/31089526751_a8780e18dd_c.jpg","contentUrl":"http:\/\/farm6.staticflickr.com\/5798\/31089526751_a8780e18dd_c.jpg"},{"@type":"BreadcrumbList","@id":"https:\/\/www.noticiasradioreflejos.com.ar\/2021\/con-espatulas-no-me-sacas-mas-de-aca\/#breadcrumb","itemListElement":[{"@type":"ListItem","position":1,"name":"Portada","item":"https:\/\/www.noticiasradioreflejos.com.ar\/2021\/"},{"@type":"ListItem","position":2,"name":"&quot;Con espatulas no me sacas m\u00e1s de ac\u00e1&quot;"}]},{"@type":"WebSite","@id":"https:\/\/www.noticiasradioreflejos.com.ar\/2021\/#website","url":"https:\/\/www.noticiasradioreflejos.com.ar\/2021\/","name":"Noticias Radio Reflejos","description":"Las noticias de mi comarca","potentialAction":[{"@type":"SearchAction","target":{"@type":"EntryPoint","urlTemplate":"https:\/\/www.noticiasradioreflejos.com.ar\/2021\/?s={search_term_string}"},"query-input":{"@type":"PropertyValueSpecification","valueRequired":true,"valueName":"search_term_string"}}],"inLanguage":"es"},{"@type":"Person","@id":"https:\/\/www.noticiasradioreflejos.com.ar\/2021\/#\/schema\/person\/ad82545263dcc5ec0996818884fd5fb1","name":"Arnaldo Botto","image":{"@type":"ImageObject","inLanguage":"es","@id":"https:\/\/www.noticiasradioreflejos.com.ar\/2021\/#\/schema\/person\/image\/","url":"https:\/\/secure.gravatar.com\/avatar\/55cb5e37c1efa326397366e6974cb338056df65cb50e7d64d1cf314e87504837?s=96&d=mm&r=g","contentUrl":"https:\/\/secure.gravatar.com\/avatar\/55cb5e37c1efa326397366e6974cb338056df65cb50e7d64d1cf314e87504837?s=96&d=mm&r=g","caption":"Arnaldo Botto"},"url":"https:\/\/www.noticiasradioreflejos.com.ar\/2021\/author\/arnaldo\/"}]}},"_links":{"self":[{"href":"https:\/\/www.noticiasradioreflejos.com.ar\/2021\/wp-json\/wp\/v2\/posts\/4026","targetHints":{"allow":["GET"]}}],"collection":[{"href":"https:\/\/www.noticiasradioreflejos.com.ar\/2021\/wp-json\/wp\/v2\/posts"}],"about":[{"href":"https:\/\/www.noticiasradioreflejos.com.ar\/2021\/wp-json\/wp\/v2\/types\/post"}],"author":[{"embeddable":true,"href":"https:\/\/www.noticiasradioreflejos.com.ar\/2021\/wp-json\/wp\/v2\/users\/3"}],"replies":[{"embeddable":true,"href":"https:\/\/www.noticiasradioreflejos.com.ar\/2021\/wp-json\/wp\/v2\/comments?post=4026"}],"version-history":[{"count":0,"href":"https:\/\/www.noticiasradioreflejos.com.ar\/2021\/wp-json\/wp\/v2\/posts\/4026\/revisions"}],"wp:attachment":[{"href":"https:\/\/www.noticiasradioreflejos.com.ar\/2021\/wp-json\/wp\/v2\/media?parent=4026"}],"wp:term":[{"taxonomy":"category","embeddable":true,"href":"https:\/\/www.noticiasradioreflejos.com.ar\/2021\/wp-json\/wp\/v2\/categories?post=4026"},{"taxonomy":"post_tag","embeddable":true,"href":"https:\/\/www.noticiasradioreflejos.com.ar\/2021\/wp-json\/wp\/v2\/tags?post=4026"}],"curies":[{"name":"wp","href":"https:\/\/api.w.org\/{rel}","templated":true}]}}