{"id":40216,"date":"2020-03-31T08:20:04","date_gmt":"2020-03-31T11:20:04","guid":{"rendered":"http:\/\/www.noticiasradioreflejos.com.ar\/noticias\/?p=40216"},"modified":"2020-03-31T08:20:04","modified_gmt":"2020-03-31T11:20:04","slug":"pasos-requisitos-y-montos-maximos-de-los-creditos-al-24-para-las-pymes","status":"publish","type":"post","link":"https:\/\/www.noticiasradioreflejos.com.ar\/2021\/pasos-requisitos-y-montos-maximos-de-los-creditos-al-24-para-las-pymes\/","title":{"rendered":"Pasos, requisitos y montos m\u00e1ximos de los cr\u00e9ditos al 24% para las Pymes"},"content":{"rendered":"<p>Las micro, peque\u00f1as y medianas empresas (Mipymes) que paguen sueldos a trav\u00e9s de bancos podr\u00e1n pedir, a partir de esta semana, cr\u00e9ditos a una tasa de inter\u00e9s del 24% anual por el total de su n\u00f3mina salarial, luego de cumplir una serie de pasos y requisitos para tramitar los pr\u00e9stamos.<!--more--><\/p>\n<p>El primer paso para las empresas que quieran acceder a estos pr\u00e9stamos ser\u00e1 completar el formulario 931 de AFIP, donde se incluye el detalle de la n\u00f3mina de empleados, y enviar la solicitud de cr\u00e9dito a la entidad crediticia de la que son clientes, precisaron fuentes bancarias a T\u00e9lam.<\/p>\n<p>El banco -que deber\u00e1 ser el mismo a trav\u00e9s del cual abonan las cuentas sueldo- se podr\u00e1 en contacto con la empresa solicitante para comunicarle el detalle del tr\u00e1mite para su instrumentaci\u00f3n.<\/p>\n<p>Si bien los cr\u00e9ditos son para todas las empresas, el Ministerio de Desarrollo Productivo pondr\u00e1 a disposici\u00f3n de peque\u00f1as y medianas empresas el Fondo de Garant\u00edas Argentino (FoGar), una cobertura especial para el capital otorgado.<\/p>\n<p>Para las empresas medianas pertenecientes a los tramos 1 y 2 inscritas en el Registro PyME, el FoGar cubrir\u00e1 una garant\u00eda del 25% del capital otorgado por la entidad financiera mientras que a los monotributistas, micro y peque\u00f1as empresas les otorgar\u00e1 un aval del 100% del capital aprobado por el banco.<\/p>\n<p>Las empresas podr\u00e1n acceder, como m\u00e1ximo, al 100 % de la masa salarial bruta de la empresa para, as\u00ed, poder hacer frente a la totalidad de los sueldos de marzo.<\/p>\n<p>La tasa m\u00e1xima de estos cr\u00e9ditos ser\u00e1 del 24 por ciento fija durante un a\u00f1o, con un per\u00edodo de gracia de tres meses, aunque cada entidad bancaria podr\u00e1 mejorar las condiciones crediticias.<\/p>\n<p>Tambi\u00e9n podr\u00e1n solicitar este tipo de tasas para cubrir cheques de pagos diferidos.<\/p>\n<p>Por otra parte, las empresas que deseen acceder a los FoGar deber\u00e1n contar con el certificado MiPyME, cuyo tr\u00e1mite se inicia en la web de AFIP y otorgado por el Ministerio de Desarrollo Productivo.<\/p>\n<p>En todos los casos, los bancos chequear\u00e1n la informaci\u00f3n recibida y podr\u00e1n solicitar a las empresas informaci\u00f3n adicional, aunque en todo caso deber\u00e1n proveer atenci\u00f3n virtual a trav\u00e9s de sus canales comerciales habituales.<\/p>\n<p>Existen dos modalidades para la acreditaci\u00f3n del dinero: directamente en la cuenta sueldo de los empleados o bien en la cuenta de la empresa, para que luego sea esta la que lo transfiera a sus empleados.<\/p>\n<p>Esta semana empezar\u00e1n a brindar est\u00e1s l\u00edneas de cr\u00e9ditos, con tasas de entre el 20 y el 24%, los bancos Naci\u00f3n, Provincia, Ciudad, Crediccop, Galicia, Supervielle, Ita\u00fa, BBVA y Comafi, seg\u00fan confirmaron estas entidades a T\u00e9lam.<\/p>\n<p>Desde el jueves \u00faltimo, para paliar el virtual congelamiento de la actividad econ\u00f3mica a ra\u00edz de las medidas de distanciamiento social para mitigar la pandemia del coronavirus (Covid-19), el Banco Central liber\u00f3 cerca de $ 350.000 millones a los bancos para que den este tipo de cr\u00e9ditos a empresas, reduciendo encajes y tenencia de Letras de Liquidez (Leliq).<\/p>\n","protected":false},"excerpt":{"rendered":"<p>Las micro, peque\u00f1as y medianas empresas (Mipymes) que paguen sueldos a trav\u00e9s de bancos podr\u00e1n pedir, a partir de esta semana, cr\u00e9ditos a una tasa de inter\u00e9s del 24% anual por el total de su n\u00f3mina salarial, luego de cumplir una serie de pasos y requisitos para tramitar los pr\u00e9stamos.<\/p>\n","protected":false},"author":3,"featured_media":40217,"comment_status":"closed","ping_status":"open","sticky":false,"template":"","format":"standard","meta":{"footnotes":""},"categories":[36],"tags":[],"class_list":["post-40216","post","type-post","status-publish","format-standard","has-post-thumbnail","hentry","category-economia"],"yoast_head":"<!-- This site is optimized with the Yoast SEO plugin v25.9 - https:\/\/yoast.com\/wordpress\/plugins\/seo\/ -->\n<title>Pasos, requisitos y montos m\u00e1ximos de los cr\u00e9ditos al 24% para las Pymes - Noticias Radio Reflejos<\/title>\n<meta name=\"robots\" content=\"index, follow, max-snippet:-1, max-image-preview:large, max-video-preview:-1\" \/>\n<link rel=\"canonical\" href=\"https:\/\/www.noticiasradioreflejos.com.ar\/2021\/pasos-requisitos-y-montos-maximos-de-los-creditos-al-24-para-las-pymes\/\" \/>\n<meta property=\"og:locale\" content=\"es_ES\" \/>\n<meta property=\"og:type\" content=\"article\" \/>\n<meta property=\"og:title\" content=\"Pasos, requisitos y montos m\u00e1ximos de los cr\u00e9ditos al 24% para las Pymes - Noticias Radio Reflejos\" \/>\n<meta property=\"og:description\" content=\"Las micro, peque\u00f1as y medianas empresas (Mipymes) que paguen sueldos a trav\u00e9s de bancos podr\u00e1n pedir, a partir de esta semana, cr\u00e9ditos a una tasa de inter\u00e9s del 24% anual por el total de su n\u00f3mina salarial, luego de cumplir una serie de pasos y requisitos para tramitar los pr\u00e9stamos.\" \/>\n<meta property=\"og:url\" content=\"https:\/\/www.noticiasradioreflejos.com.ar\/2021\/pasos-requisitos-y-montos-maximos-de-los-creditos-al-24-para-las-pymes\/\" \/>\n<meta property=\"og:site_name\" content=\"Noticias Radio Reflejos\" \/>\n<meta property=\"article:published_time\" content=\"2020-03-31T11:20:04+00:00\" \/>\n<meta property=\"og:image\" content=\"https:\/\/www.noticiasradioreflejos.com.ar\/2021\/wp-content\/uploads\/2020\/03\/pesos.jpg\" \/>\n\t<meta property=\"og:image:width\" content=\"870\" \/>\n\t<meta property=\"og:image:height\" content=\"580\" \/>\n\t<meta property=\"og:image:type\" content=\"image\/jpeg\" \/>\n<meta name=\"author\" content=\"Arnaldo Botto\" \/>\n<meta name=\"twitter:card\" content=\"summary_large_image\" \/>\n<script type=\"application\/ld+json\" class=\"yoast-schema-graph\">{\"@context\":\"https:\/\/schema.org\",\"@graph\":[{\"@type\":\"WebPage\",\"@id\":\"https:\/\/www.noticiasradioreflejos.com.ar\/2021\/pasos-requisitos-y-montos-maximos-de-los-creditos-al-24-para-las-pymes\/\",\"url\":\"https:\/\/www.noticiasradioreflejos.com.ar\/2021\/pasos-requisitos-y-montos-maximos-de-los-creditos-al-24-para-las-pymes\/\",\"name\":\"Pasos, requisitos y montos m\u00e1ximos de los cr\u00e9ditos al 24% para las Pymes - Noticias Radio Reflejos\",\"isPartOf\":{\"@id\":\"https:\/\/www.noticiasradioreflejos.com.ar\/2021\/#website\"},\"primaryImageOfPage\":{\"@id\":\"https:\/\/www.noticiasradioreflejos.com.ar\/2021\/pasos-requisitos-y-montos-maximos-de-los-creditos-al-24-para-las-pymes\/#primaryimage\"},\"image\":{\"@id\":\"https:\/\/www.noticiasradioreflejos.com.ar\/2021\/pasos-requisitos-y-montos-maximos-de-los-creditos-al-24-para-las-pymes\/#primaryimage\"},\"thumbnailUrl\":\"https:\/\/www.noticiasradioreflejos.com.ar\/2021\/wp-content\/uploads\/2020\/03\/pesos.jpg\",\"datePublished\":\"2020-03-31T11:20:04+00:00\",\"author\":{\"@id\":\"https:\/\/www.noticiasradioreflejos.com.ar\/2021\/#\/schema\/person\/ad82545263dcc5ec0996818884fd5fb1\"},\"breadcrumb\":{\"@id\":\"https:\/\/www.noticiasradioreflejos.com.ar\/2021\/pasos-requisitos-y-montos-maximos-de-los-creditos-al-24-para-las-pymes\/#breadcrumb\"},\"inLanguage\":\"es\",\"potentialAction\":[{\"@type\":\"ReadAction\",\"target\":[\"https:\/\/www.noticiasradioreflejos.com.ar\/2021\/pasos-requisitos-y-montos-maximos-de-los-creditos-al-24-para-las-pymes\/\"]}]},{\"@type\":\"ImageObject\",\"inLanguage\":\"es\",\"@id\":\"https:\/\/www.noticiasradioreflejos.com.ar\/2021\/pasos-requisitos-y-montos-maximos-de-los-creditos-al-24-para-las-pymes\/#primaryimage\",\"url\":\"https:\/\/www.noticiasradioreflejos.com.ar\/2021\/wp-content\/uploads\/2020\/03\/pesos.jpg\",\"contentUrl\":\"https:\/\/www.noticiasradioreflejos.com.ar\/2021\/wp-content\/uploads\/2020\/03\/pesos.jpg\",\"width\":870,\"height\":580},{\"@type\":\"BreadcrumbList\",\"@id\":\"https:\/\/www.noticiasradioreflejos.com.ar\/2021\/pasos-requisitos-y-montos-maximos-de-los-creditos-al-24-para-las-pymes\/#breadcrumb\",\"itemListElement\":[{\"@type\":\"ListItem\",\"position\":1,\"name\":\"Portada\",\"item\":\"https:\/\/www.noticiasradioreflejos.com.ar\/2021\/\"},{\"@type\":\"ListItem\",\"position\":2,\"name\":\"Pasos, requisitos y montos m\u00e1ximos de los cr\u00e9ditos al 24% para las Pymes\"}]},{\"@type\":\"WebSite\",\"@id\":\"https:\/\/www.noticiasradioreflejos.com.ar\/2021\/#website\",\"url\":\"https:\/\/www.noticiasradioreflejos.com.ar\/2021\/\",\"name\":\"Noticias Radio Reflejos\",\"description\":\"Las noticias de mi comarca\",\"potentialAction\":[{\"@type\":\"SearchAction\",\"target\":{\"@type\":\"EntryPoint\",\"urlTemplate\":\"https:\/\/www.noticiasradioreflejos.com.ar\/2021\/?s={search_term_string}\"},\"query-input\":{\"@type\":\"PropertyValueSpecification\",\"valueRequired\":true,\"valueName\":\"search_term_string\"}}],\"inLanguage\":\"es\"},{\"@type\":\"Person\",\"@id\":\"https:\/\/www.noticiasradioreflejos.com.ar\/2021\/#\/schema\/person\/ad82545263dcc5ec0996818884fd5fb1\",\"name\":\"Arnaldo Botto\",\"image\":{\"@type\":\"ImageObject\",\"inLanguage\":\"es\",\"@id\":\"https:\/\/www.noticiasradioreflejos.com.ar\/2021\/#\/schema\/person\/image\/\",\"url\":\"https:\/\/secure.gravatar.com\/avatar\/55cb5e37c1efa326397366e6974cb338056df65cb50e7d64d1cf314e87504837?s=96&d=mm&r=g\",\"contentUrl\":\"https:\/\/secure.gravatar.com\/avatar\/55cb5e37c1efa326397366e6974cb338056df65cb50e7d64d1cf314e87504837?s=96&d=mm&r=g\",\"caption\":\"Arnaldo Botto\"},\"url\":\"https:\/\/www.noticiasradioreflejos.com.ar\/2021\/author\/arnaldo\/\"}]}<\/script>\n<!-- \/ Yoast SEO plugin. -->","yoast_head_json":{"title":"Pasos, requisitos y montos m\u00e1ximos de los cr\u00e9ditos al 24% para las Pymes - Noticias Radio Reflejos","robots":{"index":"index","follow":"follow","max-snippet":"max-snippet:-1","max-image-preview":"max-image-preview:large","max-video-preview":"max-video-preview:-1"},"canonical":"https:\/\/www.noticiasradioreflejos.com.ar\/2021\/pasos-requisitos-y-montos-maximos-de-los-creditos-al-24-para-las-pymes\/","og_locale":"es_ES","og_type":"article","og_title":"Pasos, requisitos y montos m\u00e1ximos de los cr\u00e9ditos al 24% para las Pymes - Noticias Radio Reflejos","og_description":"Las micro, peque\u00f1as y medianas empresas (Mipymes) que paguen sueldos a trav\u00e9s de bancos podr\u00e1n pedir, a partir de esta semana, cr\u00e9ditos a una tasa de inter\u00e9s del 24% anual por el total de su n\u00f3mina salarial, luego de cumplir una serie de pasos y requisitos para tramitar los pr\u00e9stamos.","og_url":"https:\/\/www.noticiasradioreflejos.com.ar\/2021\/pasos-requisitos-y-montos-maximos-de-los-creditos-al-24-para-las-pymes\/","og_site_name":"Noticias Radio Reflejos","article_published_time":"2020-03-31T11:20:04+00:00","og_image":[{"width":870,"height":580,"url":"https:\/\/www.noticiasradioreflejos.com.ar\/2021\/wp-content\/uploads\/2020\/03\/pesos.jpg","type":"image\/jpeg"}],"author":"Arnaldo Botto","twitter_card":"summary_large_image","schema":{"@context":"https:\/\/schema.org","@graph":[{"@type":"WebPage","@id":"https:\/\/www.noticiasradioreflejos.com.ar\/2021\/pasos-requisitos-y-montos-maximos-de-los-creditos-al-24-para-las-pymes\/","url":"https:\/\/www.noticiasradioreflejos.com.ar\/2021\/pasos-requisitos-y-montos-maximos-de-los-creditos-al-24-para-las-pymes\/","name":"Pasos, requisitos y montos m\u00e1ximos de los cr\u00e9ditos al 24% para las Pymes - Noticias Radio Reflejos","isPartOf":{"@id":"https:\/\/www.noticiasradioreflejos.com.ar\/2021\/#website"},"primaryImageOfPage":{"@id":"https:\/\/www.noticiasradioreflejos.com.ar\/2021\/pasos-requisitos-y-montos-maximos-de-los-creditos-al-24-para-las-pymes\/#primaryimage"},"image":{"@id":"https:\/\/www.noticiasradioreflejos.com.ar\/2021\/pasos-requisitos-y-montos-maximos-de-los-creditos-al-24-para-las-pymes\/#primaryimage"},"thumbnailUrl":"https:\/\/www.noticiasradioreflejos.com.ar\/2021\/wp-content\/uploads\/2020\/03\/pesos.jpg","datePublished":"2020-03-31T11:20:04+00:00","author":{"@id":"https:\/\/www.noticiasradioreflejos.com.ar\/2021\/#\/schema\/person\/ad82545263dcc5ec0996818884fd5fb1"},"breadcrumb":{"@id":"https:\/\/www.noticiasradioreflejos.com.ar\/2021\/pasos-requisitos-y-montos-maximos-de-los-creditos-al-24-para-las-pymes\/#breadcrumb"},"inLanguage":"es","potentialAction":[{"@type":"ReadAction","target":["https:\/\/www.noticiasradioreflejos.com.ar\/2021\/pasos-requisitos-y-montos-maximos-de-los-creditos-al-24-para-las-pymes\/"]}]},{"@type":"ImageObject","inLanguage":"es","@id":"https:\/\/www.noticiasradioreflejos.com.ar\/2021\/pasos-requisitos-y-montos-maximos-de-los-creditos-al-24-para-las-pymes\/#primaryimage","url":"https:\/\/www.noticiasradioreflejos.com.ar\/2021\/wp-content\/uploads\/2020\/03\/pesos.jpg","contentUrl":"https:\/\/www.noticiasradioreflejos.com.ar\/2021\/wp-content\/uploads\/2020\/03\/pesos.jpg","width":870,"height":580},{"@type":"BreadcrumbList","@id":"https:\/\/www.noticiasradioreflejos.com.ar\/2021\/pasos-requisitos-y-montos-maximos-de-los-creditos-al-24-para-las-pymes\/#breadcrumb","itemListElement":[{"@type":"ListItem","position":1,"name":"Portada","item":"https:\/\/www.noticiasradioreflejos.com.ar\/2021\/"},{"@type":"ListItem","position":2,"name":"Pasos, requisitos y montos m\u00e1ximos de los cr\u00e9ditos al 24% para las Pymes"}]},{"@type":"WebSite","@id":"https:\/\/www.noticiasradioreflejos.com.ar\/2021\/#website","url":"https:\/\/www.noticiasradioreflejos.com.ar\/2021\/","name":"Noticias Radio Reflejos","description":"Las noticias de mi comarca","potentialAction":[{"@type":"SearchAction","target":{"@type":"EntryPoint","urlTemplate":"https:\/\/www.noticiasradioreflejos.com.ar\/2021\/?s={search_term_string}"},"query-input":{"@type":"PropertyValueSpecification","valueRequired":true,"valueName":"search_term_string"}}],"inLanguage":"es"},{"@type":"Person","@id":"https:\/\/www.noticiasradioreflejos.com.ar\/2021\/#\/schema\/person\/ad82545263dcc5ec0996818884fd5fb1","name":"Arnaldo Botto","image":{"@type":"ImageObject","inLanguage":"es","@id":"https:\/\/www.noticiasradioreflejos.com.ar\/2021\/#\/schema\/person\/image\/","url":"https:\/\/secure.gravatar.com\/avatar\/55cb5e37c1efa326397366e6974cb338056df65cb50e7d64d1cf314e87504837?s=96&d=mm&r=g","contentUrl":"https:\/\/secure.gravatar.com\/avatar\/55cb5e37c1efa326397366e6974cb338056df65cb50e7d64d1cf314e87504837?s=96&d=mm&r=g","caption":"Arnaldo Botto"},"url":"https:\/\/www.noticiasradioreflejos.com.ar\/2021\/author\/arnaldo\/"}]}},"_links":{"self":[{"href":"https:\/\/www.noticiasradioreflejos.com.ar\/2021\/wp-json\/wp\/v2\/posts\/40216","targetHints":{"allow":["GET"]}}],"collection":[{"href":"https:\/\/www.noticiasradioreflejos.com.ar\/2021\/wp-json\/wp\/v2\/posts"}],"about":[{"href":"https:\/\/www.noticiasradioreflejos.com.ar\/2021\/wp-json\/wp\/v2\/types\/post"}],"author":[{"embeddable":true,"href":"https:\/\/www.noticiasradioreflejos.com.ar\/2021\/wp-json\/wp\/v2\/users\/3"}],"replies":[{"embeddable":true,"href":"https:\/\/www.noticiasradioreflejos.com.ar\/2021\/wp-json\/wp\/v2\/comments?post=40216"}],"version-history":[{"count":0,"href":"https:\/\/www.noticiasradioreflejos.com.ar\/2021\/wp-json\/wp\/v2\/posts\/40216\/revisions"}],"wp:featuredmedia":[{"embeddable":true,"href":"https:\/\/www.noticiasradioreflejos.com.ar\/2021\/wp-json\/wp\/v2\/media\/40217"}],"wp:attachment":[{"href":"https:\/\/www.noticiasradioreflejos.com.ar\/2021\/wp-json\/wp\/v2\/media?parent=40216"}],"wp:term":[{"taxonomy":"category","embeddable":true,"href":"https:\/\/www.noticiasradioreflejos.com.ar\/2021\/wp-json\/wp\/v2\/categories?post=40216"},{"taxonomy":"post_tag","embeddable":true,"href":"https:\/\/www.noticiasradioreflejos.com.ar\/2021\/wp-json\/wp\/v2\/tags?post=40216"}],"curies":[{"name":"wp","href":"https:\/\/api.w.org\/{rel}","templated":true}]}}