{"id":40129,"date":"2020-03-28T11:54:40","date_gmt":"2020-03-28T14:54:40","guid":{"rendered":"http:\/\/www.noticiasradioreflejos.com.ar\/noticias\/?p=40129"},"modified":"2020-03-28T11:54:40","modified_gmt":"2020-03-28T14:54:40","slug":"los-bancos-pidieron-reabrir-al-publico-en-los-proximos-dias-pero-el-bcra-se-niega-y-prioriza-directivas-del-ministerio-de-salud","status":"publish","type":"post","link":"https:\/\/www.noticiasradioreflejos.com.ar\/2021\/los-bancos-pidieron-reabrir-al-publico-en-los-proximos-dias-pero-el-bcra-se-niega-y-prioriza-directivas-del-ministerio-de-salud\/","title":{"rendered":"Los bancos pidieron reabrir al p\u00fablico en los pr\u00f3ximos d\u00edas, pero el BCRA se niega y prioriza directivas del Ministerio de Salud"},"content":{"rendered":"<p>En declaraciones radiales el titular de la Anses, Alejandro Vanoli, habl\u00f3 de una posible apertura controlada, evitando aglomeraciones y con una dotaci\u00f3n m\u00ednima de personal. Pero la autoridad monetaria rechaza esa posibilidad. Se atiene a directivas del ministerio de Salud y se\u00f1ala que hay 35.000 puntos de extracci\u00f3n de efectivo en todo el pa\u00eds<!--more--><\/p>\n<p>En los primeros d\u00edas los bancos abrieron con medidas de \u00abdistanciamiento\u00bb, lo que implic\u00f3 largas colas en las veredas NA<br \/>\nEl BCRA recibi\u00f3 un pedido de los bancos para que puedan reabrir en los pr\u00f3ximos d\u00edas, a ra\u00edz de las dificultades operativas que plantea el pago de jubilaciones, a lo que se sumar\u00e1 el pago de emergencia para los perceptores de la Asignaci\u00f3n Universal por Hijo (AUH).<\/p>\n<p>As\u00ed dijo en declaraciones radiales el director de la Administraci\u00f3n Nacional de la Seguridad Social (Anses), Alejandro Vanoli, quien se\u00f1al\u00f3 que tanto la asociaci\u00f3n de Bancos de la Argentina (ABA) como la Asociaci\u00f3n de Bancos Argentinos (Adeba) y la Asociaci\u00f3n de Banca Especializada (ABE) lo solicitaron en reuniones recientes con la Anses y el BCRA.<\/p>\n<p>\u201cLa decisi\u00f3n es priorizar la salud, hay que evitar aglomeraciones, hacer una apertura controlada, no para todas las operaciones, con la dotaci\u00f3n m\u00ednima de personal necesario\u201d, se\u00f1al\u00f3 Vanoli, quien dijo que el Banco Central, que preside Miguel Pesce, estudiaba el tema.<\/p>\n<p>Sin embargo, la autoridad monetaria rechaza el pedido de las entidades bancarias y es contraria a la disposici\u00f3n favorable al pedido de la Anses. Prioriza, en cambio, las directivas del ministerio de Salud de la Naci\u00f3n, que se opone a cualquier relajamiento de las normas de \u201cdistanciamiento social\u201d, de modo de reducir al m\u00ednimo posible la circulaci\u00f3n del coronavirus.<\/p>\n<p>\u201cHay m\u00e1s de 35.000 puntos de extracci\u00f3n de efectivo. Hoy pueden retirar sin costo adicional en cualquier cajero. Pueden comprar con d\u00e9bito. Pueden transferir desde la cuenta bancaria a las billeteras virtuales. Link tiene el sistema Valepai que funciona bien\u201d, se\u00f1alaron desde la autoridad monetaria.<\/p>\n<p>De hecho, ayer en un comunicado, el BCRA precis\u00f3 que \u201cel sistema el sistema financiero argentino cuenta con m\u00e1s de 18.000 cajeros autom\u00e1ticos distribuidos a lo largo de todo el pa\u00eds que permiten extraer efectivo de cualquier tipo de cuenta en moneda local\u201d y que por lo tanto \u201clas personas que cobran sus jubilaciones, pensiones, asignaciones y sueldos podr\u00e1n hacer retiros de sus cuentan en estos dispositivos autom\u00e1ticos\u201d.<\/p>\n<p>El comunicado tambi\u00e9n destac\u00f3 que la autoridad monetaria \u201cmonitorea en forma diaria la actividad de los cajeros autom\u00e1ticos, encontr\u00e1ndose los mismos en funcionamiento\u201d y que \u201clos bancos poseen el stock de billetes necesario para abastecer sus cajeros autom\u00e1ticos\u201d. En caso de existir inconvenientes, agreg\u00f3, \u201cen general los mismos obedecen a cuestiones de log\u00edstica, no a problemas de disponibilidad y existencia de billetes\u201d.<\/p>\n<p>De hecho, tambi\u00e9n ayer el Central inform\u00f3 que este lunes los bancos funcionar\u00e1n internamente, pero sin atenci\u00f3n al p\u00fablico.y que el feriado del 2 de abril de 2020, previsto por la Ley 27.399 en conmemoraci\u00f3n al D\u00eda del Veterano y de los Ca\u00eddos en la Guerra de Malvinas, se reemplaza por el martes 31 de marzo<\/p>\n<p>Tambi\u00e9n ayer, el BCRA emiti\u00f3 la Comunicaci\u00f3n A6945 que suspendi\u00f3 hasta el 30 de junio el cobro de cargos y comisiones por las operaciones realizadas en cajeros autom\u00e1ticos (incluyendo extracciones y consultas de saldo), \u201ccualquiera sea la entidad o red utilizada para hacer la operaci\u00f3n\u201d.<\/p>\n<p>Por otra parte, la entidad tambi\u00e9n destac\u00f3 la existencia de \u201cotros 17.500 puntos de extracci\u00f3n de efectivo en l\u00edneas de cajas de comercios (supermercados, farmacias, estaciones de servicio) que permiten extraer efectivo de las cuentas bancarias de los clientes\u201d, lo cual, sumado a la red de cajeros autom\u00e1ticos de los propios bancos, resulta en la suma de 35.500 puntos de extracci\u00f3n de efectivo \u201cen condiciones de dar respuesta a los requerimientos de la poblaci\u00f3n\u201d.<\/p>\n<p>Clearing de cheques y cadena de pagos<\/p>\n<p>Siempre en apoyo de la decisi\u00f3n de mantener los bancos cerrados, desde el Banco Central precisaron que este viernes el sistema bancario proces\u00f3 269.651 cheques, de los que 80% se pag\u00f3 normalmente, 4,6% fueron rechazados por falta de fondos y 13,5% se rechazaron por \u201cfuerza mayor\u201d, concepto que incluye casos de sucursales cerradas. Sin embargo, algunos cheques sin fondos fueron err\u00f3neamente informados como rechazo \u201cpor fuerza mayor\u201d. Para subsanar el error, esos cheques volver\u00e1n a entrar en el \u201cclearing\u201d bancario, cuya reactivaci\u00f3n -se\u00f1alaron- permiti\u00f3 mejorar notablemente el funcionamiento de la cadena de pagos.<\/p>\n<p>Vanoli hab\u00eda se\u00f1alado tambi\u00e9n que desde el gobierno le pidieron a los bancos que ampl\u00eden campa\u00f1as de difusi\u00f3n para promover un mayor uso de las tarjetas de d\u00e9bito para cobros y pagos.<\/p>\n<p>Si bien se han instrumentado mecanismos para reducir la necesidad de los jubilados de concurrir a las sucursales bancarias (mediante la eximici\u00f3n o tramitaci\u00f3n no presencial, por caso, del tr\u00e1mite de \u201cfe de vida\u201d), tanto entre los jubilados como entre los perceptores de la AUH hay menor disposici\u00f3n al uso de medios electr\u00f3nicos, lo que tiende a complicar el \u00e9xito de las soluciones que se van instrumentando para minimizar las gestiones presenciales en las sucursales bancarias.<\/p>\n<p><strong>Fuente Infobae<\/strong><\/p>\n","protected":false},"excerpt":{"rendered":"<p>En declaraciones radiales el titular de la Anses, Alejandro Vanoli, habl\u00f3 de una posible apertura controlada, evitando aglomeraciones y con una dotaci\u00f3n m\u00ednima de personal. Pero la autoridad monetaria rechaza esa posibilidad. Se atiene a directivas del ministerio de Salud y se\u00f1ala que hay 35.000 puntos de extracci\u00f3n de efectivo en todo el pa\u00eds<\/p>\n","protected":false},"author":3,"featured_media":0,"comment_status":"closed","ping_status":"open","sticky":false,"template":"","format":"standard","meta":{"footnotes":""},"categories":[36],"tags":[],"class_list":["post-40129","post","type-post","status-publish","format-standard","hentry","category-economia"],"yoast_head":"<!-- This site is optimized with the Yoast SEO plugin v25.9 - https:\/\/yoast.com\/wordpress\/plugins\/seo\/ -->\n<title>Los bancos pidieron reabrir al p\u00fablico en los pr\u00f3ximos d\u00edas, pero el BCRA se niega y prioriza directivas del Ministerio de Salud - Noticias Radio Reflejos<\/title>\n<meta name=\"robots\" content=\"index, follow, max-snippet:-1, max-image-preview:large, max-video-preview:-1\" \/>\n<link rel=\"canonical\" href=\"https:\/\/www.noticiasradioreflejos.com.ar\/2021\/los-bancos-pidieron-reabrir-al-publico-en-los-proximos-dias-pero-el-bcra-se-niega-y-prioriza-directivas-del-ministerio-de-salud\/\" \/>\n<meta property=\"og:locale\" content=\"es_ES\" \/>\n<meta property=\"og:type\" content=\"article\" \/>\n<meta property=\"og:title\" content=\"Los bancos pidieron reabrir al p\u00fablico en los pr\u00f3ximos d\u00edas, pero el BCRA se niega y prioriza directivas del Ministerio de Salud - Noticias Radio Reflejos\" \/>\n<meta property=\"og:description\" content=\"En declaraciones radiales el titular de la Anses, Alejandro Vanoli, habl\u00f3 de una posible apertura controlada, evitando aglomeraciones y con una dotaci\u00f3n m\u00ednima de personal. Pero la autoridad monetaria rechaza esa posibilidad. Se atiene a directivas del ministerio de Salud y se\u00f1ala que hay 35.000 puntos de extracci\u00f3n de efectivo en todo el pa\u00eds\" \/>\n<meta property=\"og:url\" content=\"https:\/\/www.noticiasradioreflejos.com.ar\/2021\/los-bancos-pidieron-reabrir-al-publico-en-los-proximos-dias-pero-el-bcra-se-niega-y-prioriza-directivas-del-ministerio-de-salud\/\" \/>\n<meta property=\"og:site_name\" content=\"Noticias Radio Reflejos\" \/>\n<meta property=\"article:published_time\" content=\"2020-03-28T14:54:40+00:00\" \/>\n<meta property=\"og:image\" content=\"https:\/\/www.noticiasradioreflejos.com.ar\/2021\/wp-content\/uploads\/2021\/07\/logosol300x200.png\" \/>\n\t<meta property=\"og:image:width\" content=\"300\" \/>\n\t<meta property=\"og:image:height\" content=\"200\" \/>\n\t<meta property=\"og:image:type\" content=\"image\/png\" \/>\n<meta name=\"author\" content=\"Arnaldo Botto\" \/>\n<meta name=\"twitter:card\" content=\"summary_large_image\" \/>\n<script type=\"application\/ld+json\" class=\"yoast-schema-graph\">{\"@context\":\"https:\/\/schema.org\",\"@graph\":[{\"@type\":\"WebPage\",\"@id\":\"https:\/\/www.noticiasradioreflejos.com.ar\/2021\/los-bancos-pidieron-reabrir-al-publico-en-los-proximos-dias-pero-el-bcra-se-niega-y-prioriza-directivas-del-ministerio-de-salud\/\",\"url\":\"https:\/\/www.noticiasradioreflejos.com.ar\/2021\/los-bancos-pidieron-reabrir-al-publico-en-los-proximos-dias-pero-el-bcra-se-niega-y-prioriza-directivas-del-ministerio-de-salud\/\",\"name\":\"Los bancos pidieron reabrir al p\u00fablico en los pr\u00f3ximos d\u00edas, pero el BCRA se niega y prioriza directivas del Ministerio de Salud - Noticias Radio Reflejos\",\"isPartOf\":{\"@id\":\"https:\/\/www.noticiasradioreflejos.com.ar\/2021\/#website\"},\"datePublished\":\"2020-03-28T14:54:40+00:00\",\"author\":{\"@id\":\"https:\/\/www.noticiasradioreflejos.com.ar\/2021\/#\/schema\/person\/ad82545263dcc5ec0996818884fd5fb1\"},\"breadcrumb\":{\"@id\":\"https:\/\/www.noticiasradioreflejos.com.ar\/2021\/los-bancos-pidieron-reabrir-al-publico-en-los-proximos-dias-pero-el-bcra-se-niega-y-prioriza-directivas-del-ministerio-de-salud\/#breadcrumb\"},\"inLanguage\":\"es\",\"potentialAction\":[{\"@type\":\"ReadAction\",\"target\":[\"https:\/\/www.noticiasradioreflejos.com.ar\/2021\/los-bancos-pidieron-reabrir-al-publico-en-los-proximos-dias-pero-el-bcra-se-niega-y-prioriza-directivas-del-ministerio-de-salud\/\"]}]},{\"@type\":\"BreadcrumbList\",\"@id\":\"https:\/\/www.noticiasradioreflejos.com.ar\/2021\/los-bancos-pidieron-reabrir-al-publico-en-los-proximos-dias-pero-el-bcra-se-niega-y-prioriza-directivas-del-ministerio-de-salud\/#breadcrumb\",\"itemListElement\":[{\"@type\":\"ListItem\",\"position\":1,\"name\":\"Portada\",\"item\":\"https:\/\/www.noticiasradioreflejos.com.ar\/2021\/\"},{\"@type\":\"ListItem\",\"position\":2,\"name\":\"Los bancos pidieron reabrir al p\u00fablico en los pr\u00f3ximos d\u00edas, pero el BCRA se niega y prioriza directivas del Ministerio de Salud\"}]},{\"@type\":\"WebSite\",\"@id\":\"https:\/\/www.noticiasradioreflejos.com.ar\/2021\/#website\",\"url\":\"https:\/\/www.noticiasradioreflejos.com.ar\/2021\/\",\"name\":\"Noticias Radio Reflejos\",\"description\":\"Las noticias de mi comarca\",\"potentialAction\":[{\"@type\":\"SearchAction\",\"target\":{\"@type\":\"EntryPoint\",\"urlTemplate\":\"https:\/\/www.noticiasradioreflejos.com.ar\/2021\/?s={search_term_string}\"},\"query-input\":{\"@type\":\"PropertyValueSpecification\",\"valueRequired\":true,\"valueName\":\"search_term_string\"}}],\"inLanguage\":\"es\"},{\"@type\":\"Person\",\"@id\":\"https:\/\/www.noticiasradioreflejos.com.ar\/2021\/#\/schema\/person\/ad82545263dcc5ec0996818884fd5fb1\",\"name\":\"Arnaldo Botto\",\"image\":{\"@type\":\"ImageObject\",\"inLanguage\":\"es\",\"@id\":\"https:\/\/www.noticiasradioreflejos.com.ar\/2021\/#\/schema\/person\/image\/\",\"url\":\"https:\/\/secure.gravatar.com\/avatar\/55cb5e37c1efa326397366e6974cb338056df65cb50e7d64d1cf314e87504837?s=96&d=mm&r=g\",\"contentUrl\":\"https:\/\/secure.gravatar.com\/avatar\/55cb5e37c1efa326397366e6974cb338056df65cb50e7d64d1cf314e87504837?s=96&d=mm&r=g\",\"caption\":\"Arnaldo Botto\"},\"url\":\"https:\/\/www.noticiasradioreflejos.com.ar\/2021\/author\/arnaldo\/\"}]}<\/script>\n<!-- \/ Yoast SEO plugin. -->","yoast_head_json":{"title":"Los bancos pidieron reabrir al p\u00fablico en los pr\u00f3ximos d\u00edas, pero el BCRA se niega y prioriza directivas del Ministerio de Salud - Noticias Radio Reflejos","robots":{"index":"index","follow":"follow","max-snippet":"max-snippet:-1","max-image-preview":"max-image-preview:large","max-video-preview":"max-video-preview:-1"},"canonical":"https:\/\/www.noticiasradioreflejos.com.ar\/2021\/los-bancos-pidieron-reabrir-al-publico-en-los-proximos-dias-pero-el-bcra-se-niega-y-prioriza-directivas-del-ministerio-de-salud\/","og_locale":"es_ES","og_type":"article","og_title":"Los bancos pidieron reabrir al p\u00fablico en los pr\u00f3ximos d\u00edas, pero el BCRA se niega y prioriza directivas del Ministerio de Salud - Noticias Radio Reflejos","og_description":"En declaraciones radiales el titular de la Anses, Alejandro Vanoli, habl\u00f3 de una posible apertura controlada, evitando aglomeraciones y con una dotaci\u00f3n m\u00ednima de personal. Pero la autoridad monetaria rechaza esa posibilidad. Se atiene a directivas del ministerio de Salud y se\u00f1ala que hay 35.000 puntos de extracci\u00f3n de efectivo en todo el pa\u00eds","og_url":"https:\/\/www.noticiasradioreflejos.com.ar\/2021\/los-bancos-pidieron-reabrir-al-publico-en-los-proximos-dias-pero-el-bcra-se-niega-y-prioriza-directivas-del-ministerio-de-salud\/","og_site_name":"Noticias Radio Reflejos","article_published_time":"2020-03-28T14:54:40+00:00","og_image":[{"width":300,"height":200,"url":"https:\/\/www.noticiasradioreflejos.com.ar\/2021\/wp-content\/uploads\/2021\/07\/logosol300x200.png","type":"image\/png"}],"author":"Arnaldo Botto","twitter_card":"summary_large_image","schema":{"@context":"https:\/\/schema.org","@graph":[{"@type":"WebPage","@id":"https:\/\/www.noticiasradioreflejos.com.ar\/2021\/los-bancos-pidieron-reabrir-al-publico-en-los-proximos-dias-pero-el-bcra-se-niega-y-prioriza-directivas-del-ministerio-de-salud\/","url":"https:\/\/www.noticiasradioreflejos.com.ar\/2021\/los-bancos-pidieron-reabrir-al-publico-en-los-proximos-dias-pero-el-bcra-se-niega-y-prioriza-directivas-del-ministerio-de-salud\/","name":"Los bancos pidieron reabrir al p\u00fablico en los pr\u00f3ximos d\u00edas, pero el BCRA se niega y prioriza directivas del Ministerio de Salud - Noticias Radio Reflejos","isPartOf":{"@id":"https:\/\/www.noticiasradioreflejos.com.ar\/2021\/#website"},"datePublished":"2020-03-28T14:54:40+00:00","author":{"@id":"https:\/\/www.noticiasradioreflejos.com.ar\/2021\/#\/schema\/person\/ad82545263dcc5ec0996818884fd5fb1"},"breadcrumb":{"@id":"https:\/\/www.noticiasradioreflejos.com.ar\/2021\/los-bancos-pidieron-reabrir-al-publico-en-los-proximos-dias-pero-el-bcra-se-niega-y-prioriza-directivas-del-ministerio-de-salud\/#breadcrumb"},"inLanguage":"es","potentialAction":[{"@type":"ReadAction","target":["https:\/\/www.noticiasradioreflejos.com.ar\/2021\/los-bancos-pidieron-reabrir-al-publico-en-los-proximos-dias-pero-el-bcra-se-niega-y-prioriza-directivas-del-ministerio-de-salud\/"]}]},{"@type":"BreadcrumbList","@id":"https:\/\/www.noticiasradioreflejos.com.ar\/2021\/los-bancos-pidieron-reabrir-al-publico-en-los-proximos-dias-pero-el-bcra-se-niega-y-prioriza-directivas-del-ministerio-de-salud\/#breadcrumb","itemListElement":[{"@type":"ListItem","position":1,"name":"Portada","item":"https:\/\/www.noticiasradioreflejos.com.ar\/2021\/"},{"@type":"ListItem","position":2,"name":"Los bancos pidieron reabrir al p\u00fablico en los pr\u00f3ximos d\u00edas, pero el BCRA se niega y prioriza directivas del Ministerio de Salud"}]},{"@type":"WebSite","@id":"https:\/\/www.noticiasradioreflejos.com.ar\/2021\/#website","url":"https:\/\/www.noticiasradioreflejos.com.ar\/2021\/","name":"Noticias Radio Reflejos","description":"Las noticias de mi comarca","potentialAction":[{"@type":"SearchAction","target":{"@type":"EntryPoint","urlTemplate":"https:\/\/www.noticiasradioreflejos.com.ar\/2021\/?s={search_term_string}"},"query-input":{"@type":"PropertyValueSpecification","valueRequired":true,"valueName":"search_term_string"}}],"inLanguage":"es"},{"@type":"Person","@id":"https:\/\/www.noticiasradioreflejos.com.ar\/2021\/#\/schema\/person\/ad82545263dcc5ec0996818884fd5fb1","name":"Arnaldo Botto","image":{"@type":"ImageObject","inLanguage":"es","@id":"https:\/\/www.noticiasradioreflejos.com.ar\/2021\/#\/schema\/person\/image\/","url":"https:\/\/secure.gravatar.com\/avatar\/55cb5e37c1efa326397366e6974cb338056df65cb50e7d64d1cf314e87504837?s=96&d=mm&r=g","contentUrl":"https:\/\/secure.gravatar.com\/avatar\/55cb5e37c1efa326397366e6974cb338056df65cb50e7d64d1cf314e87504837?s=96&d=mm&r=g","caption":"Arnaldo Botto"},"url":"https:\/\/www.noticiasradioreflejos.com.ar\/2021\/author\/arnaldo\/"}]}},"_links":{"self":[{"href":"https:\/\/www.noticiasradioreflejos.com.ar\/2021\/wp-json\/wp\/v2\/posts\/40129","targetHints":{"allow":["GET"]}}],"collection":[{"href":"https:\/\/www.noticiasradioreflejos.com.ar\/2021\/wp-json\/wp\/v2\/posts"}],"about":[{"href":"https:\/\/www.noticiasradioreflejos.com.ar\/2021\/wp-json\/wp\/v2\/types\/post"}],"author":[{"embeddable":true,"href":"https:\/\/www.noticiasradioreflejos.com.ar\/2021\/wp-json\/wp\/v2\/users\/3"}],"replies":[{"embeddable":true,"href":"https:\/\/www.noticiasradioreflejos.com.ar\/2021\/wp-json\/wp\/v2\/comments?post=40129"}],"version-history":[{"count":0,"href":"https:\/\/www.noticiasradioreflejos.com.ar\/2021\/wp-json\/wp\/v2\/posts\/40129\/revisions"}],"wp:attachment":[{"href":"https:\/\/www.noticiasradioreflejos.com.ar\/2021\/wp-json\/wp\/v2\/media?parent=40129"}],"wp:term":[{"taxonomy":"category","embeddable":true,"href":"https:\/\/www.noticiasradioreflejos.com.ar\/2021\/wp-json\/wp\/v2\/categories?post=40129"},{"taxonomy":"post_tag","embeddable":true,"href":"https:\/\/www.noticiasradioreflejos.com.ar\/2021\/wp-json\/wp\/v2\/tags?post=40129"}],"curies":[{"name":"wp","href":"https:\/\/api.w.org\/{rel}","templated":true}]}}