{"id":40093,"date":"2020-03-27T16:34:39","date_gmt":"2020-03-27T19:34:39","guid":{"rendered":"http:\/\/www.noticiasradioreflejos.com.ar\/noticias\/?p=40093"},"modified":"2020-03-27T16:34:39","modified_gmt":"2020-03-27T19:34:39","slug":"beneficios-para-los-profesionales-en-ciencias-economicas-ante-la-situacion-de-aislamiento","status":"publish","type":"post","link":"https:\/\/www.noticiasradioreflejos.com.ar\/2021\/beneficios-para-los-profesionales-en-ciencias-economicas-ante-la-situacion-de-aislamiento\/","title":{"rendered":"Beneficios para los profesionales en Ciencias Econ\u00f3micas ante la situaci\u00f3n de aislamiento"},"content":{"rendered":"<p>Suspensi\u00f3n de vencimientos, planes de pago y capacitaciones sin cargo, entre otros beneficios, instrument\u00f3 el Consejo Profesional bonaerense y su Caja de Seguridad Social, atento a las consecuencias del aislamiento. Conozca todas las decisiones que favorecen a matriculados y afiliados.<!--more--><\/p>\n<p>Beneficios del Consejo Profesional<\/p>\n<p>La instituci\u00f3n que re\u00fane a los profesionales graduados en ciencias econ\u00f3micas resolvi\u00f3 prorrogar el vencimiento del Derecho de Ejercicio Profesional correspondiente al primer anticipo de 2020 y no emitir el segundo anticipo mientras dure la emergencia.<br \/>\nAdem\u00e1s se otorgar\u00e1n nuevos planes de pago para quienes abonaban en cuotas y se suspender\u00e1n los d\u00e9bitos autom\u00e1ticos tanto del Derecho de Ejercicio Profesional como de los Planes de Pago del DEP.<br \/>\nEn lo que respecta a tr\u00e1mites de matr\u00edculas, tambi\u00e9n se otorgan bonificaciones y se estableci\u00f3 un procedimiento excepcional para su realizaci\u00f3n.<\/p>\n<p>Beneficios de la Caja se Seguridad Social<\/p>\n<p>Por su parte, la instituci\u00f3n encargada de los aportes y beneficios jubilatorios decidi\u00f3 que se considerar\u00e1n abonados los pagos de aportes m\u00ednimos, cuotas de planes de financiaci\u00f3n de aportes m\u00ednimos y cuotas de pr\u00e9stamos con vencimiento en los meses de abril, mayo y junio de 2020.<br \/>\nAdem\u00e1s se suspenden los d\u00e9bitos autom\u00e1ticos de los conceptos que cada afiliado tenga adherido a dicho servicio y la caducidad de planes de financiaci\u00f3n de aportes.<br \/>\nEn cuanto a la restituci\u00f3n de aportes excedentes de 2019 se prorrog\u00f3 la solicitud, se mantienen los plazos de restituci\u00f3n de fondos para las solicitudes presentadas hasta el 31 de marzo inclusive, y se determinan dos nuevos plazos de restituci\u00f3n para las siguientes.<br \/>\nFinalmente se anunci\u00f3 que se trabaja en la implementaci\u00f3n de un plan de contingencia para la presentaci\u00f3n de solicitudes tanto de Beneficios Previsionales, Reducci\u00f3n de Aportes M\u00ednimos y Acci\u00f3n Social; as\u00ed como tambi\u00e9n en un Pr\u00e9stamo Extraordinario de Ayuda Econ\u00f3mica para atender la actual situaci\u00f3n de emergencia.<\/p>\n<p>Capacitaciones sin cargo<\/p>\n<p>El Instituto de Postgrado e Investigaci\u00f3n t\u00e9cnica anunci\u00f3 una bonificaci\u00f3n del 100% del arancel en los cursos a distancia iniciados entre el 20 de marzo y el 30 de junio. Adem\u00e1s se inform\u00f3 que se trabaja en ampliar los disponibles y se recuerda la vigencia de los servicios de IPIT Virtual y de Podcast, los cuales permiten capacitarse en todo momento desde cualquier lugar y dispositivo.<\/p>\n<p>Canales de comunicaci\u00f3n excepcionales<\/p>\n<p>Teniendo en cuenta que en el marco del aislamiento dispuesto por el Gobierno Nacional, a fin de mitigar la expansi\u00f3n del COVID-19, la Sede del Consejo Profesional, sus Delegaciones y Receptor\u00edas y la Caja de Seguridad Social permanecer\u00e1n cerradas, se habilitaron canales de comunicaci\u00f3n excepcionales para atender los requerimientos m\u00e1s urgentes.<br \/>\nConozca las nuevas v\u00edas de contacto y acceda a m\u00e1s precisiones sobre estas medias en cpba.com.ar.<\/p>\n","protected":false},"excerpt":{"rendered":"<p>Suspensi\u00f3n de vencimientos, planes de pago y capacitaciones sin cargo, entre otros beneficios, instrument\u00f3 el Consejo Profesional bonaerense y su Caja de Seguridad Social, atento a las consecuencias del aislamiento. Conozca todas las decisiones que favorecen a matriculados y afiliados.<\/p>\n","protected":false},"author":3,"featured_media":40094,"comment_status":"closed","ping_status":"open","sticky":false,"template":"","format":"standard","meta":{"footnotes":""},"categories":[36],"tags":[],"class_list":["post-40093","post","type-post","status-publish","format-standard","has-post-thumbnail","hentry","category-economia"],"yoast_head":"<!-- This site is optimized with the Yoast SEO plugin v25.9 - https:\/\/yoast.com\/wordpress\/plugins\/seo\/ -->\n<title>Beneficios para los profesionales en Ciencias Econ\u00f3micas ante la situaci\u00f3n de aislamiento - Noticias Radio Reflejos<\/title>\n<meta name=\"robots\" content=\"index, follow, max-snippet:-1, max-image-preview:large, max-video-preview:-1\" \/>\n<link rel=\"canonical\" href=\"https:\/\/www.noticiasradioreflejos.com.ar\/2021\/beneficios-para-los-profesionales-en-ciencias-economicas-ante-la-situacion-de-aislamiento\/\" \/>\n<meta property=\"og:locale\" content=\"es_ES\" \/>\n<meta property=\"og:type\" content=\"article\" \/>\n<meta property=\"og:title\" content=\"Beneficios para los profesionales en Ciencias Econ\u00f3micas ante la situaci\u00f3n de aislamiento - Noticias Radio Reflejos\" \/>\n<meta property=\"og:description\" content=\"Suspensi\u00f3n de vencimientos, planes de pago y capacitaciones sin cargo, entre otros beneficios, instrument\u00f3 el Consejo Profesional bonaerense y su Caja de Seguridad Social, atento a las consecuencias del aislamiento. Conozca todas las decisiones que favorecen a matriculados y afiliados.\" \/>\n<meta property=\"og:url\" content=\"https:\/\/www.noticiasradioreflejos.com.ar\/2021\/beneficios-para-los-profesionales-en-ciencias-economicas-ante-la-situacion-de-aislamiento\/\" \/>\n<meta property=\"og:site_name\" content=\"Noticias Radio Reflejos\" \/>\n<meta property=\"article:published_time\" content=\"2020-03-27T19:34:39+00:00\" \/>\n<meta property=\"og:image\" content=\"https:\/\/www.noticiasradioreflejos.com.ar\/2021\/wp-content\/uploads\/2020\/03\/PC.jpg\" \/>\n\t<meta property=\"og:image:width\" content=\"520\" \/>\n\t<meta property=\"og:image:height\" content=\"390\" \/>\n\t<meta property=\"og:image:type\" content=\"image\/jpeg\" \/>\n<meta name=\"author\" content=\"Arnaldo Botto\" \/>\n<meta name=\"twitter:card\" content=\"summary_large_image\" \/>\n<script type=\"application\/ld+json\" class=\"yoast-schema-graph\">{\"@context\":\"https:\/\/schema.org\",\"@graph\":[{\"@type\":\"WebPage\",\"@id\":\"https:\/\/www.noticiasradioreflejos.com.ar\/2021\/beneficios-para-los-profesionales-en-ciencias-economicas-ante-la-situacion-de-aislamiento\/\",\"url\":\"https:\/\/www.noticiasradioreflejos.com.ar\/2021\/beneficios-para-los-profesionales-en-ciencias-economicas-ante-la-situacion-de-aislamiento\/\",\"name\":\"Beneficios para los profesionales en Ciencias Econ\u00f3micas ante la situaci\u00f3n de aislamiento - Noticias Radio Reflejos\",\"isPartOf\":{\"@id\":\"https:\/\/www.noticiasradioreflejos.com.ar\/2021\/#website\"},\"primaryImageOfPage\":{\"@id\":\"https:\/\/www.noticiasradioreflejos.com.ar\/2021\/beneficios-para-los-profesionales-en-ciencias-economicas-ante-la-situacion-de-aislamiento\/#primaryimage\"},\"image\":{\"@id\":\"https:\/\/www.noticiasradioreflejos.com.ar\/2021\/beneficios-para-los-profesionales-en-ciencias-economicas-ante-la-situacion-de-aislamiento\/#primaryimage\"},\"thumbnailUrl\":\"https:\/\/www.noticiasradioreflejos.com.ar\/2021\/wp-content\/uploads\/2020\/03\/PC.jpg\",\"datePublished\":\"2020-03-27T19:34:39+00:00\",\"author\":{\"@id\":\"https:\/\/www.noticiasradioreflejos.com.ar\/2021\/#\/schema\/person\/ad82545263dcc5ec0996818884fd5fb1\"},\"breadcrumb\":{\"@id\":\"https:\/\/www.noticiasradioreflejos.com.ar\/2021\/beneficios-para-los-profesionales-en-ciencias-economicas-ante-la-situacion-de-aislamiento\/#breadcrumb\"},\"inLanguage\":\"es\",\"potentialAction\":[{\"@type\":\"ReadAction\",\"target\":[\"https:\/\/www.noticiasradioreflejos.com.ar\/2021\/beneficios-para-los-profesionales-en-ciencias-economicas-ante-la-situacion-de-aislamiento\/\"]}]},{\"@type\":\"ImageObject\",\"inLanguage\":\"es\",\"@id\":\"https:\/\/www.noticiasradioreflejos.com.ar\/2021\/beneficios-para-los-profesionales-en-ciencias-economicas-ante-la-situacion-de-aislamiento\/#primaryimage\",\"url\":\"https:\/\/www.noticiasradioreflejos.com.ar\/2021\/wp-content\/uploads\/2020\/03\/PC.jpg\",\"contentUrl\":\"https:\/\/www.noticiasradioreflejos.com.ar\/2021\/wp-content\/uploads\/2020\/03\/PC.jpg\",\"width\":520,\"height\":390},{\"@type\":\"BreadcrumbList\",\"@id\":\"https:\/\/www.noticiasradioreflejos.com.ar\/2021\/beneficios-para-los-profesionales-en-ciencias-economicas-ante-la-situacion-de-aislamiento\/#breadcrumb\",\"itemListElement\":[{\"@type\":\"ListItem\",\"position\":1,\"name\":\"Portada\",\"item\":\"https:\/\/www.noticiasradioreflejos.com.ar\/2021\/\"},{\"@type\":\"ListItem\",\"position\":2,\"name\":\"Beneficios para los profesionales en Ciencias Econ\u00f3micas ante la situaci\u00f3n de aislamiento\"}]},{\"@type\":\"WebSite\",\"@id\":\"https:\/\/www.noticiasradioreflejos.com.ar\/2021\/#website\",\"url\":\"https:\/\/www.noticiasradioreflejos.com.ar\/2021\/\",\"name\":\"Noticias Radio Reflejos\",\"description\":\"Las noticias de mi comarca\",\"potentialAction\":[{\"@type\":\"SearchAction\",\"target\":{\"@type\":\"EntryPoint\",\"urlTemplate\":\"https:\/\/www.noticiasradioreflejos.com.ar\/2021\/?s={search_term_string}\"},\"query-input\":{\"@type\":\"PropertyValueSpecification\",\"valueRequired\":true,\"valueName\":\"search_term_string\"}}],\"inLanguage\":\"es\"},{\"@type\":\"Person\",\"@id\":\"https:\/\/www.noticiasradioreflejos.com.ar\/2021\/#\/schema\/person\/ad82545263dcc5ec0996818884fd5fb1\",\"name\":\"Arnaldo Botto\",\"image\":{\"@type\":\"ImageObject\",\"inLanguage\":\"es\",\"@id\":\"https:\/\/www.noticiasradioreflejos.com.ar\/2021\/#\/schema\/person\/image\/\",\"url\":\"https:\/\/secure.gravatar.com\/avatar\/55cb5e37c1efa326397366e6974cb338056df65cb50e7d64d1cf314e87504837?s=96&d=mm&r=g\",\"contentUrl\":\"https:\/\/secure.gravatar.com\/avatar\/55cb5e37c1efa326397366e6974cb338056df65cb50e7d64d1cf314e87504837?s=96&d=mm&r=g\",\"caption\":\"Arnaldo Botto\"},\"url\":\"https:\/\/www.noticiasradioreflejos.com.ar\/2021\/author\/arnaldo\/\"}]}<\/script>\n<!-- \/ Yoast SEO plugin. -->","yoast_head_json":{"title":"Beneficios para los profesionales en Ciencias Econ\u00f3micas ante la situaci\u00f3n de aislamiento - Noticias Radio Reflejos","robots":{"index":"index","follow":"follow","max-snippet":"max-snippet:-1","max-image-preview":"max-image-preview:large","max-video-preview":"max-video-preview:-1"},"canonical":"https:\/\/www.noticiasradioreflejos.com.ar\/2021\/beneficios-para-los-profesionales-en-ciencias-economicas-ante-la-situacion-de-aislamiento\/","og_locale":"es_ES","og_type":"article","og_title":"Beneficios para los profesionales en Ciencias Econ\u00f3micas ante la situaci\u00f3n de aislamiento - Noticias Radio Reflejos","og_description":"Suspensi\u00f3n de vencimientos, planes de pago y capacitaciones sin cargo, entre otros beneficios, instrument\u00f3 el Consejo Profesional bonaerense y su Caja de Seguridad Social, atento a las consecuencias del aislamiento. Conozca todas las decisiones que favorecen a matriculados y afiliados.","og_url":"https:\/\/www.noticiasradioreflejos.com.ar\/2021\/beneficios-para-los-profesionales-en-ciencias-economicas-ante-la-situacion-de-aislamiento\/","og_site_name":"Noticias Radio Reflejos","article_published_time":"2020-03-27T19:34:39+00:00","og_image":[{"width":520,"height":390,"url":"https:\/\/www.noticiasradioreflejos.com.ar\/2021\/wp-content\/uploads\/2020\/03\/PC.jpg","type":"image\/jpeg"}],"author":"Arnaldo Botto","twitter_card":"summary_large_image","schema":{"@context":"https:\/\/schema.org","@graph":[{"@type":"WebPage","@id":"https:\/\/www.noticiasradioreflejos.com.ar\/2021\/beneficios-para-los-profesionales-en-ciencias-economicas-ante-la-situacion-de-aislamiento\/","url":"https:\/\/www.noticiasradioreflejos.com.ar\/2021\/beneficios-para-los-profesionales-en-ciencias-economicas-ante-la-situacion-de-aislamiento\/","name":"Beneficios para los profesionales en Ciencias Econ\u00f3micas ante la situaci\u00f3n de aislamiento - Noticias Radio Reflejos","isPartOf":{"@id":"https:\/\/www.noticiasradioreflejos.com.ar\/2021\/#website"},"primaryImageOfPage":{"@id":"https:\/\/www.noticiasradioreflejos.com.ar\/2021\/beneficios-para-los-profesionales-en-ciencias-economicas-ante-la-situacion-de-aislamiento\/#primaryimage"},"image":{"@id":"https:\/\/www.noticiasradioreflejos.com.ar\/2021\/beneficios-para-los-profesionales-en-ciencias-economicas-ante-la-situacion-de-aislamiento\/#primaryimage"},"thumbnailUrl":"https:\/\/www.noticiasradioreflejos.com.ar\/2021\/wp-content\/uploads\/2020\/03\/PC.jpg","datePublished":"2020-03-27T19:34:39+00:00","author":{"@id":"https:\/\/www.noticiasradioreflejos.com.ar\/2021\/#\/schema\/person\/ad82545263dcc5ec0996818884fd5fb1"},"breadcrumb":{"@id":"https:\/\/www.noticiasradioreflejos.com.ar\/2021\/beneficios-para-los-profesionales-en-ciencias-economicas-ante-la-situacion-de-aislamiento\/#breadcrumb"},"inLanguage":"es","potentialAction":[{"@type":"ReadAction","target":["https:\/\/www.noticiasradioreflejos.com.ar\/2021\/beneficios-para-los-profesionales-en-ciencias-economicas-ante-la-situacion-de-aislamiento\/"]}]},{"@type":"ImageObject","inLanguage":"es","@id":"https:\/\/www.noticiasradioreflejos.com.ar\/2021\/beneficios-para-los-profesionales-en-ciencias-economicas-ante-la-situacion-de-aislamiento\/#primaryimage","url":"https:\/\/www.noticiasradioreflejos.com.ar\/2021\/wp-content\/uploads\/2020\/03\/PC.jpg","contentUrl":"https:\/\/www.noticiasradioreflejos.com.ar\/2021\/wp-content\/uploads\/2020\/03\/PC.jpg","width":520,"height":390},{"@type":"BreadcrumbList","@id":"https:\/\/www.noticiasradioreflejos.com.ar\/2021\/beneficios-para-los-profesionales-en-ciencias-economicas-ante-la-situacion-de-aislamiento\/#breadcrumb","itemListElement":[{"@type":"ListItem","position":1,"name":"Portada","item":"https:\/\/www.noticiasradioreflejos.com.ar\/2021\/"},{"@type":"ListItem","position":2,"name":"Beneficios para los profesionales en Ciencias Econ\u00f3micas ante la situaci\u00f3n de aislamiento"}]},{"@type":"WebSite","@id":"https:\/\/www.noticiasradioreflejos.com.ar\/2021\/#website","url":"https:\/\/www.noticiasradioreflejos.com.ar\/2021\/","name":"Noticias Radio Reflejos","description":"Las noticias de mi comarca","potentialAction":[{"@type":"SearchAction","target":{"@type":"EntryPoint","urlTemplate":"https:\/\/www.noticiasradioreflejos.com.ar\/2021\/?s={search_term_string}"},"query-input":{"@type":"PropertyValueSpecification","valueRequired":true,"valueName":"search_term_string"}}],"inLanguage":"es"},{"@type":"Person","@id":"https:\/\/www.noticiasradioreflejos.com.ar\/2021\/#\/schema\/person\/ad82545263dcc5ec0996818884fd5fb1","name":"Arnaldo Botto","image":{"@type":"ImageObject","inLanguage":"es","@id":"https:\/\/www.noticiasradioreflejos.com.ar\/2021\/#\/schema\/person\/image\/","url":"https:\/\/secure.gravatar.com\/avatar\/55cb5e37c1efa326397366e6974cb338056df65cb50e7d64d1cf314e87504837?s=96&d=mm&r=g","contentUrl":"https:\/\/secure.gravatar.com\/avatar\/55cb5e37c1efa326397366e6974cb338056df65cb50e7d64d1cf314e87504837?s=96&d=mm&r=g","caption":"Arnaldo Botto"},"url":"https:\/\/www.noticiasradioreflejos.com.ar\/2021\/author\/arnaldo\/"}]}},"_links":{"self":[{"href":"https:\/\/www.noticiasradioreflejos.com.ar\/2021\/wp-json\/wp\/v2\/posts\/40093","targetHints":{"allow":["GET"]}}],"collection":[{"href":"https:\/\/www.noticiasradioreflejos.com.ar\/2021\/wp-json\/wp\/v2\/posts"}],"about":[{"href":"https:\/\/www.noticiasradioreflejos.com.ar\/2021\/wp-json\/wp\/v2\/types\/post"}],"author":[{"embeddable":true,"href":"https:\/\/www.noticiasradioreflejos.com.ar\/2021\/wp-json\/wp\/v2\/users\/3"}],"replies":[{"embeddable":true,"href":"https:\/\/www.noticiasradioreflejos.com.ar\/2021\/wp-json\/wp\/v2\/comments?post=40093"}],"version-history":[{"count":0,"href":"https:\/\/www.noticiasradioreflejos.com.ar\/2021\/wp-json\/wp\/v2\/posts\/40093\/revisions"}],"wp:featuredmedia":[{"embeddable":true,"href":"https:\/\/www.noticiasradioreflejos.com.ar\/2021\/wp-json\/wp\/v2\/media\/40094"}],"wp:attachment":[{"href":"https:\/\/www.noticiasradioreflejos.com.ar\/2021\/wp-json\/wp\/v2\/media?parent=40093"}],"wp:term":[{"taxonomy":"category","embeddable":true,"href":"https:\/\/www.noticiasradioreflejos.com.ar\/2021\/wp-json\/wp\/v2\/categories?post=40093"},{"taxonomy":"post_tag","embeddable":true,"href":"https:\/\/www.noticiasradioreflejos.com.ar\/2021\/wp-json\/wp\/v2\/tags?post=40093"}],"curies":[{"name":"wp","href":"https:\/\/api.w.org\/{rel}","templated":true}]}}