{"id":40089,"date":"2020-03-27T11:56:51","date_gmt":"2020-03-27T14:56:51","guid":{"rendered":"http:\/\/www.noticiasradioreflejos.com.ar\/noticias\/?p=40089"},"modified":"2020-03-27T11:56:51","modified_gmt":"2020-03-27T14:56:51","slug":"coopersive-informa-sobre-vencimientos-de-facturas-y-suspension-de-cortes-de-servicios","status":"publish","type":"post","link":"https:\/\/www.noticiasradioreflejos.com.ar\/2021\/coopersive-informa-sobre-vencimientos-de-facturas-y-suspension-de-cortes-de-servicios\/","title":{"rendered":"Coopersive informa sobre vencimientos de facturas y suspensi\u00f3n de cortes de servicios."},"content":{"rendered":"<p>En el marco de la pandemia generalizada como consecuencia de la propagaci\u00f3n del virus COVID-19, el Consejo de Administraci\u00f3n de Coopersive determin\u00f3 la semana pasada la pr\u00f3rroga del primer vencimiento de las facturas de consumos de feb-2020, que operaba el viernes 20-mar-2020, hasta el viernes 03-abr-2020, pudiendo abonar las mismas sin recargo alguno hasta dicha fecha.<!--more--><\/p>\n<p>Posteriormente, fue emitido el DNU 311\/2020 que suspende por 180 d\u00edas el corte de servicio en casos de mora o falta de pago para todos aquellos usuarios residenciales y no residenciales que cumplan con los requisitos establecidos en el Art\u00edculo 3\u00b0, inciso 1. y 2. del mencionado decreto.<\/p>\n<p>Ante la intranquilidad que se manifiesta en la poblaci\u00f3n respecto a ese sensible tema, Coopersive garantiza la prestaci\u00f3n normal del servicio el\u00e9ctrico e informa que estar\u00e1 cumpliendo con todos los dict\u00e1menes y regulaciones que emanen de las distintas autoridades \u2013nacionales, provinciales o municipales-, as\u00ed como tambi\u00e9n de las que puedan provenir de los distintos entes de contralor, en el convencimiento que las mismas resultar\u00e1n en beneficios para que nuestros asociados puedan paliar el impacto que el Aislamiento Social, Preventivo y Obligatorio cause en toda la econom\u00eda de la Comarca Serrana.<\/p>\n<p>Cualquier duda que pueda surgir respecto a este tema, agradeceremos utilicen las v\u00edas de contacto con Administraci\u00f3n que han sido comunicadas.<\/p>\n<p>Al Coronavirus\u2026 \u00a1lo derrotamos entre todos!<\/p>\n<p>Consejo de Administraci\u00f3n<br \/>\n27-mar-2020<\/p>\n","protected":false},"excerpt":{"rendered":"<p>En el marco de la pandemia generalizada como consecuencia de la propagaci\u00f3n del virus COVID-19, el Consejo de Administraci\u00f3n de Coopersive determin\u00f3 la semana pasada la pr\u00f3rroga del primer vencimiento de las facturas de consumos de feb-2020, que operaba el viernes 20-mar-2020, hasta el viernes 03-abr-2020, pudiendo abonar las mismas sin recargo alguno hasta dicha [&hellip;]<\/p>\n","protected":false},"author":3,"featured_media":0,"comment_status":"closed","ping_status":"open","sticky":false,"template":"","format":"standard","meta":{"footnotes":""},"categories":[26],"tags":[],"class_list":["post-40089","post","type-post","status-publish","format-standard","hentry","category-sociedad"],"yoast_head":"<!-- This site is optimized with the Yoast SEO plugin v25.9 - https:\/\/yoast.com\/wordpress\/plugins\/seo\/ -->\n<title>Coopersive informa sobre vencimientos de facturas y suspensi\u00f3n de cortes de servicios. - Noticias Radio Reflejos<\/title>\n<meta name=\"robots\" content=\"index, follow, max-snippet:-1, max-image-preview:large, max-video-preview:-1\" \/>\n<link rel=\"canonical\" href=\"https:\/\/www.noticiasradioreflejos.com.ar\/2021\/coopersive-informa-sobre-vencimientos-de-facturas-y-suspension-de-cortes-de-servicios\/\" \/>\n<meta property=\"og:locale\" content=\"es_ES\" \/>\n<meta property=\"og:type\" content=\"article\" \/>\n<meta property=\"og:title\" content=\"Coopersive informa sobre vencimientos de facturas y suspensi\u00f3n de cortes de servicios. - Noticias Radio Reflejos\" \/>\n<meta property=\"og:description\" content=\"En el marco de la pandemia generalizada como consecuencia de la propagaci\u00f3n del virus COVID-19, el Consejo de Administraci\u00f3n de Coopersive determin\u00f3 la semana pasada la pr\u00f3rroga del primer vencimiento de las facturas de consumos de feb-2020, que operaba el viernes 20-mar-2020, hasta el viernes 03-abr-2020, pudiendo abonar las mismas sin recargo alguno hasta dicha [&hellip;]\" \/>\n<meta property=\"og:url\" content=\"https:\/\/www.noticiasradioreflejos.com.ar\/2021\/coopersive-informa-sobre-vencimientos-de-facturas-y-suspension-de-cortes-de-servicios\/\" \/>\n<meta property=\"og:site_name\" content=\"Noticias Radio Reflejos\" \/>\n<meta property=\"article:published_time\" content=\"2020-03-27T14:56:51+00:00\" \/>\n<meta property=\"og:image\" content=\"https:\/\/www.noticiasradioreflejos.com.ar\/2021\/wp-content\/uploads\/2020\/03\/Coopersive-web.png\" \/>\n\t<meta property=\"og:image:width\" content=\"573\" \/>\n\t<meta property=\"og:image:height\" content=\"385\" \/>\n\t<meta property=\"og:image:type\" content=\"image\/png\" \/>\n<meta name=\"author\" content=\"Arnaldo Botto\" \/>\n<meta name=\"twitter:card\" content=\"summary_large_image\" \/>\n<script type=\"application\/ld+json\" class=\"yoast-schema-graph\">{\"@context\":\"https:\/\/schema.org\",\"@graph\":[{\"@type\":\"WebPage\",\"@id\":\"https:\/\/www.noticiasradioreflejos.com.ar\/2021\/coopersive-informa-sobre-vencimientos-de-facturas-y-suspension-de-cortes-de-servicios\/\",\"url\":\"https:\/\/www.noticiasradioreflejos.com.ar\/2021\/coopersive-informa-sobre-vencimientos-de-facturas-y-suspension-de-cortes-de-servicios\/\",\"name\":\"Coopersive informa sobre vencimientos de facturas y suspensi\u00f3n de cortes de servicios. - Noticias Radio Reflejos\",\"isPartOf\":{\"@id\":\"https:\/\/www.noticiasradioreflejos.com.ar\/2021\/#website\"},\"datePublished\":\"2020-03-27T14:56:51+00:00\",\"author\":{\"@id\":\"https:\/\/www.noticiasradioreflejos.com.ar\/2021\/#\/schema\/person\/ad82545263dcc5ec0996818884fd5fb1\"},\"breadcrumb\":{\"@id\":\"https:\/\/www.noticiasradioreflejos.com.ar\/2021\/coopersive-informa-sobre-vencimientos-de-facturas-y-suspension-de-cortes-de-servicios\/#breadcrumb\"},\"inLanguage\":\"es\",\"potentialAction\":[{\"@type\":\"ReadAction\",\"target\":[\"https:\/\/www.noticiasradioreflejos.com.ar\/2021\/coopersive-informa-sobre-vencimientos-de-facturas-y-suspension-de-cortes-de-servicios\/\"]}]},{\"@type\":\"BreadcrumbList\",\"@id\":\"https:\/\/www.noticiasradioreflejos.com.ar\/2021\/coopersive-informa-sobre-vencimientos-de-facturas-y-suspension-de-cortes-de-servicios\/#breadcrumb\",\"itemListElement\":[{\"@type\":\"ListItem\",\"position\":1,\"name\":\"Portada\",\"item\":\"https:\/\/www.noticiasradioreflejos.com.ar\/2021\/\"},{\"@type\":\"ListItem\",\"position\":2,\"name\":\"Coopersive informa sobre vencimientos de facturas y suspensi\u00f3n de cortes de servicios.\"}]},{\"@type\":\"WebSite\",\"@id\":\"https:\/\/www.noticiasradioreflejos.com.ar\/2021\/#website\",\"url\":\"https:\/\/www.noticiasradioreflejos.com.ar\/2021\/\",\"name\":\"Noticias Radio Reflejos\",\"description\":\"Las noticias de mi comarca\",\"potentialAction\":[{\"@type\":\"SearchAction\",\"target\":{\"@type\":\"EntryPoint\",\"urlTemplate\":\"https:\/\/www.noticiasradioreflejos.com.ar\/2021\/?s={search_term_string}\"},\"query-input\":{\"@type\":\"PropertyValueSpecification\",\"valueRequired\":true,\"valueName\":\"search_term_string\"}}],\"inLanguage\":\"es\"},{\"@type\":\"Person\",\"@id\":\"https:\/\/www.noticiasradioreflejos.com.ar\/2021\/#\/schema\/person\/ad82545263dcc5ec0996818884fd5fb1\",\"name\":\"Arnaldo Botto\",\"image\":{\"@type\":\"ImageObject\",\"inLanguage\":\"es\",\"@id\":\"https:\/\/www.noticiasradioreflejos.com.ar\/2021\/#\/schema\/person\/image\/\",\"url\":\"https:\/\/secure.gravatar.com\/avatar\/55cb5e37c1efa326397366e6974cb338056df65cb50e7d64d1cf314e87504837?s=96&d=mm&r=g\",\"contentUrl\":\"https:\/\/secure.gravatar.com\/avatar\/55cb5e37c1efa326397366e6974cb338056df65cb50e7d64d1cf314e87504837?s=96&d=mm&r=g\",\"caption\":\"Arnaldo Botto\"},\"url\":\"https:\/\/www.noticiasradioreflejos.com.ar\/2021\/author\/arnaldo\/\"}]}<\/script>\n<!-- \/ Yoast SEO plugin. -->","yoast_head_json":{"title":"Coopersive informa sobre vencimientos de facturas y suspensi\u00f3n de cortes de servicios. - Noticias Radio Reflejos","robots":{"index":"index","follow":"follow","max-snippet":"max-snippet:-1","max-image-preview":"max-image-preview:large","max-video-preview":"max-video-preview:-1"},"canonical":"https:\/\/www.noticiasradioreflejos.com.ar\/2021\/coopersive-informa-sobre-vencimientos-de-facturas-y-suspension-de-cortes-de-servicios\/","og_locale":"es_ES","og_type":"article","og_title":"Coopersive informa sobre vencimientos de facturas y suspensi\u00f3n de cortes de servicios. - Noticias Radio Reflejos","og_description":"En el marco de la pandemia generalizada como consecuencia de la propagaci\u00f3n del virus COVID-19, el Consejo de Administraci\u00f3n de Coopersive determin\u00f3 la semana pasada la pr\u00f3rroga del primer vencimiento de las facturas de consumos de feb-2020, que operaba el viernes 20-mar-2020, hasta el viernes 03-abr-2020, pudiendo abonar las mismas sin recargo alguno hasta dicha [&hellip;]","og_url":"https:\/\/www.noticiasradioreflejos.com.ar\/2021\/coopersive-informa-sobre-vencimientos-de-facturas-y-suspension-de-cortes-de-servicios\/","og_site_name":"Noticias Radio Reflejos","article_published_time":"2020-03-27T14:56:51+00:00","og_image":[{"width":573,"height":385,"url":"https:\/\/www.noticiasradioreflejos.com.ar\/2021\/wp-content\/uploads\/2020\/03\/Coopersive-web.png","type":"image\/png"}],"author":"Arnaldo Botto","twitter_card":"summary_large_image","schema":{"@context":"https:\/\/schema.org","@graph":[{"@type":"WebPage","@id":"https:\/\/www.noticiasradioreflejos.com.ar\/2021\/coopersive-informa-sobre-vencimientos-de-facturas-y-suspension-de-cortes-de-servicios\/","url":"https:\/\/www.noticiasradioreflejos.com.ar\/2021\/coopersive-informa-sobre-vencimientos-de-facturas-y-suspension-de-cortes-de-servicios\/","name":"Coopersive informa sobre vencimientos de facturas y suspensi\u00f3n de cortes de servicios. - Noticias Radio Reflejos","isPartOf":{"@id":"https:\/\/www.noticiasradioreflejos.com.ar\/2021\/#website"},"datePublished":"2020-03-27T14:56:51+00:00","author":{"@id":"https:\/\/www.noticiasradioreflejos.com.ar\/2021\/#\/schema\/person\/ad82545263dcc5ec0996818884fd5fb1"},"breadcrumb":{"@id":"https:\/\/www.noticiasradioreflejos.com.ar\/2021\/coopersive-informa-sobre-vencimientos-de-facturas-y-suspension-de-cortes-de-servicios\/#breadcrumb"},"inLanguage":"es","potentialAction":[{"@type":"ReadAction","target":["https:\/\/www.noticiasradioreflejos.com.ar\/2021\/coopersive-informa-sobre-vencimientos-de-facturas-y-suspension-de-cortes-de-servicios\/"]}]},{"@type":"BreadcrumbList","@id":"https:\/\/www.noticiasradioreflejos.com.ar\/2021\/coopersive-informa-sobre-vencimientos-de-facturas-y-suspension-de-cortes-de-servicios\/#breadcrumb","itemListElement":[{"@type":"ListItem","position":1,"name":"Portada","item":"https:\/\/www.noticiasradioreflejos.com.ar\/2021\/"},{"@type":"ListItem","position":2,"name":"Coopersive informa sobre vencimientos de facturas y suspensi\u00f3n de cortes de servicios."}]},{"@type":"WebSite","@id":"https:\/\/www.noticiasradioreflejos.com.ar\/2021\/#website","url":"https:\/\/www.noticiasradioreflejos.com.ar\/2021\/","name":"Noticias Radio Reflejos","description":"Las noticias de mi comarca","potentialAction":[{"@type":"SearchAction","target":{"@type":"EntryPoint","urlTemplate":"https:\/\/www.noticiasradioreflejos.com.ar\/2021\/?s={search_term_string}"},"query-input":{"@type":"PropertyValueSpecification","valueRequired":true,"valueName":"search_term_string"}}],"inLanguage":"es"},{"@type":"Person","@id":"https:\/\/www.noticiasradioreflejos.com.ar\/2021\/#\/schema\/person\/ad82545263dcc5ec0996818884fd5fb1","name":"Arnaldo Botto","image":{"@type":"ImageObject","inLanguage":"es","@id":"https:\/\/www.noticiasradioreflejos.com.ar\/2021\/#\/schema\/person\/image\/","url":"https:\/\/secure.gravatar.com\/avatar\/55cb5e37c1efa326397366e6974cb338056df65cb50e7d64d1cf314e87504837?s=96&d=mm&r=g","contentUrl":"https:\/\/secure.gravatar.com\/avatar\/55cb5e37c1efa326397366e6974cb338056df65cb50e7d64d1cf314e87504837?s=96&d=mm&r=g","caption":"Arnaldo Botto"},"url":"https:\/\/www.noticiasradioreflejos.com.ar\/2021\/author\/arnaldo\/"}]}},"_links":{"self":[{"href":"https:\/\/www.noticiasradioreflejos.com.ar\/2021\/wp-json\/wp\/v2\/posts\/40089","targetHints":{"allow":["GET"]}}],"collection":[{"href":"https:\/\/www.noticiasradioreflejos.com.ar\/2021\/wp-json\/wp\/v2\/posts"}],"about":[{"href":"https:\/\/www.noticiasradioreflejos.com.ar\/2021\/wp-json\/wp\/v2\/types\/post"}],"author":[{"embeddable":true,"href":"https:\/\/www.noticiasradioreflejos.com.ar\/2021\/wp-json\/wp\/v2\/users\/3"}],"replies":[{"embeddable":true,"href":"https:\/\/www.noticiasradioreflejos.com.ar\/2021\/wp-json\/wp\/v2\/comments?post=40089"}],"version-history":[{"count":0,"href":"https:\/\/www.noticiasradioreflejos.com.ar\/2021\/wp-json\/wp\/v2\/posts\/40089\/revisions"}],"wp:attachment":[{"href":"https:\/\/www.noticiasradioreflejos.com.ar\/2021\/wp-json\/wp\/v2\/media?parent=40089"}],"wp:term":[{"taxonomy":"category","embeddable":true,"href":"https:\/\/www.noticiasradioreflejos.com.ar\/2021\/wp-json\/wp\/v2\/categories?post=40089"},{"taxonomy":"post_tag","embeddable":true,"href":"https:\/\/www.noticiasradioreflejos.com.ar\/2021\/wp-json\/wp\/v2\/tags?post=40089"}],"curies":[{"name":"wp","href":"https:\/\/api.w.org\/{rel}","templated":true}]}}