{"id":40086,"date":"2020-03-27T10:16:00","date_gmt":"2020-03-27T13:16:00","guid":{"rendered":"http:\/\/www.noticiasradioreflejos.com.ar\/noticias\/?p=40086"},"modified":"2020-03-27T10:16:00","modified_gmt":"2020-03-27T13:16:00","slug":"mas-de-9000-personas-se-inscribieron-en-un-dia-para-ingresar-al-sistema-de-salud-bonaerense","status":"publish","type":"post","link":"https:\/\/www.noticiasradioreflejos.com.ar\/2021\/mas-de-9000-personas-se-inscribieron-en-un-dia-para-ingresar-al-sistema-de-salud-bonaerense\/","title":{"rendered":"M\u00e1s de 9000 personas se inscribieron en un d\u00eda para ingresar al sistema de salud bonaerense"},"content":{"rendered":"<p>En solo una jornada m\u00e1s de 9000 personas se inscribieron para ingresar al sistema de salud bonaerense tras la convocatoria realizada desde el Gobierno provincial para atender los casos de coronavirus en el territorio, informaron hoy fuentes oficiales.<!--more--><\/p>\n<p>Fuentes del ministerio de Salud bonaerense precisaron hoy que unas 9086 personas se anotaron el jueves en la p\u00e1gina web http:\/\/www.ms.gba.gov.ar\/sitios\/coronavirus\/incorporacion-de-personal-y-voluntarios-covid-19\/ para trabajar en la emergencia.<\/p>\n<p>Adem\u00e1s, detallaron que se postularon 1299 personas para cargos de administrativo; 166 bioqu\u00edmicos; 2993 enfermeros; 142 kiniesi\u00f3logos; 36 m\u00e9dicos cl\u00ednicos; 134 m\u00e9dicos generalistas; 24 m\u00e9dicos terapistas; 3160 psic\u00f3logos; 1127 trabajadores sociales; 5 m\u00e9dicos infect\u00f3logos y 1759 voluntarios para tareas no remuneradas de ayuda comunitaria.<\/p>\n<p>El Gobierno bonaerense busca sumar 3700 profesionales de la salud, adem\u00e1s de voluntarios, para fortalecer los recursos humanos del sistema sanitario, y las tareas de ayuda comunitaria en el marco de la emergencia sanitaria por la pandemia de coronavirus.<\/p>\n<p>De acuerdo con la planificaci\u00f3n a cargo de la cartera sanitaria provincial se contratar\u00e1n en forma temporaria 2.000 enfermeras\/os, 500 m\u00e9dicas\/os terapistas de adultos y pedi\u00e1tricos, 100 m\u00e9dicas\/os cl\u00ednicos de adultos y pedi\u00e1tricos, 500 m\u00e9dicas\/os generalistas, 500 licenciadas\/os en kinesiolog\u00eda, 80 bioqu\u00edmicas\/os, 80 psic\u00f3logas\/os y trabajadoresa\/as sociales y 20 infect\u00f3logas\/os.<\/p>\n<p>La medida es parte del plan integral que el ministerio de Salud pone en marcha para contener el avance del coronavirus en el territorio bonaerense en el marco del decreto que firm\u00f3 el gobernador Axel Kicillof el pasado 12 de marzo donde establece la emergencia sanitaria por 180 d\u00edas.<\/p>\n","protected":false},"excerpt":{"rendered":"<p>En solo una jornada m\u00e1s de 9000 personas se inscribieron para ingresar al sistema de salud bonaerense tras la convocatoria realizada desde el Gobierno provincial para atender los casos de coronavirus en el territorio, informaron hoy fuentes oficiales.<\/p>\n","protected":false},"author":3,"featured_media":0,"comment_status":"closed","ping_status":"open","sticky":false,"template":"","format":"standard","meta":{"footnotes":""},"categories":[30],"tags":[],"class_list":["post-40086","post","type-post","status-publish","format-standard","hentry","category-salud"],"yoast_head":"<!-- This site is optimized with the Yoast SEO plugin v25.9 - https:\/\/yoast.com\/wordpress\/plugins\/seo\/ -->\n<title>M\u00e1s de 9000 personas se inscribieron en un d\u00eda para ingresar al sistema de salud bonaerense - Noticias Radio Reflejos<\/title>\n<meta name=\"robots\" content=\"index, follow, max-snippet:-1, max-image-preview:large, max-video-preview:-1\" \/>\n<link rel=\"canonical\" href=\"https:\/\/www.noticiasradioreflejos.com.ar\/2021\/mas-de-9000-personas-se-inscribieron-en-un-dia-para-ingresar-al-sistema-de-salud-bonaerense\/\" \/>\n<meta property=\"og:locale\" content=\"es_ES\" \/>\n<meta property=\"og:type\" content=\"article\" \/>\n<meta property=\"og:title\" content=\"M\u00e1s de 9000 personas se inscribieron en un d\u00eda para ingresar al sistema de salud bonaerense - Noticias Radio Reflejos\" \/>\n<meta property=\"og:description\" content=\"En solo una jornada m\u00e1s de 9000 personas se inscribieron para ingresar al sistema de salud bonaerense tras la convocatoria realizada desde el Gobierno provincial para atender los casos de coronavirus en el territorio, informaron hoy fuentes oficiales.\" \/>\n<meta property=\"og:url\" content=\"https:\/\/www.noticiasradioreflejos.com.ar\/2021\/mas-de-9000-personas-se-inscribieron-en-un-dia-para-ingresar-al-sistema-de-salud-bonaerense\/\" \/>\n<meta property=\"og:site_name\" content=\"Noticias Radio Reflejos\" \/>\n<meta property=\"article:published_time\" content=\"2020-03-27T13:16:00+00:00\" \/>\n<meta property=\"og:image\" content=\"https:\/\/www.noticiasradioreflejos.com.ar\/2021\/wp-content\/uploads\/2021\/07\/logosol300x200.png\" \/>\n\t<meta property=\"og:image:width\" content=\"300\" \/>\n\t<meta property=\"og:image:height\" content=\"200\" \/>\n\t<meta property=\"og:image:type\" content=\"image\/png\" \/>\n<meta name=\"author\" content=\"Arnaldo Botto\" \/>\n<meta name=\"twitter:card\" content=\"summary_large_image\" \/>\n<script type=\"application\/ld+json\" class=\"yoast-schema-graph\">{\"@context\":\"https:\/\/schema.org\",\"@graph\":[{\"@type\":\"WebPage\",\"@id\":\"https:\/\/www.noticiasradioreflejos.com.ar\/2021\/mas-de-9000-personas-se-inscribieron-en-un-dia-para-ingresar-al-sistema-de-salud-bonaerense\/\",\"url\":\"https:\/\/www.noticiasradioreflejos.com.ar\/2021\/mas-de-9000-personas-se-inscribieron-en-un-dia-para-ingresar-al-sistema-de-salud-bonaerense\/\",\"name\":\"M\u00e1s de 9000 personas se inscribieron en un d\u00eda para ingresar al sistema de salud bonaerense - Noticias Radio Reflejos\",\"isPartOf\":{\"@id\":\"https:\/\/www.noticiasradioreflejos.com.ar\/2021\/#website\"},\"datePublished\":\"2020-03-27T13:16:00+00:00\",\"author\":{\"@id\":\"https:\/\/www.noticiasradioreflejos.com.ar\/2021\/#\/schema\/person\/ad82545263dcc5ec0996818884fd5fb1\"},\"breadcrumb\":{\"@id\":\"https:\/\/www.noticiasradioreflejos.com.ar\/2021\/mas-de-9000-personas-se-inscribieron-en-un-dia-para-ingresar-al-sistema-de-salud-bonaerense\/#breadcrumb\"},\"inLanguage\":\"es\",\"potentialAction\":[{\"@type\":\"ReadAction\",\"target\":[\"https:\/\/www.noticiasradioreflejos.com.ar\/2021\/mas-de-9000-personas-se-inscribieron-en-un-dia-para-ingresar-al-sistema-de-salud-bonaerense\/\"]}]},{\"@type\":\"BreadcrumbList\",\"@id\":\"https:\/\/www.noticiasradioreflejos.com.ar\/2021\/mas-de-9000-personas-se-inscribieron-en-un-dia-para-ingresar-al-sistema-de-salud-bonaerense\/#breadcrumb\",\"itemListElement\":[{\"@type\":\"ListItem\",\"position\":1,\"name\":\"Portada\",\"item\":\"https:\/\/www.noticiasradioreflejos.com.ar\/2021\/\"},{\"@type\":\"ListItem\",\"position\":2,\"name\":\"M\u00e1s de 9000 personas se inscribieron en un d\u00eda para ingresar al sistema de salud bonaerense\"}]},{\"@type\":\"WebSite\",\"@id\":\"https:\/\/www.noticiasradioreflejos.com.ar\/2021\/#website\",\"url\":\"https:\/\/www.noticiasradioreflejos.com.ar\/2021\/\",\"name\":\"Noticias Radio Reflejos\",\"description\":\"Las noticias de mi comarca\",\"potentialAction\":[{\"@type\":\"SearchAction\",\"target\":{\"@type\":\"EntryPoint\",\"urlTemplate\":\"https:\/\/www.noticiasradioreflejos.com.ar\/2021\/?s={search_term_string}\"},\"query-input\":{\"@type\":\"PropertyValueSpecification\",\"valueRequired\":true,\"valueName\":\"search_term_string\"}}],\"inLanguage\":\"es\"},{\"@type\":\"Person\",\"@id\":\"https:\/\/www.noticiasradioreflejos.com.ar\/2021\/#\/schema\/person\/ad82545263dcc5ec0996818884fd5fb1\",\"name\":\"Arnaldo Botto\",\"image\":{\"@type\":\"ImageObject\",\"inLanguage\":\"es\",\"@id\":\"https:\/\/www.noticiasradioreflejos.com.ar\/2021\/#\/schema\/person\/image\/\",\"url\":\"https:\/\/secure.gravatar.com\/avatar\/55cb5e37c1efa326397366e6974cb338056df65cb50e7d64d1cf314e87504837?s=96&d=mm&r=g\",\"contentUrl\":\"https:\/\/secure.gravatar.com\/avatar\/55cb5e37c1efa326397366e6974cb338056df65cb50e7d64d1cf314e87504837?s=96&d=mm&r=g\",\"caption\":\"Arnaldo Botto\"},\"url\":\"https:\/\/www.noticiasradioreflejos.com.ar\/2021\/author\/arnaldo\/\"}]}<\/script>\n<!-- \/ Yoast SEO plugin. -->","yoast_head_json":{"title":"M\u00e1s de 9000 personas se inscribieron en un d\u00eda para ingresar al sistema de salud bonaerense - Noticias Radio Reflejos","robots":{"index":"index","follow":"follow","max-snippet":"max-snippet:-1","max-image-preview":"max-image-preview:large","max-video-preview":"max-video-preview:-1"},"canonical":"https:\/\/www.noticiasradioreflejos.com.ar\/2021\/mas-de-9000-personas-se-inscribieron-en-un-dia-para-ingresar-al-sistema-de-salud-bonaerense\/","og_locale":"es_ES","og_type":"article","og_title":"M\u00e1s de 9000 personas se inscribieron en un d\u00eda para ingresar al sistema de salud bonaerense - Noticias Radio Reflejos","og_description":"En solo una jornada m\u00e1s de 9000 personas se inscribieron para ingresar al sistema de salud bonaerense tras la convocatoria realizada desde el Gobierno provincial para atender los casos de coronavirus en el territorio, informaron hoy fuentes oficiales.","og_url":"https:\/\/www.noticiasradioreflejos.com.ar\/2021\/mas-de-9000-personas-se-inscribieron-en-un-dia-para-ingresar-al-sistema-de-salud-bonaerense\/","og_site_name":"Noticias Radio Reflejos","article_published_time":"2020-03-27T13:16:00+00:00","og_image":[{"width":300,"height":200,"url":"https:\/\/www.noticiasradioreflejos.com.ar\/2021\/wp-content\/uploads\/2021\/07\/logosol300x200.png","type":"image\/png"}],"author":"Arnaldo Botto","twitter_card":"summary_large_image","schema":{"@context":"https:\/\/schema.org","@graph":[{"@type":"WebPage","@id":"https:\/\/www.noticiasradioreflejos.com.ar\/2021\/mas-de-9000-personas-se-inscribieron-en-un-dia-para-ingresar-al-sistema-de-salud-bonaerense\/","url":"https:\/\/www.noticiasradioreflejos.com.ar\/2021\/mas-de-9000-personas-se-inscribieron-en-un-dia-para-ingresar-al-sistema-de-salud-bonaerense\/","name":"M\u00e1s de 9000 personas se inscribieron en un d\u00eda para ingresar al sistema de salud bonaerense - Noticias Radio Reflejos","isPartOf":{"@id":"https:\/\/www.noticiasradioreflejos.com.ar\/2021\/#website"},"datePublished":"2020-03-27T13:16:00+00:00","author":{"@id":"https:\/\/www.noticiasradioreflejos.com.ar\/2021\/#\/schema\/person\/ad82545263dcc5ec0996818884fd5fb1"},"breadcrumb":{"@id":"https:\/\/www.noticiasradioreflejos.com.ar\/2021\/mas-de-9000-personas-se-inscribieron-en-un-dia-para-ingresar-al-sistema-de-salud-bonaerense\/#breadcrumb"},"inLanguage":"es","potentialAction":[{"@type":"ReadAction","target":["https:\/\/www.noticiasradioreflejos.com.ar\/2021\/mas-de-9000-personas-se-inscribieron-en-un-dia-para-ingresar-al-sistema-de-salud-bonaerense\/"]}]},{"@type":"BreadcrumbList","@id":"https:\/\/www.noticiasradioreflejos.com.ar\/2021\/mas-de-9000-personas-se-inscribieron-en-un-dia-para-ingresar-al-sistema-de-salud-bonaerense\/#breadcrumb","itemListElement":[{"@type":"ListItem","position":1,"name":"Portada","item":"https:\/\/www.noticiasradioreflejos.com.ar\/2021\/"},{"@type":"ListItem","position":2,"name":"M\u00e1s de 9000 personas se inscribieron en un d\u00eda para ingresar al sistema de salud bonaerense"}]},{"@type":"WebSite","@id":"https:\/\/www.noticiasradioreflejos.com.ar\/2021\/#website","url":"https:\/\/www.noticiasradioreflejos.com.ar\/2021\/","name":"Noticias Radio Reflejos","description":"Las noticias de mi comarca","potentialAction":[{"@type":"SearchAction","target":{"@type":"EntryPoint","urlTemplate":"https:\/\/www.noticiasradioreflejos.com.ar\/2021\/?s={search_term_string}"},"query-input":{"@type":"PropertyValueSpecification","valueRequired":true,"valueName":"search_term_string"}}],"inLanguage":"es"},{"@type":"Person","@id":"https:\/\/www.noticiasradioreflejos.com.ar\/2021\/#\/schema\/person\/ad82545263dcc5ec0996818884fd5fb1","name":"Arnaldo Botto","image":{"@type":"ImageObject","inLanguage":"es","@id":"https:\/\/www.noticiasradioreflejos.com.ar\/2021\/#\/schema\/person\/image\/","url":"https:\/\/secure.gravatar.com\/avatar\/55cb5e37c1efa326397366e6974cb338056df65cb50e7d64d1cf314e87504837?s=96&d=mm&r=g","contentUrl":"https:\/\/secure.gravatar.com\/avatar\/55cb5e37c1efa326397366e6974cb338056df65cb50e7d64d1cf314e87504837?s=96&d=mm&r=g","caption":"Arnaldo Botto"},"url":"https:\/\/www.noticiasradioreflejos.com.ar\/2021\/author\/arnaldo\/"}]}},"_links":{"self":[{"href":"https:\/\/www.noticiasradioreflejos.com.ar\/2021\/wp-json\/wp\/v2\/posts\/40086","targetHints":{"allow":["GET"]}}],"collection":[{"href":"https:\/\/www.noticiasradioreflejos.com.ar\/2021\/wp-json\/wp\/v2\/posts"}],"about":[{"href":"https:\/\/www.noticiasradioreflejos.com.ar\/2021\/wp-json\/wp\/v2\/types\/post"}],"author":[{"embeddable":true,"href":"https:\/\/www.noticiasradioreflejos.com.ar\/2021\/wp-json\/wp\/v2\/users\/3"}],"replies":[{"embeddable":true,"href":"https:\/\/www.noticiasradioreflejos.com.ar\/2021\/wp-json\/wp\/v2\/comments?post=40086"}],"version-history":[{"count":0,"href":"https:\/\/www.noticiasradioreflejos.com.ar\/2021\/wp-json\/wp\/v2\/posts\/40086\/revisions"}],"wp:attachment":[{"href":"https:\/\/www.noticiasradioreflejos.com.ar\/2021\/wp-json\/wp\/v2\/media?parent=40086"}],"wp:term":[{"taxonomy":"category","embeddable":true,"href":"https:\/\/www.noticiasradioreflejos.com.ar\/2021\/wp-json\/wp\/v2\/categories?post=40086"},{"taxonomy":"post_tag","embeddable":true,"href":"https:\/\/www.noticiasradioreflejos.com.ar\/2021\/wp-json\/wp\/v2\/tags?post=40086"}],"curies":[{"name":"wp","href":"https:\/\/api.w.org\/{rel}","templated":true}]}}