{"id":40041,"date":"2020-03-26T14:24:41","date_gmt":"2020-03-26T17:24:41","guid":{"rendered":"http:\/\/www.noticiasradioreflejos.com.ar\/noticias\/?p=40041"},"modified":"2020-03-26T14:24:41","modified_gmt":"2020-03-26T17:24:41","slug":"confirmado-en-cnel-dorrego-dio-positivo-y-es-el-primer-caso-de-coronavirus-en-el-distrito","status":"publish","type":"post","link":"https:\/\/www.noticiasradioreflejos.com.ar\/2021\/confirmado-en-cnel-dorrego-dio-positivo-y-es-el-primer-caso-de-coronavirus-en-el-distrito\/","title":{"rendered":"Confirmado: En Cnel Dorrego di\u00f3 positivo y es el primer caso de Coronavirus en el distrito."},"content":{"rendered":"<p><a href=\"http:\/\/www.noticiasradioreflejos.com.ar\/noticias\/wp-content\/uploads\/2020\/03\/Dorrego-coronavirus.png\"><img loading=\"lazy\" decoding=\"async\" class=\"alignleft size-medium wp-image-40042\" src=\"http:\/\/www.noticiasradioreflejos.com.ar\/noticias\/wp-content\/uploads\/2020\/03\/Dorrego-coronavirus-300x237.png\" alt=\"Dorrego coronavirus\" width=\"300\" height=\"237\" \/><\/a>Se trata de una persona que regres\u00f3 d\u00edas atr\u00e1s de Brasil. Es el primer infectado en un distrito de la regi\u00f3n.<br \/>\nCoronel Dorrego se convirti\u00f3 esta ma\u00f1ana en el primer distrito de la regi\u00f3n cercana a la ciudad en registrar su primer caso positivo en Coronavirus.<!--more--><br \/>\nSi bien a\u00fan no se conocieron mayores detalles, se trata de un hombre de 60 a\u00f1os que regres\u00f3 d\u00edas atr\u00e1s procedente de Brasil.<br \/>\nDesde el municipio descartan cualquier contacto durante el periodo de cuarentena. Adem\u00e1s, se\u00f1alan que el paciente &#8211;contin\u00faa con el aislamiento domiciliario&#8211; se encuentra estable y con evoluci\u00f3n favorable.<br \/>\nCabe recordar que en Bah\u00eda Blanca, el viernes \u00faltimo un hombre de 27 a\u00f1os proveniente del exterior se convirti\u00f3 en el primer infectado y que desde el lunes permanece en su domicilio y luego de ser dado de alta.<\/p>\n","protected":false},"excerpt":{"rendered":"<p>Se trata de una persona que regres\u00f3 d\u00edas atr\u00e1s de Brasil. Es el primer infectado en un distrito de la regi\u00f3n. Coronel Dorrego se convirti\u00f3 esta ma\u00f1ana en el primer distrito de la regi\u00f3n cercana a la ciudad en registrar su primer caso positivo en Coronavirus.<\/p>\n","protected":false},"author":3,"featured_media":0,"comment_status":"closed","ping_status":"open","sticky":false,"template":"","format":"standard","meta":{"footnotes":""},"categories":[30],"tags":[],"class_list":["post-40041","post","type-post","status-publish","format-standard","hentry","category-salud"],"yoast_head":"<!-- This site is optimized with the Yoast SEO plugin v25.9 - https:\/\/yoast.com\/wordpress\/plugins\/seo\/ -->\n<title>Confirmado: En Cnel Dorrego di\u00f3 positivo y es el primer caso de Coronavirus en el distrito. - Noticias Radio Reflejos<\/title>\n<meta name=\"robots\" content=\"index, follow, max-snippet:-1, max-image-preview:large, max-video-preview:-1\" \/>\n<link rel=\"canonical\" href=\"https:\/\/www.noticiasradioreflejos.com.ar\/2021\/confirmado-en-cnel-dorrego-dio-positivo-y-es-el-primer-caso-de-coronavirus-en-el-distrito\/\" \/>\n<meta property=\"og:locale\" content=\"es_ES\" \/>\n<meta property=\"og:type\" content=\"article\" \/>\n<meta property=\"og:title\" content=\"Confirmado: En Cnel Dorrego di\u00f3 positivo y es el primer caso de Coronavirus en el distrito. - Noticias Radio Reflejos\" \/>\n<meta property=\"og:description\" content=\"Se trata de una persona que regres\u00f3 d\u00edas atr\u00e1s de Brasil. Es el primer infectado en un distrito de la regi\u00f3n. Coronel Dorrego se convirti\u00f3 esta ma\u00f1ana en el primer distrito de la regi\u00f3n cercana a la ciudad en registrar su primer caso positivo en Coronavirus.\" \/>\n<meta property=\"og:url\" content=\"https:\/\/www.noticiasradioreflejos.com.ar\/2021\/confirmado-en-cnel-dorrego-dio-positivo-y-es-el-primer-caso-de-coronavirus-en-el-distrito\/\" \/>\n<meta property=\"og:site_name\" content=\"Noticias Radio Reflejos\" \/>\n<meta property=\"article:published_time\" content=\"2020-03-26T17:24:41+00:00\" \/>\n<meta property=\"og:image\" content=\"https:\/\/www.noticiasradioreflejos.com.ar\/2021\/wp-content\/uploads\/2021\/07\/logosol300x200.png\" \/>\n\t<meta property=\"og:image:width\" content=\"300\" \/>\n\t<meta property=\"og:image:height\" content=\"200\" \/>\n\t<meta property=\"og:image:type\" content=\"image\/png\" \/>\n<meta name=\"author\" content=\"Arnaldo Botto\" \/>\n<meta name=\"twitter:card\" content=\"summary_large_image\" \/>\n<script type=\"application\/ld+json\" class=\"yoast-schema-graph\">{\"@context\":\"https:\/\/schema.org\",\"@graph\":[{\"@type\":\"WebPage\",\"@id\":\"https:\/\/www.noticiasradioreflejos.com.ar\/2021\/confirmado-en-cnel-dorrego-dio-positivo-y-es-el-primer-caso-de-coronavirus-en-el-distrito\/\",\"url\":\"https:\/\/www.noticiasradioreflejos.com.ar\/2021\/confirmado-en-cnel-dorrego-dio-positivo-y-es-el-primer-caso-de-coronavirus-en-el-distrito\/\",\"name\":\"Confirmado: En Cnel Dorrego di\u00f3 positivo y es el primer caso de Coronavirus en el distrito. - Noticias Radio Reflejos\",\"isPartOf\":{\"@id\":\"https:\/\/www.noticiasradioreflejos.com.ar\/2021\/#website\"},\"primaryImageOfPage\":{\"@id\":\"https:\/\/www.noticiasradioreflejos.com.ar\/2021\/confirmado-en-cnel-dorrego-dio-positivo-y-es-el-primer-caso-de-coronavirus-en-el-distrito\/#primaryimage\"},\"image\":{\"@id\":\"https:\/\/www.noticiasradioreflejos.com.ar\/2021\/confirmado-en-cnel-dorrego-dio-positivo-y-es-el-primer-caso-de-coronavirus-en-el-distrito\/#primaryimage\"},\"thumbnailUrl\":\"http:\/\/www.noticiasradioreflejos.com.ar\/noticias\/wp-content\/uploads\/2020\/03\/Dorrego-coronavirus-300x237.png\",\"datePublished\":\"2020-03-26T17:24:41+00:00\",\"author\":{\"@id\":\"https:\/\/www.noticiasradioreflejos.com.ar\/2021\/#\/schema\/person\/ad82545263dcc5ec0996818884fd5fb1\"},\"breadcrumb\":{\"@id\":\"https:\/\/www.noticiasradioreflejos.com.ar\/2021\/confirmado-en-cnel-dorrego-dio-positivo-y-es-el-primer-caso-de-coronavirus-en-el-distrito\/#breadcrumb\"},\"inLanguage\":\"es\",\"potentialAction\":[{\"@type\":\"ReadAction\",\"target\":[\"https:\/\/www.noticiasradioreflejos.com.ar\/2021\/confirmado-en-cnel-dorrego-dio-positivo-y-es-el-primer-caso-de-coronavirus-en-el-distrito\/\"]}]},{\"@type\":\"ImageObject\",\"inLanguage\":\"es\",\"@id\":\"https:\/\/www.noticiasradioreflejos.com.ar\/2021\/confirmado-en-cnel-dorrego-dio-positivo-y-es-el-primer-caso-de-coronavirus-en-el-distrito\/#primaryimage\",\"url\":\"http:\/\/www.noticiasradioreflejos.com.ar\/noticias\/wp-content\/uploads\/2020\/03\/Dorrego-coronavirus-300x237.png\",\"contentUrl\":\"http:\/\/www.noticiasradioreflejos.com.ar\/noticias\/wp-content\/uploads\/2020\/03\/Dorrego-coronavirus-300x237.png\"},{\"@type\":\"BreadcrumbList\",\"@id\":\"https:\/\/www.noticiasradioreflejos.com.ar\/2021\/confirmado-en-cnel-dorrego-dio-positivo-y-es-el-primer-caso-de-coronavirus-en-el-distrito\/#breadcrumb\",\"itemListElement\":[{\"@type\":\"ListItem\",\"position\":1,\"name\":\"Portada\",\"item\":\"https:\/\/www.noticiasradioreflejos.com.ar\/2021\/\"},{\"@type\":\"ListItem\",\"position\":2,\"name\":\"Confirmado: En Cnel Dorrego di\u00f3 positivo y es el primer caso de Coronavirus en el distrito.\"}]},{\"@type\":\"WebSite\",\"@id\":\"https:\/\/www.noticiasradioreflejos.com.ar\/2021\/#website\",\"url\":\"https:\/\/www.noticiasradioreflejos.com.ar\/2021\/\",\"name\":\"Noticias Radio Reflejos\",\"description\":\"Las noticias de mi comarca\",\"potentialAction\":[{\"@type\":\"SearchAction\",\"target\":{\"@type\":\"EntryPoint\",\"urlTemplate\":\"https:\/\/www.noticiasradioreflejos.com.ar\/2021\/?s={search_term_string}\"},\"query-input\":{\"@type\":\"PropertyValueSpecification\",\"valueRequired\":true,\"valueName\":\"search_term_string\"}}],\"inLanguage\":\"es\"},{\"@type\":\"Person\",\"@id\":\"https:\/\/www.noticiasradioreflejos.com.ar\/2021\/#\/schema\/person\/ad82545263dcc5ec0996818884fd5fb1\",\"name\":\"Arnaldo Botto\",\"image\":{\"@type\":\"ImageObject\",\"inLanguage\":\"es\",\"@id\":\"https:\/\/www.noticiasradioreflejos.com.ar\/2021\/#\/schema\/person\/image\/\",\"url\":\"https:\/\/secure.gravatar.com\/avatar\/55cb5e37c1efa326397366e6974cb338056df65cb50e7d64d1cf314e87504837?s=96&d=mm&r=g\",\"contentUrl\":\"https:\/\/secure.gravatar.com\/avatar\/55cb5e37c1efa326397366e6974cb338056df65cb50e7d64d1cf314e87504837?s=96&d=mm&r=g\",\"caption\":\"Arnaldo Botto\"},\"url\":\"https:\/\/www.noticiasradioreflejos.com.ar\/2021\/author\/arnaldo\/\"}]}<\/script>\n<!-- \/ Yoast SEO plugin. -->","yoast_head_json":{"title":"Confirmado: En Cnel Dorrego di\u00f3 positivo y es el primer caso de Coronavirus en el distrito. - Noticias Radio Reflejos","robots":{"index":"index","follow":"follow","max-snippet":"max-snippet:-1","max-image-preview":"max-image-preview:large","max-video-preview":"max-video-preview:-1"},"canonical":"https:\/\/www.noticiasradioreflejos.com.ar\/2021\/confirmado-en-cnel-dorrego-dio-positivo-y-es-el-primer-caso-de-coronavirus-en-el-distrito\/","og_locale":"es_ES","og_type":"article","og_title":"Confirmado: En Cnel Dorrego di\u00f3 positivo y es el primer caso de Coronavirus en el distrito. - Noticias Radio Reflejos","og_description":"Se trata de una persona que regres\u00f3 d\u00edas atr\u00e1s de Brasil. Es el primer infectado en un distrito de la regi\u00f3n. Coronel Dorrego se convirti\u00f3 esta ma\u00f1ana en el primer distrito de la regi\u00f3n cercana a la ciudad en registrar su primer caso positivo en Coronavirus.","og_url":"https:\/\/www.noticiasradioreflejos.com.ar\/2021\/confirmado-en-cnel-dorrego-dio-positivo-y-es-el-primer-caso-de-coronavirus-en-el-distrito\/","og_site_name":"Noticias Radio Reflejos","article_published_time":"2020-03-26T17:24:41+00:00","og_image":[{"width":300,"height":200,"url":"https:\/\/www.noticiasradioreflejos.com.ar\/2021\/wp-content\/uploads\/2021\/07\/logosol300x200.png","type":"image\/png"}],"author":"Arnaldo Botto","twitter_card":"summary_large_image","schema":{"@context":"https:\/\/schema.org","@graph":[{"@type":"WebPage","@id":"https:\/\/www.noticiasradioreflejos.com.ar\/2021\/confirmado-en-cnel-dorrego-dio-positivo-y-es-el-primer-caso-de-coronavirus-en-el-distrito\/","url":"https:\/\/www.noticiasradioreflejos.com.ar\/2021\/confirmado-en-cnel-dorrego-dio-positivo-y-es-el-primer-caso-de-coronavirus-en-el-distrito\/","name":"Confirmado: En Cnel Dorrego di\u00f3 positivo y es el primer caso de Coronavirus en el distrito. - Noticias Radio Reflejos","isPartOf":{"@id":"https:\/\/www.noticiasradioreflejos.com.ar\/2021\/#website"},"primaryImageOfPage":{"@id":"https:\/\/www.noticiasradioreflejos.com.ar\/2021\/confirmado-en-cnel-dorrego-dio-positivo-y-es-el-primer-caso-de-coronavirus-en-el-distrito\/#primaryimage"},"image":{"@id":"https:\/\/www.noticiasradioreflejos.com.ar\/2021\/confirmado-en-cnel-dorrego-dio-positivo-y-es-el-primer-caso-de-coronavirus-en-el-distrito\/#primaryimage"},"thumbnailUrl":"http:\/\/www.noticiasradioreflejos.com.ar\/noticias\/wp-content\/uploads\/2020\/03\/Dorrego-coronavirus-300x237.png","datePublished":"2020-03-26T17:24:41+00:00","author":{"@id":"https:\/\/www.noticiasradioreflejos.com.ar\/2021\/#\/schema\/person\/ad82545263dcc5ec0996818884fd5fb1"},"breadcrumb":{"@id":"https:\/\/www.noticiasradioreflejos.com.ar\/2021\/confirmado-en-cnel-dorrego-dio-positivo-y-es-el-primer-caso-de-coronavirus-en-el-distrito\/#breadcrumb"},"inLanguage":"es","potentialAction":[{"@type":"ReadAction","target":["https:\/\/www.noticiasradioreflejos.com.ar\/2021\/confirmado-en-cnel-dorrego-dio-positivo-y-es-el-primer-caso-de-coronavirus-en-el-distrito\/"]}]},{"@type":"ImageObject","inLanguage":"es","@id":"https:\/\/www.noticiasradioreflejos.com.ar\/2021\/confirmado-en-cnel-dorrego-dio-positivo-y-es-el-primer-caso-de-coronavirus-en-el-distrito\/#primaryimage","url":"http:\/\/www.noticiasradioreflejos.com.ar\/noticias\/wp-content\/uploads\/2020\/03\/Dorrego-coronavirus-300x237.png","contentUrl":"http:\/\/www.noticiasradioreflejos.com.ar\/noticias\/wp-content\/uploads\/2020\/03\/Dorrego-coronavirus-300x237.png"},{"@type":"BreadcrumbList","@id":"https:\/\/www.noticiasradioreflejos.com.ar\/2021\/confirmado-en-cnel-dorrego-dio-positivo-y-es-el-primer-caso-de-coronavirus-en-el-distrito\/#breadcrumb","itemListElement":[{"@type":"ListItem","position":1,"name":"Portada","item":"https:\/\/www.noticiasradioreflejos.com.ar\/2021\/"},{"@type":"ListItem","position":2,"name":"Confirmado: En Cnel Dorrego di\u00f3 positivo y es el primer caso de Coronavirus en el distrito."}]},{"@type":"WebSite","@id":"https:\/\/www.noticiasradioreflejos.com.ar\/2021\/#website","url":"https:\/\/www.noticiasradioreflejos.com.ar\/2021\/","name":"Noticias Radio Reflejos","description":"Las noticias de mi comarca","potentialAction":[{"@type":"SearchAction","target":{"@type":"EntryPoint","urlTemplate":"https:\/\/www.noticiasradioreflejos.com.ar\/2021\/?s={search_term_string}"},"query-input":{"@type":"PropertyValueSpecification","valueRequired":true,"valueName":"search_term_string"}}],"inLanguage":"es"},{"@type":"Person","@id":"https:\/\/www.noticiasradioreflejos.com.ar\/2021\/#\/schema\/person\/ad82545263dcc5ec0996818884fd5fb1","name":"Arnaldo Botto","image":{"@type":"ImageObject","inLanguage":"es","@id":"https:\/\/www.noticiasradioreflejos.com.ar\/2021\/#\/schema\/person\/image\/","url":"https:\/\/secure.gravatar.com\/avatar\/55cb5e37c1efa326397366e6974cb338056df65cb50e7d64d1cf314e87504837?s=96&d=mm&r=g","contentUrl":"https:\/\/secure.gravatar.com\/avatar\/55cb5e37c1efa326397366e6974cb338056df65cb50e7d64d1cf314e87504837?s=96&d=mm&r=g","caption":"Arnaldo Botto"},"url":"https:\/\/www.noticiasradioreflejos.com.ar\/2021\/author\/arnaldo\/"}]}},"_links":{"self":[{"href":"https:\/\/www.noticiasradioreflejos.com.ar\/2021\/wp-json\/wp\/v2\/posts\/40041","targetHints":{"allow":["GET"]}}],"collection":[{"href":"https:\/\/www.noticiasradioreflejos.com.ar\/2021\/wp-json\/wp\/v2\/posts"}],"about":[{"href":"https:\/\/www.noticiasradioreflejos.com.ar\/2021\/wp-json\/wp\/v2\/types\/post"}],"author":[{"embeddable":true,"href":"https:\/\/www.noticiasradioreflejos.com.ar\/2021\/wp-json\/wp\/v2\/users\/3"}],"replies":[{"embeddable":true,"href":"https:\/\/www.noticiasradioreflejos.com.ar\/2021\/wp-json\/wp\/v2\/comments?post=40041"}],"version-history":[{"count":0,"href":"https:\/\/www.noticiasradioreflejos.com.ar\/2021\/wp-json\/wp\/v2\/posts\/40041\/revisions"}],"wp:attachment":[{"href":"https:\/\/www.noticiasradioreflejos.com.ar\/2021\/wp-json\/wp\/v2\/media?parent=40041"}],"wp:term":[{"taxonomy":"category","embeddable":true,"href":"https:\/\/www.noticiasradioreflejos.com.ar\/2021\/wp-json\/wp\/v2\/categories?post=40041"},{"taxonomy":"post_tag","embeddable":true,"href":"https:\/\/www.noticiasradioreflejos.com.ar\/2021\/wp-json\/wp\/v2\/tags?post=40041"}],"curies":[{"name":"wp","href":"https:\/\/api.w.org\/{rel}","templated":true}]}}