{"id":40025,"date":"2020-03-26T11:22:01","date_gmt":"2020-03-26T14:22:01","guid":{"rendered":"http:\/\/www.noticiasradioreflejos.com.ar\/noticias\/?p=40025"},"modified":"2020-03-26T11:22:01","modified_gmt":"2020-03-26T14:22:01","slug":"agradecimiento-a-vecinos-de-villa-ventana-y-tornquist","status":"publish","type":"post","link":"https:\/\/www.noticiasradioreflejos.com.ar\/2021\/agradecimiento-a-vecinos-de-villa-ventana-y-tornquist\/","title":{"rendered":"Agradecimiento a vecinos de Villa Ventana y Tornquist."},"content":{"rendered":"<p>Durante el a\u00f1o 2019, y mediante un curso dictado en las Instalaciones de Biblioteca Macedonio Fern\u00e1ndez, un grupo de vecinos de la localidad de Villa Ventana, con Lucas Pasquar\u00e9 a la cabeza decidi\u00f3 dise\u00f1ar impresoras 3D. Con residuos electr\u00f3nicos reciclados del distrito, en este momento en la localidad cuenta con siete impresoras, y est\u00e1n colaborando de manera desinteresada con el sistema de salud municipal en medio de la pandemia por el Covid-19.<!--more--><br \/>\nClaudio Setti, Walter Carz\u00f3n, y Oscar Lofredo junto a Lucas \u201cPachi\u201d Pasquare est\u00e1n articulando recursos, de la Direcci\u00f3n de Medio Ambiente y los vecinos para obtener la materia prima y de esta manera poder fabricar m\u00e1scaras y soportes que funcionar\u00e1n como protectores faciales abiertos que ayuden a los profesionales de la salud a proteger sus v\u00edas respiratorias en contextos de atenci\u00f3n.<br \/>\nEsta misma tarea se est\u00e1 desarrollando en la ciudad de Tornquist, de la mano de Eliana Marconi, que junto a su familia realizan los protectores en su casa.<br \/>\nTornquist Municipio, agradece estas destacables acciones que no solo benefician al sistema de salud sino que adem\u00e1s incentivan la actividad tecnol\u00f3gica de los vecinos, que tienen el plus de ser amigables con el medio ambiente.<br \/>\nEs importante destacar que el objetivo de estas impresoras 3D siempre es solidario.<br \/>\nGracias por pensar y cuidar a nuestros profesionales de salud, y por siempre pensar en la comunidad. <\/p>\n","protected":false},"excerpt":{"rendered":"<p>Durante el a\u00f1o 2019, y mediante un curso dictado en las Instalaciones de Biblioteca Macedonio Fern\u00e1ndez, un grupo de vecinos de la localidad de Villa Ventana, con Lucas Pasquar\u00e9 a la cabeza decidi\u00f3 dise\u00f1ar impresoras 3D. Con residuos electr\u00f3nicos reciclados del distrito, en este momento en la localidad cuenta con siete impresoras, y est\u00e1n colaborando [&hellip;]<\/p>\n","protected":false},"author":3,"featured_media":0,"comment_status":"closed","ping_status":"open","sticky":false,"template":"","format":"standard","meta":{"footnotes":""},"categories":[28],"tags":[],"class_list":["post-40025","post","type-post","status-publish","format-standard","hentry","category-municipales"],"yoast_head":"<!-- This site is optimized with the Yoast SEO plugin v25.9 - https:\/\/yoast.com\/wordpress\/plugins\/seo\/ -->\n<title>Agradecimiento a vecinos de Villa Ventana y Tornquist. - Noticias Radio Reflejos<\/title>\n<meta name=\"robots\" content=\"index, follow, max-snippet:-1, max-image-preview:large, max-video-preview:-1\" \/>\n<link rel=\"canonical\" href=\"https:\/\/www.noticiasradioreflejos.com.ar\/2021\/agradecimiento-a-vecinos-de-villa-ventana-y-tornquist\/\" \/>\n<meta property=\"og:locale\" content=\"es_ES\" \/>\n<meta property=\"og:type\" content=\"article\" \/>\n<meta property=\"og:title\" content=\"Agradecimiento a vecinos de Villa Ventana y Tornquist. - Noticias Radio Reflejos\" \/>\n<meta property=\"og:description\" content=\"Durante el a\u00f1o 2019, y mediante un curso dictado en las Instalaciones de Biblioteca Macedonio Fern\u00e1ndez, un grupo de vecinos de la localidad de Villa Ventana, con Lucas Pasquar\u00e9 a la cabeza decidi\u00f3 dise\u00f1ar impresoras 3D. Con residuos electr\u00f3nicos reciclados del distrito, en este momento en la localidad cuenta con siete impresoras, y est\u00e1n colaborando [&hellip;]\" \/>\n<meta property=\"og:url\" content=\"https:\/\/www.noticiasradioreflejos.com.ar\/2021\/agradecimiento-a-vecinos-de-villa-ventana-y-tornquist\/\" \/>\n<meta property=\"og:site_name\" content=\"Noticias Radio Reflejos\" \/>\n<meta property=\"article:published_time\" content=\"2020-03-26T14:22:01+00:00\" \/>\n<meta property=\"og:image\" content=\"https:\/\/www.noticiasradioreflejos.com.ar\/2021\/wp-content\/uploads\/2021\/07\/logosol300x200.png\" \/>\n\t<meta property=\"og:image:width\" content=\"300\" \/>\n\t<meta property=\"og:image:height\" content=\"200\" \/>\n\t<meta property=\"og:image:type\" content=\"image\/png\" \/>\n<meta name=\"author\" content=\"Arnaldo Botto\" \/>\n<meta name=\"twitter:card\" content=\"summary_large_image\" \/>\n<script type=\"application\/ld+json\" class=\"yoast-schema-graph\">{\"@context\":\"https:\/\/schema.org\",\"@graph\":[{\"@type\":\"WebPage\",\"@id\":\"https:\/\/www.noticiasradioreflejos.com.ar\/2021\/agradecimiento-a-vecinos-de-villa-ventana-y-tornquist\/\",\"url\":\"https:\/\/www.noticiasradioreflejos.com.ar\/2021\/agradecimiento-a-vecinos-de-villa-ventana-y-tornquist\/\",\"name\":\"Agradecimiento a vecinos de Villa Ventana y Tornquist. - Noticias Radio Reflejos\",\"isPartOf\":{\"@id\":\"https:\/\/www.noticiasradioreflejos.com.ar\/2021\/#website\"},\"datePublished\":\"2020-03-26T14:22:01+00:00\",\"author\":{\"@id\":\"https:\/\/www.noticiasradioreflejos.com.ar\/2021\/#\/schema\/person\/ad82545263dcc5ec0996818884fd5fb1\"},\"breadcrumb\":{\"@id\":\"https:\/\/www.noticiasradioreflejos.com.ar\/2021\/agradecimiento-a-vecinos-de-villa-ventana-y-tornquist\/#breadcrumb\"},\"inLanguage\":\"es\",\"potentialAction\":[{\"@type\":\"ReadAction\",\"target\":[\"https:\/\/www.noticiasradioreflejos.com.ar\/2021\/agradecimiento-a-vecinos-de-villa-ventana-y-tornquist\/\"]}]},{\"@type\":\"BreadcrumbList\",\"@id\":\"https:\/\/www.noticiasradioreflejos.com.ar\/2021\/agradecimiento-a-vecinos-de-villa-ventana-y-tornquist\/#breadcrumb\",\"itemListElement\":[{\"@type\":\"ListItem\",\"position\":1,\"name\":\"Portada\",\"item\":\"https:\/\/www.noticiasradioreflejos.com.ar\/2021\/\"},{\"@type\":\"ListItem\",\"position\":2,\"name\":\"Agradecimiento a vecinos de Villa Ventana y Tornquist.\"}]},{\"@type\":\"WebSite\",\"@id\":\"https:\/\/www.noticiasradioreflejos.com.ar\/2021\/#website\",\"url\":\"https:\/\/www.noticiasradioreflejos.com.ar\/2021\/\",\"name\":\"Noticias Radio Reflejos\",\"description\":\"Las noticias de mi comarca\",\"potentialAction\":[{\"@type\":\"SearchAction\",\"target\":{\"@type\":\"EntryPoint\",\"urlTemplate\":\"https:\/\/www.noticiasradioreflejos.com.ar\/2021\/?s={search_term_string}\"},\"query-input\":{\"@type\":\"PropertyValueSpecification\",\"valueRequired\":true,\"valueName\":\"search_term_string\"}}],\"inLanguage\":\"es\"},{\"@type\":\"Person\",\"@id\":\"https:\/\/www.noticiasradioreflejos.com.ar\/2021\/#\/schema\/person\/ad82545263dcc5ec0996818884fd5fb1\",\"name\":\"Arnaldo Botto\",\"image\":{\"@type\":\"ImageObject\",\"inLanguage\":\"es\",\"@id\":\"https:\/\/www.noticiasradioreflejos.com.ar\/2021\/#\/schema\/person\/image\/\",\"url\":\"https:\/\/secure.gravatar.com\/avatar\/55cb5e37c1efa326397366e6974cb338056df65cb50e7d64d1cf314e87504837?s=96&d=mm&r=g\",\"contentUrl\":\"https:\/\/secure.gravatar.com\/avatar\/55cb5e37c1efa326397366e6974cb338056df65cb50e7d64d1cf314e87504837?s=96&d=mm&r=g\",\"caption\":\"Arnaldo Botto\"},\"url\":\"https:\/\/www.noticiasradioreflejos.com.ar\/2021\/author\/arnaldo\/\"}]}<\/script>\n<!-- \/ Yoast SEO plugin. -->","yoast_head_json":{"title":"Agradecimiento a vecinos de Villa Ventana y Tornquist. - Noticias Radio Reflejos","robots":{"index":"index","follow":"follow","max-snippet":"max-snippet:-1","max-image-preview":"max-image-preview:large","max-video-preview":"max-video-preview:-1"},"canonical":"https:\/\/www.noticiasradioreflejos.com.ar\/2021\/agradecimiento-a-vecinos-de-villa-ventana-y-tornquist\/","og_locale":"es_ES","og_type":"article","og_title":"Agradecimiento a vecinos de Villa Ventana y Tornquist. - Noticias Radio Reflejos","og_description":"Durante el a\u00f1o 2019, y mediante un curso dictado en las Instalaciones de Biblioteca Macedonio Fern\u00e1ndez, un grupo de vecinos de la localidad de Villa Ventana, con Lucas Pasquar\u00e9 a la cabeza decidi\u00f3 dise\u00f1ar impresoras 3D. Con residuos electr\u00f3nicos reciclados del distrito, en este momento en la localidad cuenta con siete impresoras, y est\u00e1n colaborando [&hellip;]","og_url":"https:\/\/www.noticiasradioreflejos.com.ar\/2021\/agradecimiento-a-vecinos-de-villa-ventana-y-tornquist\/","og_site_name":"Noticias Radio Reflejos","article_published_time":"2020-03-26T14:22:01+00:00","og_image":[{"width":300,"height":200,"url":"https:\/\/www.noticiasradioreflejos.com.ar\/2021\/wp-content\/uploads\/2021\/07\/logosol300x200.png","type":"image\/png"}],"author":"Arnaldo Botto","twitter_card":"summary_large_image","schema":{"@context":"https:\/\/schema.org","@graph":[{"@type":"WebPage","@id":"https:\/\/www.noticiasradioreflejos.com.ar\/2021\/agradecimiento-a-vecinos-de-villa-ventana-y-tornquist\/","url":"https:\/\/www.noticiasradioreflejos.com.ar\/2021\/agradecimiento-a-vecinos-de-villa-ventana-y-tornquist\/","name":"Agradecimiento a vecinos de Villa Ventana y Tornquist. - Noticias Radio Reflejos","isPartOf":{"@id":"https:\/\/www.noticiasradioreflejos.com.ar\/2021\/#website"},"datePublished":"2020-03-26T14:22:01+00:00","author":{"@id":"https:\/\/www.noticiasradioreflejos.com.ar\/2021\/#\/schema\/person\/ad82545263dcc5ec0996818884fd5fb1"},"breadcrumb":{"@id":"https:\/\/www.noticiasradioreflejos.com.ar\/2021\/agradecimiento-a-vecinos-de-villa-ventana-y-tornquist\/#breadcrumb"},"inLanguage":"es","potentialAction":[{"@type":"ReadAction","target":["https:\/\/www.noticiasradioreflejos.com.ar\/2021\/agradecimiento-a-vecinos-de-villa-ventana-y-tornquist\/"]}]},{"@type":"BreadcrumbList","@id":"https:\/\/www.noticiasradioreflejos.com.ar\/2021\/agradecimiento-a-vecinos-de-villa-ventana-y-tornquist\/#breadcrumb","itemListElement":[{"@type":"ListItem","position":1,"name":"Portada","item":"https:\/\/www.noticiasradioreflejos.com.ar\/2021\/"},{"@type":"ListItem","position":2,"name":"Agradecimiento a vecinos de Villa Ventana y Tornquist."}]},{"@type":"WebSite","@id":"https:\/\/www.noticiasradioreflejos.com.ar\/2021\/#website","url":"https:\/\/www.noticiasradioreflejos.com.ar\/2021\/","name":"Noticias Radio Reflejos","description":"Las noticias de mi comarca","potentialAction":[{"@type":"SearchAction","target":{"@type":"EntryPoint","urlTemplate":"https:\/\/www.noticiasradioreflejos.com.ar\/2021\/?s={search_term_string}"},"query-input":{"@type":"PropertyValueSpecification","valueRequired":true,"valueName":"search_term_string"}}],"inLanguage":"es"},{"@type":"Person","@id":"https:\/\/www.noticiasradioreflejos.com.ar\/2021\/#\/schema\/person\/ad82545263dcc5ec0996818884fd5fb1","name":"Arnaldo Botto","image":{"@type":"ImageObject","inLanguage":"es","@id":"https:\/\/www.noticiasradioreflejos.com.ar\/2021\/#\/schema\/person\/image\/","url":"https:\/\/secure.gravatar.com\/avatar\/55cb5e37c1efa326397366e6974cb338056df65cb50e7d64d1cf314e87504837?s=96&d=mm&r=g","contentUrl":"https:\/\/secure.gravatar.com\/avatar\/55cb5e37c1efa326397366e6974cb338056df65cb50e7d64d1cf314e87504837?s=96&d=mm&r=g","caption":"Arnaldo Botto"},"url":"https:\/\/www.noticiasradioreflejos.com.ar\/2021\/author\/arnaldo\/"}]}},"_links":{"self":[{"href":"https:\/\/www.noticiasradioreflejos.com.ar\/2021\/wp-json\/wp\/v2\/posts\/40025","targetHints":{"allow":["GET"]}}],"collection":[{"href":"https:\/\/www.noticiasradioreflejos.com.ar\/2021\/wp-json\/wp\/v2\/posts"}],"about":[{"href":"https:\/\/www.noticiasradioreflejos.com.ar\/2021\/wp-json\/wp\/v2\/types\/post"}],"author":[{"embeddable":true,"href":"https:\/\/www.noticiasradioreflejos.com.ar\/2021\/wp-json\/wp\/v2\/users\/3"}],"replies":[{"embeddable":true,"href":"https:\/\/www.noticiasradioreflejos.com.ar\/2021\/wp-json\/wp\/v2\/comments?post=40025"}],"version-history":[{"count":0,"href":"https:\/\/www.noticiasradioreflejos.com.ar\/2021\/wp-json\/wp\/v2\/posts\/40025\/revisions"}],"wp:attachment":[{"href":"https:\/\/www.noticiasradioreflejos.com.ar\/2021\/wp-json\/wp\/v2\/media?parent=40025"}],"wp:term":[{"taxonomy":"category","embeddable":true,"href":"https:\/\/www.noticiasradioreflejos.com.ar\/2021\/wp-json\/wp\/v2\/categories?post=40025"},{"taxonomy":"post_tag","embeddable":true,"href":"https:\/\/www.noticiasradioreflejos.com.ar\/2021\/wp-json\/wp\/v2\/tags?post=40025"}],"curies":[{"name":"wp","href":"https:\/\/api.w.org\/{rel}","templated":true}]}}