{"id":40007,"date":"2020-03-25T18:50:50","date_gmt":"2020-03-25T21:50:50","guid":{"rendered":"http:\/\/www.noticiasradioreflejos.com.ar\/noticias\/?p=40007"},"modified":"2020-03-25T18:50:50","modified_gmt":"2020-03-25T21:50:50","slug":"anses-establecio-un-cronograma-para-que-puedan-cobrar-el-ingreso-familiar-de-emergencia-ife","status":"publish","type":"post","link":"https:\/\/www.noticiasradioreflejos.com.ar\/2021\/anses-establecio-un-cronograma-para-que-puedan-cobrar-el-ingreso-familiar-de-emergencia-ife\/","title":{"rendered":"ANSES estableci\u00f3 un cronograma para que puedan cobrar el Ingreso Familiar de Emergencia (IFE)"},"content":{"rendered":"<p>La ANSES informa que ya se ha establecido un cronograma para que los beneficiarios del Ingreso Familiar de Emergencia (IFE) puedan comenzar a pre-inscribirse de acuerdo con sus n\u00fameros de DNI a partir del pr\u00f3ximo viernes 27 de marzo.<!--more--><\/p>\n<p>Las personas cuyo DNI termine en los n\u00fameros 0 y 1 tendr\u00e1n que ingresar el viernes 27 en la p\u00e1gina Web de la ANSES para llenar un aplicativo de pre-inscripci\u00f3n, que les requerir\u00e1 datos m\u00ednimos para iniciar el tr\u00e1mite de solicitud de este subsidio extraordinario.<br \/>\nLos documentos de identidad terminados en 2 y 3 deber\u00e1n hacerlo el s\u00e1bado 28; los finalizados en 4 y 5 el domingo 29; los que terminan en 6 y 7 el lunes 30 y, finalmente, los DNI cuyos \u00faltimos n\u00fameros sean el 8 y el 9 tendr\u00e1n que llenar el aplicativo en la Web el martes 31.La ANSES ruega que los interesados en concretar la pre-inscripci\u00f3n para cobrar este beneficio respeten estrictamente las fechas indicadas, de tal manera que se pueda facilitar el tr\u00e1mite y evitar una congesti\u00f3n de la p\u00e1gina Web del organismo que haga m\u00e1s lento o impida su correcto funcionamiento.<br \/>\nDespu\u00e9s de concretada esta pre-inscripci\u00f3n en los d\u00edas y fechas detallados, la ANSES llevar\u00e1 adelante un r\u00e1pido relevamiento de datos de la informaci\u00f3n recibida de los solicitantes y, posteriormente, solicitar\u00e1 a \u00e9stos toda una serie de datos complementarios como, por ejemplo, sus n\u00fameros de cuentas bancarias.<br \/>\nFinalmente, es muy importante que los beneficiarios de la Asignaci\u00f3n Universal por Hijo (AUH) se abstengan de realizar esta pre-inscripci\u00f3n ya que est\u00e1n autom\u00e1ticamente incluidos en el IFE y cobrar\u00e1n los 10.000 pesos en la misma cuenta en la que reciben pagos todos los meses.\u200b<\/p>\n","protected":false},"excerpt":{"rendered":"<p>La ANSES informa que ya se ha establecido un cronograma para que los beneficiarios del Ingreso Familiar de Emergencia (IFE) puedan comenzar a pre-inscribirse de acuerdo con sus n\u00fameros de DNI a partir del pr\u00f3ximo viernes 27 de marzo.<\/p>\n","protected":false},"author":3,"featured_media":0,"comment_status":"closed","ping_status":"open","sticky":false,"template":"","format":"standard","meta":{"footnotes":""},"categories":[36],"tags":[],"class_list":["post-40007","post","type-post","status-publish","format-standard","hentry","category-economia"],"yoast_head":"<!-- This site is optimized with the Yoast SEO plugin v25.9 - https:\/\/yoast.com\/wordpress\/plugins\/seo\/ -->\n<title>ANSES estableci\u00f3 un cronograma para que puedan cobrar el Ingreso Familiar de Emergencia (IFE) - Noticias Radio Reflejos<\/title>\n<meta name=\"robots\" content=\"index, follow, max-snippet:-1, max-image-preview:large, max-video-preview:-1\" \/>\n<link rel=\"canonical\" href=\"https:\/\/www.noticiasradioreflejos.com.ar\/2021\/anses-establecio-un-cronograma-para-que-puedan-cobrar-el-ingreso-familiar-de-emergencia-ife\/\" \/>\n<meta property=\"og:locale\" content=\"es_ES\" \/>\n<meta property=\"og:type\" content=\"article\" \/>\n<meta property=\"og:title\" content=\"ANSES estableci\u00f3 un cronograma para que puedan cobrar el Ingreso Familiar de Emergencia (IFE) - Noticias Radio Reflejos\" \/>\n<meta property=\"og:description\" content=\"La ANSES informa que ya se ha establecido un cronograma para que los beneficiarios del Ingreso Familiar de Emergencia (IFE) puedan comenzar a pre-inscribirse de acuerdo con sus n\u00fameros de DNI a partir del pr\u00f3ximo viernes 27 de marzo.\" \/>\n<meta property=\"og:url\" content=\"https:\/\/www.noticiasradioreflejos.com.ar\/2021\/anses-establecio-un-cronograma-para-que-puedan-cobrar-el-ingreso-familiar-de-emergencia-ife\/\" \/>\n<meta property=\"og:site_name\" content=\"Noticias Radio Reflejos\" \/>\n<meta property=\"article:published_time\" content=\"2020-03-25T21:50:50+00:00\" \/>\n<meta property=\"og:image\" content=\"https:\/\/www.noticiasradioreflejos.com.ar\/2021\/wp-content\/uploads\/2021\/07\/logosol300x200.png\" \/>\n\t<meta property=\"og:image:width\" content=\"300\" \/>\n\t<meta property=\"og:image:height\" content=\"200\" \/>\n\t<meta property=\"og:image:type\" content=\"image\/png\" \/>\n<meta name=\"author\" content=\"Arnaldo Botto\" \/>\n<meta name=\"twitter:card\" content=\"summary_large_image\" \/>\n<script type=\"application\/ld+json\" class=\"yoast-schema-graph\">{\"@context\":\"https:\/\/schema.org\",\"@graph\":[{\"@type\":\"WebPage\",\"@id\":\"https:\/\/www.noticiasradioreflejos.com.ar\/2021\/anses-establecio-un-cronograma-para-que-puedan-cobrar-el-ingreso-familiar-de-emergencia-ife\/\",\"url\":\"https:\/\/www.noticiasradioreflejos.com.ar\/2021\/anses-establecio-un-cronograma-para-que-puedan-cobrar-el-ingreso-familiar-de-emergencia-ife\/\",\"name\":\"ANSES estableci\u00f3 un cronograma para que puedan cobrar el Ingreso Familiar de Emergencia (IFE) - Noticias Radio Reflejos\",\"isPartOf\":{\"@id\":\"https:\/\/www.noticiasradioreflejos.com.ar\/2021\/#website\"},\"datePublished\":\"2020-03-25T21:50:50+00:00\",\"author\":{\"@id\":\"https:\/\/www.noticiasradioreflejos.com.ar\/2021\/#\/schema\/person\/ad82545263dcc5ec0996818884fd5fb1\"},\"breadcrumb\":{\"@id\":\"https:\/\/www.noticiasradioreflejos.com.ar\/2021\/anses-establecio-un-cronograma-para-que-puedan-cobrar-el-ingreso-familiar-de-emergencia-ife\/#breadcrumb\"},\"inLanguage\":\"es\",\"potentialAction\":[{\"@type\":\"ReadAction\",\"target\":[\"https:\/\/www.noticiasradioreflejos.com.ar\/2021\/anses-establecio-un-cronograma-para-que-puedan-cobrar-el-ingreso-familiar-de-emergencia-ife\/\"]}]},{\"@type\":\"BreadcrumbList\",\"@id\":\"https:\/\/www.noticiasradioreflejos.com.ar\/2021\/anses-establecio-un-cronograma-para-que-puedan-cobrar-el-ingreso-familiar-de-emergencia-ife\/#breadcrumb\",\"itemListElement\":[{\"@type\":\"ListItem\",\"position\":1,\"name\":\"Portada\",\"item\":\"https:\/\/www.noticiasradioreflejos.com.ar\/2021\/\"},{\"@type\":\"ListItem\",\"position\":2,\"name\":\"ANSES estableci\u00f3 un cronograma para que puedan cobrar el Ingreso Familiar de Emergencia (IFE)\"}]},{\"@type\":\"WebSite\",\"@id\":\"https:\/\/www.noticiasradioreflejos.com.ar\/2021\/#website\",\"url\":\"https:\/\/www.noticiasradioreflejos.com.ar\/2021\/\",\"name\":\"Noticias Radio Reflejos\",\"description\":\"Las noticias de mi comarca\",\"potentialAction\":[{\"@type\":\"SearchAction\",\"target\":{\"@type\":\"EntryPoint\",\"urlTemplate\":\"https:\/\/www.noticiasradioreflejos.com.ar\/2021\/?s={search_term_string}\"},\"query-input\":{\"@type\":\"PropertyValueSpecification\",\"valueRequired\":true,\"valueName\":\"search_term_string\"}}],\"inLanguage\":\"es\"},{\"@type\":\"Person\",\"@id\":\"https:\/\/www.noticiasradioreflejos.com.ar\/2021\/#\/schema\/person\/ad82545263dcc5ec0996818884fd5fb1\",\"name\":\"Arnaldo Botto\",\"image\":{\"@type\":\"ImageObject\",\"inLanguage\":\"es\",\"@id\":\"https:\/\/www.noticiasradioreflejos.com.ar\/2021\/#\/schema\/person\/image\/\",\"url\":\"https:\/\/secure.gravatar.com\/avatar\/55cb5e37c1efa326397366e6974cb338056df65cb50e7d64d1cf314e87504837?s=96&d=mm&r=g\",\"contentUrl\":\"https:\/\/secure.gravatar.com\/avatar\/55cb5e37c1efa326397366e6974cb338056df65cb50e7d64d1cf314e87504837?s=96&d=mm&r=g\",\"caption\":\"Arnaldo Botto\"},\"url\":\"https:\/\/www.noticiasradioreflejos.com.ar\/2021\/author\/arnaldo\/\"}]}<\/script>\n<!-- \/ Yoast SEO plugin. -->","yoast_head_json":{"title":"ANSES estableci\u00f3 un cronograma para que puedan cobrar el Ingreso Familiar de Emergencia (IFE) - Noticias Radio Reflejos","robots":{"index":"index","follow":"follow","max-snippet":"max-snippet:-1","max-image-preview":"max-image-preview:large","max-video-preview":"max-video-preview:-1"},"canonical":"https:\/\/www.noticiasradioreflejos.com.ar\/2021\/anses-establecio-un-cronograma-para-que-puedan-cobrar-el-ingreso-familiar-de-emergencia-ife\/","og_locale":"es_ES","og_type":"article","og_title":"ANSES estableci\u00f3 un cronograma para que puedan cobrar el Ingreso Familiar de Emergencia (IFE) - Noticias Radio Reflejos","og_description":"La ANSES informa que ya se ha establecido un cronograma para que los beneficiarios del Ingreso Familiar de Emergencia (IFE) puedan comenzar a pre-inscribirse de acuerdo con sus n\u00fameros de DNI a partir del pr\u00f3ximo viernes 27 de marzo.","og_url":"https:\/\/www.noticiasradioreflejos.com.ar\/2021\/anses-establecio-un-cronograma-para-que-puedan-cobrar-el-ingreso-familiar-de-emergencia-ife\/","og_site_name":"Noticias Radio Reflejos","article_published_time":"2020-03-25T21:50:50+00:00","og_image":[{"width":300,"height":200,"url":"https:\/\/www.noticiasradioreflejos.com.ar\/2021\/wp-content\/uploads\/2021\/07\/logosol300x200.png","type":"image\/png"}],"author":"Arnaldo Botto","twitter_card":"summary_large_image","schema":{"@context":"https:\/\/schema.org","@graph":[{"@type":"WebPage","@id":"https:\/\/www.noticiasradioreflejos.com.ar\/2021\/anses-establecio-un-cronograma-para-que-puedan-cobrar-el-ingreso-familiar-de-emergencia-ife\/","url":"https:\/\/www.noticiasradioreflejos.com.ar\/2021\/anses-establecio-un-cronograma-para-que-puedan-cobrar-el-ingreso-familiar-de-emergencia-ife\/","name":"ANSES estableci\u00f3 un cronograma para que puedan cobrar el Ingreso Familiar de Emergencia (IFE) - Noticias Radio Reflejos","isPartOf":{"@id":"https:\/\/www.noticiasradioreflejos.com.ar\/2021\/#website"},"datePublished":"2020-03-25T21:50:50+00:00","author":{"@id":"https:\/\/www.noticiasradioreflejos.com.ar\/2021\/#\/schema\/person\/ad82545263dcc5ec0996818884fd5fb1"},"breadcrumb":{"@id":"https:\/\/www.noticiasradioreflejos.com.ar\/2021\/anses-establecio-un-cronograma-para-que-puedan-cobrar-el-ingreso-familiar-de-emergencia-ife\/#breadcrumb"},"inLanguage":"es","potentialAction":[{"@type":"ReadAction","target":["https:\/\/www.noticiasradioreflejos.com.ar\/2021\/anses-establecio-un-cronograma-para-que-puedan-cobrar-el-ingreso-familiar-de-emergencia-ife\/"]}]},{"@type":"BreadcrumbList","@id":"https:\/\/www.noticiasradioreflejos.com.ar\/2021\/anses-establecio-un-cronograma-para-que-puedan-cobrar-el-ingreso-familiar-de-emergencia-ife\/#breadcrumb","itemListElement":[{"@type":"ListItem","position":1,"name":"Portada","item":"https:\/\/www.noticiasradioreflejos.com.ar\/2021\/"},{"@type":"ListItem","position":2,"name":"ANSES estableci\u00f3 un cronograma para que puedan cobrar el Ingreso Familiar de Emergencia (IFE)"}]},{"@type":"WebSite","@id":"https:\/\/www.noticiasradioreflejos.com.ar\/2021\/#website","url":"https:\/\/www.noticiasradioreflejos.com.ar\/2021\/","name":"Noticias Radio Reflejos","description":"Las noticias de mi comarca","potentialAction":[{"@type":"SearchAction","target":{"@type":"EntryPoint","urlTemplate":"https:\/\/www.noticiasradioreflejos.com.ar\/2021\/?s={search_term_string}"},"query-input":{"@type":"PropertyValueSpecification","valueRequired":true,"valueName":"search_term_string"}}],"inLanguage":"es"},{"@type":"Person","@id":"https:\/\/www.noticiasradioreflejos.com.ar\/2021\/#\/schema\/person\/ad82545263dcc5ec0996818884fd5fb1","name":"Arnaldo Botto","image":{"@type":"ImageObject","inLanguage":"es","@id":"https:\/\/www.noticiasradioreflejos.com.ar\/2021\/#\/schema\/person\/image\/","url":"https:\/\/secure.gravatar.com\/avatar\/55cb5e37c1efa326397366e6974cb338056df65cb50e7d64d1cf314e87504837?s=96&d=mm&r=g","contentUrl":"https:\/\/secure.gravatar.com\/avatar\/55cb5e37c1efa326397366e6974cb338056df65cb50e7d64d1cf314e87504837?s=96&d=mm&r=g","caption":"Arnaldo Botto"},"url":"https:\/\/www.noticiasradioreflejos.com.ar\/2021\/author\/arnaldo\/"}]}},"_links":{"self":[{"href":"https:\/\/www.noticiasradioreflejos.com.ar\/2021\/wp-json\/wp\/v2\/posts\/40007","targetHints":{"allow":["GET"]}}],"collection":[{"href":"https:\/\/www.noticiasradioreflejos.com.ar\/2021\/wp-json\/wp\/v2\/posts"}],"about":[{"href":"https:\/\/www.noticiasradioreflejos.com.ar\/2021\/wp-json\/wp\/v2\/types\/post"}],"author":[{"embeddable":true,"href":"https:\/\/www.noticiasradioreflejos.com.ar\/2021\/wp-json\/wp\/v2\/users\/3"}],"replies":[{"embeddable":true,"href":"https:\/\/www.noticiasradioreflejos.com.ar\/2021\/wp-json\/wp\/v2\/comments?post=40007"}],"version-history":[{"count":0,"href":"https:\/\/www.noticiasradioreflejos.com.ar\/2021\/wp-json\/wp\/v2\/posts\/40007\/revisions"}],"wp:attachment":[{"href":"https:\/\/www.noticiasradioreflejos.com.ar\/2021\/wp-json\/wp\/v2\/media?parent=40007"}],"wp:term":[{"taxonomy":"category","embeddable":true,"href":"https:\/\/www.noticiasradioreflejos.com.ar\/2021\/wp-json\/wp\/v2\/categories?post=40007"},{"taxonomy":"post_tag","embeddable":true,"href":"https:\/\/www.noticiasradioreflejos.com.ar\/2021\/wp-json\/wp\/v2\/tags?post=40007"}],"curies":[{"name":"wp","href":"https:\/\/api.w.org\/{rel}","templated":true}]}}