{"id":40000,"date":"2020-03-25T18:22:30","date_gmt":"2020-03-25T21:22:30","guid":{"rendered":"http:\/\/www.noticiasradioreflejos.com.ar\/noticias\/?p=40000"},"modified":"2020-03-25T18:22:30","modified_gmt":"2020-03-25T21:22:30","slug":"el-aporte-silencioso-de-las-escuelas-para-combatir-el-coronavirus-en-la-provincia","status":"publish","type":"post","link":"https:\/\/www.noticiasradioreflejos.com.ar\/2021\/el-aporte-silencioso-de-las-escuelas-para-combatir-el-coronavirus-en-la-provincia\/","title":{"rendered":"El aporte silencioso de las escuelas para combatir el coronavirus en la provincia-"},"content":{"rendered":"<p>Escuelas t\u00e9cnicas y agrarias y centros de formaci\u00f3n profesional de toda la provincia elaboran alcohol en gel, mascarillas, barbijos y hasta v\u00e1lvulas para respiradores, con el objetivo de aportar a la lucha contra el avance del la pandemia de coronavirus en el pa\u00eds.Con unos 387 casos confirmados y ocho v\u00edctimas fatales, la preocupaci\u00f3n por la pandemia crece en Argentina y tambi\u00e9n los esfuerzos por contenerla que, a esta altura, no son s\u00f3lo del Gobierno sino de toda la comunidad.<!--more--><\/p>\n<p>En este marco, en la provincia de Buenos Aires, las escuelas t\u00e9cnicas, las agrarias y los centros de formaci\u00f3n profesional, empezaron a aplicar su conocimiento y sus herramientas para proveer de insumos a los vecinos y a los trabajadores que todos los d\u00edas se exponen a posibles contagios.<\/p>\n<p>\u201cMuchas instituciones tienen impresoras 3D y empezaron a ser requeridas por sus municipios. Algunos comenzaron haciendo m\u00e1scaras para los que a\u00fan deben trabajar en los comedores de las escuelas y despu\u00e9s hubo otras demandas\u201d, le cont\u00f3 a DIB Gerardo Marchesini, director provincial de Educaci\u00f3n T\u00e9cnica del Ministerio de Educaci\u00f3n bonaerense.<br \/>\n<a href=\"http:\/\/www.noticiasradioreflejos.com.ar\/noticias\/wp-content\/uploads\/2020\/03\/escuelas-ag.png\"><img loading=\"lazy\" decoding=\"async\" class=\"aligncenter size-full wp-image-40004\" src=\"http:\/\/www.noticiasradioreflejos.com.ar\/noticias\/wp-content\/uploads\/2020\/03\/escuelas-ag.png\" alt=\"escuelas ag\" width=\"569\" height=\"500\" \/><\/a><br \/>\nLas instituciones al servicio se distribuyen por toda la provincia. Est\u00e1n colaborando en Las Flores, Bol\u00edvar, Pehuaj\u00f3, General Alvear, Florentino Ameghino, Olavarr\u00eda, Carlos Casares, Tornquist y Bah\u00eda Blanca, entre otros distritos.<\/p>\n<p>Marchesini detall\u00f3 que se est\u00e1 relevando todo lo producido para que se haga bajo las normas sanitarias y respetando el aislamiento preventivo y obligatorio. Se\u00f1al\u00f3 adem\u00e1s que la idea es trabajar \u201cen el dise\u00f1o y la mejora de estos productos\u201d.<\/p>\n<p>En el Centro de Formaci\u00f3n Profesional N\u00b0 401 de Olavarr\u00eda, por ejemplo, se elaboran barbijos, bases para de m\u00e1scaras faciales, y hasta se trabaja en elementos m\u00e1s complejos como equipos aut\u00f3nomos y v\u00e1lvulas para respiradores.<\/p>\n<p>En la instituci\u00f3n olavarriense la producci\u00f3n es parte del plan de continuidad de estudio y de la misma participan los docentes y los alumnos. Adem\u00e1s cuenta con la colaboraci\u00f3n de la comunidad en general. \u201cLa gente se comunica para preguntar qu\u00e9 es lo que necesitamos, en que nos pueden ayudar. Es tremenda la parte solidaria. Conmueve la solidaridad de la ciudad\u201d, le dijo a esta agencia una conmovida Dina Bruno, directora de la instituci\u00f3n.<\/p>\n<p><iframe loading=\"lazy\" src=\"https:\/\/www.youtube.com\/embed\/jicwR3g754I\" width=\"560\" height=\"315\" frameborder=\"0\" allowfullscreen=\"allowfullscreen\"><\/iframe><\/p>\n<p>As\u00ed, los distintos casos se repiten en toda la provincia con herramientas y capacidades de producci\u00f3n distintas, pero con el mismo esp\u00edritu de colaboraci\u00f3n.<\/p>\n<p>La Escuela T\u00e9cnica N\u00b0 de Bol\u00edvar realiza mascarillas de distintas complejidades. \u201cAyer entregamos 30 al hospital y la Polic\u00eda se va llevando de acuerdo a las necesidades\u201d, le explic\u00f3 a DIB el director Marcelo Palacios.<\/p>\n<p>La T\u00e9cnica cuenta con dos impresoras 3D de la instituci\u00f3n y con otra aportada por la Escuela Agraria local. En tanto, tambi\u00e9n se suman las producciones de profesores que tienen maquinas propias en sus casas. \u201cEn hacer una mascarilla se puede tardar entre una hora y media y dos, seg\u00fan el modelo\u201d, detall\u00f3 el docente.<\/p>\n<p>Por su parte, la Escuela Agraria de Florentino Ameghino tambi\u00e9n realiza protecciones faciales; mientras la T\u00e9cnica N\u00b0 1 de Tornquist elabora alcohol en gel e hidrogel en sus laboratorios.<\/p>\n<p>\u201cNosotros empezamos antes de la pandemia y de que se suspendieran las clases, por una inquietud de los chicos. Ya hab\u00edamos comprado los elementos para hacerlo. Al principio produc\u00edamos para los alumnos, pero dado que esto empez\u00f3 a crecer la idea es aumentar la producci\u00f3n y colaborar con la sociedad\u201d, cont\u00f3 Luis Quintana, director del establecimiento torquinstense.<\/p>\n<p>Marchesini agreg\u00f3 que hay una decisi\u00f3n pol\u00edtica de Provincia en fomentar estas confecciones. \u201cUna de las indicaciones de la directora general de Cultura y Educaci\u00f3n, Agustina Vila, fue que en el marco de la continuidad pedag\u00f3gica las t\u00e9cnicas pongan todos sus recursos al servicio de sus comunidades\u201d, indic\u00f3. (DIB) MT<\/p>\n<p><strong>Fuente Diarios Bonaerenses<\/strong><\/p>\n","protected":false},"excerpt":{"rendered":"<p>Escuelas t\u00e9cnicas y agrarias y centros de formaci\u00f3n profesional de toda la provincia elaboran alcohol en gel, mascarillas, barbijos y hasta v\u00e1lvulas para respiradores, con el objetivo de aportar a la lucha contra el avance del la pandemia de coronavirus en el pa\u00eds.Con unos 387 casos confirmados y ocho v\u00edctimas fatales, la preocupaci\u00f3n por la [&hellip;]<\/p>\n","protected":false},"author":3,"featured_media":0,"comment_status":"closed","ping_status":"open","sticky":false,"template":"","format":"standard","meta":{"footnotes":""},"categories":[34],"tags":[],"class_list":["post-40000","post","type-post","status-publish","format-standard","hentry","category-educacion"],"yoast_head":"<!-- This site is optimized with the Yoast SEO plugin v25.9 - https:\/\/yoast.com\/wordpress\/plugins\/seo\/ -->\n<title>El aporte silencioso de las escuelas para combatir el coronavirus en la provincia- Noticias Radio Reflejos<\/title>\n<meta name=\"robots\" content=\"index, follow, max-snippet:-1, max-image-preview:large, max-video-preview:-1\" \/>\n<link rel=\"canonical\" href=\"https:\/\/www.noticiasradioreflejos.com.ar\/2021\/el-aporte-silencioso-de-las-escuelas-para-combatir-el-coronavirus-en-la-provincia\/\" \/>\n<meta property=\"og:locale\" content=\"es_ES\" \/>\n<meta property=\"og:type\" content=\"article\" \/>\n<meta property=\"og:title\" content=\"El aporte silencioso de las escuelas para combatir el coronavirus en la provincia- Noticias Radio Reflejos\" \/>\n<meta property=\"og:description\" content=\"Escuelas t\u00e9cnicas y agrarias y centros de formaci\u00f3n profesional de toda la provincia elaboran alcohol en gel, mascarillas, barbijos y hasta v\u00e1lvulas para respiradores, con el objetivo de aportar a la lucha contra el avance del la pandemia de coronavirus en el pa\u00eds.Con unos 387 casos confirmados y ocho v\u00edctimas fatales, la preocupaci\u00f3n por la [&hellip;]\" \/>\n<meta property=\"og:url\" content=\"https:\/\/www.noticiasradioreflejos.com.ar\/2021\/el-aporte-silencioso-de-las-escuelas-para-combatir-el-coronavirus-en-la-provincia\/\" \/>\n<meta property=\"og:site_name\" content=\"Noticias Radio Reflejos\" \/>\n<meta property=\"article:published_time\" content=\"2020-03-25T21:22:30+00:00\" \/>\n<meta property=\"og:image\" content=\"https:\/\/www.noticiasradioreflejos.com.ar\/2021\/wp-content\/uploads\/2021\/07\/logosol300x200.png\" \/>\n\t<meta property=\"og:image:width\" content=\"300\" \/>\n\t<meta property=\"og:image:height\" content=\"200\" \/>\n\t<meta property=\"og:image:type\" content=\"image\/png\" \/>\n<meta name=\"author\" content=\"Arnaldo Botto\" \/>\n<meta name=\"twitter:card\" content=\"summary_large_image\" \/>\n<script type=\"application\/ld+json\" class=\"yoast-schema-graph\">{\"@context\":\"https:\/\/schema.org\",\"@graph\":[{\"@type\":\"WebPage\",\"@id\":\"https:\/\/www.noticiasradioreflejos.com.ar\/2021\/el-aporte-silencioso-de-las-escuelas-para-combatir-el-coronavirus-en-la-provincia\/\",\"url\":\"https:\/\/www.noticiasradioreflejos.com.ar\/2021\/el-aporte-silencioso-de-las-escuelas-para-combatir-el-coronavirus-en-la-provincia\/\",\"name\":\"El aporte silencioso de las escuelas para combatir el coronavirus en la provincia- Noticias Radio Reflejos\",\"isPartOf\":{\"@id\":\"https:\/\/www.noticiasradioreflejos.com.ar\/2021\/#website\"},\"primaryImageOfPage\":{\"@id\":\"https:\/\/www.noticiasradioreflejos.com.ar\/2021\/el-aporte-silencioso-de-las-escuelas-para-combatir-el-coronavirus-en-la-provincia\/#primaryimage\"},\"image\":{\"@id\":\"https:\/\/www.noticiasradioreflejos.com.ar\/2021\/el-aporte-silencioso-de-las-escuelas-para-combatir-el-coronavirus-en-la-provincia\/#primaryimage\"},\"thumbnailUrl\":\"http:\/\/www.noticiasradioreflejos.com.ar\/noticias\/wp-content\/uploads\/2020\/03\/escuelas-ag.png\",\"datePublished\":\"2020-03-25T21:22:30+00:00\",\"author\":{\"@id\":\"https:\/\/www.noticiasradioreflejos.com.ar\/2021\/#\/schema\/person\/ad82545263dcc5ec0996818884fd5fb1\"},\"breadcrumb\":{\"@id\":\"https:\/\/www.noticiasradioreflejos.com.ar\/2021\/el-aporte-silencioso-de-las-escuelas-para-combatir-el-coronavirus-en-la-provincia\/#breadcrumb\"},\"inLanguage\":\"es\",\"potentialAction\":[{\"@type\":\"ReadAction\",\"target\":[\"https:\/\/www.noticiasradioreflejos.com.ar\/2021\/el-aporte-silencioso-de-las-escuelas-para-combatir-el-coronavirus-en-la-provincia\/\"]}]},{\"@type\":\"ImageObject\",\"inLanguage\":\"es\",\"@id\":\"https:\/\/www.noticiasradioreflejos.com.ar\/2021\/el-aporte-silencioso-de-las-escuelas-para-combatir-el-coronavirus-en-la-provincia\/#primaryimage\",\"url\":\"http:\/\/www.noticiasradioreflejos.com.ar\/noticias\/wp-content\/uploads\/2020\/03\/escuelas-ag.png\",\"contentUrl\":\"http:\/\/www.noticiasradioreflejos.com.ar\/noticias\/wp-content\/uploads\/2020\/03\/escuelas-ag.png\"},{\"@type\":\"BreadcrumbList\",\"@id\":\"https:\/\/www.noticiasradioreflejos.com.ar\/2021\/el-aporte-silencioso-de-las-escuelas-para-combatir-el-coronavirus-en-la-provincia\/#breadcrumb\",\"itemListElement\":[{\"@type\":\"ListItem\",\"position\":1,\"name\":\"Portada\",\"item\":\"https:\/\/www.noticiasradioreflejos.com.ar\/2021\/\"},{\"@type\":\"ListItem\",\"position\":2,\"name\":\"El aporte silencioso de las escuelas para combatir el coronavirus en la provincia-\"}]},{\"@type\":\"WebSite\",\"@id\":\"https:\/\/www.noticiasradioreflejos.com.ar\/2021\/#website\",\"url\":\"https:\/\/www.noticiasradioreflejos.com.ar\/2021\/\",\"name\":\"Noticias Radio Reflejos\",\"description\":\"Las noticias de mi comarca\",\"potentialAction\":[{\"@type\":\"SearchAction\",\"target\":{\"@type\":\"EntryPoint\",\"urlTemplate\":\"https:\/\/www.noticiasradioreflejos.com.ar\/2021\/?s={search_term_string}\"},\"query-input\":{\"@type\":\"PropertyValueSpecification\",\"valueRequired\":true,\"valueName\":\"search_term_string\"}}],\"inLanguage\":\"es\"},{\"@type\":\"Person\",\"@id\":\"https:\/\/www.noticiasradioreflejos.com.ar\/2021\/#\/schema\/person\/ad82545263dcc5ec0996818884fd5fb1\",\"name\":\"Arnaldo Botto\",\"image\":{\"@type\":\"ImageObject\",\"inLanguage\":\"es\",\"@id\":\"https:\/\/www.noticiasradioreflejos.com.ar\/2021\/#\/schema\/person\/image\/\",\"url\":\"https:\/\/secure.gravatar.com\/avatar\/55cb5e37c1efa326397366e6974cb338056df65cb50e7d64d1cf314e87504837?s=96&d=mm&r=g\",\"contentUrl\":\"https:\/\/secure.gravatar.com\/avatar\/55cb5e37c1efa326397366e6974cb338056df65cb50e7d64d1cf314e87504837?s=96&d=mm&r=g\",\"caption\":\"Arnaldo Botto\"},\"url\":\"https:\/\/www.noticiasradioreflejos.com.ar\/2021\/author\/arnaldo\/\"}]}<\/script>\n<!-- \/ Yoast SEO plugin. -->","yoast_head_json":{"title":"El aporte silencioso de las escuelas para combatir el coronavirus en la provincia- Noticias Radio Reflejos","robots":{"index":"index","follow":"follow","max-snippet":"max-snippet:-1","max-image-preview":"max-image-preview:large","max-video-preview":"max-video-preview:-1"},"canonical":"https:\/\/www.noticiasradioreflejos.com.ar\/2021\/el-aporte-silencioso-de-las-escuelas-para-combatir-el-coronavirus-en-la-provincia\/","og_locale":"es_ES","og_type":"article","og_title":"El aporte silencioso de las escuelas para combatir el coronavirus en la provincia- Noticias Radio Reflejos","og_description":"Escuelas t\u00e9cnicas y agrarias y centros de formaci\u00f3n profesional de toda la provincia elaboran alcohol en gel, mascarillas, barbijos y hasta v\u00e1lvulas para respiradores, con el objetivo de aportar a la lucha contra el avance del la pandemia de coronavirus en el pa\u00eds.Con unos 387 casos confirmados y ocho v\u00edctimas fatales, la preocupaci\u00f3n por la [&hellip;]","og_url":"https:\/\/www.noticiasradioreflejos.com.ar\/2021\/el-aporte-silencioso-de-las-escuelas-para-combatir-el-coronavirus-en-la-provincia\/","og_site_name":"Noticias Radio Reflejos","article_published_time":"2020-03-25T21:22:30+00:00","og_image":[{"width":300,"height":200,"url":"https:\/\/www.noticiasradioreflejos.com.ar\/2021\/wp-content\/uploads\/2021\/07\/logosol300x200.png","type":"image\/png"}],"author":"Arnaldo Botto","twitter_card":"summary_large_image","schema":{"@context":"https:\/\/schema.org","@graph":[{"@type":"WebPage","@id":"https:\/\/www.noticiasradioreflejos.com.ar\/2021\/el-aporte-silencioso-de-las-escuelas-para-combatir-el-coronavirus-en-la-provincia\/","url":"https:\/\/www.noticiasradioreflejos.com.ar\/2021\/el-aporte-silencioso-de-las-escuelas-para-combatir-el-coronavirus-en-la-provincia\/","name":"El aporte silencioso de las escuelas para combatir el coronavirus en la provincia- Noticias Radio Reflejos","isPartOf":{"@id":"https:\/\/www.noticiasradioreflejos.com.ar\/2021\/#website"},"primaryImageOfPage":{"@id":"https:\/\/www.noticiasradioreflejos.com.ar\/2021\/el-aporte-silencioso-de-las-escuelas-para-combatir-el-coronavirus-en-la-provincia\/#primaryimage"},"image":{"@id":"https:\/\/www.noticiasradioreflejos.com.ar\/2021\/el-aporte-silencioso-de-las-escuelas-para-combatir-el-coronavirus-en-la-provincia\/#primaryimage"},"thumbnailUrl":"http:\/\/www.noticiasradioreflejos.com.ar\/noticias\/wp-content\/uploads\/2020\/03\/escuelas-ag.png","datePublished":"2020-03-25T21:22:30+00:00","author":{"@id":"https:\/\/www.noticiasradioreflejos.com.ar\/2021\/#\/schema\/person\/ad82545263dcc5ec0996818884fd5fb1"},"breadcrumb":{"@id":"https:\/\/www.noticiasradioreflejos.com.ar\/2021\/el-aporte-silencioso-de-las-escuelas-para-combatir-el-coronavirus-en-la-provincia\/#breadcrumb"},"inLanguage":"es","potentialAction":[{"@type":"ReadAction","target":["https:\/\/www.noticiasradioreflejos.com.ar\/2021\/el-aporte-silencioso-de-las-escuelas-para-combatir-el-coronavirus-en-la-provincia\/"]}]},{"@type":"ImageObject","inLanguage":"es","@id":"https:\/\/www.noticiasradioreflejos.com.ar\/2021\/el-aporte-silencioso-de-las-escuelas-para-combatir-el-coronavirus-en-la-provincia\/#primaryimage","url":"http:\/\/www.noticiasradioreflejos.com.ar\/noticias\/wp-content\/uploads\/2020\/03\/escuelas-ag.png","contentUrl":"http:\/\/www.noticiasradioreflejos.com.ar\/noticias\/wp-content\/uploads\/2020\/03\/escuelas-ag.png"},{"@type":"BreadcrumbList","@id":"https:\/\/www.noticiasradioreflejos.com.ar\/2021\/el-aporte-silencioso-de-las-escuelas-para-combatir-el-coronavirus-en-la-provincia\/#breadcrumb","itemListElement":[{"@type":"ListItem","position":1,"name":"Portada","item":"https:\/\/www.noticiasradioreflejos.com.ar\/2021\/"},{"@type":"ListItem","position":2,"name":"El aporte silencioso de las escuelas para combatir el coronavirus en la provincia-"}]},{"@type":"WebSite","@id":"https:\/\/www.noticiasradioreflejos.com.ar\/2021\/#website","url":"https:\/\/www.noticiasradioreflejos.com.ar\/2021\/","name":"Noticias Radio Reflejos","description":"Las noticias de mi comarca","potentialAction":[{"@type":"SearchAction","target":{"@type":"EntryPoint","urlTemplate":"https:\/\/www.noticiasradioreflejos.com.ar\/2021\/?s={search_term_string}"},"query-input":{"@type":"PropertyValueSpecification","valueRequired":true,"valueName":"search_term_string"}}],"inLanguage":"es"},{"@type":"Person","@id":"https:\/\/www.noticiasradioreflejos.com.ar\/2021\/#\/schema\/person\/ad82545263dcc5ec0996818884fd5fb1","name":"Arnaldo Botto","image":{"@type":"ImageObject","inLanguage":"es","@id":"https:\/\/www.noticiasradioreflejos.com.ar\/2021\/#\/schema\/person\/image\/","url":"https:\/\/secure.gravatar.com\/avatar\/55cb5e37c1efa326397366e6974cb338056df65cb50e7d64d1cf314e87504837?s=96&d=mm&r=g","contentUrl":"https:\/\/secure.gravatar.com\/avatar\/55cb5e37c1efa326397366e6974cb338056df65cb50e7d64d1cf314e87504837?s=96&d=mm&r=g","caption":"Arnaldo Botto"},"url":"https:\/\/www.noticiasradioreflejos.com.ar\/2021\/author\/arnaldo\/"}]}},"_links":{"self":[{"href":"https:\/\/www.noticiasradioreflejos.com.ar\/2021\/wp-json\/wp\/v2\/posts\/40000","targetHints":{"allow":["GET"]}}],"collection":[{"href":"https:\/\/www.noticiasradioreflejos.com.ar\/2021\/wp-json\/wp\/v2\/posts"}],"about":[{"href":"https:\/\/www.noticiasradioreflejos.com.ar\/2021\/wp-json\/wp\/v2\/types\/post"}],"author":[{"embeddable":true,"href":"https:\/\/www.noticiasradioreflejos.com.ar\/2021\/wp-json\/wp\/v2\/users\/3"}],"replies":[{"embeddable":true,"href":"https:\/\/www.noticiasradioreflejos.com.ar\/2021\/wp-json\/wp\/v2\/comments?post=40000"}],"version-history":[{"count":0,"href":"https:\/\/www.noticiasradioreflejos.com.ar\/2021\/wp-json\/wp\/v2\/posts\/40000\/revisions"}],"wp:attachment":[{"href":"https:\/\/www.noticiasradioreflejos.com.ar\/2021\/wp-json\/wp\/v2\/media?parent=40000"}],"wp:term":[{"taxonomy":"category","embeddable":true,"href":"https:\/\/www.noticiasradioreflejos.com.ar\/2021\/wp-json\/wp\/v2\/categories?post=40000"},{"taxonomy":"post_tag","embeddable":true,"href":"https:\/\/www.noticiasradioreflejos.com.ar\/2021\/wp-json\/wp\/v2\/tags?post=40000"}],"curies":[{"name":"wp","href":"https:\/\/api.w.org\/{rel}","templated":true}]}}