{"id":39979,"date":"2020-03-25T15:59:15","date_gmt":"2020-03-25T18:59:15","guid":{"rendered":"http:\/\/www.noticiasradioreflejos.com.ar\/noticias\/?p=39979"},"modified":"2020-03-25T15:59:15","modified_gmt":"2020-03-25T18:59:15","slug":"medidas-de-atencion-en-el-consultorio-medico-del-dr-mauricio-dos-santos","status":"publish","type":"post","link":"https:\/\/www.noticiasradioreflejos.com.ar\/2021\/medidas-de-atencion-en-el-consultorio-medico-del-dr-mauricio-dos-santos\/","title":{"rendered":"Medidas de atenci\u00f3n en el Consultorio M\u00e9dico del Dr. Mauricio Dos Santos."},"content":{"rendered":"<p>Debido a la cuarentena obligatoria que es de p\u00fablico conocimiento, el Consultorio M\u00e9dico del Dr Mauricio Dos Santos permanecer\u00e1 abierto solo para atenci\u00f3n de Medicina Laboral, pero para dar tranquilidad a nuestros pacientes, ofrecemos la opci\u00f3n de realizar tu consulta por videollamada.<br \/>\nBajo esta modalidad atender\u00e1n los siguientes profesionales:<!--more--><br \/>\n<strong>&#8211; Dr. Mauricio Dos Santos<\/strong> (Medicina Familiar\/General\/Laboral)<br \/>\n<strong>&#8211; Lic. Daniel Szwarc\u00a0<\/strong>(Lic en Psicolog\u00eda Adolescente y Adultos)<br \/>\n&#8211; <strong>Lic. Carolina Luongo <\/strong>( Lic en Psicolog\u00eda Adolescente y Adultos)<br \/>\n&#8211; <strong>Lic. Macarena Berl\u00edn<\/strong> (Lic. En Psicolog\u00eda Ni\u00f1os y adolescentes)<br \/>\n&#8211; <strong>Dr. Diego Herrera<\/strong> (Cardiolog\u00eda)<br \/>\n&#8211; <strong>Dra. Lorena Cabaleiro<\/strong> ( Infectolog\u00eda)<br \/>\n&#8211; <strong>Dra. Valeria Santa Cru<\/strong>z (Medicina general\/familiar)<br \/>\n&#8211; <strong>Dra. Anal\u00eda Rau<\/strong> (Medicina familiar)<\/p>\n<p><a href=\"http:\/\/www.noticiasradioreflejos.com.ar\/noticias\/wp-content\/uploads\/2020\/03\/WhatsApp-Image-2020-03-25-at-14.58.50.jpeg\"><img loading=\"lazy\" decoding=\"async\" class=\"alignleft size-medium wp-image-39981\" src=\"http:\/\/www.noticiasradioreflejos.com.ar\/noticias\/wp-content\/uploads\/2020\/03\/WhatsApp-Image-2020-03-25-at-14.58.50-300x225.jpeg\" alt=\"WhatsApp Image 2020-03-25 at 14.58.50\" width=\"300\" height=\"225\" \/><\/a>Para m\u00e1s informaci\u00f3n y solicitud de turnos comunicarse a los tel\u00e9fonos:<br \/>\n<strong>Tornquist<\/strong><br \/>\nLunes a viernes<br \/>\n<strong>2914726460<\/strong><br \/>\nHorario:<br \/>\n8:30 hs. a 12:00 hs.<br \/>\n17:00 hs. a 20:00 hs.<\/p>\n<p><strong>Sierra de la Ventana<\/strong><br \/>\nLunes a viernes<br \/>\n2914702335<br \/>\nHorario: 17:00 hs a 20:00 hs<\/p>\n<p>Las recetas las solicitan a los mismos tel\u00e9fonos y las dejamos directamente en la farmacia que uds dispongan.<\/p>\n","protected":false},"excerpt":{"rendered":"<p>Debido a la cuarentena obligatoria que es de p\u00fablico conocimiento, el Consultorio M\u00e9dico del Dr Mauricio Dos Santos permanecer\u00e1 abierto solo para atenci\u00f3n de Medicina Laboral, pero para dar tranquilidad a nuestros pacientes, ofrecemos la opci\u00f3n de realizar tu consulta por videollamada. Bajo esta modalidad atender\u00e1n los siguientes profesionales:<\/p>\n","protected":false},"author":3,"featured_media":0,"comment_status":"closed","ping_status":"open","sticky":false,"template":"","format":"standard","meta":{"footnotes":""},"categories":[30],"tags":[],"class_list":["post-39979","post","type-post","status-publish","format-standard","hentry","category-salud"],"yoast_head":"<!-- This site is optimized with the Yoast SEO plugin v25.9 - https:\/\/yoast.com\/wordpress\/plugins\/seo\/ -->\n<title>Medidas de atenci\u00f3n en el Consultorio M\u00e9dico del Dr. Mauricio Dos Santos. - Noticias Radio Reflejos<\/title>\n<meta name=\"robots\" content=\"index, follow, max-snippet:-1, max-image-preview:large, max-video-preview:-1\" \/>\n<link rel=\"canonical\" href=\"https:\/\/www.noticiasradioreflejos.com.ar\/2021\/medidas-de-atencion-en-el-consultorio-medico-del-dr-mauricio-dos-santos\/\" \/>\n<meta property=\"og:locale\" content=\"es_ES\" \/>\n<meta property=\"og:type\" content=\"article\" \/>\n<meta property=\"og:title\" content=\"Medidas de atenci\u00f3n en el Consultorio M\u00e9dico del Dr. Mauricio Dos Santos. - Noticias Radio Reflejos\" \/>\n<meta property=\"og:description\" content=\"Debido a la cuarentena obligatoria que es de p\u00fablico conocimiento, el Consultorio M\u00e9dico del Dr Mauricio Dos Santos permanecer\u00e1 abierto solo para atenci\u00f3n de Medicina Laboral, pero para dar tranquilidad a nuestros pacientes, ofrecemos la opci\u00f3n de realizar tu consulta por videollamada. Bajo esta modalidad atender\u00e1n los siguientes profesionales:\" \/>\n<meta property=\"og:url\" content=\"https:\/\/www.noticiasradioreflejos.com.ar\/2021\/medidas-de-atencion-en-el-consultorio-medico-del-dr-mauricio-dos-santos\/\" \/>\n<meta property=\"og:site_name\" content=\"Noticias Radio Reflejos\" \/>\n<meta property=\"article:published_time\" content=\"2020-03-25T18:59:15+00:00\" \/>\n<meta property=\"og:image\" content=\"https:\/\/www.noticiasradioreflejos.com.ar\/2021\/wp-content\/uploads\/2021\/07\/logosol300x200.png\" \/>\n\t<meta property=\"og:image:width\" content=\"300\" \/>\n\t<meta property=\"og:image:height\" content=\"200\" \/>\n\t<meta property=\"og:image:type\" content=\"image\/png\" \/>\n<meta name=\"author\" content=\"Arnaldo Botto\" \/>\n<meta name=\"twitter:card\" content=\"summary_large_image\" \/>\n<script type=\"application\/ld+json\" class=\"yoast-schema-graph\">{\"@context\":\"https:\/\/schema.org\",\"@graph\":[{\"@type\":\"WebPage\",\"@id\":\"https:\/\/www.noticiasradioreflejos.com.ar\/2021\/medidas-de-atencion-en-el-consultorio-medico-del-dr-mauricio-dos-santos\/\",\"url\":\"https:\/\/www.noticiasradioreflejos.com.ar\/2021\/medidas-de-atencion-en-el-consultorio-medico-del-dr-mauricio-dos-santos\/\",\"name\":\"Medidas de atenci\u00f3n en el Consultorio M\u00e9dico del Dr. Mauricio Dos Santos. - Noticias Radio Reflejos\",\"isPartOf\":{\"@id\":\"https:\/\/www.noticiasradioreflejos.com.ar\/2021\/#website\"},\"primaryImageOfPage\":{\"@id\":\"https:\/\/www.noticiasradioreflejos.com.ar\/2021\/medidas-de-atencion-en-el-consultorio-medico-del-dr-mauricio-dos-santos\/#primaryimage\"},\"image\":{\"@id\":\"https:\/\/www.noticiasradioreflejos.com.ar\/2021\/medidas-de-atencion-en-el-consultorio-medico-del-dr-mauricio-dos-santos\/#primaryimage\"},\"thumbnailUrl\":\"http:\/\/www.noticiasradioreflejos.com.ar\/noticias\/wp-content\/uploads\/2020\/03\/WhatsApp-Image-2020-03-25-at-14.58.50-300x225.jpeg\",\"datePublished\":\"2020-03-25T18:59:15+00:00\",\"author\":{\"@id\":\"https:\/\/www.noticiasradioreflejos.com.ar\/2021\/#\/schema\/person\/ad82545263dcc5ec0996818884fd5fb1\"},\"breadcrumb\":{\"@id\":\"https:\/\/www.noticiasradioreflejos.com.ar\/2021\/medidas-de-atencion-en-el-consultorio-medico-del-dr-mauricio-dos-santos\/#breadcrumb\"},\"inLanguage\":\"es\",\"potentialAction\":[{\"@type\":\"ReadAction\",\"target\":[\"https:\/\/www.noticiasradioreflejos.com.ar\/2021\/medidas-de-atencion-en-el-consultorio-medico-del-dr-mauricio-dos-santos\/\"]}]},{\"@type\":\"ImageObject\",\"inLanguage\":\"es\",\"@id\":\"https:\/\/www.noticiasradioreflejos.com.ar\/2021\/medidas-de-atencion-en-el-consultorio-medico-del-dr-mauricio-dos-santos\/#primaryimage\",\"url\":\"http:\/\/www.noticiasradioreflejos.com.ar\/noticias\/wp-content\/uploads\/2020\/03\/WhatsApp-Image-2020-03-25-at-14.58.50-300x225.jpeg\",\"contentUrl\":\"http:\/\/www.noticiasradioreflejos.com.ar\/noticias\/wp-content\/uploads\/2020\/03\/WhatsApp-Image-2020-03-25-at-14.58.50-300x225.jpeg\"},{\"@type\":\"BreadcrumbList\",\"@id\":\"https:\/\/www.noticiasradioreflejos.com.ar\/2021\/medidas-de-atencion-en-el-consultorio-medico-del-dr-mauricio-dos-santos\/#breadcrumb\",\"itemListElement\":[{\"@type\":\"ListItem\",\"position\":1,\"name\":\"Portada\",\"item\":\"https:\/\/www.noticiasradioreflejos.com.ar\/2021\/\"},{\"@type\":\"ListItem\",\"position\":2,\"name\":\"Medidas de atenci\u00f3n en el Consultorio M\u00e9dico del Dr. Mauricio Dos Santos.\"}]},{\"@type\":\"WebSite\",\"@id\":\"https:\/\/www.noticiasradioreflejos.com.ar\/2021\/#website\",\"url\":\"https:\/\/www.noticiasradioreflejos.com.ar\/2021\/\",\"name\":\"Noticias Radio Reflejos\",\"description\":\"Las noticias de mi comarca\",\"potentialAction\":[{\"@type\":\"SearchAction\",\"target\":{\"@type\":\"EntryPoint\",\"urlTemplate\":\"https:\/\/www.noticiasradioreflejos.com.ar\/2021\/?s={search_term_string}\"},\"query-input\":{\"@type\":\"PropertyValueSpecification\",\"valueRequired\":true,\"valueName\":\"search_term_string\"}}],\"inLanguage\":\"es\"},{\"@type\":\"Person\",\"@id\":\"https:\/\/www.noticiasradioreflejos.com.ar\/2021\/#\/schema\/person\/ad82545263dcc5ec0996818884fd5fb1\",\"name\":\"Arnaldo Botto\",\"image\":{\"@type\":\"ImageObject\",\"inLanguage\":\"es\",\"@id\":\"https:\/\/www.noticiasradioreflejos.com.ar\/2021\/#\/schema\/person\/image\/\",\"url\":\"https:\/\/secure.gravatar.com\/avatar\/55cb5e37c1efa326397366e6974cb338056df65cb50e7d64d1cf314e87504837?s=96&d=mm&r=g\",\"contentUrl\":\"https:\/\/secure.gravatar.com\/avatar\/55cb5e37c1efa326397366e6974cb338056df65cb50e7d64d1cf314e87504837?s=96&d=mm&r=g\",\"caption\":\"Arnaldo Botto\"},\"url\":\"https:\/\/www.noticiasradioreflejos.com.ar\/2021\/author\/arnaldo\/\"}]}<\/script>\n<!-- \/ Yoast SEO plugin. -->","yoast_head_json":{"title":"Medidas de atenci\u00f3n en el Consultorio M\u00e9dico del Dr. Mauricio Dos Santos. - Noticias Radio Reflejos","robots":{"index":"index","follow":"follow","max-snippet":"max-snippet:-1","max-image-preview":"max-image-preview:large","max-video-preview":"max-video-preview:-1"},"canonical":"https:\/\/www.noticiasradioreflejos.com.ar\/2021\/medidas-de-atencion-en-el-consultorio-medico-del-dr-mauricio-dos-santos\/","og_locale":"es_ES","og_type":"article","og_title":"Medidas de atenci\u00f3n en el Consultorio M\u00e9dico del Dr. Mauricio Dos Santos. - Noticias Radio Reflejos","og_description":"Debido a la cuarentena obligatoria que es de p\u00fablico conocimiento, el Consultorio M\u00e9dico del Dr Mauricio Dos Santos permanecer\u00e1 abierto solo para atenci\u00f3n de Medicina Laboral, pero para dar tranquilidad a nuestros pacientes, ofrecemos la opci\u00f3n de realizar tu consulta por videollamada. Bajo esta modalidad atender\u00e1n los siguientes profesionales:","og_url":"https:\/\/www.noticiasradioreflejos.com.ar\/2021\/medidas-de-atencion-en-el-consultorio-medico-del-dr-mauricio-dos-santos\/","og_site_name":"Noticias Radio Reflejos","article_published_time":"2020-03-25T18:59:15+00:00","og_image":[{"width":300,"height":200,"url":"https:\/\/www.noticiasradioreflejos.com.ar\/2021\/wp-content\/uploads\/2021\/07\/logosol300x200.png","type":"image\/png"}],"author":"Arnaldo Botto","twitter_card":"summary_large_image","schema":{"@context":"https:\/\/schema.org","@graph":[{"@type":"WebPage","@id":"https:\/\/www.noticiasradioreflejos.com.ar\/2021\/medidas-de-atencion-en-el-consultorio-medico-del-dr-mauricio-dos-santos\/","url":"https:\/\/www.noticiasradioreflejos.com.ar\/2021\/medidas-de-atencion-en-el-consultorio-medico-del-dr-mauricio-dos-santos\/","name":"Medidas de atenci\u00f3n en el Consultorio M\u00e9dico del Dr. Mauricio Dos Santos. - Noticias Radio Reflejos","isPartOf":{"@id":"https:\/\/www.noticiasradioreflejos.com.ar\/2021\/#website"},"primaryImageOfPage":{"@id":"https:\/\/www.noticiasradioreflejos.com.ar\/2021\/medidas-de-atencion-en-el-consultorio-medico-del-dr-mauricio-dos-santos\/#primaryimage"},"image":{"@id":"https:\/\/www.noticiasradioreflejos.com.ar\/2021\/medidas-de-atencion-en-el-consultorio-medico-del-dr-mauricio-dos-santos\/#primaryimage"},"thumbnailUrl":"http:\/\/www.noticiasradioreflejos.com.ar\/noticias\/wp-content\/uploads\/2020\/03\/WhatsApp-Image-2020-03-25-at-14.58.50-300x225.jpeg","datePublished":"2020-03-25T18:59:15+00:00","author":{"@id":"https:\/\/www.noticiasradioreflejos.com.ar\/2021\/#\/schema\/person\/ad82545263dcc5ec0996818884fd5fb1"},"breadcrumb":{"@id":"https:\/\/www.noticiasradioreflejos.com.ar\/2021\/medidas-de-atencion-en-el-consultorio-medico-del-dr-mauricio-dos-santos\/#breadcrumb"},"inLanguage":"es","potentialAction":[{"@type":"ReadAction","target":["https:\/\/www.noticiasradioreflejos.com.ar\/2021\/medidas-de-atencion-en-el-consultorio-medico-del-dr-mauricio-dos-santos\/"]}]},{"@type":"ImageObject","inLanguage":"es","@id":"https:\/\/www.noticiasradioreflejos.com.ar\/2021\/medidas-de-atencion-en-el-consultorio-medico-del-dr-mauricio-dos-santos\/#primaryimage","url":"http:\/\/www.noticiasradioreflejos.com.ar\/noticias\/wp-content\/uploads\/2020\/03\/WhatsApp-Image-2020-03-25-at-14.58.50-300x225.jpeg","contentUrl":"http:\/\/www.noticiasradioreflejos.com.ar\/noticias\/wp-content\/uploads\/2020\/03\/WhatsApp-Image-2020-03-25-at-14.58.50-300x225.jpeg"},{"@type":"BreadcrumbList","@id":"https:\/\/www.noticiasradioreflejos.com.ar\/2021\/medidas-de-atencion-en-el-consultorio-medico-del-dr-mauricio-dos-santos\/#breadcrumb","itemListElement":[{"@type":"ListItem","position":1,"name":"Portada","item":"https:\/\/www.noticiasradioreflejos.com.ar\/2021\/"},{"@type":"ListItem","position":2,"name":"Medidas de atenci\u00f3n en el Consultorio M\u00e9dico del Dr. Mauricio Dos Santos."}]},{"@type":"WebSite","@id":"https:\/\/www.noticiasradioreflejos.com.ar\/2021\/#website","url":"https:\/\/www.noticiasradioreflejos.com.ar\/2021\/","name":"Noticias Radio Reflejos","description":"Las noticias de mi comarca","potentialAction":[{"@type":"SearchAction","target":{"@type":"EntryPoint","urlTemplate":"https:\/\/www.noticiasradioreflejos.com.ar\/2021\/?s={search_term_string}"},"query-input":{"@type":"PropertyValueSpecification","valueRequired":true,"valueName":"search_term_string"}}],"inLanguage":"es"},{"@type":"Person","@id":"https:\/\/www.noticiasradioreflejos.com.ar\/2021\/#\/schema\/person\/ad82545263dcc5ec0996818884fd5fb1","name":"Arnaldo Botto","image":{"@type":"ImageObject","inLanguage":"es","@id":"https:\/\/www.noticiasradioreflejos.com.ar\/2021\/#\/schema\/person\/image\/","url":"https:\/\/secure.gravatar.com\/avatar\/55cb5e37c1efa326397366e6974cb338056df65cb50e7d64d1cf314e87504837?s=96&d=mm&r=g","contentUrl":"https:\/\/secure.gravatar.com\/avatar\/55cb5e37c1efa326397366e6974cb338056df65cb50e7d64d1cf314e87504837?s=96&d=mm&r=g","caption":"Arnaldo Botto"},"url":"https:\/\/www.noticiasradioreflejos.com.ar\/2021\/author\/arnaldo\/"}]}},"_links":{"self":[{"href":"https:\/\/www.noticiasradioreflejos.com.ar\/2021\/wp-json\/wp\/v2\/posts\/39979","targetHints":{"allow":["GET"]}}],"collection":[{"href":"https:\/\/www.noticiasradioreflejos.com.ar\/2021\/wp-json\/wp\/v2\/posts"}],"about":[{"href":"https:\/\/www.noticiasradioreflejos.com.ar\/2021\/wp-json\/wp\/v2\/types\/post"}],"author":[{"embeddable":true,"href":"https:\/\/www.noticiasradioreflejos.com.ar\/2021\/wp-json\/wp\/v2\/users\/3"}],"replies":[{"embeddable":true,"href":"https:\/\/www.noticiasradioreflejos.com.ar\/2021\/wp-json\/wp\/v2\/comments?post=39979"}],"version-history":[{"count":0,"href":"https:\/\/www.noticiasradioreflejos.com.ar\/2021\/wp-json\/wp\/v2\/posts\/39979\/revisions"}],"wp:attachment":[{"href":"https:\/\/www.noticiasradioreflejos.com.ar\/2021\/wp-json\/wp\/v2\/media?parent=39979"}],"wp:term":[{"taxonomy":"category","embeddable":true,"href":"https:\/\/www.noticiasradioreflejos.com.ar\/2021\/wp-json\/wp\/v2\/categories?post=39979"},{"taxonomy":"post_tag","embeddable":true,"href":"https:\/\/www.noticiasradioreflejos.com.ar\/2021\/wp-json\/wp\/v2\/tags?post=39979"}],"curies":[{"name":"wp","href":"https:\/\/api.w.org\/{rel}","templated":true}]}}