{"id":39968,"date":"2020-03-25T12:38:33","date_gmt":"2020-03-25T15:38:33","guid":{"rendered":"http:\/\/www.noticiasradioreflejos.com.ar\/noticias\/?p=39968"},"modified":"2020-03-25T12:38:33","modified_gmt":"2020-03-25T15:38:33","slug":"el-banco-mundial-aprobo-un-apoyo-presupuestario-de-300-millones-de-dolares-para-argentina","status":"publish","type":"post","link":"https:\/\/www.noticiasradioreflejos.com.ar\/2021\/el-banco-mundial-aprobo-un-apoyo-presupuestario-de-300-millones-de-dolares-para-argentina\/","title":{"rendered":"El Banco Mundial aprob\u00f3 un apoyo presupuestario de 300 millones de d\u00f3lares para Argentina"},"content":{"rendered":"<p>El presidente Alberto Fern\u00e1ndez mantuvo hoy una videoconferencia con el vicepresidente del Banco Mundial (BM), Axel van Trotsenburg, quien le comunic\u00f3 la aprobaci\u00f3n de un apoyo presupuestario para la Argentina por 300 millones de d\u00f3lares, para \u00abfortalecer el sistema de protecci\u00f3n social y minimizar el impacto de la crisis\u00bb por el coronavirus en los sectores m\u00e1s vulnerables, seg\u00fan inform\u00f3 el Gobierno.<!--more--><\/p>\n<p>\u00abEl mundo financiero tiene una cuota de humanidad y lo celebro\u00bb, destac\u00f3 el Presidente durante la videoconferencia, realizada desde la residencia de Olivos, y de la que particip\u00f3 tambi\u00e9n el secretario de Asuntos Estrat\u00e9gicos, Gustavo Beliz.<\/p>\n<p>En el marco de la comunicaci\u00f3n con el vicepresidente del BM, Alberto Fern\u00e1ndez sostuvo: \u00abEstamos dispuestos a trabajar y satisfechos por la mirada cercana y parecida a la nuestra sobre lo que pasa en el mundo\u00bb.<\/p>\n<p>Desde el Gobierno nacional detallaron que esta asignaci\u00f3n de 300 millones de d\u00f3lares se realizar\u00e1 en dos partes: la primera, en 2020, por 165 millones de d\u00f3lares; y la segunda, en 2021, por 135 millones.<\/p>\n<p>\u00abLa ayuda financiera fue aprobada por el organismo multilateral en tiempo r\u00e9cord para colaborar en la agilizaci\u00f3n del sistema de compras ante la emergencia por el coronavirus en Argentina. Es la primera parte de una serie de cr\u00e9ditos que el Banco Mundial otorgar\u00e1 al pa\u00eds\u00bb, se\u00f1alaron desde Casa de Gobierno.<\/p>\n<p>Adem\u00e1s, en un comunicado oficial, precisaron que esta ayuda financiera se encuentra en el marco de una serie de cr\u00e9ditos que el Banco Mundial otorgar\u00e1 al pa\u00eds.<\/p>\n<p>Tambi\u00e9n, se\u00f1alaron que tiene como objetivo reforzar el proyecto de Protecci\u00f3n de Ni\u00f1os y J\u00f3venes de la Anses, para garantizar la inclusi\u00f3n de 350 mil ni\u00f1os que a\u00fan no son alcanzados por la pol\u00edtica de Asignaci\u00f3n Universal por Hijo (AUH) que lleva adelante el Gobierno nacional.<\/p>\n<p>\u00abEl financiamiento adicional al proyecto de Protecci\u00f3n de Ni\u00f1os y J\u00f3venes es de margen variable, reembolsable en 32 a\u00f1os y tiene un per\u00edodo de gracia de siete a\u00f1os\u00bb, se inform\u00f3 oficialmente.<\/p>\n<p>Asimismo, el vicepresidente del Banco Mundial tambi\u00e9n le confirm\u00f3 a Fern\u00e1ndez que acompa\u00f1ar\u00e1 la introducci\u00f3n de mejoras en los procesos de la Anses, para \u00abasegurar la continuidad de la cobertura en situaciones en que los progenitores de los beneficiarios sufran la p\u00e9rdida de un empleo formal\u00bb, consignaron.<\/p>\n<p>El pr\u00e9stamo se suma a dos operaciones vigentes con el organismo por un total de 1.350 millones de d\u00f3lares para ampliar la cobertura de la Asignaci\u00f3n por Hijo, consignaron las fuentes.<\/p>\n","protected":false},"excerpt":{"rendered":"<p>El presidente Alberto Fern\u00e1ndez mantuvo hoy una videoconferencia con el vicepresidente del Banco Mundial (BM), Axel van Trotsenburg, quien le comunic\u00f3 la aprobaci\u00f3n de un apoyo presupuestario para la Argentina por 300 millones de d\u00f3lares, para \u00abfortalecer el sistema de protecci\u00f3n social y minimizar el impacto de la crisis\u00bb por el coronavirus en los sectores [&hellip;]<\/p>\n","protected":false},"author":3,"featured_media":0,"comment_status":"closed","ping_status":"open","sticky":false,"template":"","format":"standard","meta":{"footnotes":""},"categories":[36],"tags":[],"class_list":["post-39968","post","type-post","status-publish","format-standard","hentry","category-economia"],"yoast_head":"<!-- This site is optimized with the Yoast SEO plugin v25.9 - https:\/\/yoast.com\/wordpress\/plugins\/seo\/ -->\n<title>El Banco Mundial aprob\u00f3 un apoyo presupuestario de 300 millones de d\u00f3lares para Argentina - Noticias Radio Reflejos<\/title>\n<meta name=\"robots\" content=\"index, follow, max-snippet:-1, max-image-preview:large, max-video-preview:-1\" \/>\n<link rel=\"canonical\" href=\"https:\/\/www.noticiasradioreflejos.com.ar\/2021\/el-banco-mundial-aprobo-un-apoyo-presupuestario-de-300-millones-de-dolares-para-argentina\/\" \/>\n<meta property=\"og:locale\" content=\"es_ES\" \/>\n<meta property=\"og:type\" content=\"article\" \/>\n<meta property=\"og:title\" content=\"El Banco Mundial aprob\u00f3 un apoyo presupuestario de 300 millones de d\u00f3lares para Argentina - Noticias Radio Reflejos\" \/>\n<meta property=\"og:description\" content=\"El presidente Alberto Fern\u00e1ndez mantuvo hoy una videoconferencia con el vicepresidente del Banco Mundial (BM), Axel van Trotsenburg, quien le comunic\u00f3 la aprobaci\u00f3n de un apoyo presupuestario para la Argentina por 300 millones de d\u00f3lares, para \u00abfortalecer el sistema de protecci\u00f3n social y minimizar el impacto de la crisis\u00bb por el coronavirus en los sectores [&hellip;]\" \/>\n<meta property=\"og:url\" content=\"https:\/\/www.noticiasradioreflejos.com.ar\/2021\/el-banco-mundial-aprobo-un-apoyo-presupuestario-de-300-millones-de-dolares-para-argentina\/\" \/>\n<meta property=\"og:site_name\" content=\"Noticias Radio Reflejos\" \/>\n<meta property=\"article:published_time\" content=\"2020-03-25T15:38:33+00:00\" \/>\n<meta property=\"og:image\" content=\"https:\/\/www.noticiasradioreflejos.com.ar\/2021\/wp-content\/uploads\/2021\/07\/logosol300x200.png\" \/>\n\t<meta property=\"og:image:width\" content=\"300\" \/>\n\t<meta property=\"og:image:height\" content=\"200\" \/>\n\t<meta property=\"og:image:type\" content=\"image\/png\" \/>\n<meta name=\"author\" content=\"Arnaldo Botto\" \/>\n<meta name=\"twitter:card\" content=\"summary_large_image\" \/>\n<script type=\"application\/ld+json\" class=\"yoast-schema-graph\">{\"@context\":\"https:\/\/schema.org\",\"@graph\":[{\"@type\":\"WebPage\",\"@id\":\"https:\/\/www.noticiasradioreflejos.com.ar\/2021\/el-banco-mundial-aprobo-un-apoyo-presupuestario-de-300-millones-de-dolares-para-argentina\/\",\"url\":\"https:\/\/www.noticiasradioreflejos.com.ar\/2021\/el-banco-mundial-aprobo-un-apoyo-presupuestario-de-300-millones-de-dolares-para-argentina\/\",\"name\":\"El Banco Mundial aprob\u00f3 un apoyo presupuestario de 300 millones de d\u00f3lares para Argentina - Noticias Radio Reflejos\",\"isPartOf\":{\"@id\":\"https:\/\/www.noticiasradioreflejos.com.ar\/2021\/#website\"},\"datePublished\":\"2020-03-25T15:38:33+00:00\",\"author\":{\"@id\":\"https:\/\/www.noticiasradioreflejos.com.ar\/2021\/#\/schema\/person\/ad82545263dcc5ec0996818884fd5fb1\"},\"breadcrumb\":{\"@id\":\"https:\/\/www.noticiasradioreflejos.com.ar\/2021\/el-banco-mundial-aprobo-un-apoyo-presupuestario-de-300-millones-de-dolares-para-argentina\/#breadcrumb\"},\"inLanguage\":\"es\",\"potentialAction\":[{\"@type\":\"ReadAction\",\"target\":[\"https:\/\/www.noticiasradioreflejos.com.ar\/2021\/el-banco-mundial-aprobo-un-apoyo-presupuestario-de-300-millones-de-dolares-para-argentina\/\"]}]},{\"@type\":\"BreadcrumbList\",\"@id\":\"https:\/\/www.noticiasradioreflejos.com.ar\/2021\/el-banco-mundial-aprobo-un-apoyo-presupuestario-de-300-millones-de-dolares-para-argentina\/#breadcrumb\",\"itemListElement\":[{\"@type\":\"ListItem\",\"position\":1,\"name\":\"Portada\",\"item\":\"https:\/\/www.noticiasradioreflejos.com.ar\/2021\/\"},{\"@type\":\"ListItem\",\"position\":2,\"name\":\"El Banco Mundial aprob\u00f3 un apoyo presupuestario de 300 millones de d\u00f3lares para Argentina\"}]},{\"@type\":\"WebSite\",\"@id\":\"https:\/\/www.noticiasradioreflejos.com.ar\/2021\/#website\",\"url\":\"https:\/\/www.noticiasradioreflejos.com.ar\/2021\/\",\"name\":\"Noticias Radio Reflejos\",\"description\":\"Las noticias de mi comarca\",\"potentialAction\":[{\"@type\":\"SearchAction\",\"target\":{\"@type\":\"EntryPoint\",\"urlTemplate\":\"https:\/\/www.noticiasradioreflejos.com.ar\/2021\/?s={search_term_string}\"},\"query-input\":{\"@type\":\"PropertyValueSpecification\",\"valueRequired\":true,\"valueName\":\"search_term_string\"}}],\"inLanguage\":\"es\"},{\"@type\":\"Person\",\"@id\":\"https:\/\/www.noticiasradioreflejos.com.ar\/2021\/#\/schema\/person\/ad82545263dcc5ec0996818884fd5fb1\",\"name\":\"Arnaldo Botto\",\"image\":{\"@type\":\"ImageObject\",\"inLanguage\":\"es\",\"@id\":\"https:\/\/www.noticiasradioreflejos.com.ar\/2021\/#\/schema\/person\/image\/\",\"url\":\"https:\/\/secure.gravatar.com\/avatar\/55cb5e37c1efa326397366e6974cb338056df65cb50e7d64d1cf314e87504837?s=96&d=mm&r=g\",\"contentUrl\":\"https:\/\/secure.gravatar.com\/avatar\/55cb5e37c1efa326397366e6974cb338056df65cb50e7d64d1cf314e87504837?s=96&d=mm&r=g\",\"caption\":\"Arnaldo Botto\"},\"url\":\"https:\/\/www.noticiasradioreflejos.com.ar\/2021\/author\/arnaldo\/\"}]}<\/script>\n<!-- \/ Yoast SEO plugin. -->","yoast_head_json":{"title":"El Banco Mundial aprob\u00f3 un apoyo presupuestario de 300 millones de d\u00f3lares para Argentina - Noticias Radio Reflejos","robots":{"index":"index","follow":"follow","max-snippet":"max-snippet:-1","max-image-preview":"max-image-preview:large","max-video-preview":"max-video-preview:-1"},"canonical":"https:\/\/www.noticiasradioreflejos.com.ar\/2021\/el-banco-mundial-aprobo-un-apoyo-presupuestario-de-300-millones-de-dolares-para-argentina\/","og_locale":"es_ES","og_type":"article","og_title":"El Banco Mundial aprob\u00f3 un apoyo presupuestario de 300 millones de d\u00f3lares para Argentina - Noticias Radio Reflejos","og_description":"El presidente Alberto Fern\u00e1ndez mantuvo hoy una videoconferencia con el vicepresidente del Banco Mundial (BM), Axel van Trotsenburg, quien le comunic\u00f3 la aprobaci\u00f3n de un apoyo presupuestario para la Argentina por 300 millones de d\u00f3lares, para \u00abfortalecer el sistema de protecci\u00f3n social y minimizar el impacto de la crisis\u00bb por el coronavirus en los sectores [&hellip;]","og_url":"https:\/\/www.noticiasradioreflejos.com.ar\/2021\/el-banco-mundial-aprobo-un-apoyo-presupuestario-de-300-millones-de-dolares-para-argentina\/","og_site_name":"Noticias Radio Reflejos","article_published_time":"2020-03-25T15:38:33+00:00","og_image":[{"width":300,"height":200,"url":"https:\/\/www.noticiasradioreflejos.com.ar\/2021\/wp-content\/uploads\/2021\/07\/logosol300x200.png","type":"image\/png"}],"author":"Arnaldo Botto","twitter_card":"summary_large_image","schema":{"@context":"https:\/\/schema.org","@graph":[{"@type":"WebPage","@id":"https:\/\/www.noticiasradioreflejos.com.ar\/2021\/el-banco-mundial-aprobo-un-apoyo-presupuestario-de-300-millones-de-dolares-para-argentina\/","url":"https:\/\/www.noticiasradioreflejos.com.ar\/2021\/el-banco-mundial-aprobo-un-apoyo-presupuestario-de-300-millones-de-dolares-para-argentina\/","name":"El Banco Mundial aprob\u00f3 un apoyo presupuestario de 300 millones de d\u00f3lares para Argentina - Noticias Radio Reflejos","isPartOf":{"@id":"https:\/\/www.noticiasradioreflejos.com.ar\/2021\/#website"},"datePublished":"2020-03-25T15:38:33+00:00","author":{"@id":"https:\/\/www.noticiasradioreflejos.com.ar\/2021\/#\/schema\/person\/ad82545263dcc5ec0996818884fd5fb1"},"breadcrumb":{"@id":"https:\/\/www.noticiasradioreflejos.com.ar\/2021\/el-banco-mundial-aprobo-un-apoyo-presupuestario-de-300-millones-de-dolares-para-argentina\/#breadcrumb"},"inLanguage":"es","potentialAction":[{"@type":"ReadAction","target":["https:\/\/www.noticiasradioreflejos.com.ar\/2021\/el-banco-mundial-aprobo-un-apoyo-presupuestario-de-300-millones-de-dolares-para-argentina\/"]}]},{"@type":"BreadcrumbList","@id":"https:\/\/www.noticiasradioreflejos.com.ar\/2021\/el-banco-mundial-aprobo-un-apoyo-presupuestario-de-300-millones-de-dolares-para-argentina\/#breadcrumb","itemListElement":[{"@type":"ListItem","position":1,"name":"Portada","item":"https:\/\/www.noticiasradioreflejos.com.ar\/2021\/"},{"@type":"ListItem","position":2,"name":"El Banco Mundial aprob\u00f3 un apoyo presupuestario de 300 millones de d\u00f3lares para Argentina"}]},{"@type":"WebSite","@id":"https:\/\/www.noticiasradioreflejos.com.ar\/2021\/#website","url":"https:\/\/www.noticiasradioreflejos.com.ar\/2021\/","name":"Noticias Radio Reflejos","description":"Las noticias de mi comarca","potentialAction":[{"@type":"SearchAction","target":{"@type":"EntryPoint","urlTemplate":"https:\/\/www.noticiasradioreflejos.com.ar\/2021\/?s={search_term_string}"},"query-input":{"@type":"PropertyValueSpecification","valueRequired":true,"valueName":"search_term_string"}}],"inLanguage":"es"},{"@type":"Person","@id":"https:\/\/www.noticiasradioreflejos.com.ar\/2021\/#\/schema\/person\/ad82545263dcc5ec0996818884fd5fb1","name":"Arnaldo Botto","image":{"@type":"ImageObject","inLanguage":"es","@id":"https:\/\/www.noticiasradioreflejos.com.ar\/2021\/#\/schema\/person\/image\/","url":"https:\/\/secure.gravatar.com\/avatar\/55cb5e37c1efa326397366e6974cb338056df65cb50e7d64d1cf314e87504837?s=96&d=mm&r=g","contentUrl":"https:\/\/secure.gravatar.com\/avatar\/55cb5e37c1efa326397366e6974cb338056df65cb50e7d64d1cf314e87504837?s=96&d=mm&r=g","caption":"Arnaldo Botto"},"url":"https:\/\/www.noticiasradioreflejos.com.ar\/2021\/author\/arnaldo\/"}]}},"_links":{"self":[{"href":"https:\/\/www.noticiasradioreflejos.com.ar\/2021\/wp-json\/wp\/v2\/posts\/39968","targetHints":{"allow":["GET"]}}],"collection":[{"href":"https:\/\/www.noticiasradioreflejos.com.ar\/2021\/wp-json\/wp\/v2\/posts"}],"about":[{"href":"https:\/\/www.noticiasradioreflejos.com.ar\/2021\/wp-json\/wp\/v2\/types\/post"}],"author":[{"embeddable":true,"href":"https:\/\/www.noticiasradioreflejos.com.ar\/2021\/wp-json\/wp\/v2\/users\/3"}],"replies":[{"embeddable":true,"href":"https:\/\/www.noticiasradioreflejos.com.ar\/2021\/wp-json\/wp\/v2\/comments?post=39968"}],"version-history":[{"count":0,"href":"https:\/\/www.noticiasradioreflejos.com.ar\/2021\/wp-json\/wp\/v2\/posts\/39968\/revisions"}],"wp:attachment":[{"href":"https:\/\/www.noticiasradioreflejos.com.ar\/2021\/wp-json\/wp\/v2\/media?parent=39968"}],"wp:term":[{"taxonomy":"category","embeddable":true,"href":"https:\/\/www.noticiasradioreflejos.com.ar\/2021\/wp-json\/wp\/v2\/categories?post=39968"},{"taxonomy":"post_tag","embeddable":true,"href":"https:\/\/www.noticiasradioreflejos.com.ar\/2021\/wp-json\/wp\/v2\/tags?post=39968"}],"curies":[{"name":"wp","href":"https:\/\/api.w.org\/{rel}","templated":true}]}}