{"id":39961,"date":"2020-03-25T08:45:25","date_gmt":"2020-03-25T11:45:25","guid":{"rendered":"http:\/\/www.noticiasradioreflejos.com.ar\/noticias\/?p=39961"},"modified":"2020-03-25T08:45:25","modified_gmt":"2020-03-25T11:45:25","slug":"es-oficial-la-suspension-de-cuentas-por-cheques-rechazados-hasta-el-30-de-abril","status":"publish","type":"post","link":"https:\/\/www.noticiasradioreflejos.com.ar\/2021\/es-oficial-la-suspension-de-cuentas-por-cheques-rechazados-hasta-el-30-de-abril\/","title":{"rendered":"Es oficial la suspensi\u00f3n de cuentas por cheques rechazados hasta el 30 de abril"},"content":{"rendered":"<p>El Gobierno oficializ\u00f3 hoy la decisi\u00f3n de suspender hasta el 30 de abril la obligaci\u00f3n de proceder al cierre de cuentas bancarias y a disponer la inhabilitaci\u00f3n a los clientes que no puedan cumplir con sus compromisos con el pago de cheques por falta de fondos, en el marco de medidas implementadas para morigerar los efectos econ\u00f3micos del coronavirus.<!--more--><\/p>\n<p>A trav\u00e9s del decreto 312\/2020 publicado hoy en el Bolet\u00edn Oficial, tambi\u00e9n determin\u00f3 la suspensi\u00f3n de la obligaci\u00f3n establecida en el art\u00edculo 12 de la Ley N\u00b0 14.499, respecto de que las instituciones crediticias requieran a los empleadores, en forma previa al otorgamiento de cr\u00e9dito, una constancia o declaraci\u00f3n jurada de que no adeudan suma alguna en concepto de aportes o contribuciones, o que, habi\u00e9ndose acogido a moratoria, se encuentran al d\u00eda en el cumplimiento de la misma.<\/p>\n<p>Las decisiones dadas a conocer anoche se inscriben en la bater\u00eda de medidas implementadas por el gobierno nacional para morigerar los efectos econ\u00f3micos del coronavirus.<\/p>\n<p>En los considerandos del decreto de necesidad y urgencia se sostiene que la situaci\u00f3n econ\u00f3mica actual \u00abhace prever que el rechazo de cheques por falta de fondos, habr\u00e1 de incrementarse por efecto de esa situaci\u00f3n y no necesariamente por un inadecuado uso del instrumento por parte de los libradores\u00bb.<\/p>\n<p>Y que \u00aben tales circunstancias, la aplicaci\u00f3n de las multas previstas para el caso de rechazo de cheques no solo no cumplir\u00eda su finalidad, sino que agravar\u00eda la situaci\u00f3n de sujetos ya afectados por la coyuntura econ\u00f3mica descripta, y el cierre de la cuenta e inhabilitaci\u00f3n que impone el art\u00edculo 1\u00b0 de la Ley N\u00b0 25.730 privar\u00eda a los agentes econ\u00f3micos afectados por estas de un elemento esencial para poder desarrollar sus actividades, perjudicando la posibilidad de realizar y recibir pagos, con el consecuente da\u00f1o al conjunto de la econom\u00eda\u00bb.<\/p>\n","protected":false},"excerpt":{"rendered":"<p>El Gobierno oficializ\u00f3 hoy la decisi\u00f3n de suspender hasta el 30 de abril la obligaci\u00f3n de proceder al cierre de cuentas bancarias y a disponer la inhabilitaci\u00f3n a los clientes que no puedan cumplir con sus compromisos con el pago de cheques por falta de fondos, en el marco de medidas implementadas para morigerar los [&hellip;]<\/p>\n","protected":false},"author":3,"featured_media":0,"comment_status":"closed","ping_status":"open","sticky":false,"template":"","format":"standard","meta":{"footnotes":""},"categories":[36],"tags":[],"class_list":["post-39961","post","type-post","status-publish","format-standard","hentry","category-economia"],"yoast_head":"<!-- This site is optimized with the Yoast SEO plugin v25.9 - https:\/\/yoast.com\/wordpress\/plugins\/seo\/ -->\n<title>Es oficial la suspensi\u00f3n de cuentas por cheques rechazados hasta el 30 de abril - Noticias Radio Reflejos<\/title>\n<meta name=\"robots\" content=\"index, follow, max-snippet:-1, max-image-preview:large, max-video-preview:-1\" \/>\n<link rel=\"canonical\" href=\"https:\/\/www.noticiasradioreflejos.com.ar\/2021\/es-oficial-la-suspension-de-cuentas-por-cheques-rechazados-hasta-el-30-de-abril\/\" \/>\n<meta property=\"og:locale\" content=\"es_ES\" \/>\n<meta property=\"og:type\" content=\"article\" \/>\n<meta property=\"og:title\" content=\"Es oficial la suspensi\u00f3n de cuentas por cheques rechazados hasta el 30 de abril - Noticias Radio Reflejos\" \/>\n<meta property=\"og:description\" content=\"El Gobierno oficializ\u00f3 hoy la decisi\u00f3n de suspender hasta el 30 de abril la obligaci\u00f3n de proceder al cierre de cuentas bancarias y a disponer la inhabilitaci\u00f3n a los clientes que no puedan cumplir con sus compromisos con el pago de cheques por falta de fondos, en el marco de medidas implementadas para morigerar los [&hellip;]\" \/>\n<meta property=\"og:url\" content=\"https:\/\/www.noticiasradioreflejos.com.ar\/2021\/es-oficial-la-suspension-de-cuentas-por-cheques-rechazados-hasta-el-30-de-abril\/\" \/>\n<meta property=\"og:site_name\" content=\"Noticias Radio Reflejos\" \/>\n<meta property=\"article:published_time\" content=\"2020-03-25T11:45:25+00:00\" \/>\n<meta property=\"og:image\" content=\"https:\/\/www.noticiasradioreflejos.com.ar\/2021\/wp-content\/uploads\/2021\/07\/logosol300x200.png\" \/>\n\t<meta property=\"og:image:width\" content=\"300\" \/>\n\t<meta property=\"og:image:height\" content=\"200\" \/>\n\t<meta property=\"og:image:type\" content=\"image\/png\" \/>\n<meta name=\"author\" content=\"Arnaldo Botto\" \/>\n<meta name=\"twitter:card\" content=\"summary_large_image\" \/>\n<script type=\"application\/ld+json\" class=\"yoast-schema-graph\">{\"@context\":\"https:\/\/schema.org\",\"@graph\":[{\"@type\":\"WebPage\",\"@id\":\"https:\/\/www.noticiasradioreflejos.com.ar\/2021\/es-oficial-la-suspension-de-cuentas-por-cheques-rechazados-hasta-el-30-de-abril\/\",\"url\":\"https:\/\/www.noticiasradioreflejos.com.ar\/2021\/es-oficial-la-suspension-de-cuentas-por-cheques-rechazados-hasta-el-30-de-abril\/\",\"name\":\"Es oficial la suspensi\u00f3n de cuentas por cheques rechazados hasta el 30 de abril - Noticias Radio Reflejos\",\"isPartOf\":{\"@id\":\"https:\/\/www.noticiasradioreflejos.com.ar\/2021\/#website\"},\"datePublished\":\"2020-03-25T11:45:25+00:00\",\"author\":{\"@id\":\"https:\/\/www.noticiasradioreflejos.com.ar\/2021\/#\/schema\/person\/ad82545263dcc5ec0996818884fd5fb1\"},\"breadcrumb\":{\"@id\":\"https:\/\/www.noticiasradioreflejos.com.ar\/2021\/es-oficial-la-suspension-de-cuentas-por-cheques-rechazados-hasta-el-30-de-abril\/#breadcrumb\"},\"inLanguage\":\"es\",\"potentialAction\":[{\"@type\":\"ReadAction\",\"target\":[\"https:\/\/www.noticiasradioreflejos.com.ar\/2021\/es-oficial-la-suspension-de-cuentas-por-cheques-rechazados-hasta-el-30-de-abril\/\"]}]},{\"@type\":\"BreadcrumbList\",\"@id\":\"https:\/\/www.noticiasradioreflejos.com.ar\/2021\/es-oficial-la-suspension-de-cuentas-por-cheques-rechazados-hasta-el-30-de-abril\/#breadcrumb\",\"itemListElement\":[{\"@type\":\"ListItem\",\"position\":1,\"name\":\"Portada\",\"item\":\"https:\/\/www.noticiasradioreflejos.com.ar\/2021\/\"},{\"@type\":\"ListItem\",\"position\":2,\"name\":\"Es oficial la suspensi\u00f3n de cuentas por cheques rechazados hasta el 30 de abril\"}]},{\"@type\":\"WebSite\",\"@id\":\"https:\/\/www.noticiasradioreflejos.com.ar\/2021\/#website\",\"url\":\"https:\/\/www.noticiasradioreflejos.com.ar\/2021\/\",\"name\":\"Noticias Radio Reflejos\",\"description\":\"Las noticias de mi comarca\",\"potentialAction\":[{\"@type\":\"SearchAction\",\"target\":{\"@type\":\"EntryPoint\",\"urlTemplate\":\"https:\/\/www.noticiasradioreflejos.com.ar\/2021\/?s={search_term_string}\"},\"query-input\":{\"@type\":\"PropertyValueSpecification\",\"valueRequired\":true,\"valueName\":\"search_term_string\"}}],\"inLanguage\":\"es\"},{\"@type\":\"Person\",\"@id\":\"https:\/\/www.noticiasradioreflejos.com.ar\/2021\/#\/schema\/person\/ad82545263dcc5ec0996818884fd5fb1\",\"name\":\"Arnaldo Botto\",\"image\":{\"@type\":\"ImageObject\",\"inLanguage\":\"es\",\"@id\":\"https:\/\/www.noticiasradioreflejos.com.ar\/2021\/#\/schema\/person\/image\/\",\"url\":\"https:\/\/secure.gravatar.com\/avatar\/55cb5e37c1efa326397366e6974cb338056df65cb50e7d64d1cf314e87504837?s=96&d=mm&r=g\",\"contentUrl\":\"https:\/\/secure.gravatar.com\/avatar\/55cb5e37c1efa326397366e6974cb338056df65cb50e7d64d1cf314e87504837?s=96&d=mm&r=g\",\"caption\":\"Arnaldo Botto\"},\"url\":\"https:\/\/www.noticiasradioreflejos.com.ar\/2021\/author\/arnaldo\/\"}]}<\/script>\n<!-- \/ Yoast SEO plugin. -->","yoast_head_json":{"title":"Es oficial la suspensi\u00f3n de cuentas por cheques rechazados hasta el 30 de abril - Noticias Radio Reflejos","robots":{"index":"index","follow":"follow","max-snippet":"max-snippet:-1","max-image-preview":"max-image-preview:large","max-video-preview":"max-video-preview:-1"},"canonical":"https:\/\/www.noticiasradioreflejos.com.ar\/2021\/es-oficial-la-suspension-de-cuentas-por-cheques-rechazados-hasta-el-30-de-abril\/","og_locale":"es_ES","og_type":"article","og_title":"Es oficial la suspensi\u00f3n de cuentas por cheques rechazados hasta el 30 de abril - Noticias Radio Reflejos","og_description":"El Gobierno oficializ\u00f3 hoy la decisi\u00f3n de suspender hasta el 30 de abril la obligaci\u00f3n de proceder al cierre de cuentas bancarias y a disponer la inhabilitaci\u00f3n a los clientes que no puedan cumplir con sus compromisos con el pago de cheques por falta de fondos, en el marco de medidas implementadas para morigerar los [&hellip;]","og_url":"https:\/\/www.noticiasradioreflejos.com.ar\/2021\/es-oficial-la-suspension-de-cuentas-por-cheques-rechazados-hasta-el-30-de-abril\/","og_site_name":"Noticias Radio Reflejos","article_published_time":"2020-03-25T11:45:25+00:00","og_image":[{"width":300,"height":200,"url":"https:\/\/www.noticiasradioreflejos.com.ar\/2021\/wp-content\/uploads\/2021\/07\/logosol300x200.png","type":"image\/png"}],"author":"Arnaldo Botto","twitter_card":"summary_large_image","schema":{"@context":"https:\/\/schema.org","@graph":[{"@type":"WebPage","@id":"https:\/\/www.noticiasradioreflejos.com.ar\/2021\/es-oficial-la-suspension-de-cuentas-por-cheques-rechazados-hasta-el-30-de-abril\/","url":"https:\/\/www.noticiasradioreflejos.com.ar\/2021\/es-oficial-la-suspension-de-cuentas-por-cheques-rechazados-hasta-el-30-de-abril\/","name":"Es oficial la suspensi\u00f3n de cuentas por cheques rechazados hasta el 30 de abril - Noticias Radio Reflejos","isPartOf":{"@id":"https:\/\/www.noticiasradioreflejos.com.ar\/2021\/#website"},"datePublished":"2020-03-25T11:45:25+00:00","author":{"@id":"https:\/\/www.noticiasradioreflejos.com.ar\/2021\/#\/schema\/person\/ad82545263dcc5ec0996818884fd5fb1"},"breadcrumb":{"@id":"https:\/\/www.noticiasradioreflejos.com.ar\/2021\/es-oficial-la-suspension-de-cuentas-por-cheques-rechazados-hasta-el-30-de-abril\/#breadcrumb"},"inLanguage":"es","potentialAction":[{"@type":"ReadAction","target":["https:\/\/www.noticiasradioreflejos.com.ar\/2021\/es-oficial-la-suspension-de-cuentas-por-cheques-rechazados-hasta-el-30-de-abril\/"]}]},{"@type":"BreadcrumbList","@id":"https:\/\/www.noticiasradioreflejos.com.ar\/2021\/es-oficial-la-suspension-de-cuentas-por-cheques-rechazados-hasta-el-30-de-abril\/#breadcrumb","itemListElement":[{"@type":"ListItem","position":1,"name":"Portada","item":"https:\/\/www.noticiasradioreflejos.com.ar\/2021\/"},{"@type":"ListItem","position":2,"name":"Es oficial la suspensi\u00f3n de cuentas por cheques rechazados hasta el 30 de abril"}]},{"@type":"WebSite","@id":"https:\/\/www.noticiasradioreflejos.com.ar\/2021\/#website","url":"https:\/\/www.noticiasradioreflejos.com.ar\/2021\/","name":"Noticias Radio Reflejos","description":"Las noticias de mi comarca","potentialAction":[{"@type":"SearchAction","target":{"@type":"EntryPoint","urlTemplate":"https:\/\/www.noticiasradioreflejos.com.ar\/2021\/?s={search_term_string}"},"query-input":{"@type":"PropertyValueSpecification","valueRequired":true,"valueName":"search_term_string"}}],"inLanguage":"es"},{"@type":"Person","@id":"https:\/\/www.noticiasradioreflejos.com.ar\/2021\/#\/schema\/person\/ad82545263dcc5ec0996818884fd5fb1","name":"Arnaldo Botto","image":{"@type":"ImageObject","inLanguage":"es","@id":"https:\/\/www.noticiasradioreflejos.com.ar\/2021\/#\/schema\/person\/image\/","url":"https:\/\/secure.gravatar.com\/avatar\/55cb5e37c1efa326397366e6974cb338056df65cb50e7d64d1cf314e87504837?s=96&d=mm&r=g","contentUrl":"https:\/\/secure.gravatar.com\/avatar\/55cb5e37c1efa326397366e6974cb338056df65cb50e7d64d1cf314e87504837?s=96&d=mm&r=g","caption":"Arnaldo Botto"},"url":"https:\/\/www.noticiasradioreflejos.com.ar\/2021\/author\/arnaldo\/"}]}},"_links":{"self":[{"href":"https:\/\/www.noticiasradioreflejos.com.ar\/2021\/wp-json\/wp\/v2\/posts\/39961","targetHints":{"allow":["GET"]}}],"collection":[{"href":"https:\/\/www.noticiasradioreflejos.com.ar\/2021\/wp-json\/wp\/v2\/posts"}],"about":[{"href":"https:\/\/www.noticiasradioreflejos.com.ar\/2021\/wp-json\/wp\/v2\/types\/post"}],"author":[{"embeddable":true,"href":"https:\/\/www.noticiasradioreflejos.com.ar\/2021\/wp-json\/wp\/v2\/users\/3"}],"replies":[{"embeddable":true,"href":"https:\/\/www.noticiasradioreflejos.com.ar\/2021\/wp-json\/wp\/v2\/comments?post=39961"}],"version-history":[{"count":0,"href":"https:\/\/www.noticiasradioreflejos.com.ar\/2021\/wp-json\/wp\/v2\/posts\/39961\/revisions"}],"wp:attachment":[{"href":"https:\/\/www.noticiasradioreflejos.com.ar\/2021\/wp-json\/wp\/v2\/media?parent=39961"}],"wp:term":[{"taxonomy":"category","embeddable":true,"href":"https:\/\/www.noticiasradioreflejos.com.ar\/2021\/wp-json\/wp\/v2\/categories?post=39961"},{"taxonomy":"post_tag","embeddable":true,"href":"https:\/\/www.noticiasradioreflejos.com.ar\/2021\/wp-json\/wp\/v2\/tags?post=39961"}],"curies":[{"name":"wp","href":"https:\/\/api.w.org\/{rel}","templated":true}]}}