{"id":39955,"date":"2020-03-25T08:26:35","date_gmt":"2020-03-25T11:26:35","guid":{"rendered":"http:\/\/www.noticiasradioreflejos.com.ar\/noticias\/?p=39955"},"modified":"2020-03-25T08:26:35","modified_gmt":"2020-03-25T11:26:35","slug":"la-asociacion-bancaria-ratifica-que-los-bancos-seguiran-cerrados-al-publico","status":"publish","type":"post","link":"https:\/\/www.noticiasradioreflejos.com.ar\/2021\/la-asociacion-bancaria-ratifica-que-los-bancos-seguiran-cerrados-al-publico\/","title":{"rendered":"La Asociaci\u00f3n Bancaria ratifica que los bancos seguir\u00e1n cerrados al p\u00fablico"},"content":{"rendered":"<p>La Asociaci\u00f3n Bancaria (AB) inform\u00f3 hoy que las operaciones esenciales en los bancos \u00abseguir\u00e1n siendo a puertas cerradas, sin abrir al p\u00fablico, con dotaci\u00f3n m\u00ednima y en forma remota en favor de la salud de trabajadores y clientes\u00bb.<br \/>\nEn un comunicado difundido esta ma\u00f1ana, el gremio bancario precis\u00f3 que, ante el aislamiento obligatorio por el coronavirus, el Gobierno ya estableci\u00f3 cu\u00e1les eran las actividades esenciales que podr\u00e1n exceptuarse del mismo, y todas ellas son a puertas cerradas.<!--more--><br \/>\nEn ese marco, la AB comunic\u00f3 que el presidente del Banco Central (BCRA), Miguel \u00c1ngel Pesce, ratific\u00f3 que las casas bancarias se mantendr\u00e1n cerradas, y que modific\u00f3 dos puntos de las tareas esenciales.<\/p>\n<p>En la primera, establece que \u00abque se recibir\u00e1n dep\u00f3sitos en efectivo s\u00f3lo por cajeros autom\u00e1ticos y buzones, y en caso de elevadas cantidades de numerarios deber\u00e1n pactar con el banco la recepci\u00f3n respectiva sin que esto implique abrir las sucursales al p\u00fablico\u00bb.<\/p>\n<p>En la segundo punto, se indica que se adelanta \u00abla fecha prevista del 1\u00b0 de abril para la compensaci\u00f3n electr\u00f3nica de cheques para el d\u00eda 26 de marzo\u00bb.<\/p>\n<p>El texto de la AB, firmado por su secretario general, Sergio Palazzo, aclara que \u00aben todos los casos se seguir\u00e1n manteniendo sin abrir al p\u00fablico y con la dotaci\u00f3n m\u00ednima para desarrollar esas tareas\u00bb.<\/p>\n<p>Adem\u00e1s, hizo saber que \u00abpara los trabajadores que hayan tenido que concurrir presencialmente a las casas bancarias en estos d\u00edas de aislamiento obligatorio, reclamar\u00e1 una compensaci\u00f3n econ\u00f3mica y una licencia especial cuando finalice la emergencia\u00bb.<\/p>\n<p>Tambi\u00e9n recuerda que el BCRA establece \u00abla obligatoriedad de condiciones de higiene y prevenci\u00f3n acorde a la situaci\u00f3n de pandemia que se vive y que se deber\u00e1 proveer a los trabajadores de toda la protecci\u00f3n sanitaria para que cumplan su tarea\u00bb.<\/p>\n<p>\u00abHemos avanzado en explorar soluciones para que el pago de los 10.000 pesos a los trabajadores informales y monotributistas sea atendido por el sistema de Punto Efectivo que tienen las redes Link y Banelco, para que el pago se realice por esa v\u00eda de f\u00e1cil acceso y no se tengan que abrir sucursales al p\u00fablico\u00bb, explic\u00f3 la AB en el comunicado.<\/p>\n","protected":false},"excerpt":{"rendered":"<p>La Asociaci\u00f3n Bancaria (AB) inform\u00f3 hoy que las operaciones esenciales en los bancos \u00abseguir\u00e1n siendo a puertas cerradas, sin abrir al p\u00fablico, con dotaci\u00f3n m\u00ednima y en forma remota en favor de la salud de trabajadores y clientes\u00bb. En un comunicado difundido esta ma\u00f1ana, el gremio bancario precis\u00f3 que, ante el aislamiento obligatorio por el [&hellip;]<\/p>\n","protected":false},"author":3,"featured_media":0,"comment_status":"closed","ping_status":"open","sticky":false,"template":"","format":"standard","meta":{"footnotes":""},"categories":[36],"tags":[],"class_list":["post-39955","post","type-post","status-publish","format-standard","hentry","category-economia"],"yoast_head":"<!-- This site is optimized with the Yoast SEO plugin v25.9 - https:\/\/yoast.com\/wordpress\/plugins\/seo\/ -->\n<title>La Asociaci\u00f3n Bancaria ratifica que los bancos seguir\u00e1n cerrados al p\u00fablico - Noticias Radio Reflejos<\/title>\n<meta name=\"robots\" content=\"index, follow, max-snippet:-1, max-image-preview:large, max-video-preview:-1\" \/>\n<link rel=\"canonical\" href=\"https:\/\/www.noticiasradioreflejos.com.ar\/2021\/la-asociacion-bancaria-ratifica-que-los-bancos-seguiran-cerrados-al-publico\/\" \/>\n<meta property=\"og:locale\" content=\"es_ES\" \/>\n<meta property=\"og:type\" content=\"article\" \/>\n<meta property=\"og:title\" content=\"La Asociaci\u00f3n Bancaria ratifica que los bancos seguir\u00e1n cerrados al p\u00fablico - Noticias Radio Reflejos\" \/>\n<meta property=\"og:description\" content=\"La Asociaci\u00f3n Bancaria (AB) inform\u00f3 hoy que las operaciones esenciales en los bancos \u00abseguir\u00e1n siendo a puertas cerradas, sin abrir al p\u00fablico, con dotaci\u00f3n m\u00ednima y en forma remota en favor de la salud de trabajadores y clientes\u00bb. En un comunicado difundido esta ma\u00f1ana, el gremio bancario precis\u00f3 que, ante el aislamiento obligatorio por el [&hellip;]\" \/>\n<meta property=\"og:url\" content=\"https:\/\/www.noticiasradioreflejos.com.ar\/2021\/la-asociacion-bancaria-ratifica-que-los-bancos-seguiran-cerrados-al-publico\/\" \/>\n<meta property=\"og:site_name\" content=\"Noticias Radio Reflejos\" \/>\n<meta property=\"article:published_time\" content=\"2020-03-25T11:26:35+00:00\" \/>\n<meta property=\"og:image\" content=\"https:\/\/www.noticiasradioreflejos.com.ar\/2021\/wp-content\/uploads\/2021\/07\/logosol300x200.png\" \/>\n\t<meta property=\"og:image:width\" content=\"300\" \/>\n\t<meta property=\"og:image:height\" content=\"200\" \/>\n\t<meta property=\"og:image:type\" content=\"image\/png\" \/>\n<meta name=\"author\" content=\"Arnaldo Botto\" \/>\n<meta name=\"twitter:card\" content=\"summary_large_image\" \/>\n<script type=\"application\/ld+json\" class=\"yoast-schema-graph\">{\"@context\":\"https:\/\/schema.org\",\"@graph\":[{\"@type\":\"WebPage\",\"@id\":\"https:\/\/www.noticiasradioreflejos.com.ar\/2021\/la-asociacion-bancaria-ratifica-que-los-bancos-seguiran-cerrados-al-publico\/\",\"url\":\"https:\/\/www.noticiasradioreflejos.com.ar\/2021\/la-asociacion-bancaria-ratifica-que-los-bancos-seguiran-cerrados-al-publico\/\",\"name\":\"La Asociaci\u00f3n Bancaria ratifica que los bancos seguir\u00e1n cerrados al p\u00fablico - Noticias Radio Reflejos\",\"isPartOf\":{\"@id\":\"https:\/\/www.noticiasradioreflejos.com.ar\/2021\/#website\"},\"datePublished\":\"2020-03-25T11:26:35+00:00\",\"author\":{\"@id\":\"https:\/\/www.noticiasradioreflejos.com.ar\/2021\/#\/schema\/person\/ad82545263dcc5ec0996818884fd5fb1\"},\"breadcrumb\":{\"@id\":\"https:\/\/www.noticiasradioreflejos.com.ar\/2021\/la-asociacion-bancaria-ratifica-que-los-bancos-seguiran-cerrados-al-publico\/#breadcrumb\"},\"inLanguage\":\"es\",\"potentialAction\":[{\"@type\":\"ReadAction\",\"target\":[\"https:\/\/www.noticiasradioreflejos.com.ar\/2021\/la-asociacion-bancaria-ratifica-que-los-bancos-seguiran-cerrados-al-publico\/\"]}]},{\"@type\":\"BreadcrumbList\",\"@id\":\"https:\/\/www.noticiasradioreflejos.com.ar\/2021\/la-asociacion-bancaria-ratifica-que-los-bancos-seguiran-cerrados-al-publico\/#breadcrumb\",\"itemListElement\":[{\"@type\":\"ListItem\",\"position\":1,\"name\":\"Portada\",\"item\":\"https:\/\/www.noticiasradioreflejos.com.ar\/2021\/\"},{\"@type\":\"ListItem\",\"position\":2,\"name\":\"La Asociaci\u00f3n Bancaria ratifica que los bancos seguir\u00e1n cerrados al p\u00fablico\"}]},{\"@type\":\"WebSite\",\"@id\":\"https:\/\/www.noticiasradioreflejos.com.ar\/2021\/#website\",\"url\":\"https:\/\/www.noticiasradioreflejos.com.ar\/2021\/\",\"name\":\"Noticias Radio Reflejos\",\"description\":\"Las noticias de mi comarca\",\"potentialAction\":[{\"@type\":\"SearchAction\",\"target\":{\"@type\":\"EntryPoint\",\"urlTemplate\":\"https:\/\/www.noticiasradioreflejos.com.ar\/2021\/?s={search_term_string}\"},\"query-input\":{\"@type\":\"PropertyValueSpecification\",\"valueRequired\":true,\"valueName\":\"search_term_string\"}}],\"inLanguage\":\"es\"},{\"@type\":\"Person\",\"@id\":\"https:\/\/www.noticiasradioreflejos.com.ar\/2021\/#\/schema\/person\/ad82545263dcc5ec0996818884fd5fb1\",\"name\":\"Arnaldo Botto\",\"image\":{\"@type\":\"ImageObject\",\"inLanguage\":\"es\",\"@id\":\"https:\/\/www.noticiasradioreflejos.com.ar\/2021\/#\/schema\/person\/image\/\",\"url\":\"https:\/\/secure.gravatar.com\/avatar\/55cb5e37c1efa326397366e6974cb338056df65cb50e7d64d1cf314e87504837?s=96&d=mm&r=g\",\"contentUrl\":\"https:\/\/secure.gravatar.com\/avatar\/55cb5e37c1efa326397366e6974cb338056df65cb50e7d64d1cf314e87504837?s=96&d=mm&r=g\",\"caption\":\"Arnaldo Botto\"},\"url\":\"https:\/\/www.noticiasradioreflejos.com.ar\/2021\/author\/arnaldo\/\"}]}<\/script>\n<!-- \/ Yoast SEO plugin. -->","yoast_head_json":{"title":"La Asociaci\u00f3n Bancaria ratifica que los bancos seguir\u00e1n cerrados al p\u00fablico - Noticias Radio Reflejos","robots":{"index":"index","follow":"follow","max-snippet":"max-snippet:-1","max-image-preview":"max-image-preview:large","max-video-preview":"max-video-preview:-1"},"canonical":"https:\/\/www.noticiasradioreflejos.com.ar\/2021\/la-asociacion-bancaria-ratifica-que-los-bancos-seguiran-cerrados-al-publico\/","og_locale":"es_ES","og_type":"article","og_title":"La Asociaci\u00f3n Bancaria ratifica que los bancos seguir\u00e1n cerrados al p\u00fablico - Noticias Radio Reflejos","og_description":"La Asociaci\u00f3n Bancaria (AB) inform\u00f3 hoy que las operaciones esenciales en los bancos \u00abseguir\u00e1n siendo a puertas cerradas, sin abrir al p\u00fablico, con dotaci\u00f3n m\u00ednima y en forma remota en favor de la salud de trabajadores y clientes\u00bb. En un comunicado difundido esta ma\u00f1ana, el gremio bancario precis\u00f3 que, ante el aislamiento obligatorio por el [&hellip;]","og_url":"https:\/\/www.noticiasradioreflejos.com.ar\/2021\/la-asociacion-bancaria-ratifica-que-los-bancos-seguiran-cerrados-al-publico\/","og_site_name":"Noticias Radio Reflejos","article_published_time":"2020-03-25T11:26:35+00:00","og_image":[{"width":300,"height":200,"url":"https:\/\/www.noticiasradioreflejos.com.ar\/2021\/wp-content\/uploads\/2021\/07\/logosol300x200.png","type":"image\/png"}],"author":"Arnaldo Botto","twitter_card":"summary_large_image","schema":{"@context":"https:\/\/schema.org","@graph":[{"@type":"WebPage","@id":"https:\/\/www.noticiasradioreflejos.com.ar\/2021\/la-asociacion-bancaria-ratifica-que-los-bancos-seguiran-cerrados-al-publico\/","url":"https:\/\/www.noticiasradioreflejos.com.ar\/2021\/la-asociacion-bancaria-ratifica-que-los-bancos-seguiran-cerrados-al-publico\/","name":"La Asociaci\u00f3n Bancaria ratifica que los bancos seguir\u00e1n cerrados al p\u00fablico - Noticias Radio Reflejos","isPartOf":{"@id":"https:\/\/www.noticiasradioreflejos.com.ar\/2021\/#website"},"datePublished":"2020-03-25T11:26:35+00:00","author":{"@id":"https:\/\/www.noticiasradioreflejos.com.ar\/2021\/#\/schema\/person\/ad82545263dcc5ec0996818884fd5fb1"},"breadcrumb":{"@id":"https:\/\/www.noticiasradioreflejos.com.ar\/2021\/la-asociacion-bancaria-ratifica-que-los-bancos-seguiran-cerrados-al-publico\/#breadcrumb"},"inLanguage":"es","potentialAction":[{"@type":"ReadAction","target":["https:\/\/www.noticiasradioreflejos.com.ar\/2021\/la-asociacion-bancaria-ratifica-que-los-bancos-seguiran-cerrados-al-publico\/"]}]},{"@type":"BreadcrumbList","@id":"https:\/\/www.noticiasradioreflejos.com.ar\/2021\/la-asociacion-bancaria-ratifica-que-los-bancos-seguiran-cerrados-al-publico\/#breadcrumb","itemListElement":[{"@type":"ListItem","position":1,"name":"Portada","item":"https:\/\/www.noticiasradioreflejos.com.ar\/2021\/"},{"@type":"ListItem","position":2,"name":"La Asociaci\u00f3n Bancaria ratifica que los bancos seguir\u00e1n cerrados al p\u00fablico"}]},{"@type":"WebSite","@id":"https:\/\/www.noticiasradioreflejos.com.ar\/2021\/#website","url":"https:\/\/www.noticiasradioreflejos.com.ar\/2021\/","name":"Noticias Radio Reflejos","description":"Las noticias de mi comarca","potentialAction":[{"@type":"SearchAction","target":{"@type":"EntryPoint","urlTemplate":"https:\/\/www.noticiasradioreflejos.com.ar\/2021\/?s={search_term_string}"},"query-input":{"@type":"PropertyValueSpecification","valueRequired":true,"valueName":"search_term_string"}}],"inLanguage":"es"},{"@type":"Person","@id":"https:\/\/www.noticiasradioreflejos.com.ar\/2021\/#\/schema\/person\/ad82545263dcc5ec0996818884fd5fb1","name":"Arnaldo Botto","image":{"@type":"ImageObject","inLanguage":"es","@id":"https:\/\/www.noticiasradioreflejos.com.ar\/2021\/#\/schema\/person\/image\/","url":"https:\/\/secure.gravatar.com\/avatar\/55cb5e37c1efa326397366e6974cb338056df65cb50e7d64d1cf314e87504837?s=96&d=mm&r=g","contentUrl":"https:\/\/secure.gravatar.com\/avatar\/55cb5e37c1efa326397366e6974cb338056df65cb50e7d64d1cf314e87504837?s=96&d=mm&r=g","caption":"Arnaldo Botto"},"url":"https:\/\/www.noticiasradioreflejos.com.ar\/2021\/author\/arnaldo\/"}]}},"_links":{"self":[{"href":"https:\/\/www.noticiasradioreflejos.com.ar\/2021\/wp-json\/wp\/v2\/posts\/39955","targetHints":{"allow":["GET"]}}],"collection":[{"href":"https:\/\/www.noticiasradioreflejos.com.ar\/2021\/wp-json\/wp\/v2\/posts"}],"about":[{"href":"https:\/\/www.noticiasradioreflejos.com.ar\/2021\/wp-json\/wp\/v2\/types\/post"}],"author":[{"embeddable":true,"href":"https:\/\/www.noticiasradioreflejos.com.ar\/2021\/wp-json\/wp\/v2\/users\/3"}],"replies":[{"embeddable":true,"href":"https:\/\/www.noticiasradioreflejos.com.ar\/2021\/wp-json\/wp\/v2\/comments?post=39955"}],"version-history":[{"count":0,"href":"https:\/\/www.noticiasradioreflejos.com.ar\/2021\/wp-json\/wp\/v2\/posts\/39955\/revisions"}],"wp:attachment":[{"href":"https:\/\/www.noticiasradioreflejos.com.ar\/2021\/wp-json\/wp\/v2\/media?parent=39955"}],"wp:term":[{"taxonomy":"category","embeddable":true,"href":"https:\/\/www.noticiasradioreflejos.com.ar\/2021\/wp-json\/wp\/v2\/categories?post=39955"},{"taxonomy":"post_tag","embeddable":true,"href":"https:\/\/www.noticiasradioreflejos.com.ar\/2021\/wp-json\/wp\/v2\/tags?post=39955"}],"curies":[{"name":"wp","href":"https:\/\/api.w.org\/{rel}","templated":true}]}}