{"id":39939,"date":"2020-03-24T14:45:11","date_gmt":"2020-03-24T17:45:11","guid":{"rendered":"http:\/\/www.noticiasradioreflejos.com.ar\/noticias\/?p=39939"},"modified":"2020-03-24T14:45:11","modified_gmt":"2020-03-24T17:45:11","slug":"cuba-envia-brigada-de-500-medicos-a-la-provincia-de-buenos-aires","status":"publish","type":"post","link":"https:\/\/www.noticiasradioreflejos.com.ar\/2021\/cuba-envia-brigada-de-500-medicos-a-la-provincia-de-buenos-aires\/","title":{"rendered":"Cuba env\u00eda brigada de 500 m\u00e9dicos a la provincia de Buenos Aires"},"content":{"rendered":"<p>Es por pedido del gobierno de Axel Kicillof. Se trata en su mayor\u00eda de emergent\u00f3logos y terapistas que llegar\u00e1n en los primeros d\u00edas de abril.<!--more--><\/p>\n<p>El ministro de Salud bonaerense, Daniel Gollan, comunic\u00f3 la llegada de m\u00e9dicos cubanos durante la reuni\u00f3n que mantuvo Alberto Fern\u00e1ndez con los intendentes en Olivos,<br \/>\nA pedido de la provincia de Buenos Aires, Cuba enviar\u00e1 unos 500 m\u00e9dicos a distintos hospitales para colaborar en la contenci\u00f3n de la pandemia del coronavirus. Se trata en su mayor\u00eda de emergent\u00f3logos y terapistas que llegar\u00e1n en los primeros d\u00edas de abril que auxiliar\u00e1 en distintas instituciones m\u00e9dicas al sistema sanitario bonaerense de cara a una eventual expansi\u00f3n del Covid 19.<\/p>\n<p>La llegada de los 500 m\u00e9dicos cubanos fue notificada por el ministro de salud bonaerense, Daniel Goll\u00e1n, al presidente Alberto Fern\u00e1ndez y a los intendentes del conurbano en el encuentro celebrado el lunes en la Quinta de Olivos. Cuba ya envi\u00f3 incluso profesionales de la salud a pa\u00edses desarrollados afectados por la pandemia como Italia. El domingo pasado llegaron a la regi\u00f3n de Lombard\u00eda 53 m\u00e9dicos para auxiliar en el desborde del sistema de atenci\u00f3n en el epicentro del virus en Italia.<\/p>\n<p>El gobierno de Axel Kicillof a\u00fan no defini\u00f3 en qu\u00e9 hospitales estar\u00e1n asignados los m\u00e9dicos cubanos pero fuentes del gobierno bonaerense aclararon que no se trata de infect\u00f3logos sino de terapistas y emergent\u00f3logos que estar\u00e1n trabajando en los casos m\u00e1s cr\u00edticos ya diagnosticados. En la reuni\u00f3n del lunes en Olivos surgi\u00f3 un primer roce entre la Ciudad de Buenos Aires y la provincia. Un intendente plante\u00f3 que, a partir de los mejores sueldos que paga la Capital Federal a los m\u00e9dicos, gran parte de los profesionales calificados de la provincia son contratados por los hospitales porte\u00f1os. Ese desfasaje salarial genera un d\u00e9ficit de personal en la provincia m\u00e1s poblada del pa\u00eds que debi\u00f3 salir a buscar el auxilio de m\u00e9dicos cubanos.<\/p>\n<p>La disputa salarial entre la Ciudad y Buenos Aires no es el \u00fanico conflicto sanitario que complica operativamente a ambas jurisdicciones. El 50% de las consultas que recibe el sistema hospitalario porte\u00f1o viene de la provincia de Buenos Aires y el 30% de las internaciones tambi\u00e9n son de pacientes bonaerenses. Por eso Goll\u00e1n anticip\u00f3 que agregar\u00e1n 1.000 unidades de terapia intensiva adem\u00e1s de las 18 mil camas no hospitalarias que ya se desplegaron en la provincia.<\/p>\n<p>En la reuni\u00f3n del lunes en Olivos tuvo una activa participaci\u00f3n Sergio Berni. El ministro de Seguridad de Kicillof hizo dos propuestas. La primera fue acotar el horario de atenci\u00f3n de los supermercados. El funcionario sugiri\u00f3 que funcionen s\u00f3lo por la ma\u00f1ana o s\u00f3lo por la tarde para hacer m\u00e1s efectiva la restricci\u00f3n de circulaci\u00f3n y controlar mejor el aislamiento. El Presidente mostr\u00f3 aceptaci\u00f3n a la medida y prometi\u00f3 estudiarla para comenzar a implementarla si se extiende la cuarentena. Pero Berni tambi\u00e9n pidi\u00f3 mayor severidad a la hora de restringir el transporte p\u00fablico, posibilidad que fue desechada por Alberto Fern\u00e1ndez teniendo en cuenta que el nivel de viajes se redujo dr\u00e1sticamente a pesar de las excepciones para circular.<\/p>\n<p>En medio de la crisis sanitaria hubo sin embargo un noticia positiva para la Casa Rosada. De acuerdo a una encuesta de la consultora Aurelio, la imagen positiva de Alberto Fern\u00e1ndez trep\u00f3 al 80% y en la regi\u00f3n metropolitana se registra un 90% de aceptaci\u00f3n a las medidas de aislamiento social obligatorio dispuestas por el Gobierno nacional. Adem\u00e1s, 7 de cada 10 votantes de Cambiemos se mostr\u00f3 a favor de las decisiones tomadas por el Presidente.<\/p>\n<p>Por Ezequiel Rudman<\/p>\n","protected":false},"excerpt":{"rendered":"<p>Es por pedido del gobierno de Axel Kicillof. Se trata en su mayor\u00eda de emergent\u00f3logos y terapistas que llegar\u00e1n en los primeros d\u00edas de abril.<\/p>\n","protected":false},"author":3,"featured_media":0,"comment_status":"closed","ping_status":"open","sticky":false,"template":"","format":"standard","meta":{"footnotes":""},"categories":[30],"tags":[],"class_list":["post-39939","post","type-post","status-publish","format-standard","hentry","category-salud"],"yoast_head":"<!-- This site is optimized with the Yoast SEO plugin v25.9 - https:\/\/yoast.com\/wordpress\/plugins\/seo\/ -->\n<title>Cuba env\u00eda brigada de 500 m\u00e9dicos a la provincia de Buenos Aires - Noticias Radio Reflejos<\/title>\n<meta name=\"robots\" content=\"index, follow, max-snippet:-1, max-image-preview:large, max-video-preview:-1\" \/>\n<link rel=\"canonical\" href=\"https:\/\/www.noticiasradioreflejos.com.ar\/2021\/cuba-envia-brigada-de-500-medicos-a-la-provincia-de-buenos-aires\/\" \/>\n<meta property=\"og:locale\" content=\"es_ES\" \/>\n<meta property=\"og:type\" content=\"article\" \/>\n<meta property=\"og:title\" content=\"Cuba env\u00eda brigada de 500 m\u00e9dicos a la provincia de Buenos Aires - Noticias Radio Reflejos\" \/>\n<meta property=\"og:description\" content=\"Es por pedido del gobierno de Axel Kicillof. Se trata en su mayor\u00eda de emergent\u00f3logos y terapistas que llegar\u00e1n en los primeros d\u00edas de abril.\" \/>\n<meta property=\"og:url\" content=\"https:\/\/www.noticiasradioreflejos.com.ar\/2021\/cuba-envia-brigada-de-500-medicos-a-la-provincia-de-buenos-aires\/\" \/>\n<meta property=\"og:site_name\" content=\"Noticias Radio Reflejos\" \/>\n<meta property=\"article:published_time\" content=\"2020-03-24T17:45:11+00:00\" \/>\n<meta property=\"og:image\" content=\"https:\/\/www.noticiasradioreflejos.com.ar\/2021\/wp-content\/uploads\/2021\/07\/logosol300x200.png\" \/>\n\t<meta property=\"og:image:width\" content=\"300\" \/>\n\t<meta property=\"og:image:height\" content=\"200\" \/>\n\t<meta property=\"og:image:type\" content=\"image\/png\" \/>\n<meta name=\"author\" content=\"Arnaldo Botto\" \/>\n<meta name=\"twitter:card\" content=\"summary_large_image\" \/>\n<script type=\"application\/ld+json\" class=\"yoast-schema-graph\">{\"@context\":\"https:\/\/schema.org\",\"@graph\":[{\"@type\":\"WebPage\",\"@id\":\"https:\/\/www.noticiasradioreflejos.com.ar\/2021\/cuba-envia-brigada-de-500-medicos-a-la-provincia-de-buenos-aires\/\",\"url\":\"https:\/\/www.noticiasradioreflejos.com.ar\/2021\/cuba-envia-brigada-de-500-medicos-a-la-provincia-de-buenos-aires\/\",\"name\":\"Cuba env\u00eda brigada de 500 m\u00e9dicos a la provincia de Buenos Aires - Noticias Radio Reflejos\",\"isPartOf\":{\"@id\":\"https:\/\/www.noticiasradioreflejos.com.ar\/2021\/#website\"},\"datePublished\":\"2020-03-24T17:45:11+00:00\",\"author\":{\"@id\":\"https:\/\/www.noticiasradioreflejos.com.ar\/2021\/#\/schema\/person\/ad82545263dcc5ec0996818884fd5fb1\"},\"breadcrumb\":{\"@id\":\"https:\/\/www.noticiasradioreflejos.com.ar\/2021\/cuba-envia-brigada-de-500-medicos-a-la-provincia-de-buenos-aires\/#breadcrumb\"},\"inLanguage\":\"es\",\"potentialAction\":[{\"@type\":\"ReadAction\",\"target\":[\"https:\/\/www.noticiasradioreflejos.com.ar\/2021\/cuba-envia-brigada-de-500-medicos-a-la-provincia-de-buenos-aires\/\"]}]},{\"@type\":\"BreadcrumbList\",\"@id\":\"https:\/\/www.noticiasradioreflejos.com.ar\/2021\/cuba-envia-brigada-de-500-medicos-a-la-provincia-de-buenos-aires\/#breadcrumb\",\"itemListElement\":[{\"@type\":\"ListItem\",\"position\":1,\"name\":\"Portada\",\"item\":\"https:\/\/www.noticiasradioreflejos.com.ar\/2021\/\"},{\"@type\":\"ListItem\",\"position\":2,\"name\":\"Cuba env\u00eda brigada de 500 m\u00e9dicos a la provincia de Buenos Aires\"}]},{\"@type\":\"WebSite\",\"@id\":\"https:\/\/www.noticiasradioreflejos.com.ar\/2021\/#website\",\"url\":\"https:\/\/www.noticiasradioreflejos.com.ar\/2021\/\",\"name\":\"Noticias Radio Reflejos\",\"description\":\"Las noticias de mi comarca\",\"potentialAction\":[{\"@type\":\"SearchAction\",\"target\":{\"@type\":\"EntryPoint\",\"urlTemplate\":\"https:\/\/www.noticiasradioreflejos.com.ar\/2021\/?s={search_term_string}\"},\"query-input\":{\"@type\":\"PropertyValueSpecification\",\"valueRequired\":true,\"valueName\":\"search_term_string\"}}],\"inLanguage\":\"es\"},{\"@type\":\"Person\",\"@id\":\"https:\/\/www.noticiasradioreflejos.com.ar\/2021\/#\/schema\/person\/ad82545263dcc5ec0996818884fd5fb1\",\"name\":\"Arnaldo Botto\",\"image\":{\"@type\":\"ImageObject\",\"inLanguage\":\"es\",\"@id\":\"https:\/\/www.noticiasradioreflejos.com.ar\/2021\/#\/schema\/person\/image\/\",\"url\":\"https:\/\/secure.gravatar.com\/avatar\/55cb5e37c1efa326397366e6974cb338056df65cb50e7d64d1cf314e87504837?s=96&d=mm&r=g\",\"contentUrl\":\"https:\/\/secure.gravatar.com\/avatar\/55cb5e37c1efa326397366e6974cb338056df65cb50e7d64d1cf314e87504837?s=96&d=mm&r=g\",\"caption\":\"Arnaldo Botto\"},\"url\":\"https:\/\/www.noticiasradioreflejos.com.ar\/2021\/author\/arnaldo\/\"}]}<\/script>\n<!-- \/ Yoast SEO plugin. -->","yoast_head_json":{"title":"Cuba env\u00eda brigada de 500 m\u00e9dicos a la provincia de Buenos Aires - Noticias Radio Reflejos","robots":{"index":"index","follow":"follow","max-snippet":"max-snippet:-1","max-image-preview":"max-image-preview:large","max-video-preview":"max-video-preview:-1"},"canonical":"https:\/\/www.noticiasradioreflejos.com.ar\/2021\/cuba-envia-brigada-de-500-medicos-a-la-provincia-de-buenos-aires\/","og_locale":"es_ES","og_type":"article","og_title":"Cuba env\u00eda brigada de 500 m\u00e9dicos a la provincia de Buenos Aires - Noticias Radio Reflejos","og_description":"Es por pedido del gobierno de Axel Kicillof. Se trata en su mayor\u00eda de emergent\u00f3logos y terapistas que llegar\u00e1n en los primeros d\u00edas de abril.","og_url":"https:\/\/www.noticiasradioreflejos.com.ar\/2021\/cuba-envia-brigada-de-500-medicos-a-la-provincia-de-buenos-aires\/","og_site_name":"Noticias Radio Reflejos","article_published_time":"2020-03-24T17:45:11+00:00","og_image":[{"width":300,"height":200,"url":"https:\/\/www.noticiasradioreflejos.com.ar\/2021\/wp-content\/uploads\/2021\/07\/logosol300x200.png","type":"image\/png"}],"author":"Arnaldo Botto","twitter_card":"summary_large_image","schema":{"@context":"https:\/\/schema.org","@graph":[{"@type":"WebPage","@id":"https:\/\/www.noticiasradioreflejos.com.ar\/2021\/cuba-envia-brigada-de-500-medicos-a-la-provincia-de-buenos-aires\/","url":"https:\/\/www.noticiasradioreflejos.com.ar\/2021\/cuba-envia-brigada-de-500-medicos-a-la-provincia-de-buenos-aires\/","name":"Cuba env\u00eda brigada de 500 m\u00e9dicos a la provincia de Buenos Aires - Noticias Radio Reflejos","isPartOf":{"@id":"https:\/\/www.noticiasradioreflejos.com.ar\/2021\/#website"},"datePublished":"2020-03-24T17:45:11+00:00","author":{"@id":"https:\/\/www.noticiasradioreflejos.com.ar\/2021\/#\/schema\/person\/ad82545263dcc5ec0996818884fd5fb1"},"breadcrumb":{"@id":"https:\/\/www.noticiasradioreflejos.com.ar\/2021\/cuba-envia-brigada-de-500-medicos-a-la-provincia-de-buenos-aires\/#breadcrumb"},"inLanguage":"es","potentialAction":[{"@type":"ReadAction","target":["https:\/\/www.noticiasradioreflejos.com.ar\/2021\/cuba-envia-brigada-de-500-medicos-a-la-provincia-de-buenos-aires\/"]}]},{"@type":"BreadcrumbList","@id":"https:\/\/www.noticiasradioreflejos.com.ar\/2021\/cuba-envia-brigada-de-500-medicos-a-la-provincia-de-buenos-aires\/#breadcrumb","itemListElement":[{"@type":"ListItem","position":1,"name":"Portada","item":"https:\/\/www.noticiasradioreflejos.com.ar\/2021\/"},{"@type":"ListItem","position":2,"name":"Cuba env\u00eda brigada de 500 m\u00e9dicos a la provincia de Buenos Aires"}]},{"@type":"WebSite","@id":"https:\/\/www.noticiasradioreflejos.com.ar\/2021\/#website","url":"https:\/\/www.noticiasradioreflejos.com.ar\/2021\/","name":"Noticias Radio Reflejos","description":"Las noticias de mi comarca","potentialAction":[{"@type":"SearchAction","target":{"@type":"EntryPoint","urlTemplate":"https:\/\/www.noticiasradioreflejos.com.ar\/2021\/?s={search_term_string}"},"query-input":{"@type":"PropertyValueSpecification","valueRequired":true,"valueName":"search_term_string"}}],"inLanguage":"es"},{"@type":"Person","@id":"https:\/\/www.noticiasradioreflejos.com.ar\/2021\/#\/schema\/person\/ad82545263dcc5ec0996818884fd5fb1","name":"Arnaldo Botto","image":{"@type":"ImageObject","inLanguage":"es","@id":"https:\/\/www.noticiasradioreflejos.com.ar\/2021\/#\/schema\/person\/image\/","url":"https:\/\/secure.gravatar.com\/avatar\/55cb5e37c1efa326397366e6974cb338056df65cb50e7d64d1cf314e87504837?s=96&d=mm&r=g","contentUrl":"https:\/\/secure.gravatar.com\/avatar\/55cb5e37c1efa326397366e6974cb338056df65cb50e7d64d1cf314e87504837?s=96&d=mm&r=g","caption":"Arnaldo Botto"},"url":"https:\/\/www.noticiasradioreflejos.com.ar\/2021\/author\/arnaldo\/"}]}},"_links":{"self":[{"href":"https:\/\/www.noticiasradioreflejos.com.ar\/2021\/wp-json\/wp\/v2\/posts\/39939","targetHints":{"allow":["GET"]}}],"collection":[{"href":"https:\/\/www.noticiasradioreflejos.com.ar\/2021\/wp-json\/wp\/v2\/posts"}],"about":[{"href":"https:\/\/www.noticiasradioreflejos.com.ar\/2021\/wp-json\/wp\/v2\/types\/post"}],"author":[{"embeddable":true,"href":"https:\/\/www.noticiasradioreflejos.com.ar\/2021\/wp-json\/wp\/v2\/users\/3"}],"replies":[{"embeddable":true,"href":"https:\/\/www.noticiasradioreflejos.com.ar\/2021\/wp-json\/wp\/v2\/comments?post=39939"}],"version-history":[{"count":0,"href":"https:\/\/www.noticiasradioreflejos.com.ar\/2021\/wp-json\/wp\/v2\/posts\/39939\/revisions"}],"wp:attachment":[{"href":"https:\/\/www.noticiasradioreflejos.com.ar\/2021\/wp-json\/wp\/v2\/media?parent=39939"}],"wp:term":[{"taxonomy":"category","embeddable":true,"href":"https:\/\/www.noticiasradioreflejos.com.ar\/2021\/wp-json\/wp\/v2\/categories?post=39939"},{"taxonomy":"post_tag","embeddable":true,"href":"https:\/\/www.noticiasradioreflejos.com.ar\/2021\/wp-json\/wp\/v2\/tags?post=39939"}],"curies":[{"name":"wp","href":"https:\/\/api.w.org\/{rel}","templated":true}]}}