{"id":39930,"date":"2020-03-24T14:27:06","date_gmt":"2020-03-24T17:27:06","guid":{"rendered":"http:\/\/www.noticiasradioreflejos.com.ar\/noticias\/?p=39930"},"modified":"2020-03-24T14:27:06","modified_gmt":"2020-03-24T17:27:06","slug":"tanto-los-medicos-como-enfermeras-nos-hemos-encontrados-en-una-guardia-que-nos-desbordo-estamos-preparados-para-esta-emergencia-dr-eduardo-liberatore","status":"publish","type":"post","link":"https:\/\/www.noticiasradioreflejos.com.ar\/2021\/tanto-los-medicos-como-enfermeras-nos-hemos-encontrados-en-una-guardia-que-nos-desbordo-estamos-preparados-para-esta-emergencia-dr-eduardo-liberatore\/","title":{"rendered":"\u00abTanto los m\u00e9dicos como enfermeras, nos hemos encontrados en una guardia que nos desbord\u00f3. Estamos preparados para esta emergencia\u00bb. Dr Eduardo Liberatore\u00bb"},"content":{"rendered":"<p>El jefe de la Unidad Sanitaria de Sierra de la Ventana, <strong>Dr Eduardo Liberatore<\/strong>, dialog\u00f3 v\u00eda telef\u00f3nica durante el programa \u00abUn Mate y Un Caf\u00e9\u00bb para recordar las medidas que deben llevar adelante los vecinos en los cuidados contra la Pandemia del coronavirus y explic\u00f3 c\u00f3mo se organiz\u00f3 al Centro de asistencia primaria local ante la emergencia y lo que demande la Atenci\u00f3n de la salud de los pobladores locales.<!--more--><br \/>\nDurante unos 27 minutos, el Director de la Unidad Sanitaria \u00abDr. Emilio Aldaya\u00bb de Sierra de la Ventana , describi\u00f3 c\u00f3mo se prepararon, en qu\u00e9 condiciones se encuentran y c\u00f3mo van afrontar la pandemia del Covid 19.<br \/>\n\u00abTengo lo que tengo que tener para el nivel que necesito\u00bb afirm\u00f3 el m\u00e9dico a cargo del nosocomio.<br \/>\nTambi\u00e9n asegur\u00f3 que las l\u00edneas de emergencia m\u00e9dicas no colapsaron hasta el momento y que organizaron todo un sistema de comunicaci\u00f3n , con wasap, videollamadas y mensajes las formas de diagnosticar las necesidades de los vecinos.<br \/>\n<strong><br \/>\nEscuchar nota completa:<\/strong><br \/>\n<iframe loading=\"lazy\" src=\"https:\/\/w.soundcloud.com\/player\/?url=https%3A\/\/api.soundcloud.com\/tracks\/782336086&amp;color=%23ff5500&amp;auto_play=false&amp;hide_related=false&amp;show_comments=true&amp;show_user=true&amp;show_reposts=false&amp;show_teaser=true\" width=\"100%\" height=\"166\" frameborder=\"no\" scrolling=\"no\"><\/iframe><\/p>\n","protected":false},"excerpt":{"rendered":"<p>El jefe de la Unidad Sanitaria de Sierra de la Ventana, Dr Eduardo Liberatore, dialog\u00f3 v\u00eda telef\u00f3nica durante el programa \u00abUn Mate y Un Caf\u00e9\u00bb para recordar las medidas que deben llevar adelante los vecinos en los cuidados contra la Pandemia del coronavirus y explic\u00f3 c\u00f3mo se organiz\u00f3 al Centro de asistencia primaria local ante [&hellip;]<\/p>\n","protected":false},"author":3,"featured_media":0,"comment_status":"closed","ping_status":"open","sticky":false,"template":"","format":"standard","meta":{"footnotes":""},"categories":[30],"tags":[],"class_list":["post-39930","post","type-post","status-publish","format-standard","hentry","category-salud"],"yoast_head":"<!-- This site is optimized with the Yoast SEO plugin v25.9 - https:\/\/yoast.com\/wordpress\/plugins\/seo\/ -->\n<title>&quot;Tanto los m\u00e9dicos como enfermeras, nos hemos encontrados en una guardia que nos desbord\u00f3. Estamos preparados para esta emergencia&quot;. Dr Eduardo Liberatore&quot; - Noticias Radio Reflejos<\/title>\n<meta name=\"robots\" content=\"index, follow, max-snippet:-1, max-image-preview:large, max-video-preview:-1\" \/>\n<link rel=\"canonical\" href=\"https:\/\/www.noticiasradioreflejos.com.ar\/2021\/tanto-los-medicos-como-enfermeras-nos-hemos-encontrados-en-una-guardia-que-nos-desbordo-estamos-preparados-para-esta-emergencia-dr-eduardo-liberatore\/\" \/>\n<meta property=\"og:locale\" content=\"es_ES\" \/>\n<meta property=\"og:type\" content=\"article\" \/>\n<meta property=\"og:title\" content=\"&quot;Tanto los m\u00e9dicos como enfermeras, nos hemos encontrados en una guardia que nos desbord\u00f3. Estamos preparados para esta emergencia&quot;. Dr Eduardo Liberatore&quot; - Noticias Radio Reflejos\" \/>\n<meta property=\"og:description\" content=\"El jefe de la Unidad Sanitaria de Sierra de la Ventana, Dr Eduardo Liberatore, dialog\u00f3 v\u00eda telef\u00f3nica durante el programa \u00abUn Mate y Un Caf\u00e9\u00bb para recordar las medidas que deben llevar adelante los vecinos en los cuidados contra la Pandemia del coronavirus y explic\u00f3 c\u00f3mo se organiz\u00f3 al Centro de asistencia primaria local ante [&hellip;]\" \/>\n<meta property=\"og:url\" content=\"https:\/\/www.noticiasradioreflejos.com.ar\/2021\/tanto-los-medicos-como-enfermeras-nos-hemos-encontrados-en-una-guardia-que-nos-desbordo-estamos-preparados-para-esta-emergencia-dr-eduardo-liberatore\/\" \/>\n<meta property=\"og:site_name\" content=\"Noticias Radio Reflejos\" \/>\n<meta property=\"article:published_time\" content=\"2020-03-24T17:27:06+00:00\" \/>\n<meta property=\"og:image\" content=\"https:\/\/www.noticiasradioreflejos.com.ar\/2021\/wp-content\/uploads\/2021\/07\/logosol300x200.png\" \/>\n\t<meta property=\"og:image:width\" content=\"300\" \/>\n\t<meta property=\"og:image:height\" content=\"200\" \/>\n\t<meta property=\"og:image:type\" content=\"image\/png\" \/>\n<meta name=\"author\" content=\"Arnaldo Botto\" \/>\n<meta name=\"twitter:card\" content=\"summary_large_image\" \/>\n<script type=\"application\/ld+json\" class=\"yoast-schema-graph\">{\"@context\":\"https:\/\/schema.org\",\"@graph\":[{\"@type\":\"WebPage\",\"@id\":\"https:\/\/www.noticiasradioreflejos.com.ar\/2021\/tanto-los-medicos-como-enfermeras-nos-hemos-encontrados-en-una-guardia-que-nos-desbordo-estamos-preparados-para-esta-emergencia-dr-eduardo-liberatore\/\",\"url\":\"https:\/\/www.noticiasradioreflejos.com.ar\/2021\/tanto-los-medicos-como-enfermeras-nos-hemos-encontrados-en-una-guardia-que-nos-desbordo-estamos-preparados-para-esta-emergencia-dr-eduardo-liberatore\/\",\"name\":\"\\\"Tanto los m\u00e9dicos como enfermeras, nos hemos encontrados en una guardia que nos desbord\u00f3. Estamos preparados para esta emergencia\\\". Dr Eduardo Liberatore\\\" - Noticias Radio Reflejos\",\"isPartOf\":{\"@id\":\"https:\/\/www.noticiasradioreflejos.com.ar\/2021\/#website\"},\"datePublished\":\"2020-03-24T17:27:06+00:00\",\"author\":{\"@id\":\"https:\/\/www.noticiasradioreflejos.com.ar\/2021\/#\/schema\/person\/ad82545263dcc5ec0996818884fd5fb1\"},\"breadcrumb\":{\"@id\":\"https:\/\/www.noticiasradioreflejos.com.ar\/2021\/tanto-los-medicos-como-enfermeras-nos-hemos-encontrados-en-una-guardia-que-nos-desbordo-estamos-preparados-para-esta-emergencia-dr-eduardo-liberatore\/#breadcrumb\"},\"inLanguage\":\"es\",\"potentialAction\":[{\"@type\":\"ReadAction\",\"target\":[\"https:\/\/www.noticiasradioreflejos.com.ar\/2021\/tanto-los-medicos-como-enfermeras-nos-hemos-encontrados-en-una-guardia-que-nos-desbordo-estamos-preparados-para-esta-emergencia-dr-eduardo-liberatore\/\"]}]},{\"@type\":\"BreadcrumbList\",\"@id\":\"https:\/\/www.noticiasradioreflejos.com.ar\/2021\/tanto-los-medicos-como-enfermeras-nos-hemos-encontrados-en-una-guardia-que-nos-desbordo-estamos-preparados-para-esta-emergencia-dr-eduardo-liberatore\/#breadcrumb\",\"itemListElement\":[{\"@type\":\"ListItem\",\"position\":1,\"name\":\"Portada\",\"item\":\"https:\/\/www.noticiasradioreflejos.com.ar\/2021\/\"},{\"@type\":\"ListItem\",\"position\":2,\"name\":\"\u00abTanto los m\u00e9dicos como enfermeras, nos hemos encontrados en una guardia que nos desbord\u00f3. Estamos preparados para esta emergencia\u00bb. Dr Eduardo Liberatore\u00bb\"}]},{\"@type\":\"WebSite\",\"@id\":\"https:\/\/www.noticiasradioreflejos.com.ar\/2021\/#website\",\"url\":\"https:\/\/www.noticiasradioreflejos.com.ar\/2021\/\",\"name\":\"Noticias Radio Reflejos\",\"description\":\"Las noticias de mi comarca\",\"potentialAction\":[{\"@type\":\"SearchAction\",\"target\":{\"@type\":\"EntryPoint\",\"urlTemplate\":\"https:\/\/www.noticiasradioreflejos.com.ar\/2021\/?s={search_term_string}\"},\"query-input\":{\"@type\":\"PropertyValueSpecification\",\"valueRequired\":true,\"valueName\":\"search_term_string\"}}],\"inLanguage\":\"es\"},{\"@type\":\"Person\",\"@id\":\"https:\/\/www.noticiasradioreflejos.com.ar\/2021\/#\/schema\/person\/ad82545263dcc5ec0996818884fd5fb1\",\"name\":\"Arnaldo Botto\",\"image\":{\"@type\":\"ImageObject\",\"inLanguage\":\"es\",\"@id\":\"https:\/\/www.noticiasradioreflejos.com.ar\/2021\/#\/schema\/person\/image\/\",\"url\":\"https:\/\/secure.gravatar.com\/avatar\/55cb5e37c1efa326397366e6974cb338056df65cb50e7d64d1cf314e87504837?s=96&d=mm&r=g\",\"contentUrl\":\"https:\/\/secure.gravatar.com\/avatar\/55cb5e37c1efa326397366e6974cb338056df65cb50e7d64d1cf314e87504837?s=96&d=mm&r=g\",\"caption\":\"Arnaldo Botto\"},\"url\":\"https:\/\/www.noticiasradioreflejos.com.ar\/2021\/author\/arnaldo\/\"}]}<\/script>\n<!-- \/ Yoast SEO plugin. -->","yoast_head_json":{"title":"\"Tanto los m\u00e9dicos como enfermeras, nos hemos encontrados en una guardia que nos desbord\u00f3. Estamos preparados para esta emergencia\". Dr Eduardo Liberatore\" - Noticias Radio Reflejos","robots":{"index":"index","follow":"follow","max-snippet":"max-snippet:-1","max-image-preview":"max-image-preview:large","max-video-preview":"max-video-preview:-1"},"canonical":"https:\/\/www.noticiasradioreflejos.com.ar\/2021\/tanto-los-medicos-como-enfermeras-nos-hemos-encontrados-en-una-guardia-que-nos-desbordo-estamos-preparados-para-esta-emergencia-dr-eduardo-liberatore\/","og_locale":"es_ES","og_type":"article","og_title":"\"Tanto los m\u00e9dicos como enfermeras, nos hemos encontrados en una guardia que nos desbord\u00f3. Estamos preparados para esta emergencia\". Dr Eduardo Liberatore\" - Noticias Radio Reflejos","og_description":"El jefe de la Unidad Sanitaria de Sierra de la Ventana, Dr Eduardo Liberatore, dialog\u00f3 v\u00eda telef\u00f3nica durante el programa \u00abUn Mate y Un Caf\u00e9\u00bb para recordar las medidas que deben llevar adelante los vecinos en los cuidados contra la Pandemia del coronavirus y explic\u00f3 c\u00f3mo se organiz\u00f3 al Centro de asistencia primaria local ante [&hellip;]","og_url":"https:\/\/www.noticiasradioreflejos.com.ar\/2021\/tanto-los-medicos-como-enfermeras-nos-hemos-encontrados-en-una-guardia-que-nos-desbordo-estamos-preparados-para-esta-emergencia-dr-eduardo-liberatore\/","og_site_name":"Noticias Radio Reflejos","article_published_time":"2020-03-24T17:27:06+00:00","og_image":[{"width":300,"height":200,"url":"https:\/\/www.noticiasradioreflejos.com.ar\/2021\/wp-content\/uploads\/2021\/07\/logosol300x200.png","type":"image\/png"}],"author":"Arnaldo Botto","twitter_card":"summary_large_image","schema":{"@context":"https:\/\/schema.org","@graph":[{"@type":"WebPage","@id":"https:\/\/www.noticiasradioreflejos.com.ar\/2021\/tanto-los-medicos-como-enfermeras-nos-hemos-encontrados-en-una-guardia-que-nos-desbordo-estamos-preparados-para-esta-emergencia-dr-eduardo-liberatore\/","url":"https:\/\/www.noticiasradioreflejos.com.ar\/2021\/tanto-los-medicos-como-enfermeras-nos-hemos-encontrados-en-una-guardia-que-nos-desbordo-estamos-preparados-para-esta-emergencia-dr-eduardo-liberatore\/","name":"\"Tanto los m\u00e9dicos como enfermeras, nos hemos encontrados en una guardia que nos desbord\u00f3. Estamos preparados para esta emergencia\". Dr Eduardo Liberatore\" - Noticias Radio Reflejos","isPartOf":{"@id":"https:\/\/www.noticiasradioreflejos.com.ar\/2021\/#website"},"datePublished":"2020-03-24T17:27:06+00:00","author":{"@id":"https:\/\/www.noticiasradioreflejos.com.ar\/2021\/#\/schema\/person\/ad82545263dcc5ec0996818884fd5fb1"},"breadcrumb":{"@id":"https:\/\/www.noticiasradioreflejos.com.ar\/2021\/tanto-los-medicos-como-enfermeras-nos-hemos-encontrados-en-una-guardia-que-nos-desbordo-estamos-preparados-para-esta-emergencia-dr-eduardo-liberatore\/#breadcrumb"},"inLanguage":"es","potentialAction":[{"@type":"ReadAction","target":["https:\/\/www.noticiasradioreflejos.com.ar\/2021\/tanto-los-medicos-como-enfermeras-nos-hemos-encontrados-en-una-guardia-que-nos-desbordo-estamos-preparados-para-esta-emergencia-dr-eduardo-liberatore\/"]}]},{"@type":"BreadcrumbList","@id":"https:\/\/www.noticiasradioreflejos.com.ar\/2021\/tanto-los-medicos-como-enfermeras-nos-hemos-encontrados-en-una-guardia-que-nos-desbordo-estamos-preparados-para-esta-emergencia-dr-eduardo-liberatore\/#breadcrumb","itemListElement":[{"@type":"ListItem","position":1,"name":"Portada","item":"https:\/\/www.noticiasradioreflejos.com.ar\/2021\/"},{"@type":"ListItem","position":2,"name":"\u00abTanto los m\u00e9dicos como enfermeras, nos hemos encontrados en una guardia que nos desbord\u00f3. Estamos preparados para esta emergencia\u00bb. Dr Eduardo Liberatore\u00bb"}]},{"@type":"WebSite","@id":"https:\/\/www.noticiasradioreflejos.com.ar\/2021\/#website","url":"https:\/\/www.noticiasradioreflejos.com.ar\/2021\/","name":"Noticias Radio Reflejos","description":"Las noticias de mi comarca","potentialAction":[{"@type":"SearchAction","target":{"@type":"EntryPoint","urlTemplate":"https:\/\/www.noticiasradioreflejos.com.ar\/2021\/?s={search_term_string}"},"query-input":{"@type":"PropertyValueSpecification","valueRequired":true,"valueName":"search_term_string"}}],"inLanguage":"es"},{"@type":"Person","@id":"https:\/\/www.noticiasradioreflejos.com.ar\/2021\/#\/schema\/person\/ad82545263dcc5ec0996818884fd5fb1","name":"Arnaldo Botto","image":{"@type":"ImageObject","inLanguage":"es","@id":"https:\/\/www.noticiasradioreflejos.com.ar\/2021\/#\/schema\/person\/image\/","url":"https:\/\/secure.gravatar.com\/avatar\/55cb5e37c1efa326397366e6974cb338056df65cb50e7d64d1cf314e87504837?s=96&d=mm&r=g","contentUrl":"https:\/\/secure.gravatar.com\/avatar\/55cb5e37c1efa326397366e6974cb338056df65cb50e7d64d1cf314e87504837?s=96&d=mm&r=g","caption":"Arnaldo Botto"},"url":"https:\/\/www.noticiasradioreflejos.com.ar\/2021\/author\/arnaldo\/"}]}},"_links":{"self":[{"href":"https:\/\/www.noticiasradioreflejos.com.ar\/2021\/wp-json\/wp\/v2\/posts\/39930","targetHints":{"allow":["GET"]}}],"collection":[{"href":"https:\/\/www.noticiasradioreflejos.com.ar\/2021\/wp-json\/wp\/v2\/posts"}],"about":[{"href":"https:\/\/www.noticiasradioreflejos.com.ar\/2021\/wp-json\/wp\/v2\/types\/post"}],"author":[{"embeddable":true,"href":"https:\/\/www.noticiasradioreflejos.com.ar\/2021\/wp-json\/wp\/v2\/users\/3"}],"replies":[{"embeddable":true,"href":"https:\/\/www.noticiasradioreflejos.com.ar\/2021\/wp-json\/wp\/v2\/comments?post=39930"}],"version-history":[{"count":0,"href":"https:\/\/www.noticiasradioreflejos.com.ar\/2021\/wp-json\/wp\/v2\/posts\/39930\/revisions"}],"wp:attachment":[{"href":"https:\/\/www.noticiasradioreflejos.com.ar\/2021\/wp-json\/wp\/v2\/media?parent=39930"}],"wp:term":[{"taxonomy":"category","embeddable":true,"href":"https:\/\/www.noticiasradioreflejos.com.ar\/2021\/wp-json\/wp\/v2\/categories?post=39930"},{"taxonomy":"post_tag","embeddable":true,"href":"https:\/\/www.noticiasradioreflejos.com.ar\/2021\/wp-json\/wp\/v2\/tags?post=39930"}],"curies":[{"name":"wp","href":"https:\/\/api.w.org\/{rel}","templated":true}]}}