{"id":39921,"date":"2020-03-24T12:32:51","date_gmt":"2020-03-24T15:32:51","guid":{"rendered":"http:\/\/www.noticiasradioreflejos.com.ar\/noticias\/?p=39921"},"modified":"2020-03-24T12:32:51","modified_gmt":"2020-03-24T15:32:51","slug":"capacitacion-del-personal-de-salud-ante-caso-de-coronavirus","status":"publish","type":"post","link":"https:\/\/www.noticiasradioreflejos.com.ar\/2021\/capacitacion-del-personal-de-salud-ante-caso-de-coronavirus\/","title":{"rendered":"Capacitaci\u00f3n del personal de salud ante caso de coronavirus"},"content":{"rendered":"<p>Con el objetivo de profundizar conocimientos que les permitan optimizar las respuestas ante la llegada de un paciente con sintomatolog\u00eda compatible con Coronavirus, personal profesional de la Secretar\u00eda de Salud se encuentra realizando un simulacro y capacitaci\u00f3n sobre la tem\u00e1tica. <!--more--><br \/>\nEn instalaciones del Hospital Municipal, se est\u00e1 trabajando sobre el protocolo de seguridad y las distintas acciones a seguir en caso de recibir un paciente con s\u00edntomas; adem\u00e1s el personal afectado se capacit\u00f3 sobre el funcionamiento del respirador La jornada la llevan adelante  la Dr. Infectologa Lorena Cabaleiro y el Dr. Diego D\u00edaz.<br \/>\nLas jornadas de capacitaci\u00f3n continuar\u00e1n el pr\u00f3ximo s\u00e1bado para continuar profundizando los temas a tratar durante la pandemia covid-19.<\/p>\n<p><a href=\"http:\/\/www.noticiasradioreflejos.com.ar\/noticias\/wp-content\/uploads\/2020\/03\/WhatsApp-Image-2020-03-24-at-11.11.27-1.jpeg\"><img loading=\"lazy\" decoding=\"async\" src=\"http:\/\/www.noticiasradioreflejos.com.ar\/noticias\/wp-content\/uploads\/2020\/03\/WhatsApp-Image-2020-03-24-at-11.11.27-1-1024x768.jpeg\" alt=\"WhatsApp Image 2020-03-24 at 11.11.27 (1)\" width=\"1024\" height=\"768\" class=\"aligncenter size-large wp-image-39923\" \/><\/a> <\/p>\n","protected":false},"excerpt":{"rendered":"<p>Con el objetivo de profundizar conocimientos que les permitan optimizar las respuestas ante la llegada de un paciente con sintomatolog\u00eda compatible con Coronavirus, personal profesional de la Secretar\u00eda de Salud se encuentra realizando un simulacro y capacitaci\u00f3n sobre la tem\u00e1tica.<\/p>\n","protected":false},"author":3,"featured_media":0,"comment_status":"closed","ping_status":"open","sticky":false,"template":"","format":"standard","meta":{"footnotes":""},"categories":[30],"tags":[],"class_list":["post-39921","post","type-post","status-publish","format-standard","hentry","category-salud"],"yoast_head":"<!-- This site is optimized with the Yoast SEO plugin v25.9 - https:\/\/yoast.com\/wordpress\/plugins\/seo\/ -->\n<title>Capacitaci\u00f3n del personal de salud ante caso de coronavirus - Noticias Radio Reflejos<\/title>\n<meta name=\"robots\" content=\"index, follow, max-snippet:-1, max-image-preview:large, max-video-preview:-1\" \/>\n<link rel=\"canonical\" href=\"https:\/\/www.noticiasradioreflejos.com.ar\/2021\/capacitacion-del-personal-de-salud-ante-caso-de-coronavirus\/\" \/>\n<meta property=\"og:locale\" content=\"es_ES\" \/>\n<meta property=\"og:type\" content=\"article\" \/>\n<meta property=\"og:title\" content=\"Capacitaci\u00f3n del personal de salud ante caso de coronavirus - Noticias Radio Reflejos\" \/>\n<meta property=\"og:description\" content=\"Con el objetivo de profundizar conocimientos que les permitan optimizar las respuestas ante la llegada de un paciente con sintomatolog\u00eda compatible con Coronavirus, personal profesional de la Secretar\u00eda de Salud se encuentra realizando un simulacro y capacitaci\u00f3n sobre la tem\u00e1tica.\" \/>\n<meta property=\"og:url\" content=\"https:\/\/www.noticiasradioreflejos.com.ar\/2021\/capacitacion-del-personal-de-salud-ante-caso-de-coronavirus\/\" \/>\n<meta property=\"og:site_name\" content=\"Noticias Radio Reflejos\" \/>\n<meta property=\"article:published_time\" content=\"2020-03-24T15:32:51+00:00\" \/>\n<meta property=\"og:image\" content=\"https:\/\/www.noticiasradioreflejos.com.ar\/2021\/wp-content\/uploads\/2021\/07\/logosol300x200.png\" \/>\n\t<meta property=\"og:image:width\" content=\"300\" \/>\n\t<meta property=\"og:image:height\" content=\"200\" \/>\n\t<meta property=\"og:image:type\" content=\"image\/png\" \/>\n<meta name=\"author\" content=\"Arnaldo Botto\" \/>\n<meta name=\"twitter:card\" content=\"summary_large_image\" \/>\n<script type=\"application\/ld+json\" class=\"yoast-schema-graph\">{\"@context\":\"https:\/\/schema.org\",\"@graph\":[{\"@type\":\"WebPage\",\"@id\":\"https:\/\/www.noticiasradioreflejos.com.ar\/2021\/capacitacion-del-personal-de-salud-ante-caso-de-coronavirus\/\",\"url\":\"https:\/\/www.noticiasradioreflejos.com.ar\/2021\/capacitacion-del-personal-de-salud-ante-caso-de-coronavirus\/\",\"name\":\"Capacitaci\u00f3n del personal de salud ante caso de coronavirus - Noticias Radio Reflejos\",\"isPartOf\":{\"@id\":\"https:\/\/www.noticiasradioreflejos.com.ar\/2021\/#website\"},\"primaryImageOfPage\":{\"@id\":\"https:\/\/www.noticiasradioreflejos.com.ar\/2021\/capacitacion-del-personal-de-salud-ante-caso-de-coronavirus\/#primaryimage\"},\"image\":{\"@id\":\"https:\/\/www.noticiasradioreflejos.com.ar\/2021\/capacitacion-del-personal-de-salud-ante-caso-de-coronavirus\/#primaryimage\"},\"thumbnailUrl\":\"http:\/\/www.noticiasradioreflejos.com.ar\/noticias\/wp-content\/uploads\/2020\/03\/WhatsApp-Image-2020-03-24-at-11.11.27-1-1024x768.jpeg\",\"datePublished\":\"2020-03-24T15:32:51+00:00\",\"author\":{\"@id\":\"https:\/\/www.noticiasradioreflejos.com.ar\/2021\/#\/schema\/person\/ad82545263dcc5ec0996818884fd5fb1\"},\"breadcrumb\":{\"@id\":\"https:\/\/www.noticiasradioreflejos.com.ar\/2021\/capacitacion-del-personal-de-salud-ante-caso-de-coronavirus\/#breadcrumb\"},\"inLanguage\":\"es\",\"potentialAction\":[{\"@type\":\"ReadAction\",\"target\":[\"https:\/\/www.noticiasradioreflejos.com.ar\/2021\/capacitacion-del-personal-de-salud-ante-caso-de-coronavirus\/\"]}]},{\"@type\":\"ImageObject\",\"inLanguage\":\"es\",\"@id\":\"https:\/\/www.noticiasradioreflejos.com.ar\/2021\/capacitacion-del-personal-de-salud-ante-caso-de-coronavirus\/#primaryimage\",\"url\":\"http:\/\/www.noticiasradioreflejos.com.ar\/noticias\/wp-content\/uploads\/2020\/03\/WhatsApp-Image-2020-03-24-at-11.11.27-1-1024x768.jpeg\",\"contentUrl\":\"http:\/\/www.noticiasradioreflejos.com.ar\/noticias\/wp-content\/uploads\/2020\/03\/WhatsApp-Image-2020-03-24-at-11.11.27-1-1024x768.jpeg\"},{\"@type\":\"BreadcrumbList\",\"@id\":\"https:\/\/www.noticiasradioreflejos.com.ar\/2021\/capacitacion-del-personal-de-salud-ante-caso-de-coronavirus\/#breadcrumb\",\"itemListElement\":[{\"@type\":\"ListItem\",\"position\":1,\"name\":\"Portada\",\"item\":\"https:\/\/www.noticiasradioreflejos.com.ar\/2021\/\"},{\"@type\":\"ListItem\",\"position\":2,\"name\":\"Capacitaci\u00f3n del personal de salud ante caso de coronavirus\"}]},{\"@type\":\"WebSite\",\"@id\":\"https:\/\/www.noticiasradioreflejos.com.ar\/2021\/#website\",\"url\":\"https:\/\/www.noticiasradioreflejos.com.ar\/2021\/\",\"name\":\"Noticias Radio Reflejos\",\"description\":\"Las noticias de mi comarca\",\"potentialAction\":[{\"@type\":\"SearchAction\",\"target\":{\"@type\":\"EntryPoint\",\"urlTemplate\":\"https:\/\/www.noticiasradioreflejos.com.ar\/2021\/?s={search_term_string}\"},\"query-input\":{\"@type\":\"PropertyValueSpecification\",\"valueRequired\":true,\"valueName\":\"search_term_string\"}}],\"inLanguage\":\"es\"},{\"@type\":\"Person\",\"@id\":\"https:\/\/www.noticiasradioreflejos.com.ar\/2021\/#\/schema\/person\/ad82545263dcc5ec0996818884fd5fb1\",\"name\":\"Arnaldo Botto\",\"image\":{\"@type\":\"ImageObject\",\"inLanguage\":\"es\",\"@id\":\"https:\/\/www.noticiasradioreflejos.com.ar\/2021\/#\/schema\/person\/image\/\",\"url\":\"https:\/\/secure.gravatar.com\/avatar\/55cb5e37c1efa326397366e6974cb338056df65cb50e7d64d1cf314e87504837?s=96&d=mm&r=g\",\"contentUrl\":\"https:\/\/secure.gravatar.com\/avatar\/55cb5e37c1efa326397366e6974cb338056df65cb50e7d64d1cf314e87504837?s=96&d=mm&r=g\",\"caption\":\"Arnaldo Botto\"},\"url\":\"https:\/\/www.noticiasradioreflejos.com.ar\/2021\/author\/arnaldo\/\"}]}<\/script>\n<!-- \/ Yoast SEO plugin. -->","yoast_head_json":{"title":"Capacitaci\u00f3n del personal de salud ante caso de coronavirus - Noticias Radio Reflejos","robots":{"index":"index","follow":"follow","max-snippet":"max-snippet:-1","max-image-preview":"max-image-preview:large","max-video-preview":"max-video-preview:-1"},"canonical":"https:\/\/www.noticiasradioreflejos.com.ar\/2021\/capacitacion-del-personal-de-salud-ante-caso-de-coronavirus\/","og_locale":"es_ES","og_type":"article","og_title":"Capacitaci\u00f3n del personal de salud ante caso de coronavirus - Noticias Radio Reflejos","og_description":"Con el objetivo de profundizar conocimientos que les permitan optimizar las respuestas ante la llegada de un paciente con sintomatolog\u00eda compatible con Coronavirus, personal profesional de la Secretar\u00eda de Salud se encuentra realizando un simulacro y capacitaci\u00f3n sobre la tem\u00e1tica.","og_url":"https:\/\/www.noticiasradioreflejos.com.ar\/2021\/capacitacion-del-personal-de-salud-ante-caso-de-coronavirus\/","og_site_name":"Noticias Radio Reflejos","article_published_time":"2020-03-24T15:32:51+00:00","og_image":[{"width":300,"height":200,"url":"https:\/\/www.noticiasradioreflejos.com.ar\/2021\/wp-content\/uploads\/2021\/07\/logosol300x200.png","type":"image\/png"}],"author":"Arnaldo Botto","twitter_card":"summary_large_image","schema":{"@context":"https:\/\/schema.org","@graph":[{"@type":"WebPage","@id":"https:\/\/www.noticiasradioreflejos.com.ar\/2021\/capacitacion-del-personal-de-salud-ante-caso-de-coronavirus\/","url":"https:\/\/www.noticiasradioreflejos.com.ar\/2021\/capacitacion-del-personal-de-salud-ante-caso-de-coronavirus\/","name":"Capacitaci\u00f3n del personal de salud ante caso de coronavirus - Noticias Radio Reflejos","isPartOf":{"@id":"https:\/\/www.noticiasradioreflejos.com.ar\/2021\/#website"},"primaryImageOfPage":{"@id":"https:\/\/www.noticiasradioreflejos.com.ar\/2021\/capacitacion-del-personal-de-salud-ante-caso-de-coronavirus\/#primaryimage"},"image":{"@id":"https:\/\/www.noticiasradioreflejos.com.ar\/2021\/capacitacion-del-personal-de-salud-ante-caso-de-coronavirus\/#primaryimage"},"thumbnailUrl":"http:\/\/www.noticiasradioreflejos.com.ar\/noticias\/wp-content\/uploads\/2020\/03\/WhatsApp-Image-2020-03-24-at-11.11.27-1-1024x768.jpeg","datePublished":"2020-03-24T15:32:51+00:00","author":{"@id":"https:\/\/www.noticiasradioreflejos.com.ar\/2021\/#\/schema\/person\/ad82545263dcc5ec0996818884fd5fb1"},"breadcrumb":{"@id":"https:\/\/www.noticiasradioreflejos.com.ar\/2021\/capacitacion-del-personal-de-salud-ante-caso-de-coronavirus\/#breadcrumb"},"inLanguage":"es","potentialAction":[{"@type":"ReadAction","target":["https:\/\/www.noticiasradioreflejos.com.ar\/2021\/capacitacion-del-personal-de-salud-ante-caso-de-coronavirus\/"]}]},{"@type":"ImageObject","inLanguage":"es","@id":"https:\/\/www.noticiasradioreflejos.com.ar\/2021\/capacitacion-del-personal-de-salud-ante-caso-de-coronavirus\/#primaryimage","url":"http:\/\/www.noticiasradioreflejos.com.ar\/noticias\/wp-content\/uploads\/2020\/03\/WhatsApp-Image-2020-03-24-at-11.11.27-1-1024x768.jpeg","contentUrl":"http:\/\/www.noticiasradioreflejos.com.ar\/noticias\/wp-content\/uploads\/2020\/03\/WhatsApp-Image-2020-03-24-at-11.11.27-1-1024x768.jpeg"},{"@type":"BreadcrumbList","@id":"https:\/\/www.noticiasradioreflejos.com.ar\/2021\/capacitacion-del-personal-de-salud-ante-caso-de-coronavirus\/#breadcrumb","itemListElement":[{"@type":"ListItem","position":1,"name":"Portada","item":"https:\/\/www.noticiasradioreflejos.com.ar\/2021\/"},{"@type":"ListItem","position":2,"name":"Capacitaci\u00f3n del personal de salud ante caso de coronavirus"}]},{"@type":"WebSite","@id":"https:\/\/www.noticiasradioreflejos.com.ar\/2021\/#website","url":"https:\/\/www.noticiasradioreflejos.com.ar\/2021\/","name":"Noticias Radio Reflejos","description":"Las noticias de mi comarca","potentialAction":[{"@type":"SearchAction","target":{"@type":"EntryPoint","urlTemplate":"https:\/\/www.noticiasradioreflejos.com.ar\/2021\/?s={search_term_string}"},"query-input":{"@type":"PropertyValueSpecification","valueRequired":true,"valueName":"search_term_string"}}],"inLanguage":"es"},{"@type":"Person","@id":"https:\/\/www.noticiasradioreflejos.com.ar\/2021\/#\/schema\/person\/ad82545263dcc5ec0996818884fd5fb1","name":"Arnaldo Botto","image":{"@type":"ImageObject","inLanguage":"es","@id":"https:\/\/www.noticiasradioreflejos.com.ar\/2021\/#\/schema\/person\/image\/","url":"https:\/\/secure.gravatar.com\/avatar\/55cb5e37c1efa326397366e6974cb338056df65cb50e7d64d1cf314e87504837?s=96&d=mm&r=g","contentUrl":"https:\/\/secure.gravatar.com\/avatar\/55cb5e37c1efa326397366e6974cb338056df65cb50e7d64d1cf314e87504837?s=96&d=mm&r=g","caption":"Arnaldo Botto"},"url":"https:\/\/www.noticiasradioreflejos.com.ar\/2021\/author\/arnaldo\/"}]}},"_links":{"self":[{"href":"https:\/\/www.noticiasradioreflejos.com.ar\/2021\/wp-json\/wp\/v2\/posts\/39921","targetHints":{"allow":["GET"]}}],"collection":[{"href":"https:\/\/www.noticiasradioreflejos.com.ar\/2021\/wp-json\/wp\/v2\/posts"}],"about":[{"href":"https:\/\/www.noticiasradioreflejos.com.ar\/2021\/wp-json\/wp\/v2\/types\/post"}],"author":[{"embeddable":true,"href":"https:\/\/www.noticiasradioreflejos.com.ar\/2021\/wp-json\/wp\/v2\/users\/3"}],"replies":[{"embeddable":true,"href":"https:\/\/www.noticiasradioreflejos.com.ar\/2021\/wp-json\/wp\/v2\/comments?post=39921"}],"version-history":[{"count":0,"href":"https:\/\/www.noticiasradioreflejos.com.ar\/2021\/wp-json\/wp\/v2\/posts\/39921\/revisions"}],"wp:attachment":[{"href":"https:\/\/www.noticiasradioreflejos.com.ar\/2021\/wp-json\/wp\/v2\/media?parent=39921"}],"wp:term":[{"taxonomy":"category","embeddable":true,"href":"https:\/\/www.noticiasradioreflejos.com.ar\/2021\/wp-json\/wp\/v2\/categories?post=39921"},{"taxonomy":"post_tag","embeddable":true,"href":"https:\/\/www.noticiasradioreflejos.com.ar\/2021\/wp-json\/wp\/v2\/tags?post=39921"}],"curies":[{"name":"wp","href":"https:\/\/api.w.org\/{rel}","templated":true}]}}