{"id":39916,"date":"2020-03-24T09:48:18","date_gmt":"2020-03-24T12:48:18","guid":{"rendered":"http:\/\/www.noticiasradioreflejos.com.ar\/noticias\/?p=39916"},"modified":"2020-03-24T09:48:18","modified_gmt":"2020-03-24T12:48:18","slug":"el-gobierno-japones-planteara-al-coi-aplazar-por-un-ano-los-juegos-de-tokio","status":"publish","type":"post","link":"https:\/\/www.noticiasradioreflejos.com.ar\/2021\/el-gobierno-japones-planteara-al-coi-aplazar-por-un-ano-los-juegos-de-tokio\/","title":{"rendered":"El gobierno japon\u00e9s plantear\u00e1 al COI aplazar por un a\u00f1o los Juegos de Tokio"},"content":{"rendered":"<p>El primer ministro japon\u00e9s, Shinzo Abe, decidi\u00f3 solicitarle al Comit\u00e9 Ol\u00edmpico Internacional (COI) el aplazamiento por un a\u00f1o de los Juegos de Tokio 2020 pautados para julio agosto pr\u00f3ximos, a causa de la expansi\u00f3n de la pandemia de coronavirus, seg\u00fan lo revel\u00f3 hoy la cadena p\u00fablica nipona NHK.<br \/>\n<!--more--><\/p>\n<p>Seg\u00fan la informaci\u00f3n, la propuesta se la formular\u00e1 Shinzo Abe al presidente del COI, Thomas Bach, con la intenci\u00f3n de posponer y reajustar el calendario de los JJOO \u00ablo antes posible\u00bb.<\/p>\n<p>En ese sentido, el Gobierno japon\u00e9s decidi\u00f3 sumarse al reclamo de las federaciones y comit\u00e9s ol\u00edmpicos que hab\u00edan solicitado en los \u00faltimos d\u00edas el aplazamiento de Tokio 2020 debido a que el agravamiento del coronavirus motiv\u00f3 la suspensi\u00f3n de casi todos los deportes a nivel mundial y l\u00f3gicamente los atletas no podr\u00e1n prepararse en la forma adecuada.<\/p>\n<p>En su \u00faltima reuni\u00f3n ejecutiva, el COI comenz\u00f3 a analizar la posibilidad de un aplazamiento como una opci\u00f3n v\u00e1lida, aunque se fij\u00f3 un plazo m\u00e1ximo de cuatro semanas para tomar la decisi\u00f3n final, seg\u00fan consign\u00f3 la agencia de noticias EFE.<\/p>\n<p>Uno de los \u00faltimos organismos en sumarse al pedido de postergaci\u00f3n fue anoche el Comit\u00e9 Ol\u00edmpico de los Estados Unidos, que solicit\u00f3 formalmente al par organizador \u00abposponer\u00bb la realizaci\u00f3n de los Juegos a causa de la expansi\u00f3n de la pandemia de coronavirus, que ya caus\u00f3 m\u00e1s de 16 mil muertes en todo el mundo.<\/p>\n<p><strong>Telam<\/strong><\/p>\n","protected":false},"excerpt":{"rendered":"<p>El primer ministro japon\u00e9s, Shinzo Abe, decidi\u00f3 solicitarle al Comit\u00e9 Ol\u00edmpico Internacional (COI) el aplazamiento por un a\u00f1o de los Juegos de Tokio 2020 pautados para julio agosto pr\u00f3ximos, a causa de la expansi\u00f3n de la pandemia de coronavirus, seg\u00fan lo revel\u00f3 hoy la cadena p\u00fablica nipona NHK.<\/p>\n","protected":false},"author":3,"featured_media":0,"comment_status":"closed","ping_status":"open","sticky":false,"template":"","format":"standard","meta":{"footnotes":""},"categories":[27],"tags":[],"class_list":["post-39916","post","type-post","status-publish","format-standard","hentry","category-deportes"],"yoast_head":"<!-- This site is optimized with the Yoast SEO plugin v25.9 - https:\/\/yoast.com\/wordpress\/plugins\/seo\/ -->\n<title>El gobierno japon\u00e9s plantear\u00e1 al COI aplazar por un a\u00f1o los Juegos de Tokio - Noticias Radio Reflejos<\/title>\n<meta name=\"robots\" content=\"index, follow, max-snippet:-1, max-image-preview:large, max-video-preview:-1\" \/>\n<link rel=\"canonical\" href=\"https:\/\/www.noticiasradioreflejos.com.ar\/2021\/el-gobierno-japones-planteara-al-coi-aplazar-por-un-ano-los-juegos-de-tokio\/\" \/>\n<meta property=\"og:locale\" content=\"es_ES\" \/>\n<meta property=\"og:type\" content=\"article\" \/>\n<meta property=\"og:title\" content=\"El gobierno japon\u00e9s plantear\u00e1 al COI aplazar por un a\u00f1o los Juegos de Tokio - Noticias Radio Reflejos\" \/>\n<meta property=\"og:description\" content=\"El primer ministro japon\u00e9s, Shinzo Abe, decidi\u00f3 solicitarle al Comit\u00e9 Ol\u00edmpico Internacional (COI) el aplazamiento por un a\u00f1o de los Juegos de Tokio 2020 pautados para julio agosto pr\u00f3ximos, a causa de la expansi\u00f3n de la pandemia de coronavirus, seg\u00fan lo revel\u00f3 hoy la cadena p\u00fablica nipona NHK.\" \/>\n<meta property=\"og:url\" content=\"https:\/\/www.noticiasradioreflejos.com.ar\/2021\/el-gobierno-japones-planteara-al-coi-aplazar-por-un-ano-los-juegos-de-tokio\/\" \/>\n<meta property=\"og:site_name\" content=\"Noticias Radio Reflejos\" \/>\n<meta property=\"article:published_time\" content=\"2020-03-24T12:48:18+00:00\" \/>\n<meta property=\"og:image\" content=\"https:\/\/www.noticiasradioreflejos.com.ar\/2021\/wp-content\/uploads\/2021\/07\/logosol300x200.png\" \/>\n\t<meta property=\"og:image:width\" content=\"300\" \/>\n\t<meta property=\"og:image:height\" content=\"200\" \/>\n\t<meta property=\"og:image:type\" content=\"image\/png\" \/>\n<meta name=\"author\" content=\"Arnaldo Botto\" \/>\n<meta name=\"twitter:card\" content=\"summary_large_image\" \/>\n<script type=\"application\/ld+json\" class=\"yoast-schema-graph\">{\"@context\":\"https:\/\/schema.org\",\"@graph\":[{\"@type\":\"WebPage\",\"@id\":\"https:\/\/www.noticiasradioreflejos.com.ar\/2021\/el-gobierno-japones-planteara-al-coi-aplazar-por-un-ano-los-juegos-de-tokio\/\",\"url\":\"https:\/\/www.noticiasradioreflejos.com.ar\/2021\/el-gobierno-japones-planteara-al-coi-aplazar-por-un-ano-los-juegos-de-tokio\/\",\"name\":\"El gobierno japon\u00e9s plantear\u00e1 al COI aplazar por un a\u00f1o los Juegos de Tokio - Noticias Radio Reflejos\",\"isPartOf\":{\"@id\":\"https:\/\/www.noticiasradioreflejos.com.ar\/2021\/#website\"},\"datePublished\":\"2020-03-24T12:48:18+00:00\",\"author\":{\"@id\":\"https:\/\/www.noticiasradioreflejos.com.ar\/2021\/#\/schema\/person\/ad82545263dcc5ec0996818884fd5fb1\"},\"breadcrumb\":{\"@id\":\"https:\/\/www.noticiasradioreflejos.com.ar\/2021\/el-gobierno-japones-planteara-al-coi-aplazar-por-un-ano-los-juegos-de-tokio\/#breadcrumb\"},\"inLanguage\":\"es\",\"potentialAction\":[{\"@type\":\"ReadAction\",\"target\":[\"https:\/\/www.noticiasradioreflejos.com.ar\/2021\/el-gobierno-japones-planteara-al-coi-aplazar-por-un-ano-los-juegos-de-tokio\/\"]}]},{\"@type\":\"BreadcrumbList\",\"@id\":\"https:\/\/www.noticiasradioreflejos.com.ar\/2021\/el-gobierno-japones-planteara-al-coi-aplazar-por-un-ano-los-juegos-de-tokio\/#breadcrumb\",\"itemListElement\":[{\"@type\":\"ListItem\",\"position\":1,\"name\":\"Portada\",\"item\":\"https:\/\/www.noticiasradioreflejos.com.ar\/2021\/\"},{\"@type\":\"ListItem\",\"position\":2,\"name\":\"El gobierno japon\u00e9s plantear\u00e1 al COI aplazar por un a\u00f1o los Juegos de Tokio\"}]},{\"@type\":\"WebSite\",\"@id\":\"https:\/\/www.noticiasradioreflejos.com.ar\/2021\/#website\",\"url\":\"https:\/\/www.noticiasradioreflejos.com.ar\/2021\/\",\"name\":\"Noticias Radio Reflejos\",\"description\":\"Las noticias de mi comarca\",\"potentialAction\":[{\"@type\":\"SearchAction\",\"target\":{\"@type\":\"EntryPoint\",\"urlTemplate\":\"https:\/\/www.noticiasradioreflejos.com.ar\/2021\/?s={search_term_string}\"},\"query-input\":{\"@type\":\"PropertyValueSpecification\",\"valueRequired\":true,\"valueName\":\"search_term_string\"}}],\"inLanguage\":\"es\"},{\"@type\":\"Person\",\"@id\":\"https:\/\/www.noticiasradioreflejos.com.ar\/2021\/#\/schema\/person\/ad82545263dcc5ec0996818884fd5fb1\",\"name\":\"Arnaldo Botto\",\"image\":{\"@type\":\"ImageObject\",\"inLanguage\":\"es\",\"@id\":\"https:\/\/www.noticiasradioreflejos.com.ar\/2021\/#\/schema\/person\/image\/\",\"url\":\"https:\/\/secure.gravatar.com\/avatar\/55cb5e37c1efa326397366e6974cb338056df65cb50e7d64d1cf314e87504837?s=96&d=mm&r=g\",\"contentUrl\":\"https:\/\/secure.gravatar.com\/avatar\/55cb5e37c1efa326397366e6974cb338056df65cb50e7d64d1cf314e87504837?s=96&d=mm&r=g\",\"caption\":\"Arnaldo Botto\"},\"url\":\"https:\/\/www.noticiasradioreflejos.com.ar\/2021\/author\/arnaldo\/\"}]}<\/script>\n<!-- \/ Yoast SEO plugin. -->","yoast_head_json":{"title":"El gobierno japon\u00e9s plantear\u00e1 al COI aplazar por un a\u00f1o los Juegos de Tokio - Noticias Radio Reflejos","robots":{"index":"index","follow":"follow","max-snippet":"max-snippet:-1","max-image-preview":"max-image-preview:large","max-video-preview":"max-video-preview:-1"},"canonical":"https:\/\/www.noticiasradioreflejos.com.ar\/2021\/el-gobierno-japones-planteara-al-coi-aplazar-por-un-ano-los-juegos-de-tokio\/","og_locale":"es_ES","og_type":"article","og_title":"El gobierno japon\u00e9s plantear\u00e1 al COI aplazar por un a\u00f1o los Juegos de Tokio - Noticias Radio Reflejos","og_description":"El primer ministro japon\u00e9s, Shinzo Abe, decidi\u00f3 solicitarle al Comit\u00e9 Ol\u00edmpico Internacional (COI) el aplazamiento por un a\u00f1o de los Juegos de Tokio 2020 pautados para julio agosto pr\u00f3ximos, a causa de la expansi\u00f3n de la pandemia de coronavirus, seg\u00fan lo revel\u00f3 hoy la cadena p\u00fablica nipona NHK.","og_url":"https:\/\/www.noticiasradioreflejos.com.ar\/2021\/el-gobierno-japones-planteara-al-coi-aplazar-por-un-ano-los-juegos-de-tokio\/","og_site_name":"Noticias Radio Reflejos","article_published_time":"2020-03-24T12:48:18+00:00","og_image":[{"width":300,"height":200,"url":"https:\/\/www.noticiasradioreflejos.com.ar\/2021\/wp-content\/uploads\/2021\/07\/logosol300x200.png","type":"image\/png"}],"author":"Arnaldo Botto","twitter_card":"summary_large_image","schema":{"@context":"https:\/\/schema.org","@graph":[{"@type":"WebPage","@id":"https:\/\/www.noticiasradioreflejos.com.ar\/2021\/el-gobierno-japones-planteara-al-coi-aplazar-por-un-ano-los-juegos-de-tokio\/","url":"https:\/\/www.noticiasradioreflejos.com.ar\/2021\/el-gobierno-japones-planteara-al-coi-aplazar-por-un-ano-los-juegos-de-tokio\/","name":"El gobierno japon\u00e9s plantear\u00e1 al COI aplazar por un a\u00f1o los Juegos de Tokio - Noticias Radio Reflejos","isPartOf":{"@id":"https:\/\/www.noticiasradioreflejos.com.ar\/2021\/#website"},"datePublished":"2020-03-24T12:48:18+00:00","author":{"@id":"https:\/\/www.noticiasradioreflejos.com.ar\/2021\/#\/schema\/person\/ad82545263dcc5ec0996818884fd5fb1"},"breadcrumb":{"@id":"https:\/\/www.noticiasradioreflejos.com.ar\/2021\/el-gobierno-japones-planteara-al-coi-aplazar-por-un-ano-los-juegos-de-tokio\/#breadcrumb"},"inLanguage":"es","potentialAction":[{"@type":"ReadAction","target":["https:\/\/www.noticiasradioreflejos.com.ar\/2021\/el-gobierno-japones-planteara-al-coi-aplazar-por-un-ano-los-juegos-de-tokio\/"]}]},{"@type":"BreadcrumbList","@id":"https:\/\/www.noticiasradioreflejos.com.ar\/2021\/el-gobierno-japones-planteara-al-coi-aplazar-por-un-ano-los-juegos-de-tokio\/#breadcrumb","itemListElement":[{"@type":"ListItem","position":1,"name":"Portada","item":"https:\/\/www.noticiasradioreflejos.com.ar\/2021\/"},{"@type":"ListItem","position":2,"name":"El gobierno japon\u00e9s plantear\u00e1 al COI aplazar por un a\u00f1o los Juegos de Tokio"}]},{"@type":"WebSite","@id":"https:\/\/www.noticiasradioreflejos.com.ar\/2021\/#website","url":"https:\/\/www.noticiasradioreflejos.com.ar\/2021\/","name":"Noticias Radio Reflejos","description":"Las noticias de mi comarca","potentialAction":[{"@type":"SearchAction","target":{"@type":"EntryPoint","urlTemplate":"https:\/\/www.noticiasradioreflejos.com.ar\/2021\/?s={search_term_string}"},"query-input":{"@type":"PropertyValueSpecification","valueRequired":true,"valueName":"search_term_string"}}],"inLanguage":"es"},{"@type":"Person","@id":"https:\/\/www.noticiasradioreflejos.com.ar\/2021\/#\/schema\/person\/ad82545263dcc5ec0996818884fd5fb1","name":"Arnaldo Botto","image":{"@type":"ImageObject","inLanguage":"es","@id":"https:\/\/www.noticiasradioreflejos.com.ar\/2021\/#\/schema\/person\/image\/","url":"https:\/\/secure.gravatar.com\/avatar\/55cb5e37c1efa326397366e6974cb338056df65cb50e7d64d1cf314e87504837?s=96&d=mm&r=g","contentUrl":"https:\/\/secure.gravatar.com\/avatar\/55cb5e37c1efa326397366e6974cb338056df65cb50e7d64d1cf314e87504837?s=96&d=mm&r=g","caption":"Arnaldo Botto"},"url":"https:\/\/www.noticiasradioreflejos.com.ar\/2021\/author\/arnaldo\/"}]}},"_links":{"self":[{"href":"https:\/\/www.noticiasradioreflejos.com.ar\/2021\/wp-json\/wp\/v2\/posts\/39916","targetHints":{"allow":["GET"]}}],"collection":[{"href":"https:\/\/www.noticiasradioreflejos.com.ar\/2021\/wp-json\/wp\/v2\/posts"}],"about":[{"href":"https:\/\/www.noticiasradioreflejos.com.ar\/2021\/wp-json\/wp\/v2\/types\/post"}],"author":[{"embeddable":true,"href":"https:\/\/www.noticiasradioreflejos.com.ar\/2021\/wp-json\/wp\/v2\/users\/3"}],"replies":[{"embeddable":true,"href":"https:\/\/www.noticiasradioreflejos.com.ar\/2021\/wp-json\/wp\/v2\/comments?post=39916"}],"version-history":[{"count":0,"href":"https:\/\/www.noticiasradioreflejos.com.ar\/2021\/wp-json\/wp\/v2\/posts\/39916\/revisions"}],"wp:attachment":[{"href":"https:\/\/www.noticiasradioreflejos.com.ar\/2021\/wp-json\/wp\/v2\/media?parent=39916"}],"wp:term":[{"taxonomy":"category","embeddable":true,"href":"https:\/\/www.noticiasradioreflejos.com.ar\/2021\/wp-json\/wp\/v2\/categories?post=39916"},{"taxonomy":"post_tag","embeddable":true,"href":"https:\/\/www.noticiasradioreflejos.com.ar\/2021\/wp-json\/wp\/v2\/tags?post=39916"}],"curies":[{"name":"wp","href":"https:\/\/api.w.org\/{rel}","templated":true}]}}