{"id":39914,"date":"2020-03-24T09:06:12","date_gmt":"2020-03-24T12:06:12","guid":{"rendered":"http:\/\/www.noticiasradioreflejos.com.ar\/noticias\/?p=39914"},"modified":"2020-03-24T09:06:12","modified_gmt":"2020-03-24T12:06:12","slug":"la-app-para-autodetectar-sintomas-de-covid-19-sera-obligatoria-para-quienes-ingresan-del-exterior","status":"publish","type":"post","link":"https:\/\/www.noticiasradioreflejos.com.ar\/2021\/la-app-para-autodetectar-sintomas-de-covid-19-sera-obligatoria-para-quienes-ingresan-del-exterior\/","title":{"rendered":"La app para autodetectar s\u00edntomas de Covid 19 ser\u00e1 obligatoria para quienes ingresan del exterior"},"content":{"rendered":"<p>La aplicaci\u00f3n m\u00f3vil (app) de la p\u00e1gina de argentina.gob.ar que realiza un cuestionario para autoidentificar si una persona tiene s\u00edntomas de coronavirus ser\u00e1 indicada a quienes regresen al pa\u00eds y la deber\u00e1n tener activa por 14 d\u00edas, de acuerdo a una norma publicada hoy en el Bolet\u00edn Oficial.<!--more--><br \/>\n\u00abLa utilizaci\u00f3n de esta Aplicaci\u00f3n por parte de aquellos viajeros que hubieran arribado al pa\u00eds en los \u00faltimos 14 d\u00edas o lo hagan en el futuro, resulta una herramienta adecuada y razonable para la protecci\u00f3n de la poblaci\u00f3n en su conjunto\u00bb, indica la Decisi\u00f3n Administrativa 432\/2020 de la Jefatura de Gabinete.<\/p>\n<p>\u00abLo que desarrollamos es la primera versi\u00f3n de una aplicaci\u00f3n que, por el momento, no funciona para iphone porque tardaba mucho m\u00e1s en ser aprobada para Apple\u00bb, explic\u00f3 en di\u00e1logo con AM750 Micaela S\u00e1nchez Malcom, secretaria de Innovaci\u00f3n P\u00fablica de la Naci\u00f3n.<\/p>\n<p>La aplicaci\u00f3n permite no s\u00f3lo tener centralizada toda la informaci\u00f3n actualizada y a mano sin tener que ingresar a ninguna p\u00e1gina \u00absino tambi\u00e9n hace lo que se denomina un autodiagn\u00f3stico de s\u00edntomas de Covid 19 con preguntas b\u00e1sicas de un cuestionario m\u00e9dico\u00bb, se\u00f1al\u00f3.<\/p>\n<p>El dispositivo va a guiar, seg\u00fan la ubicaci\u00f3n en la que se encuentra la persona, ad\u00f3nde debe recurrir para solicitar asistencia m\u00e9dica; por ejemplo, si el cuestionario se responde con s\u00edntomas compatibles al Covid 19 y la persona est\u00e1 en la ciudad de Buenos Aires, la app indicar\u00e1 que llame al 107.<\/p>\n<p>\u00abEl objetivo es tambi\u00e9n poder brindarle informaci\u00f3n de calidad e importante al sistema de salud para que puedan hacer las derivaciones en forma ordenada, que va a ser el desaf\u00edo para los pr\u00f3ximos d\u00edas teniendo en cuenta c\u00f3mo funcion\u00f3 el virus en otro pa\u00eds\u00bb, sostuvo S\u00e1nchez Malcom.<\/p>\n<p>La app puede ser descargada de forma gratuita en las tiendas de aplicaciones oficiales de Android e iOS, o en su versi\u00f3n web, accesible a trav\u00e9s de https:\/\/argentina.gob.ar\/coronavirus\/app, detall\u00f3 la resoluci\u00f3n.<\/p>\n<p>\u00abImplem\u00e9ntase, para toda persona que hubiera ingresado al pa\u00eds en los \u00faltimos 14 d\u00edas, y para quienes lo hagan en el futuro, la utilizaci\u00f3n de la aplicaci\u00f3n denominada COVID 19-Ministerio de Salud\u00bb, se\u00f1al\u00f3 la Decisi\u00f3n Administrativa.<\/p>\n<p>Para el caso de personas menores de edad o con distintas capacidades, \u00abser\u00e1 el padre, la madre o responsable a cargo quien deber\u00e1 completar los datos requeridos en representaci\u00f3n de ellos\u00bb.<\/p>\n<p>En tanto, \u00abpara aquellas personas que hubieren ingresado al pa\u00eds con anterioridad a la entrada en vigencia de la presente y durante los \u00faltimos 14 d\u00edas\u00bb se dispone que, \u00aben el menor plazo posible, descarguen la Aplicaci\u00f3n y procedan a completarla en su totalidad\u00bb.<\/p>\n<p>\u00abEn todos los supuestos en que los viajeros y las viajeras acepten la utilizaci\u00f3n de la aplicaci\u00f3n, deber\u00e1n mantenerla instalada y activa por un plazo m\u00ednimo de 14 d\u00edas corridos desde su activaci\u00f3n, estableci\u00f3 la norma.<\/p>\n<p>Adem\u00e1s, en su art\u00edculo 7, indica que, \u00abcon la previa autorizaci\u00f3n de las personas que procedan a su utilizaci\u00f3n, la Direcci\u00f3n Nacional de Migraciones podr\u00e1 recabar los datos que surjan a trav\u00e9s de la referida Aplicaci\u00f3n, los cuales deber\u00e1n ser tratados de conformidad con las disposiciones de la Ley N\u00ba 25.326 (de Protecci\u00f3n de Datos Personales)\u00bb.<\/p>\n","protected":false},"excerpt":{"rendered":"<p>La aplicaci\u00f3n m\u00f3vil (app) de la p\u00e1gina de argentina.gob.ar que realiza un cuestionario para autoidentificar si una persona tiene s\u00edntomas de coronavirus ser\u00e1 indicada a quienes regresen al pa\u00eds y la deber\u00e1n tener activa por 14 d\u00edas, de acuerdo a una norma publicada hoy en el Bolet\u00edn Oficial.<\/p>\n","protected":false},"author":3,"featured_media":0,"comment_status":"closed","ping_status":"open","sticky":false,"template":"","format":"standard","meta":{"footnotes":""},"categories":[26],"tags":[],"class_list":["post-39914","post","type-post","status-publish","format-standard","hentry","category-sociedad"],"yoast_head":"<!-- This site is optimized with the Yoast SEO plugin v25.9 - https:\/\/yoast.com\/wordpress\/plugins\/seo\/ -->\n<title>La app para autodetectar s\u00edntomas de Covid 19 ser\u00e1 obligatoria para quienes ingresan del exterior - Noticias Radio Reflejos<\/title>\n<meta name=\"robots\" content=\"index, follow, max-snippet:-1, max-image-preview:large, max-video-preview:-1\" \/>\n<link rel=\"canonical\" href=\"https:\/\/www.noticiasradioreflejos.com.ar\/2021\/la-app-para-autodetectar-sintomas-de-covid-19-sera-obligatoria-para-quienes-ingresan-del-exterior\/\" \/>\n<meta property=\"og:locale\" content=\"es_ES\" \/>\n<meta property=\"og:type\" content=\"article\" \/>\n<meta property=\"og:title\" content=\"La app para autodetectar s\u00edntomas de Covid 19 ser\u00e1 obligatoria para quienes ingresan del exterior - Noticias Radio Reflejos\" \/>\n<meta property=\"og:description\" content=\"La aplicaci\u00f3n m\u00f3vil (app) de la p\u00e1gina de argentina.gob.ar que realiza un cuestionario para autoidentificar si una persona tiene s\u00edntomas de coronavirus ser\u00e1 indicada a quienes regresen al pa\u00eds y la deber\u00e1n tener activa por 14 d\u00edas, de acuerdo a una norma publicada hoy en el Bolet\u00edn Oficial.\" \/>\n<meta property=\"og:url\" content=\"https:\/\/www.noticiasradioreflejos.com.ar\/2021\/la-app-para-autodetectar-sintomas-de-covid-19-sera-obligatoria-para-quienes-ingresan-del-exterior\/\" \/>\n<meta property=\"og:site_name\" content=\"Noticias Radio Reflejos\" \/>\n<meta property=\"article:published_time\" content=\"2020-03-24T12:06:12+00:00\" \/>\n<meta property=\"og:image\" content=\"https:\/\/www.noticiasradioreflejos.com.ar\/2021\/wp-content\/uploads\/2021\/07\/logosol300x200.png\" \/>\n\t<meta property=\"og:image:width\" content=\"300\" \/>\n\t<meta property=\"og:image:height\" content=\"200\" \/>\n\t<meta property=\"og:image:type\" content=\"image\/png\" \/>\n<meta name=\"author\" content=\"Arnaldo Botto\" \/>\n<meta name=\"twitter:card\" content=\"summary_large_image\" \/>\n<script type=\"application\/ld+json\" class=\"yoast-schema-graph\">{\"@context\":\"https:\/\/schema.org\",\"@graph\":[{\"@type\":\"WebPage\",\"@id\":\"https:\/\/www.noticiasradioreflejos.com.ar\/2021\/la-app-para-autodetectar-sintomas-de-covid-19-sera-obligatoria-para-quienes-ingresan-del-exterior\/\",\"url\":\"https:\/\/www.noticiasradioreflejos.com.ar\/2021\/la-app-para-autodetectar-sintomas-de-covid-19-sera-obligatoria-para-quienes-ingresan-del-exterior\/\",\"name\":\"La app para autodetectar s\u00edntomas de Covid 19 ser\u00e1 obligatoria para quienes ingresan del exterior - Noticias Radio Reflejos\",\"isPartOf\":{\"@id\":\"https:\/\/www.noticiasradioreflejos.com.ar\/2021\/#website\"},\"datePublished\":\"2020-03-24T12:06:12+00:00\",\"author\":{\"@id\":\"https:\/\/www.noticiasradioreflejos.com.ar\/2021\/#\/schema\/person\/ad82545263dcc5ec0996818884fd5fb1\"},\"breadcrumb\":{\"@id\":\"https:\/\/www.noticiasradioreflejos.com.ar\/2021\/la-app-para-autodetectar-sintomas-de-covid-19-sera-obligatoria-para-quienes-ingresan-del-exterior\/#breadcrumb\"},\"inLanguage\":\"es\",\"potentialAction\":[{\"@type\":\"ReadAction\",\"target\":[\"https:\/\/www.noticiasradioreflejos.com.ar\/2021\/la-app-para-autodetectar-sintomas-de-covid-19-sera-obligatoria-para-quienes-ingresan-del-exterior\/\"]}]},{\"@type\":\"BreadcrumbList\",\"@id\":\"https:\/\/www.noticiasradioreflejos.com.ar\/2021\/la-app-para-autodetectar-sintomas-de-covid-19-sera-obligatoria-para-quienes-ingresan-del-exterior\/#breadcrumb\",\"itemListElement\":[{\"@type\":\"ListItem\",\"position\":1,\"name\":\"Portada\",\"item\":\"https:\/\/www.noticiasradioreflejos.com.ar\/2021\/\"},{\"@type\":\"ListItem\",\"position\":2,\"name\":\"La app para autodetectar s\u00edntomas de Covid 19 ser\u00e1 obligatoria para quienes ingresan del exterior\"}]},{\"@type\":\"WebSite\",\"@id\":\"https:\/\/www.noticiasradioreflejos.com.ar\/2021\/#website\",\"url\":\"https:\/\/www.noticiasradioreflejos.com.ar\/2021\/\",\"name\":\"Noticias Radio Reflejos\",\"description\":\"Las noticias de mi comarca\",\"potentialAction\":[{\"@type\":\"SearchAction\",\"target\":{\"@type\":\"EntryPoint\",\"urlTemplate\":\"https:\/\/www.noticiasradioreflejos.com.ar\/2021\/?s={search_term_string}\"},\"query-input\":{\"@type\":\"PropertyValueSpecification\",\"valueRequired\":true,\"valueName\":\"search_term_string\"}}],\"inLanguage\":\"es\"},{\"@type\":\"Person\",\"@id\":\"https:\/\/www.noticiasradioreflejos.com.ar\/2021\/#\/schema\/person\/ad82545263dcc5ec0996818884fd5fb1\",\"name\":\"Arnaldo Botto\",\"image\":{\"@type\":\"ImageObject\",\"inLanguage\":\"es\",\"@id\":\"https:\/\/www.noticiasradioreflejos.com.ar\/2021\/#\/schema\/person\/image\/\",\"url\":\"https:\/\/secure.gravatar.com\/avatar\/55cb5e37c1efa326397366e6974cb338056df65cb50e7d64d1cf314e87504837?s=96&d=mm&r=g\",\"contentUrl\":\"https:\/\/secure.gravatar.com\/avatar\/55cb5e37c1efa326397366e6974cb338056df65cb50e7d64d1cf314e87504837?s=96&d=mm&r=g\",\"caption\":\"Arnaldo Botto\"},\"url\":\"https:\/\/www.noticiasradioreflejos.com.ar\/2021\/author\/arnaldo\/\"}]}<\/script>\n<!-- \/ Yoast SEO plugin. -->","yoast_head_json":{"title":"La app para autodetectar s\u00edntomas de Covid 19 ser\u00e1 obligatoria para quienes ingresan del exterior - Noticias Radio Reflejos","robots":{"index":"index","follow":"follow","max-snippet":"max-snippet:-1","max-image-preview":"max-image-preview:large","max-video-preview":"max-video-preview:-1"},"canonical":"https:\/\/www.noticiasradioreflejos.com.ar\/2021\/la-app-para-autodetectar-sintomas-de-covid-19-sera-obligatoria-para-quienes-ingresan-del-exterior\/","og_locale":"es_ES","og_type":"article","og_title":"La app para autodetectar s\u00edntomas de Covid 19 ser\u00e1 obligatoria para quienes ingresan del exterior - Noticias Radio Reflejos","og_description":"La aplicaci\u00f3n m\u00f3vil (app) de la p\u00e1gina de argentina.gob.ar que realiza un cuestionario para autoidentificar si una persona tiene s\u00edntomas de coronavirus ser\u00e1 indicada a quienes regresen al pa\u00eds y la deber\u00e1n tener activa por 14 d\u00edas, de acuerdo a una norma publicada hoy en el Bolet\u00edn Oficial.","og_url":"https:\/\/www.noticiasradioreflejos.com.ar\/2021\/la-app-para-autodetectar-sintomas-de-covid-19-sera-obligatoria-para-quienes-ingresan-del-exterior\/","og_site_name":"Noticias Radio Reflejos","article_published_time":"2020-03-24T12:06:12+00:00","og_image":[{"width":300,"height":200,"url":"https:\/\/www.noticiasradioreflejos.com.ar\/2021\/wp-content\/uploads\/2021\/07\/logosol300x200.png","type":"image\/png"}],"author":"Arnaldo Botto","twitter_card":"summary_large_image","schema":{"@context":"https:\/\/schema.org","@graph":[{"@type":"WebPage","@id":"https:\/\/www.noticiasradioreflejos.com.ar\/2021\/la-app-para-autodetectar-sintomas-de-covid-19-sera-obligatoria-para-quienes-ingresan-del-exterior\/","url":"https:\/\/www.noticiasradioreflejos.com.ar\/2021\/la-app-para-autodetectar-sintomas-de-covid-19-sera-obligatoria-para-quienes-ingresan-del-exterior\/","name":"La app para autodetectar s\u00edntomas de Covid 19 ser\u00e1 obligatoria para quienes ingresan del exterior - Noticias Radio Reflejos","isPartOf":{"@id":"https:\/\/www.noticiasradioreflejos.com.ar\/2021\/#website"},"datePublished":"2020-03-24T12:06:12+00:00","author":{"@id":"https:\/\/www.noticiasradioreflejos.com.ar\/2021\/#\/schema\/person\/ad82545263dcc5ec0996818884fd5fb1"},"breadcrumb":{"@id":"https:\/\/www.noticiasradioreflejos.com.ar\/2021\/la-app-para-autodetectar-sintomas-de-covid-19-sera-obligatoria-para-quienes-ingresan-del-exterior\/#breadcrumb"},"inLanguage":"es","potentialAction":[{"@type":"ReadAction","target":["https:\/\/www.noticiasradioreflejos.com.ar\/2021\/la-app-para-autodetectar-sintomas-de-covid-19-sera-obligatoria-para-quienes-ingresan-del-exterior\/"]}]},{"@type":"BreadcrumbList","@id":"https:\/\/www.noticiasradioreflejos.com.ar\/2021\/la-app-para-autodetectar-sintomas-de-covid-19-sera-obligatoria-para-quienes-ingresan-del-exterior\/#breadcrumb","itemListElement":[{"@type":"ListItem","position":1,"name":"Portada","item":"https:\/\/www.noticiasradioreflejos.com.ar\/2021\/"},{"@type":"ListItem","position":2,"name":"La app para autodetectar s\u00edntomas de Covid 19 ser\u00e1 obligatoria para quienes ingresan del exterior"}]},{"@type":"WebSite","@id":"https:\/\/www.noticiasradioreflejos.com.ar\/2021\/#website","url":"https:\/\/www.noticiasradioreflejos.com.ar\/2021\/","name":"Noticias Radio Reflejos","description":"Las noticias de mi comarca","potentialAction":[{"@type":"SearchAction","target":{"@type":"EntryPoint","urlTemplate":"https:\/\/www.noticiasradioreflejos.com.ar\/2021\/?s={search_term_string}"},"query-input":{"@type":"PropertyValueSpecification","valueRequired":true,"valueName":"search_term_string"}}],"inLanguage":"es"},{"@type":"Person","@id":"https:\/\/www.noticiasradioreflejos.com.ar\/2021\/#\/schema\/person\/ad82545263dcc5ec0996818884fd5fb1","name":"Arnaldo Botto","image":{"@type":"ImageObject","inLanguage":"es","@id":"https:\/\/www.noticiasradioreflejos.com.ar\/2021\/#\/schema\/person\/image\/","url":"https:\/\/secure.gravatar.com\/avatar\/55cb5e37c1efa326397366e6974cb338056df65cb50e7d64d1cf314e87504837?s=96&d=mm&r=g","contentUrl":"https:\/\/secure.gravatar.com\/avatar\/55cb5e37c1efa326397366e6974cb338056df65cb50e7d64d1cf314e87504837?s=96&d=mm&r=g","caption":"Arnaldo Botto"},"url":"https:\/\/www.noticiasradioreflejos.com.ar\/2021\/author\/arnaldo\/"}]}},"_links":{"self":[{"href":"https:\/\/www.noticiasradioreflejos.com.ar\/2021\/wp-json\/wp\/v2\/posts\/39914","targetHints":{"allow":["GET"]}}],"collection":[{"href":"https:\/\/www.noticiasradioreflejos.com.ar\/2021\/wp-json\/wp\/v2\/posts"}],"about":[{"href":"https:\/\/www.noticiasradioreflejos.com.ar\/2021\/wp-json\/wp\/v2\/types\/post"}],"author":[{"embeddable":true,"href":"https:\/\/www.noticiasradioreflejos.com.ar\/2021\/wp-json\/wp\/v2\/users\/3"}],"replies":[{"embeddable":true,"href":"https:\/\/www.noticiasradioreflejos.com.ar\/2021\/wp-json\/wp\/v2\/comments?post=39914"}],"version-history":[{"count":0,"href":"https:\/\/www.noticiasradioreflejos.com.ar\/2021\/wp-json\/wp\/v2\/posts\/39914\/revisions"}],"wp:attachment":[{"href":"https:\/\/www.noticiasradioreflejos.com.ar\/2021\/wp-json\/wp\/v2\/media?parent=39914"}],"wp:term":[{"taxonomy":"category","embeddable":true,"href":"https:\/\/www.noticiasradioreflejos.com.ar\/2021\/wp-json\/wp\/v2\/categories?post=39914"},{"taxonomy":"post_tag","embeddable":true,"href":"https:\/\/www.noticiasradioreflejos.com.ar\/2021\/wp-json\/wp\/v2\/tags?post=39914"}],"curies":[{"name":"wp","href":"https:\/\/api.w.org\/{rel}","templated":true}]}}