{"id":39910,"date":"2020-03-24T08:20:34","date_gmt":"2020-03-24T11:20:34","guid":{"rendered":"http:\/\/www.noticiasradioreflejos.com.ar\/noticias\/?p=39910"},"modified":"2020-03-24T08:20:34","modified_gmt":"2020-03-24T11:20:34","slug":"invasion-de-mosquitos-en-la-comarca-y-la-region","status":"publish","type":"post","link":"https:\/\/www.noticiasradioreflejos.com.ar\/2021\/invasion-de-mosquitos-en-la-comarca-y-la-region\/","title":{"rendered":"Invasi\u00f3n de mosquitos en la comarca y  la regi\u00f3n."},"content":{"rendered":"<p>Agresivos e insoportables, los mosquitos ganaron la calle, jardines y toda la regi\u00f3n en plena cuarentena. Preocupa a la comunidad la transmisi\u00f3n de enfermedades<!--more--><\/p>\n<p>Desde hace varios d\u00edas y coincidentemente con las temperaturas altas que reinan en la regi\u00f3n, los mosquitos se convirtieron en otro enemigo, aunque en forma visible a diferencia del Coronavirus.<br \/>\nLas quejas se multiplican, desde la Ciudades de Buenos Aires, La Plata, Santa Rosa, Bah\u00eda Blanca, hasta las zonas rurales de una gran parte de pa\u00eds, registran la invasi\u00f3n.<br \/>\nLa gran preocupaci\u00f3n es si son transmisores de enfermedades o si se trata del transmisor del Dengue<br \/>\nPlazas, parques y jardines de Provincia Buenos Aires cubiertas por de nubes de mosquitos \u00abcharqueros\u00bb, una de las 30 especies de este insecto que habita en la zona y que a ra\u00edz de las lluvias y de las inundaciones en zonas cercanas \u00abeclosionan juntos\u00bb, explic\u00f3 Victoria Micielli, investigadora del Conicet y del Centro De Estudios Parasitol\u00f3gicos y de Vectores de la Universidad Nacional de La Plata.<\/p>\n<p>\u00bfQu\u00e9 especies de mosquitos est\u00e1 proliferando?<br \/>\nPlazas, parques y jardines de Provincia Buenos Aires cubiertas por de nubes de mosquitos \u00abcharqueros\u00bb, una de las 30 especies de este insecto que habita en la zona y que a ra\u00edz de las lluvias y de las inundaciones en zonas cercanas \u00abeclosionan juntos\u00bb, explic\u00f3 Victoria Micielli, investigadora del Conicet y del Centro De Estudios Parasitol\u00f3gicos y de Vectores de la Universidad Nacional de La Plata.<\/p>\n<p>Esta abundancia at\u00edpica de mosquitos podr\u00eda extenderse por varias semanas, puesto que las condiciones clim\u00e1ticas que le dan soporte a\u00fan persisten.<\/p>\n<p><iframe loading=\"lazy\" src=\"https:\/\/www.youtube.com\/embed\/6j4y68aafcs\" width=\"560\" height=\"315\" frameborder=\"0\" allowfullscreen=\"allowfullscreen\"><\/iframe><\/p>\n<p>\u00bfQu\u00e9 cuidados debemos tener?<\/p>\n<p>La gente poner en pr\u00e1ctica las normas de autocuidado ya conocidas disminuir el contacto con la plaga:<br \/>\n\u2022 Desmalezar los alrededores de las viviendas<br \/>\n\u2022 Mantener sus puertas cerradas<br \/>\n\u2022 Utilizar repelente al exponerse al aire libre.<\/p>\n<p>\u00bfQu\u00e9 acciones realiza la Municipalidad?<br \/>\nel municipio de Tornquist realiz\u00f3 este lunes operativos de fumigaci\u00f3n en calles y espacios verdes la ciudad cabecera. .<br \/>\nDe esta manera, el Municipio contribuye a combatir la reproducci\u00f3n del mosquito transmisor del dengue y a eliminar todo tipo de alima\u00f1as que puedan atentar contra la salud de los vecinos.<br \/>\nEl municipio recuerda: a los vecinos mantener puertas y ventanas cerradas durante el horario de fumigaci\u00f3n, y cambiar el agua de bebederos de animales una vez finalizada la jornada de fumigaci\u00f3n.<\/p>\n<p>\u00bfC\u00f3mo utilizar de manera segura repelentes con Deet?<br \/>\nEs importante tener en cuenta las siguientes recomendaciones para evitar la aparici\u00f3n de efectos adversos causados por el uso de repelentes:<br \/>\n\u2022 Revisar la etiqueta del producto para encontrar informaci\u00f3n sobre cu\u00e1nta cantidad de DEET contiene el repelente. Utilizar productos cuyas concentraciones no superen el 30%.<br \/>\n\u2022 Seguir siempre las instrucciones que est\u00e1n en la etiqueta del producto.<br \/>\n\u2022 No aplicar el repelente debajo de la ropa.<br \/>\n\u2022 No aplicar el repelente en cortaduras, heridas o piel irritada.<br \/>\n\u2022 No rociar productos con DEET en \u00e1reas cerradas.<br \/>\n\u2022 No rociar productos con DEET directamente a la cara. Rociar las manos y despu\u00e9s frotarlas cuidadosamente sobre la cara, evitando los ojos y la boca.<\/p>\n<p>Recomendaciones para el uso seguro de repelentes en ni\u00f1os<br \/>\n\u2022 Proteger la cuna o cochecito del beb\u00e9 con redecillas protectoras para mosquitos cuando permanezca en exteriores.<br \/>\n\u2022 Cuando se usa repelente en un ni\u00f1o, el adulto debe aplicarlo en sus propias manos y despu\u00e9s extenderlo sobre la piel del ni\u00f1o. Evitar aplicarlo en los ojos y boca del ni\u00f1o y usar cuidadosamente alrededor de sus o\u00eddos.<br \/>\n\u2022 No aplicar el repelente en las manos de los ni\u00f1os (los ni\u00f1os podr\u00edan poner sus manos en sus bocas).<br \/>\n\u2022 No permitir que los ni\u00f1os peque\u00f1os se apliquen ellos mismos el repelente.<br \/>\n\u2022 No utilizar repelentes asociados a protectores solares en la misma formulaci\u00f3n.<\/p>\n<p>\u00bfCu\u00e1l es la situaci\u00f3n del Dengue?<br \/>\nLa misma situaci\u00f3n clim\u00e1tica marco que favorece la presencia de mosquitos molestos perceptible por la poblaci\u00f3n, tambi\u00e9n lo hace con una especie menos inofensiva: Aedes aegypti, el vector del dengue.<br \/>\nY esto s\u00ed provoca una profunda preocupaci\u00f3n por dos motivos:<br \/>\na) Tanto Bolivia como Paraguay han declarado alerta sanitario debido a los brotes de dengue en curso. Esto est\u00e1 provocando una gran presi\u00f3n de entrada del virus al pa\u00eds que ya se est\u00e1 reflejando en casos aut\u00f3ctonos en Salta, Misiones, Buenos Aires y Santa Fe y que, m\u00e1s temprano que tarde, impactar\u00e1 tambi\u00e9n en nuestra provincia.<br \/>\nb) El antecedente de los casos detectados en Capital en abril-junio de 2018 dej\u00f3 en evidencia por primera vez la capacidad de transmisi\u00f3n que el vector alcanz\u00f3 en el centro urbano m\u00e1s cuantioso de nuestra provincia. A partir de la adquisici\u00f3n de esta \u201ccapacidad vectorial\u201d, episodios como el antedicho podr\u00edan repetirse con facilidad ante el ingreso del virus.<br \/>\nAmbos elementos componen una situaci\u00f3n de riesgo que no hay que subestimar.<\/p>\n<p>\u00bfC\u00f3mo evitamos la presencia del mosquito Aedes Aegypti?<br \/>\nEn este caso, para evitar la presencia del mosquito aedes aegypti, que se cr\u00eda en los hogares, las familias deben tomar medidas, tanto dentro de la casa como en el peridomicilio:<br \/>\nEliminando todos los recipientes en desuso que puedan acumular agua (como latas, botellas, neum\u00e1ticos).<br \/>\nDando vuelta los objetos que se encuentran en el exterior y pueden acumular agua cuando llueve (baldes, palanganas, tambores).<br \/>\nCambiando el agua de bebederos de animales, colectores de desag\u00fces de aire acondicionado o lluvia, dentro y fuera de la casa, cada 3 d\u00edas. Record\u00e1 frotar las paredes de los recipientes con una esponja a fin de desprender los huevos de mosquito que puedan estar adheridos.<br \/>\n\u2022 Rellenando los floreros y portamacetas con arena h\u00fameda.<br \/>\n\u2022 Manteniendo los patios limpios y ordenados y los jardines desmalezados.<br \/>\n\u2022 Limpiando canaletas y desag\u00fces de lluvia de los techos.<br \/>\n\u2022 Tapando los tanques y recipientes que se usan para recolectar agua.<br \/>\n\u2022 Tambi\u00e9n es importante prevenir la picadura del mosquito:<br \/>\n\u2022 Usando siempre repelentes siguiendo cuidadosamente las recomendaciones del envase.<br \/>\n\u2022 Utilizando ropa clara que cubra los brazos y las piernas, especialmente durante las actividades al aire libre.<br \/>\n\u2022 Colocando mosquiteros en puertas y ventanas, y cuando sea posible usar ventiladores o aire acondicionado en la habitaciones.<br \/>\n\u2022 Protegiendo cunas y cochecitos de beb\u00e9s con telas mosquiteras.<br \/>\n\u2022 Utilizando repelentes ambientales como tabletas y espirales.<\/p>\n<p>En este sentido, recomendamos a la poblaci\u00f3n que ante la aparici\u00f3n repentina de fiebre sin mucosidad acuda inmediatamente al m\u00e9dico y que mantenga su vivienda sin recipientes capaces de acumular a agua o los tape para que los mosquitos no puedan ingresar a ellos.<\/p>\n","protected":false},"excerpt":{"rendered":"<p>Agresivos e insoportables, los mosquitos ganaron la calle, jardines y toda la regi\u00f3n en plena cuarentena. Preocupa a la comunidad la transmisi\u00f3n de enfermedades<\/p>\n","protected":false},"author":3,"featured_media":0,"comment_status":"closed","ping_status":"open","sticky":false,"template":"","format":"standard","meta":{"footnotes":""},"categories":[30],"tags":[],"class_list":["post-39910","post","type-post","status-publish","format-standard","hentry","category-salud"],"yoast_head":"<!-- This site is optimized with the Yoast SEO plugin v25.9 - https:\/\/yoast.com\/wordpress\/plugins\/seo\/ -->\n<title>Invasi\u00f3n de mosquitos en la comarca y la regi\u00f3n. - Noticias Radio Reflejos<\/title>\n<meta name=\"robots\" content=\"index, follow, max-snippet:-1, max-image-preview:large, max-video-preview:-1\" \/>\n<link rel=\"canonical\" href=\"https:\/\/www.noticiasradioreflejos.com.ar\/2021\/invasion-de-mosquitos-en-la-comarca-y-la-region\/\" \/>\n<meta property=\"og:locale\" content=\"es_ES\" \/>\n<meta property=\"og:type\" content=\"article\" \/>\n<meta property=\"og:title\" content=\"Invasi\u00f3n de mosquitos en la comarca y la regi\u00f3n. - Noticias Radio Reflejos\" \/>\n<meta property=\"og:description\" content=\"Agresivos e insoportables, los mosquitos ganaron la calle, jardines y toda la regi\u00f3n en plena cuarentena. Preocupa a la comunidad la transmisi\u00f3n de enfermedades\" \/>\n<meta property=\"og:url\" content=\"https:\/\/www.noticiasradioreflejos.com.ar\/2021\/invasion-de-mosquitos-en-la-comarca-y-la-region\/\" \/>\n<meta property=\"og:site_name\" content=\"Noticias Radio Reflejos\" \/>\n<meta property=\"article:published_time\" content=\"2020-03-24T11:20:34+00:00\" \/>\n<meta property=\"og:image\" content=\"https:\/\/www.noticiasradioreflejos.com.ar\/2021\/wp-content\/uploads\/2021\/07\/logosol300x200.png\" \/>\n\t<meta property=\"og:image:width\" content=\"300\" \/>\n\t<meta property=\"og:image:height\" content=\"200\" \/>\n\t<meta property=\"og:image:type\" content=\"image\/png\" \/>\n<meta name=\"author\" content=\"Arnaldo Botto\" \/>\n<meta name=\"twitter:card\" content=\"summary_large_image\" \/>\n<script type=\"application\/ld+json\" class=\"yoast-schema-graph\">{\"@context\":\"https:\/\/schema.org\",\"@graph\":[{\"@type\":\"WebPage\",\"@id\":\"https:\/\/www.noticiasradioreflejos.com.ar\/2021\/invasion-de-mosquitos-en-la-comarca-y-la-region\/\",\"url\":\"https:\/\/www.noticiasradioreflejos.com.ar\/2021\/invasion-de-mosquitos-en-la-comarca-y-la-region\/\",\"name\":\"Invasi\u00f3n de mosquitos en la comarca y la regi\u00f3n. - Noticias Radio Reflejos\",\"isPartOf\":{\"@id\":\"https:\/\/www.noticiasradioreflejos.com.ar\/2021\/#website\"},\"datePublished\":\"2020-03-24T11:20:34+00:00\",\"author\":{\"@id\":\"https:\/\/www.noticiasradioreflejos.com.ar\/2021\/#\/schema\/person\/ad82545263dcc5ec0996818884fd5fb1\"},\"breadcrumb\":{\"@id\":\"https:\/\/www.noticiasradioreflejos.com.ar\/2021\/invasion-de-mosquitos-en-la-comarca-y-la-region\/#breadcrumb\"},\"inLanguage\":\"es\",\"potentialAction\":[{\"@type\":\"ReadAction\",\"target\":[\"https:\/\/www.noticiasradioreflejos.com.ar\/2021\/invasion-de-mosquitos-en-la-comarca-y-la-region\/\"]}]},{\"@type\":\"BreadcrumbList\",\"@id\":\"https:\/\/www.noticiasradioreflejos.com.ar\/2021\/invasion-de-mosquitos-en-la-comarca-y-la-region\/#breadcrumb\",\"itemListElement\":[{\"@type\":\"ListItem\",\"position\":1,\"name\":\"Portada\",\"item\":\"https:\/\/www.noticiasradioreflejos.com.ar\/2021\/\"},{\"@type\":\"ListItem\",\"position\":2,\"name\":\"Invasi\u00f3n de mosquitos en la comarca y la regi\u00f3n.\"}]},{\"@type\":\"WebSite\",\"@id\":\"https:\/\/www.noticiasradioreflejos.com.ar\/2021\/#website\",\"url\":\"https:\/\/www.noticiasradioreflejos.com.ar\/2021\/\",\"name\":\"Noticias Radio Reflejos\",\"description\":\"Las noticias de mi comarca\",\"potentialAction\":[{\"@type\":\"SearchAction\",\"target\":{\"@type\":\"EntryPoint\",\"urlTemplate\":\"https:\/\/www.noticiasradioreflejos.com.ar\/2021\/?s={search_term_string}\"},\"query-input\":{\"@type\":\"PropertyValueSpecification\",\"valueRequired\":true,\"valueName\":\"search_term_string\"}}],\"inLanguage\":\"es\"},{\"@type\":\"Person\",\"@id\":\"https:\/\/www.noticiasradioreflejos.com.ar\/2021\/#\/schema\/person\/ad82545263dcc5ec0996818884fd5fb1\",\"name\":\"Arnaldo Botto\",\"image\":{\"@type\":\"ImageObject\",\"inLanguage\":\"es\",\"@id\":\"https:\/\/www.noticiasradioreflejos.com.ar\/2021\/#\/schema\/person\/image\/\",\"url\":\"https:\/\/secure.gravatar.com\/avatar\/55cb5e37c1efa326397366e6974cb338056df65cb50e7d64d1cf314e87504837?s=96&d=mm&r=g\",\"contentUrl\":\"https:\/\/secure.gravatar.com\/avatar\/55cb5e37c1efa326397366e6974cb338056df65cb50e7d64d1cf314e87504837?s=96&d=mm&r=g\",\"caption\":\"Arnaldo Botto\"},\"url\":\"https:\/\/www.noticiasradioreflejos.com.ar\/2021\/author\/arnaldo\/\"}]}<\/script>\n<!-- \/ Yoast SEO plugin. -->","yoast_head_json":{"title":"Invasi\u00f3n de mosquitos en la comarca y la regi\u00f3n. - Noticias Radio Reflejos","robots":{"index":"index","follow":"follow","max-snippet":"max-snippet:-1","max-image-preview":"max-image-preview:large","max-video-preview":"max-video-preview:-1"},"canonical":"https:\/\/www.noticiasradioreflejos.com.ar\/2021\/invasion-de-mosquitos-en-la-comarca-y-la-region\/","og_locale":"es_ES","og_type":"article","og_title":"Invasi\u00f3n de mosquitos en la comarca y la regi\u00f3n. - Noticias Radio Reflejos","og_description":"Agresivos e insoportables, los mosquitos ganaron la calle, jardines y toda la regi\u00f3n en plena cuarentena. Preocupa a la comunidad la transmisi\u00f3n de enfermedades","og_url":"https:\/\/www.noticiasradioreflejos.com.ar\/2021\/invasion-de-mosquitos-en-la-comarca-y-la-region\/","og_site_name":"Noticias Radio Reflejos","article_published_time":"2020-03-24T11:20:34+00:00","og_image":[{"width":300,"height":200,"url":"https:\/\/www.noticiasradioreflejos.com.ar\/2021\/wp-content\/uploads\/2021\/07\/logosol300x200.png","type":"image\/png"}],"author":"Arnaldo Botto","twitter_card":"summary_large_image","schema":{"@context":"https:\/\/schema.org","@graph":[{"@type":"WebPage","@id":"https:\/\/www.noticiasradioreflejos.com.ar\/2021\/invasion-de-mosquitos-en-la-comarca-y-la-region\/","url":"https:\/\/www.noticiasradioreflejos.com.ar\/2021\/invasion-de-mosquitos-en-la-comarca-y-la-region\/","name":"Invasi\u00f3n de mosquitos en la comarca y la regi\u00f3n. - Noticias Radio Reflejos","isPartOf":{"@id":"https:\/\/www.noticiasradioreflejos.com.ar\/2021\/#website"},"datePublished":"2020-03-24T11:20:34+00:00","author":{"@id":"https:\/\/www.noticiasradioreflejos.com.ar\/2021\/#\/schema\/person\/ad82545263dcc5ec0996818884fd5fb1"},"breadcrumb":{"@id":"https:\/\/www.noticiasradioreflejos.com.ar\/2021\/invasion-de-mosquitos-en-la-comarca-y-la-region\/#breadcrumb"},"inLanguage":"es","potentialAction":[{"@type":"ReadAction","target":["https:\/\/www.noticiasradioreflejos.com.ar\/2021\/invasion-de-mosquitos-en-la-comarca-y-la-region\/"]}]},{"@type":"BreadcrumbList","@id":"https:\/\/www.noticiasradioreflejos.com.ar\/2021\/invasion-de-mosquitos-en-la-comarca-y-la-region\/#breadcrumb","itemListElement":[{"@type":"ListItem","position":1,"name":"Portada","item":"https:\/\/www.noticiasradioreflejos.com.ar\/2021\/"},{"@type":"ListItem","position":2,"name":"Invasi\u00f3n de mosquitos en la comarca y la regi\u00f3n."}]},{"@type":"WebSite","@id":"https:\/\/www.noticiasradioreflejos.com.ar\/2021\/#website","url":"https:\/\/www.noticiasradioreflejos.com.ar\/2021\/","name":"Noticias Radio Reflejos","description":"Las noticias de mi comarca","potentialAction":[{"@type":"SearchAction","target":{"@type":"EntryPoint","urlTemplate":"https:\/\/www.noticiasradioreflejos.com.ar\/2021\/?s={search_term_string}"},"query-input":{"@type":"PropertyValueSpecification","valueRequired":true,"valueName":"search_term_string"}}],"inLanguage":"es"},{"@type":"Person","@id":"https:\/\/www.noticiasradioreflejos.com.ar\/2021\/#\/schema\/person\/ad82545263dcc5ec0996818884fd5fb1","name":"Arnaldo Botto","image":{"@type":"ImageObject","inLanguage":"es","@id":"https:\/\/www.noticiasradioreflejos.com.ar\/2021\/#\/schema\/person\/image\/","url":"https:\/\/secure.gravatar.com\/avatar\/55cb5e37c1efa326397366e6974cb338056df65cb50e7d64d1cf314e87504837?s=96&d=mm&r=g","contentUrl":"https:\/\/secure.gravatar.com\/avatar\/55cb5e37c1efa326397366e6974cb338056df65cb50e7d64d1cf314e87504837?s=96&d=mm&r=g","caption":"Arnaldo Botto"},"url":"https:\/\/www.noticiasradioreflejos.com.ar\/2021\/author\/arnaldo\/"}]}},"_links":{"self":[{"href":"https:\/\/www.noticiasradioreflejos.com.ar\/2021\/wp-json\/wp\/v2\/posts\/39910","targetHints":{"allow":["GET"]}}],"collection":[{"href":"https:\/\/www.noticiasradioreflejos.com.ar\/2021\/wp-json\/wp\/v2\/posts"}],"about":[{"href":"https:\/\/www.noticiasradioreflejos.com.ar\/2021\/wp-json\/wp\/v2\/types\/post"}],"author":[{"embeddable":true,"href":"https:\/\/www.noticiasradioreflejos.com.ar\/2021\/wp-json\/wp\/v2\/users\/3"}],"replies":[{"embeddable":true,"href":"https:\/\/www.noticiasradioreflejos.com.ar\/2021\/wp-json\/wp\/v2\/comments?post=39910"}],"version-history":[{"count":0,"href":"https:\/\/www.noticiasradioreflejos.com.ar\/2021\/wp-json\/wp\/v2\/posts\/39910\/revisions"}],"wp:attachment":[{"href":"https:\/\/www.noticiasradioreflejos.com.ar\/2021\/wp-json\/wp\/v2\/media?parent=39910"}],"wp:term":[{"taxonomy":"category","embeddable":true,"href":"https:\/\/www.noticiasradioreflejos.com.ar\/2021\/wp-json\/wp\/v2\/categories?post=39910"},{"taxonomy":"post_tag","embeddable":true,"href":"https:\/\/www.noticiasradioreflejos.com.ar\/2021\/wp-json\/wp\/v2\/tags?post=39910"}],"curies":[{"name":"wp","href":"https:\/\/api.w.org\/{rel}","templated":true}]}}