{"id":39893,"date":"2020-03-23T23:29:07","date_gmt":"2020-03-24T02:29:07","guid":{"rendered":"http:\/\/www.noticiasradioreflejos.com.ar\/noticias\/?p=39893"},"modified":"2020-03-23T23:29:07","modified_gmt":"2020-03-24T02:29:07","slug":"cinco-aprehendidos-en-sierra-de-la-ventana-por-incumplimiento-del-aislamiento-obligatorio","status":"publish","type":"post","link":"https:\/\/www.noticiasradioreflejos.com.ar\/2021\/cinco-aprehendidos-en-sierra-de-la-ventana-por-incumplimiento-del-aislamiento-obligatorio\/","title":{"rendered":"Cinco aprehendidos en Sierra de la Ventana por incumplimiento del aislamiento obligatorio."},"content":{"rendered":"<p>La Secretaria de Seguridad de la Municipalidad de Tornquist informa que en el d\u00eda de ayer, siendo las 17:50 horas, personal policial de la Subestaci\u00f3n Comunal de  Sierra de la Ventana procedi\u00f3 a la APREHENSION de dos ciudadanos <!--more--><\/p>\n<p>SILVA MORINIGO REGINA BERNABE de 31 a\u00f1os y SIEBENHAAR JUAN ALBERTO de 64 a\u00f1os de edad, ambos oriundos de ese medio, quienes circulaban caminando por calle Tres Picos y Curamalal, donde all\u00ed fueron interceptados por personal policial por cuanto por incumplir el Aislamiento Social, Preventivo y Obligatorio decretado por el Presidente de la Naci\u00f3n Argentina, infringiendo los ciudadanos los ARTICULO 202, 205 y 239 DEL CODIGO PENAL, se procedi\u00f3 a su aprehensi\u00f3n, d\u00e1ndose intervenci\u00f3n al Juzgado Federal N\u00ba 1 de Bah\u00eda Blanca.<br \/>\nPosteriormente siendo las 19.40 hs personal policial de esta subestaci\u00f3n de polic\u00eda, procedi\u00f3 a la aprehensi\u00f3n de los ciudadanos BOTTO ESTANISLAO de 19 a\u00f1os y MARTINEZ BENITO SANTIAGO de 54 a\u00f1os, ambos residentes de este medio, quienes momentos antes fueron advertidos en calle Sarmiento y E. Tornquist de esta localidad respectivamente, caminando ambos por la v\u00eda p\u00fablica sin justificar su permanencia en el lugar, por cuanto al incumplir el Aislamiento Social, Preventivo y Obligatorio decretado por el Presidente de la Naci\u00f3n Argentina, se hallan infringiendo los art\u00edculos 202, 205 y 239 del C.P.N., d\u00e1ndose intervenci\u00f3n al Juzgado Federal Nro. 1 de Bah\u00eda Blanca.<br \/>\nPor \u00faltimo y siendo las 22.10 hs nuevamente personal policial de la Subestaci\u00f3n Comunal de  Sierra de la Ventana procedi\u00f3 a la aprehensi\u00f3n de la ciudadana SKRETKOWICZ GISELLE VERONICA de 44 a\u00f1os, residente de este medio, quien fue advertida caminando en calle Cruz del Sur, y al consultar su permanencia en la v\u00eda p\u00fablica, la misma refiere que regresaba desde la casa de su novio hacia su domicilio, actividad no contemplada en el decreto 297\/2020, por cuanto al incumplir el Aislamiento Social, Preventivo y Obligatorio decretado por el Presidente de la Naci\u00f3n Argentina, se hallan infringiendo los art\u00edculos 202, 205 y 239 del C.P.N, d\u00e1ndose intervenci\u00f3n al Juzgado Federal Nro. 1 de Bah\u00eda Blanca.<\/p>\n","protected":false},"excerpt":{"rendered":"<p>La Secretaria de Seguridad de la Municipalidad de Tornquist informa que en el d\u00eda de ayer, siendo las 17:50 horas, personal policial de la Subestaci\u00f3n Comunal de Sierra de la Ventana procedi\u00f3 a la APREHENSION de dos ciudadanos<\/p>\n","protected":false},"author":3,"featured_media":0,"comment_status":"closed","ping_status":"open","sticky":false,"template":"","format":"standard","meta":{"footnotes":""},"categories":[29],"tags":[],"class_list":["post-39893","post","type-post","status-publish","format-standard","hentry","category-policiales"],"yoast_head":"<!-- This site is optimized with the Yoast SEO plugin v25.9 - https:\/\/yoast.com\/wordpress\/plugins\/seo\/ -->\n<title>Cinco aprehendidos en Sierra de la Ventana por incumplimiento del aislamiento obligatorio. - Noticias Radio Reflejos<\/title>\n<meta name=\"robots\" content=\"index, follow, max-snippet:-1, max-image-preview:large, max-video-preview:-1\" \/>\n<link rel=\"canonical\" href=\"https:\/\/www.noticiasradioreflejos.com.ar\/2021\/cinco-aprehendidos-en-sierra-de-la-ventana-por-incumplimiento-del-aislamiento-obligatorio\/\" \/>\n<meta property=\"og:locale\" content=\"es_ES\" \/>\n<meta property=\"og:type\" content=\"article\" \/>\n<meta property=\"og:title\" content=\"Cinco aprehendidos en Sierra de la Ventana por incumplimiento del aislamiento obligatorio. - Noticias Radio Reflejos\" \/>\n<meta property=\"og:description\" content=\"La Secretaria de Seguridad de la Municipalidad de Tornquist informa que en el d\u00eda de ayer, siendo las 17:50 horas, personal policial de la Subestaci\u00f3n Comunal de Sierra de la Ventana procedi\u00f3 a la APREHENSION de dos ciudadanos\" \/>\n<meta property=\"og:url\" content=\"https:\/\/www.noticiasradioreflejos.com.ar\/2021\/cinco-aprehendidos-en-sierra-de-la-ventana-por-incumplimiento-del-aislamiento-obligatorio\/\" \/>\n<meta property=\"og:site_name\" content=\"Noticias Radio Reflejos\" \/>\n<meta property=\"article:published_time\" content=\"2020-03-24T02:29:07+00:00\" \/>\n<meta property=\"og:image\" content=\"https:\/\/www.noticiasradioreflejos.com.ar\/2021\/wp-content\/uploads\/2021\/07\/logosol300x200.png\" \/>\n\t<meta property=\"og:image:width\" content=\"300\" \/>\n\t<meta property=\"og:image:height\" content=\"200\" \/>\n\t<meta property=\"og:image:type\" content=\"image\/png\" \/>\n<meta name=\"author\" content=\"Arnaldo Botto\" \/>\n<meta name=\"twitter:card\" content=\"summary_large_image\" \/>\n<script type=\"application\/ld+json\" class=\"yoast-schema-graph\">{\"@context\":\"https:\/\/schema.org\",\"@graph\":[{\"@type\":\"WebPage\",\"@id\":\"https:\/\/www.noticiasradioreflejos.com.ar\/2021\/cinco-aprehendidos-en-sierra-de-la-ventana-por-incumplimiento-del-aislamiento-obligatorio\/\",\"url\":\"https:\/\/www.noticiasradioreflejos.com.ar\/2021\/cinco-aprehendidos-en-sierra-de-la-ventana-por-incumplimiento-del-aislamiento-obligatorio\/\",\"name\":\"Cinco aprehendidos en Sierra de la Ventana por incumplimiento del aislamiento obligatorio. - Noticias Radio Reflejos\",\"isPartOf\":{\"@id\":\"https:\/\/www.noticiasradioreflejos.com.ar\/2021\/#website\"},\"datePublished\":\"2020-03-24T02:29:07+00:00\",\"author\":{\"@id\":\"https:\/\/www.noticiasradioreflejos.com.ar\/2021\/#\/schema\/person\/ad82545263dcc5ec0996818884fd5fb1\"},\"breadcrumb\":{\"@id\":\"https:\/\/www.noticiasradioreflejos.com.ar\/2021\/cinco-aprehendidos-en-sierra-de-la-ventana-por-incumplimiento-del-aislamiento-obligatorio\/#breadcrumb\"},\"inLanguage\":\"es\",\"potentialAction\":[{\"@type\":\"ReadAction\",\"target\":[\"https:\/\/www.noticiasradioreflejos.com.ar\/2021\/cinco-aprehendidos-en-sierra-de-la-ventana-por-incumplimiento-del-aislamiento-obligatorio\/\"]}]},{\"@type\":\"BreadcrumbList\",\"@id\":\"https:\/\/www.noticiasradioreflejos.com.ar\/2021\/cinco-aprehendidos-en-sierra-de-la-ventana-por-incumplimiento-del-aislamiento-obligatorio\/#breadcrumb\",\"itemListElement\":[{\"@type\":\"ListItem\",\"position\":1,\"name\":\"Portada\",\"item\":\"https:\/\/www.noticiasradioreflejos.com.ar\/2021\/\"},{\"@type\":\"ListItem\",\"position\":2,\"name\":\"Cinco aprehendidos en Sierra de la Ventana por incumplimiento del aislamiento obligatorio.\"}]},{\"@type\":\"WebSite\",\"@id\":\"https:\/\/www.noticiasradioreflejos.com.ar\/2021\/#website\",\"url\":\"https:\/\/www.noticiasradioreflejos.com.ar\/2021\/\",\"name\":\"Noticias Radio Reflejos\",\"description\":\"Las noticias de mi comarca\",\"potentialAction\":[{\"@type\":\"SearchAction\",\"target\":{\"@type\":\"EntryPoint\",\"urlTemplate\":\"https:\/\/www.noticiasradioreflejos.com.ar\/2021\/?s={search_term_string}\"},\"query-input\":{\"@type\":\"PropertyValueSpecification\",\"valueRequired\":true,\"valueName\":\"search_term_string\"}}],\"inLanguage\":\"es\"},{\"@type\":\"Person\",\"@id\":\"https:\/\/www.noticiasradioreflejos.com.ar\/2021\/#\/schema\/person\/ad82545263dcc5ec0996818884fd5fb1\",\"name\":\"Arnaldo Botto\",\"image\":{\"@type\":\"ImageObject\",\"inLanguage\":\"es\",\"@id\":\"https:\/\/www.noticiasradioreflejos.com.ar\/2021\/#\/schema\/person\/image\/\",\"url\":\"https:\/\/secure.gravatar.com\/avatar\/55cb5e37c1efa326397366e6974cb338056df65cb50e7d64d1cf314e87504837?s=96&d=mm&r=g\",\"contentUrl\":\"https:\/\/secure.gravatar.com\/avatar\/55cb5e37c1efa326397366e6974cb338056df65cb50e7d64d1cf314e87504837?s=96&d=mm&r=g\",\"caption\":\"Arnaldo Botto\"},\"url\":\"https:\/\/www.noticiasradioreflejos.com.ar\/2021\/author\/arnaldo\/\"}]}<\/script>\n<!-- \/ Yoast SEO plugin. -->","yoast_head_json":{"title":"Cinco aprehendidos en Sierra de la Ventana por incumplimiento del aislamiento obligatorio. - Noticias Radio Reflejos","robots":{"index":"index","follow":"follow","max-snippet":"max-snippet:-1","max-image-preview":"max-image-preview:large","max-video-preview":"max-video-preview:-1"},"canonical":"https:\/\/www.noticiasradioreflejos.com.ar\/2021\/cinco-aprehendidos-en-sierra-de-la-ventana-por-incumplimiento-del-aislamiento-obligatorio\/","og_locale":"es_ES","og_type":"article","og_title":"Cinco aprehendidos en Sierra de la Ventana por incumplimiento del aislamiento obligatorio. - Noticias Radio Reflejos","og_description":"La Secretaria de Seguridad de la Municipalidad de Tornquist informa que en el d\u00eda de ayer, siendo las 17:50 horas, personal policial de la Subestaci\u00f3n Comunal de Sierra de la Ventana procedi\u00f3 a la APREHENSION de dos ciudadanos","og_url":"https:\/\/www.noticiasradioreflejos.com.ar\/2021\/cinco-aprehendidos-en-sierra-de-la-ventana-por-incumplimiento-del-aislamiento-obligatorio\/","og_site_name":"Noticias Radio Reflejos","article_published_time":"2020-03-24T02:29:07+00:00","og_image":[{"width":300,"height":200,"url":"https:\/\/www.noticiasradioreflejos.com.ar\/2021\/wp-content\/uploads\/2021\/07\/logosol300x200.png","type":"image\/png"}],"author":"Arnaldo Botto","twitter_card":"summary_large_image","schema":{"@context":"https:\/\/schema.org","@graph":[{"@type":"WebPage","@id":"https:\/\/www.noticiasradioreflejos.com.ar\/2021\/cinco-aprehendidos-en-sierra-de-la-ventana-por-incumplimiento-del-aislamiento-obligatorio\/","url":"https:\/\/www.noticiasradioreflejos.com.ar\/2021\/cinco-aprehendidos-en-sierra-de-la-ventana-por-incumplimiento-del-aislamiento-obligatorio\/","name":"Cinco aprehendidos en Sierra de la Ventana por incumplimiento del aislamiento obligatorio. - Noticias Radio Reflejos","isPartOf":{"@id":"https:\/\/www.noticiasradioreflejos.com.ar\/2021\/#website"},"datePublished":"2020-03-24T02:29:07+00:00","author":{"@id":"https:\/\/www.noticiasradioreflejos.com.ar\/2021\/#\/schema\/person\/ad82545263dcc5ec0996818884fd5fb1"},"breadcrumb":{"@id":"https:\/\/www.noticiasradioreflejos.com.ar\/2021\/cinco-aprehendidos-en-sierra-de-la-ventana-por-incumplimiento-del-aislamiento-obligatorio\/#breadcrumb"},"inLanguage":"es","potentialAction":[{"@type":"ReadAction","target":["https:\/\/www.noticiasradioreflejos.com.ar\/2021\/cinco-aprehendidos-en-sierra-de-la-ventana-por-incumplimiento-del-aislamiento-obligatorio\/"]}]},{"@type":"BreadcrumbList","@id":"https:\/\/www.noticiasradioreflejos.com.ar\/2021\/cinco-aprehendidos-en-sierra-de-la-ventana-por-incumplimiento-del-aislamiento-obligatorio\/#breadcrumb","itemListElement":[{"@type":"ListItem","position":1,"name":"Portada","item":"https:\/\/www.noticiasradioreflejos.com.ar\/2021\/"},{"@type":"ListItem","position":2,"name":"Cinco aprehendidos en Sierra de la Ventana por incumplimiento del aislamiento obligatorio."}]},{"@type":"WebSite","@id":"https:\/\/www.noticiasradioreflejos.com.ar\/2021\/#website","url":"https:\/\/www.noticiasradioreflejos.com.ar\/2021\/","name":"Noticias Radio Reflejos","description":"Las noticias de mi comarca","potentialAction":[{"@type":"SearchAction","target":{"@type":"EntryPoint","urlTemplate":"https:\/\/www.noticiasradioreflejos.com.ar\/2021\/?s={search_term_string}"},"query-input":{"@type":"PropertyValueSpecification","valueRequired":true,"valueName":"search_term_string"}}],"inLanguage":"es"},{"@type":"Person","@id":"https:\/\/www.noticiasradioreflejos.com.ar\/2021\/#\/schema\/person\/ad82545263dcc5ec0996818884fd5fb1","name":"Arnaldo Botto","image":{"@type":"ImageObject","inLanguage":"es","@id":"https:\/\/www.noticiasradioreflejos.com.ar\/2021\/#\/schema\/person\/image\/","url":"https:\/\/secure.gravatar.com\/avatar\/55cb5e37c1efa326397366e6974cb338056df65cb50e7d64d1cf314e87504837?s=96&d=mm&r=g","contentUrl":"https:\/\/secure.gravatar.com\/avatar\/55cb5e37c1efa326397366e6974cb338056df65cb50e7d64d1cf314e87504837?s=96&d=mm&r=g","caption":"Arnaldo Botto"},"url":"https:\/\/www.noticiasradioreflejos.com.ar\/2021\/author\/arnaldo\/"}]}},"_links":{"self":[{"href":"https:\/\/www.noticiasradioreflejos.com.ar\/2021\/wp-json\/wp\/v2\/posts\/39893","targetHints":{"allow":["GET"]}}],"collection":[{"href":"https:\/\/www.noticiasradioreflejos.com.ar\/2021\/wp-json\/wp\/v2\/posts"}],"about":[{"href":"https:\/\/www.noticiasradioreflejos.com.ar\/2021\/wp-json\/wp\/v2\/types\/post"}],"author":[{"embeddable":true,"href":"https:\/\/www.noticiasradioreflejos.com.ar\/2021\/wp-json\/wp\/v2\/users\/3"}],"replies":[{"embeddable":true,"href":"https:\/\/www.noticiasradioreflejos.com.ar\/2021\/wp-json\/wp\/v2\/comments?post=39893"}],"version-history":[{"count":0,"href":"https:\/\/www.noticiasradioreflejos.com.ar\/2021\/wp-json\/wp\/v2\/posts\/39893\/revisions"}],"wp:attachment":[{"href":"https:\/\/www.noticiasradioreflejos.com.ar\/2021\/wp-json\/wp\/v2\/media?parent=39893"}],"wp:term":[{"taxonomy":"category","embeddable":true,"href":"https:\/\/www.noticiasradioreflejos.com.ar\/2021\/wp-json\/wp\/v2\/categories?post=39893"},{"taxonomy":"post_tag","embeddable":true,"href":"https:\/\/www.noticiasradioreflejos.com.ar\/2021\/wp-json\/wp\/v2\/tags?post=39893"}],"curies":[{"name":"wp","href":"https:\/\/api.w.org\/{rel}","templated":true}]}}