{"id":39871,"date":"2020-03-23T18:49:30","date_gmt":"2020-03-23T21:49:30","guid":{"rendered":"http:\/\/www.noticiasradioreflejos.com.ar\/noticias\/?p=39871"},"modified":"2020-03-23T18:49:30","modified_gmt":"2020-03-23T21:49:30","slug":"la-comision-por-la-memoria-ofrece-propuestas-virtuales-para-recordar-el-golpe-del-24-de-marzo","status":"publish","type":"post","link":"https:\/\/www.noticiasradioreflejos.com.ar\/2021\/la-comision-por-la-memoria-ofrece-propuestas-virtuales-para-recordar-el-golpe-del-24-de-marzo\/","title":{"rendered":"La comisi\u00f3n por la Memoria ofrece propuestas virtuales para recordar el golpe del 24 de marzo."},"content":{"rendered":"<p>La Comisi\u00f3n Provincial por la Memoria (CPM) public\u00f3 una serie de propuestas multimedia para analizar y entender el golpe de Estado del 24 de marzo de 1976 y tambi\u00e9n como una forma de participar de la conmemoraci\u00f3n de ese atentado a la democracia, que este a\u00f1o no ser\u00e1 recordado con actos p\u00fablicos por la presencia del coronavirus en el pa\u00eds.<!--more--><br \/>\nEn su p\u00e1gina web, la <a href=\"http:\/\/www.comisionporlamemoria.org\/\">CPM<\/a> public\u00f3 cat\u00e1logos para comprender hist\u00f3ricamente los acontecimientos que ocurrieron durante la \u00faltima dictadura c\u00edvico militar (1976-1983) desde varias perspectivas, con sus causas y consecuencias.<br \/>\nLos usuarios podr\u00e1n aproximarse a los debates en torno a la memoria de la dictadura que la sociedad argentina fue dando en diferentes momentos luego del retorno a la democracia en 1983.<br \/>\nTambi\u00e9n hay herramientas para reflexionar sobre los caminos de la Justicia y respecto de la formaci\u00f3n y desarrollo de los organismos de Derechos Humanos.<br \/>\nLa plataforma presenta textos, estad\u00edsticas, videos, infograf\u00edas, fotos y otros documentos de archivo.<br \/>\nLa iniciativa funcionar\u00e1 tambi\u00e9n como una alternativa para conmemorar el aniversario del golpe de Estado, ya que la tradicional movilizaci\u00f3n este a\u00f1o fue suspendida por primera vez en 37 a\u00f1os en prevenci\u00f3n frente a la presencia de coronavirus en el pa\u00eds.<br \/>\n<a href=\"http:\/\/www.noticiasradioreflejos.com.ar\/noticias\/wp-content\/uploads\/2020\/03\/CPM.png\"><img loading=\"lazy\" decoding=\"async\" class=\"aligncenter size-large wp-image-39872\" src=\"http:\/\/www.noticiasradioreflejos.com.ar\/noticias\/wp-content\/uploads\/2020\/03\/CPM-1024x432.png\" alt=\"CPM\" width=\"1024\" height=\"432\" \/><\/a><\/p>\n","protected":false},"excerpt":{"rendered":"<p>La Comisi\u00f3n Provincial por la Memoria (CPM) public\u00f3 una serie de propuestas multimedia para analizar y entender el golpe de Estado del 24 de marzo de 1976 y tambi\u00e9n como una forma de participar de la conmemoraci\u00f3n de ese atentado a la democracia, que este a\u00f1o no ser\u00e1 recordado con actos p\u00fablicos por la presencia [&hellip;]<\/p>\n","protected":false},"author":3,"featured_media":0,"comment_status":"closed","ping_status":"open","sticky":false,"template":"","format":"standard","meta":{"footnotes":""},"categories":[24],"tags":[],"class_list":["post-39871","post","type-post","status-publish","format-standard","hentry","category-politica"],"yoast_head":"<!-- This site is optimized with the Yoast SEO plugin v25.9 - https:\/\/yoast.com\/wordpress\/plugins\/seo\/ -->\n<title>La comisi\u00f3n por la Memoria ofrece propuestas virtuales para recordar el golpe del 24 de marzo. - Noticias Radio Reflejos<\/title>\n<meta name=\"robots\" content=\"index, follow, max-snippet:-1, max-image-preview:large, max-video-preview:-1\" \/>\n<link rel=\"canonical\" href=\"https:\/\/www.noticiasradioreflejos.com.ar\/2021\/la-comision-por-la-memoria-ofrece-propuestas-virtuales-para-recordar-el-golpe-del-24-de-marzo\/\" \/>\n<meta property=\"og:locale\" content=\"es_ES\" \/>\n<meta property=\"og:type\" content=\"article\" \/>\n<meta property=\"og:title\" content=\"La comisi\u00f3n por la Memoria ofrece propuestas virtuales para recordar el golpe del 24 de marzo. - Noticias Radio Reflejos\" \/>\n<meta property=\"og:description\" content=\"La Comisi\u00f3n Provincial por la Memoria (CPM) public\u00f3 una serie de propuestas multimedia para analizar y entender el golpe de Estado del 24 de marzo de 1976 y tambi\u00e9n como una forma de participar de la conmemoraci\u00f3n de ese atentado a la democracia, que este a\u00f1o no ser\u00e1 recordado con actos p\u00fablicos por la presencia [&hellip;]\" \/>\n<meta property=\"og:url\" content=\"https:\/\/www.noticiasradioreflejos.com.ar\/2021\/la-comision-por-la-memoria-ofrece-propuestas-virtuales-para-recordar-el-golpe-del-24-de-marzo\/\" \/>\n<meta property=\"og:site_name\" content=\"Noticias Radio Reflejos\" \/>\n<meta property=\"article:published_time\" content=\"2020-03-23T21:49:30+00:00\" \/>\n<meta property=\"og:image\" content=\"https:\/\/www.noticiasradioreflejos.com.ar\/2021\/wp-content\/uploads\/2021\/07\/logosol300x200.png\" \/>\n\t<meta property=\"og:image:width\" content=\"300\" \/>\n\t<meta property=\"og:image:height\" content=\"200\" \/>\n\t<meta property=\"og:image:type\" content=\"image\/png\" \/>\n<meta name=\"author\" content=\"Arnaldo Botto\" \/>\n<meta name=\"twitter:card\" content=\"summary_large_image\" \/>\n<script type=\"application\/ld+json\" class=\"yoast-schema-graph\">{\"@context\":\"https:\/\/schema.org\",\"@graph\":[{\"@type\":\"WebPage\",\"@id\":\"https:\/\/www.noticiasradioreflejos.com.ar\/2021\/la-comision-por-la-memoria-ofrece-propuestas-virtuales-para-recordar-el-golpe-del-24-de-marzo\/\",\"url\":\"https:\/\/www.noticiasradioreflejos.com.ar\/2021\/la-comision-por-la-memoria-ofrece-propuestas-virtuales-para-recordar-el-golpe-del-24-de-marzo\/\",\"name\":\"La comisi\u00f3n por la Memoria ofrece propuestas virtuales para recordar el golpe del 24 de marzo. - Noticias Radio Reflejos\",\"isPartOf\":{\"@id\":\"https:\/\/www.noticiasradioreflejos.com.ar\/2021\/#website\"},\"primaryImageOfPage\":{\"@id\":\"https:\/\/www.noticiasradioreflejos.com.ar\/2021\/la-comision-por-la-memoria-ofrece-propuestas-virtuales-para-recordar-el-golpe-del-24-de-marzo\/#primaryimage\"},\"image\":{\"@id\":\"https:\/\/www.noticiasradioreflejos.com.ar\/2021\/la-comision-por-la-memoria-ofrece-propuestas-virtuales-para-recordar-el-golpe-del-24-de-marzo\/#primaryimage\"},\"thumbnailUrl\":\"http:\/\/www.noticiasradioreflejos.com.ar\/noticias\/wp-content\/uploads\/2020\/03\/CPM-1024x432.png\",\"datePublished\":\"2020-03-23T21:49:30+00:00\",\"author\":{\"@id\":\"https:\/\/www.noticiasradioreflejos.com.ar\/2021\/#\/schema\/person\/ad82545263dcc5ec0996818884fd5fb1\"},\"breadcrumb\":{\"@id\":\"https:\/\/www.noticiasradioreflejos.com.ar\/2021\/la-comision-por-la-memoria-ofrece-propuestas-virtuales-para-recordar-el-golpe-del-24-de-marzo\/#breadcrumb\"},\"inLanguage\":\"es\",\"potentialAction\":[{\"@type\":\"ReadAction\",\"target\":[\"https:\/\/www.noticiasradioreflejos.com.ar\/2021\/la-comision-por-la-memoria-ofrece-propuestas-virtuales-para-recordar-el-golpe-del-24-de-marzo\/\"]}]},{\"@type\":\"ImageObject\",\"inLanguage\":\"es\",\"@id\":\"https:\/\/www.noticiasradioreflejos.com.ar\/2021\/la-comision-por-la-memoria-ofrece-propuestas-virtuales-para-recordar-el-golpe-del-24-de-marzo\/#primaryimage\",\"url\":\"http:\/\/www.noticiasradioreflejos.com.ar\/noticias\/wp-content\/uploads\/2020\/03\/CPM-1024x432.png\",\"contentUrl\":\"http:\/\/www.noticiasradioreflejos.com.ar\/noticias\/wp-content\/uploads\/2020\/03\/CPM-1024x432.png\"},{\"@type\":\"BreadcrumbList\",\"@id\":\"https:\/\/www.noticiasradioreflejos.com.ar\/2021\/la-comision-por-la-memoria-ofrece-propuestas-virtuales-para-recordar-el-golpe-del-24-de-marzo\/#breadcrumb\",\"itemListElement\":[{\"@type\":\"ListItem\",\"position\":1,\"name\":\"Portada\",\"item\":\"https:\/\/www.noticiasradioreflejos.com.ar\/2021\/\"},{\"@type\":\"ListItem\",\"position\":2,\"name\":\"La comisi\u00f3n por la Memoria ofrece propuestas virtuales para recordar el golpe del 24 de marzo.\"}]},{\"@type\":\"WebSite\",\"@id\":\"https:\/\/www.noticiasradioreflejos.com.ar\/2021\/#website\",\"url\":\"https:\/\/www.noticiasradioreflejos.com.ar\/2021\/\",\"name\":\"Noticias Radio Reflejos\",\"description\":\"Las noticias de mi comarca\",\"potentialAction\":[{\"@type\":\"SearchAction\",\"target\":{\"@type\":\"EntryPoint\",\"urlTemplate\":\"https:\/\/www.noticiasradioreflejos.com.ar\/2021\/?s={search_term_string}\"},\"query-input\":{\"@type\":\"PropertyValueSpecification\",\"valueRequired\":true,\"valueName\":\"search_term_string\"}}],\"inLanguage\":\"es\"},{\"@type\":\"Person\",\"@id\":\"https:\/\/www.noticiasradioreflejos.com.ar\/2021\/#\/schema\/person\/ad82545263dcc5ec0996818884fd5fb1\",\"name\":\"Arnaldo Botto\",\"image\":{\"@type\":\"ImageObject\",\"inLanguage\":\"es\",\"@id\":\"https:\/\/www.noticiasradioreflejos.com.ar\/2021\/#\/schema\/person\/image\/\",\"url\":\"https:\/\/secure.gravatar.com\/avatar\/55cb5e37c1efa326397366e6974cb338056df65cb50e7d64d1cf314e87504837?s=96&d=mm&r=g\",\"contentUrl\":\"https:\/\/secure.gravatar.com\/avatar\/55cb5e37c1efa326397366e6974cb338056df65cb50e7d64d1cf314e87504837?s=96&d=mm&r=g\",\"caption\":\"Arnaldo Botto\"},\"url\":\"https:\/\/www.noticiasradioreflejos.com.ar\/2021\/author\/arnaldo\/\"}]}<\/script>\n<!-- \/ Yoast SEO plugin. -->","yoast_head_json":{"title":"La comisi\u00f3n por la Memoria ofrece propuestas virtuales para recordar el golpe del 24 de marzo. - Noticias Radio Reflejos","robots":{"index":"index","follow":"follow","max-snippet":"max-snippet:-1","max-image-preview":"max-image-preview:large","max-video-preview":"max-video-preview:-1"},"canonical":"https:\/\/www.noticiasradioreflejos.com.ar\/2021\/la-comision-por-la-memoria-ofrece-propuestas-virtuales-para-recordar-el-golpe-del-24-de-marzo\/","og_locale":"es_ES","og_type":"article","og_title":"La comisi\u00f3n por la Memoria ofrece propuestas virtuales para recordar el golpe del 24 de marzo. - Noticias Radio Reflejos","og_description":"La Comisi\u00f3n Provincial por la Memoria (CPM) public\u00f3 una serie de propuestas multimedia para analizar y entender el golpe de Estado del 24 de marzo de 1976 y tambi\u00e9n como una forma de participar de la conmemoraci\u00f3n de ese atentado a la democracia, que este a\u00f1o no ser\u00e1 recordado con actos p\u00fablicos por la presencia [&hellip;]","og_url":"https:\/\/www.noticiasradioreflejos.com.ar\/2021\/la-comision-por-la-memoria-ofrece-propuestas-virtuales-para-recordar-el-golpe-del-24-de-marzo\/","og_site_name":"Noticias Radio Reflejos","article_published_time":"2020-03-23T21:49:30+00:00","og_image":[{"width":300,"height":200,"url":"https:\/\/www.noticiasradioreflejos.com.ar\/2021\/wp-content\/uploads\/2021\/07\/logosol300x200.png","type":"image\/png"}],"author":"Arnaldo Botto","twitter_card":"summary_large_image","schema":{"@context":"https:\/\/schema.org","@graph":[{"@type":"WebPage","@id":"https:\/\/www.noticiasradioreflejos.com.ar\/2021\/la-comision-por-la-memoria-ofrece-propuestas-virtuales-para-recordar-el-golpe-del-24-de-marzo\/","url":"https:\/\/www.noticiasradioreflejos.com.ar\/2021\/la-comision-por-la-memoria-ofrece-propuestas-virtuales-para-recordar-el-golpe-del-24-de-marzo\/","name":"La comisi\u00f3n por la Memoria ofrece propuestas virtuales para recordar el golpe del 24 de marzo. - Noticias Radio Reflejos","isPartOf":{"@id":"https:\/\/www.noticiasradioreflejos.com.ar\/2021\/#website"},"primaryImageOfPage":{"@id":"https:\/\/www.noticiasradioreflejos.com.ar\/2021\/la-comision-por-la-memoria-ofrece-propuestas-virtuales-para-recordar-el-golpe-del-24-de-marzo\/#primaryimage"},"image":{"@id":"https:\/\/www.noticiasradioreflejos.com.ar\/2021\/la-comision-por-la-memoria-ofrece-propuestas-virtuales-para-recordar-el-golpe-del-24-de-marzo\/#primaryimage"},"thumbnailUrl":"http:\/\/www.noticiasradioreflejos.com.ar\/noticias\/wp-content\/uploads\/2020\/03\/CPM-1024x432.png","datePublished":"2020-03-23T21:49:30+00:00","author":{"@id":"https:\/\/www.noticiasradioreflejos.com.ar\/2021\/#\/schema\/person\/ad82545263dcc5ec0996818884fd5fb1"},"breadcrumb":{"@id":"https:\/\/www.noticiasradioreflejos.com.ar\/2021\/la-comision-por-la-memoria-ofrece-propuestas-virtuales-para-recordar-el-golpe-del-24-de-marzo\/#breadcrumb"},"inLanguage":"es","potentialAction":[{"@type":"ReadAction","target":["https:\/\/www.noticiasradioreflejos.com.ar\/2021\/la-comision-por-la-memoria-ofrece-propuestas-virtuales-para-recordar-el-golpe-del-24-de-marzo\/"]}]},{"@type":"ImageObject","inLanguage":"es","@id":"https:\/\/www.noticiasradioreflejos.com.ar\/2021\/la-comision-por-la-memoria-ofrece-propuestas-virtuales-para-recordar-el-golpe-del-24-de-marzo\/#primaryimage","url":"http:\/\/www.noticiasradioreflejos.com.ar\/noticias\/wp-content\/uploads\/2020\/03\/CPM-1024x432.png","contentUrl":"http:\/\/www.noticiasradioreflejos.com.ar\/noticias\/wp-content\/uploads\/2020\/03\/CPM-1024x432.png"},{"@type":"BreadcrumbList","@id":"https:\/\/www.noticiasradioreflejos.com.ar\/2021\/la-comision-por-la-memoria-ofrece-propuestas-virtuales-para-recordar-el-golpe-del-24-de-marzo\/#breadcrumb","itemListElement":[{"@type":"ListItem","position":1,"name":"Portada","item":"https:\/\/www.noticiasradioreflejos.com.ar\/2021\/"},{"@type":"ListItem","position":2,"name":"La comisi\u00f3n por la Memoria ofrece propuestas virtuales para recordar el golpe del 24 de marzo."}]},{"@type":"WebSite","@id":"https:\/\/www.noticiasradioreflejos.com.ar\/2021\/#website","url":"https:\/\/www.noticiasradioreflejos.com.ar\/2021\/","name":"Noticias Radio Reflejos","description":"Las noticias de mi comarca","potentialAction":[{"@type":"SearchAction","target":{"@type":"EntryPoint","urlTemplate":"https:\/\/www.noticiasradioreflejos.com.ar\/2021\/?s={search_term_string}"},"query-input":{"@type":"PropertyValueSpecification","valueRequired":true,"valueName":"search_term_string"}}],"inLanguage":"es"},{"@type":"Person","@id":"https:\/\/www.noticiasradioreflejos.com.ar\/2021\/#\/schema\/person\/ad82545263dcc5ec0996818884fd5fb1","name":"Arnaldo Botto","image":{"@type":"ImageObject","inLanguage":"es","@id":"https:\/\/www.noticiasradioreflejos.com.ar\/2021\/#\/schema\/person\/image\/","url":"https:\/\/secure.gravatar.com\/avatar\/55cb5e37c1efa326397366e6974cb338056df65cb50e7d64d1cf314e87504837?s=96&d=mm&r=g","contentUrl":"https:\/\/secure.gravatar.com\/avatar\/55cb5e37c1efa326397366e6974cb338056df65cb50e7d64d1cf314e87504837?s=96&d=mm&r=g","caption":"Arnaldo Botto"},"url":"https:\/\/www.noticiasradioreflejos.com.ar\/2021\/author\/arnaldo\/"}]}},"_links":{"self":[{"href":"https:\/\/www.noticiasradioreflejos.com.ar\/2021\/wp-json\/wp\/v2\/posts\/39871","targetHints":{"allow":["GET"]}}],"collection":[{"href":"https:\/\/www.noticiasradioreflejos.com.ar\/2021\/wp-json\/wp\/v2\/posts"}],"about":[{"href":"https:\/\/www.noticiasradioreflejos.com.ar\/2021\/wp-json\/wp\/v2\/types\/post"}],"author":[{"embeddable":true,"href":"https:\/\/www.noticiasradioreflejos.com.ar\/2021\/wp-json\/wp\/v2\/users\/3"}],"replies":[{"embeddable":true,"href":"https:\/\/www.noticiasradioreflejos.com.ar\/2021\/wp-json\/wp\/v2\/comments?post=39871"}],"version-history":[{"count":0,"href":"https:\/\/www.noticiasradioreflejos.com.ar\/2021\/wp-json\/wp\/v2\/posts\/39871\/revisions"}],"wp:attachment":[{"href":"https:\/\/www.noticiasradioreflejos.com.ar\/2021\/wp-json\/wp\/v2\/media?parent=39871"}],"wp:term":[{"taxonomy":"category","embeddable":true,"href":"https:\/\/www.noticiasradioreflejos.com.ar\/2021\/wp-json\/wp\/v2\/categories?post=39871"},{"taxonomy":"post_tag","embeddable":true,"href":"https:\/\/www.noticiasradioreflejos.com.ar\/2021\/wp-json\/wp\/v2\/tags?post=39871"}],"curies":[{"name":"wp","href":"https:\/\/api.w.org\/{rel}","templated":true}]}}