{"id":39865,"date":"2020-03-23T17:58:35","date_gmt":"2020-03-23T20:58:35","guid":{"rendered":"http:\/\/www.noticiasradioreflejos.com.ar\/noticias\/?p=39865"},"modified":"2020-03-23T17:58:35","modified_gmt":"2020-03-23T20:58:35","slug":"casos-autoctonos-sospechosos-y-circulacion-comunitaria-el-nuevo-lenguaje-que-trajo-el-coronavirus","status":"publish","type":"post","link":"https:\/\/www.noticiasradioreflejos.com.ar\/2021\/casos-autoctonos-sospechosos-y-circulacion-comunitaria-el-nuevo-lenguaje-que-trajo-el-coronavirus\/","title":{"rendered":"Casos aut\u00f3ctonos, sospechosos y circulaci\u00f3n comunitaria, el nuevo lenguaje que trajo el coronavirus"},"content":{"rendered":"<p>Expresiones como \u00abcaso aut\u00f3ctono\u00bb, \u00abcaso sospechoso\u00bb, \u00abtransmisi\u00f3n comunitaria\u00bb o \u00abtransmisi\u00f3n en conglomerados\u00bb constituyen un glosario del lenguaje epidemiol\u00f3gico con el que la ciudadan\u00eda comienza a familiarizarse a partir de la pandemia de coronavirus.<br \/>\nCon el fin de que cualquiera pueda escuchar los reportes y especialistas y comprender la situaci\u00f3n, presentamos un breve glosario con el significado de estos t\u00e9rminos:<!--more--><br \/>\n-Caso aut\u00f3ctono: es una forma de explicar lo que los especialistas llaman transmisi\u00f3n comunitaria, que es cuando se confirma un caso sin que se pueda identificar en forma clara d\u00f3nde la persona contrajo el virus.<br \/>\n-Caso sospechoso: refiere a la persona que puede tener el virus. Las condiciones para ser un caso sospechoso varian acorde a c\u00f3mo se va presentando la pandemia.<br \/>\nDesde el s\u00e1bado, en Argentina se redefini\u00f3 como caso sospechoso a cualquier persona con fiebre y uno o m\u00e1s s\u00edntomas respiratorios (tos, odinofagia, dificultad respiratoria) sin otra causa que explique el cuadro, que en los 14 d\u00edas previos haya estado en contacto con casos confirmados o probables de COVID-19 o que haya viajado fuera del pa\u00eds. Tambi\u00e9n se considera sospechoso a todo paciente con enfermedad respiratoria aguda grave definida como neumon\u00eda.<br \/>\n-Caso probable: caso sospechoso en el que se haya descartado Influenza A y B por prueba diagn\u00f3stica por PCR (un tipo de t\u00e9cnica que busca el virus) y que presenta una prueba positiva para pancoronavirus y negativa para los coronavirus MERS-CoV, 229E, OC43, HKU1 y NL63.<br \/>\n-Caso confirmado: todo caso sospechoso o probable que presente resultados positivos en la prueba diagn\u00f3stica con la t\u00e9cnica PCR (t\u00e9cnica que busca el virus) para SARS CoV-2.<\/p>\n<p>-Casos importados: pacientes confirmados que contrajeron el virus en el exterior.<br \/>\n-Casos por contacto estrecho: personas que contraen el virus por estar en contacto con pacientes que lo tienen.<br \/>\n-Casos por transmisi\u00f3n en conglomerados: personas que no estuvieron en contacto directo con alguien que tiene el virus, pero trabajan en el mismo lugar.<\/p>\n","protected":false},"excerpt":{"rendered":"<p>Expresiones como \u00abcaso aut\u00f3ctono\u00bb, \u00abcaso sospechoso\u00bb, \u00abtransmisi\u00f3n comunitaria\u00bb o \u00abtransmisi\u00f3n en conglomerados\u00bb constituyen un glosario del lenguaje epidemiol\u00f3gico con el que la ciudadan\u00eda comienza a familiarizarse a partir de la pandemia de coronavirus. Con el fin de que cualquiera pueda escuchar los reportes y especialistas y comprender la situaci\u00f3n, presentamos un breve glosario con el [&hellip;]<\/p>\n","protected":false},"author":3,"featured_media":0,"comment_status":"closed","ping_status":"open","sticky":false,"template":"","format":"standard","meta":{"footnotes":""},"categories":[30],"tags":[],"class_list":["post-39865","post","type-post","status-publish","format-standard","hentry","category-salud"],"yoast_head":"<!-- This site is optimized with the Yoast SEO plugin v25.9 - https:\/\/yoast.com\/wordpress\/plugins\/seo\/ -->\n<title>Casos aut\u00f3ctonos, sospechosos y circulaci\u00f3n comunitaria, el nuevo lenguaje que trajo el coronavirus - Noticias Radio Reflejos<\/title>\n<meta name=\"robots\" content=\"index, follow, max-snippet:-1, max-image-preview:large, max-video-preview:-1\" \/>\n<link rel=\"canonical\" href=\"https:\/\/www.noticiasradioreflejos.com.ar\/2021\/casos-autoctonos-sospechosos-y-circulacion-comunitaria-el-nuevo-lenguaje-que-trajo-el-coronavirus\/\" \/>\n<meta property=\"og:locale\" content=\"es_ES\" \/>\n<meta property=\"og:type\" content=\"article\" \/>\n<meta property=\"og:title\" content=\"Casos aut\u00f3ctonos, sospechosos y circulaci\u00f3n comunitaria, el nuevo lenguaje que trajo el coronavirus - Noticias Radio Reflejos\" \/>\n<meta property=\"og:description\" content=\"Expresiones como \u00abcaso aut\u00f3ctono\u00bb, \u00abcaso sospechoso\u00bb, \u00abtransmisi\u00f3n comunitaria\u00bb o \u00abtransmisi\u00f3n en conglomerados\u00bb constituyen un glosario del lenguaje epidemiol\u00f3gico con el que la ciudadan\u00eda comienza a familiarizarse a partir de la pandemia de coronavirus. Con el fin de que cualquiera pueda escuchar los reportes y especialistas y comprender la situaci\u00f3n, presentamos un breve glosario con el [&hellip;]\" \/>\n<meta property=\"og:url\" content=\"https:\/\/www.noticiasradioreflejos.com.ar\/2021\/casos-autoctonos-sospechosos-y-circulacion-comunitaria-el-nuevo-lenguaje-que-trajo-el-coronavirus\/\" \/>\n<meta property=\"og:site_name\" content=\"Noticias Radio Reflejos\" \/>\n<meta property=\"article:published_time\" content=\"2020-03-23T20:58:35+00:00\" \/>\n<meta property=\"og:image\" content=\"https:\/\/www.noticiasradioreflejos.com.ar\/2021\/wp-content\/uploads\/2021\/07\/logosol300x200.png\" \/>\n\t<meta property=\"og:image:width\" content=\"300\" \/>\n\t<meta property=\"og:image:height\" content=\"200\" \/>\n\t<meta property=\"og:image:type\" content=\"image\/png\" \/>\n<meta name=\"author\" content=\"Arnaldo Botto\" \/>\n<meta name=\"twitter:card\" content=\"summary_large_image\" \/>\n<script type=\"application\/ld+json\" class=\"yoast-schema-graph\">{\"@context\":\"https:\/\/schema.org\",\"@graph\":[{\"@type\":\"WebPage\",\"@id\":\"https:\/\/www.noticiasradioreflejos.com.ar\/2021\/casos-autoctonos-sospechosos-y-circulacion-comunitaria-el-nuevo-lenguaje-que-trajo-el-coronavirus\/\",\"url\":\"https:\/\/www.noticiasradioreflejos.com.ar\/2021\/casos-autoctonos-sospechosos-y-circulacion-comunitaria-el-nuevo-lenguaje-que-trajo-el-coronavirus\/\",\"name\":\"Casos aut\u00f3ctonos, sospechosos y circulaci\u00f3n comunitaria, el nuevo lenguaje que trajo el coronavirus - Noticias Radio Reflejos\",\"isPartOf\":{\"@id\":\"https:\/\/www.noticiasradioreflejos.com.ar\/2021\/#website\"},\"datePublished\":\"2020-03-23T20:58:35+00:00\",\"author\":{\"@id\":\"https:\/\/www.noticiasradioreflejos.com.ar\/2021\/#\/schema\/person\/ad82545263dcc5ec0996818884fd5fb1\"},\"breadcrumb\":{\"@id\":\"https:\/\/www.noticiasradioreflejos.com.ar\/2021\/casos-autoctonos-sospechosos-y-circulacion-comunitaria-el-nuevo-lenguaje-que-trajo-el-coronavirus\/#breadcrumb\"},\"inLanguage\":\"es\",\"potentialAction\":[{\"@type\":\"ReadAction\",\"target\":[\"https:\/\/www.noticiasradioreflejos.com.ar\/2021\/casos-autoctonos-sospechosos-y-circulacion-comunitaria-el-nuevo-lenguaje-que-trajo-el-coronavirus\/\"]}]},{\"@type\":\"BreadcrumbList\",\"@id\":\"https:\/\/www.noticiasradioreflejos.com.ar\/2021\/casos-autoctonos-sospechosos-y-circulacion-comunitaria-el-nuevo-lenguaje-que-trajo-el-coronavirus\/#breadcrumb\",\"itemListElement\":[{\"@type\":\"ListItem\",\"position\":1,\"name\":\"Portada\",\"item\":\"https:\/\/www.noticiasradioreflejos.com.ar\/2021\/\"},{\"@type\":\"ListItem\",\"position\":2,\"name\":\"Casos aut\u00f3ctonos, sospechosos y circulaci\u00f3n comunitaria, el nuevo lenguaje que trajo el coronavirus\"}]},{\"@type\":\"WebSite\",\"@id\":\"https:\/\/www.noticiasradioreflejos.com.ar\/2021\/#website\",\"url\":\"https:\/\/www.noticiasradioreflejos.com.ar\/2021\/\",\"name\":\"Noticias Radio Reflejos\",\"description\":\"Las noticias de mi comarca\",\"potentialAction\":[{\"@type\":\"SearchAction\",\"target\":{\"@type\":\"EntryPoint\",\"urlTemplate\":\"https:\/\/www.noticiasradioreflejos.com.ar\/2021\/?s={search_term_string}\"},\"query-input\":{\"@type\":\"PropertyValueSpecification\",\"valueRequired\":true,\"valueName\":\"search_term_string\"}}],\"inLanguage\":\"es\"},{\"@type\":\"Person\",\"@id\":\"https:\/\/www.noticiasradioreflejos.com.ar\/2021\/#\/schema\/person\/ad82545263dcc5ec0996818884fd5fb1\",\"name\":\"Arnaldo Botto\",\"image\":{\"@type\":\"ImageObject\",\"inLanguage\":\"es\",\"@id\":\"https:\/\/www.noticiasradioreflejos.com.ar\/2021\/#\/schema\/person\/image\/\",\"url\":\"https:\/\/secure.gravatar.com\/avatar\/55cb5e37c1efa326397366e6974cb338056df65cb50e7d64d1cf314e87504837?s=96&d=mm&r=g\",\"contentUrl\":\"https:\/\/secure.gravatar.com\/avatar\/55cb5e37c1efa326397366e6974cb338056df65cb50e7d64d1cf314e87504837?s=96&d=mm&r=g\",\"caption\":\"Arnaldo Botto\"},\"url\":\"https:\/\/www.noticiasradioreflejos.com.ar\/2021\/author\/arnaldo\/\"}]}<\/script>\n<!-- \/ Yoast SEO plugin. -->","yoast_head_json":{"title":"Casos aut\u00f3ctonos, sospechosos y circulaci\u00f3n comunitaria, el nuevo lenguaje que trajo el coronavirus - Noticias Radio Reflejos","robots":{"index":"index","follow":"follow","max-snippet":"max-snippet:-1","max-image-preview":"max-image-preview:large","max-video-preview":"max-video-preview:-1"},"canonical":"https:\/\/www.noticiasradioreflejos.com.ar\/2021\/casos-autoctonos-sospechosos-y-circulacion-comunitaria-el-nuevo-lenguaje-que-trajo-el-coronavirus\/","og_locale":"es_ES","og_type":"article","og_title":"Casos aut\u00f3ctonos, sospechosos y circulaci\u00f3n comunitaria, el nuevo lenguaje que trajo el coronavirus - Noticias Radio Reflejos","og_description":"Expresiones como \u00abcaso aut\u00f3ctono\u00bb, \u00abcaso sospechoso\u00bb, \u00abtransmisi\u00f3n comunitaria\u00bb o \u00abtransmisi\u00f3n en conglomerados\u00bb constituyen un glosario del lenguaje epidemiol\u00f3gico con el que la ciudadan\u00eda comienza a familiarizarse a partir de la pandemia de coronavirus. Con el fin de que cualquiera pueda escuchar los reportes y especialistas y comprender la situaci\u00f3n, presentamos un breve glosario con el [&hellip;]","og_url":"https:\/\/www.noticiasradioreflejos.com.ar\/2021\/casos-autoctonos-sospechosos-y-circulacion-comunitaria-el-nuevo-lenguaje-que-trajo-el-coronavirus\/","og_site_name":"Noticias Radio Reflejos","article_published_time":"2020-03-23T20:58:35+00:00","og_image":[{"width":300,"height":200,"url":"https:\/\/www.noticiasradioreflejos.com.ar\/2021\/wp-content\/uploads\/2021\/07\/logosol300x200.png","type":"image\/png"}],"author":"Arnaldo Botto","twitter_card":"summary_large_image","schema":{"@context":"https:\/\/schema.org","@graph":[{"@type":"WebPage","@id":"https:\/\/www.noticiasradioreflejos.com.ar\/2021\/casos-autoctonos-sospechosos-y-circulacion-comunitaria-el-nuevo-lenguaje-que-trajo-el-coronavirus\/","url":"https:\/\/www.noticiasradioreflejos.com.ar\/2021\/casos-autoctonos-sospechosos-y-circulacion-comunitaria-el-nuevo-lenguaje-que-trajo-el-coronavirus\/","name":"Casos aut\u00f3ctonos, sospechosos y circulaci\u00f3n comunitaria, el nuevo lenguaje que trajo el coronavirus - Noticias Radio Reflejos","isPartOf":{"@id":"https:\/\/www.noticiasradioreflejos.com.ar\/2021\/#website"},"datePublished":"2020-03-23T20:58:35+00:00","author":{"@id":"https:\/\/www.noticiasradioreflejos.com.ar\/2021\/#\/schema\/person\/ad82545263dcc5ec0996818884fd5fb1"},"breadcrumb":{"@id":"https:\/\/www.noticiasradioreflejos.com.ar\/2021\/casos-autoctonos-sospechosos-y-circulacion-comunitaria-el-nuevo-lenguaje-que-trajo-el-coronavirus\/#breadcrumb"},"inLanguage":"es","potentialAction":[{"@type":"ReadAction","target":["https:\/\/www.noticiasradioreflejos.com.ar\/2021\/casos-autoctonos-sospechosos-y-circulacion-comunitaria-el-nuevo-lenguaje-que-trajo-el-coronavirus\/"]}]},{"@type":"BreadcrumbList","@id":"https:\/\/www.noticiasradioreflejos.com.ar\/2021\/casos-autoctonos-sospechosos-y-circulacion-comunitaria-el-nuevo-lenguaje-que-trajo-el-coronavirus\/#breadcrumb","itemListElement":[{"@type":"ListItem","position":1,"name":"Portada","item":"https:\/\/www.noticiasradioreflejos.com.ar\/2021\/"},{"@type":"ListItem","position":2,"name":"Casos aut\u00f3ctonos, sospechosos y circulaci\u00f3n comunitaria, el nuevo lenguaje que trajo el coronavirus"}]},{"@type":"WebSite","@id":"https:\/\/www.noticiasradioreflejos.com.ar\/2021\/#website","url":"https:\/\/www.noticiasradioreflejos.com.ar\/2021\/","name":"Noticias Radio Reflejos","description":"Las noticias de mi comarca","potentialAction":[{"@type":"SearchAction","target":{"@type":"EntryPoint","urlTemplate":"https:\/\/www.noticiasradioreflejos.com.ar\/2021\/?s={search_term_string}"},"query-input":{"@type":"PropertyValueSpecification","valueRequired":true,"valueName":"search_term_string"}}],"inLanguage":"es"},{"@type":"Person","@id":"https:\/\/www.noticiasradioreflejos.com.ar\/2021\/#\/schema\/person\/ad82545263dcc5ec0996818884fd5fb1","name":"Arnaldo Botto","image":{"@type":"ImageObject","inLanguage":"es","@id":"https:\/\/www.noticiasradioreflejos.com.ar\/2021\/#\/schema\/person\/image\/","url":"https:\/\/secure.gravatar.com\/avatar\/55cb5e37c1efa326397366e6974cb338056df65cb50e7d64d1cf314e87504837?s=96&d=mm&r=g","contentUrl":"https:\/\/secure.gravatar.com\/avatar\/55cb5e37c1efa326397366e6974cb338056df65cb50e7d64d1cf314e87504837?s=96&d=mm&r=g","caption":"Arnaldo Botto"},"url":"https:\/\/www.noticiasradioreflejos.com.ar\/2021\/author\/arnaldo\/"}]}},"_links":{"self":[{"href":"https:\/\/www.noticiasradioreflejos.com.ar\/2021\/wp-json\/wp\/v2\/posts\/39865","targetHints":{"allow":["GET"]}}],"collection":[{"href":"https:\/\/www.noticiasradioreflejos.com.ar\/2021\/wp-json\/wp\/v2\/posts"}],"about":[{"href":"https:\/\/www.noticiasradioreflejos.com.ar\/2021\/wp-json\/wp\/v2\/types\/post"}],"author":[{"embeddable":true,"href":"https:\/\/www.noticiasradioreflejos.com.ar\/2021\/wp-json\/wp\/v2\/users\/3"}],"replies":[{"embeddable":true,"href":"https:\/\/www.noticiasradioreflejos.com.ar\/2021\/wp-json\/wp\/v2\/comments?post=39865"}],"version-history":[{"count":0,"href":"https:\/\/www.noticiasradioreflejos.com.ar\/2021\/wp-json\/wp\/v2\/posts\/39865\/revisions"}],"wp:attachment":[{"href":"https:\/\/www.noticiasradioreflejos.com.ar\/2021\/wp-json\/wp\/v2\/media?parent=39865"}],"wp:term":[{"taxonomy":"category","embeddable":true,"href":"https:\/\/www.noticiasradioreflejos.com.ar\/2021\/wp-json\/wp\/v2\/categories?post=39865"},{"taxonomy":"post_tag","embeddable":true,"href":"https:\/\/www.noticiasradioreflejos.com.ar\/2021\/wp-json\/wp\/v2\/tags?post=39865"}],"curies":[{"name":"wp","href":"https:\/\/api.w.org\/{rel}","templated":true}]}}