{"id":39861,"date":"2020-03-23T17:13:13","date_gmt":"2020-03-23T20:13:13","guid":{"rendered":"http:\/\/www.noticiasradioreflejos.com.ar\/noticias\/?p=39861"},"modified":"2020-03-23T17:13:13","modified_gmt":"2020-03-23T20:13:13","slug":"salud-mental-en-tiempos-del-covid-19-telefonos-de-emergencia-atencion-remota-y-recetas-digitales","status":"publish","type":"post","link":"https:\/\/www.noticiasradioreflejos.com.ar\/2021\/salud-mental-en-tiempos-del-covid-19-telefonos-de-emergencia-atencion-remota-y-recetas-digitales\/","title":{"rendered":"Salud mental en tiempos del Covid-19: tel\u00e9fonos de emergencia, atenci\u00f3n remota y recetas digitales"},"content":{"rendered":"<p>La activaci\u00f3n de tel\u00e9fonos de escucha gratuita, la continuidad garantizada de la atenci\u00f3n ambulatoria v\u00eda remota y la adopci\u00f3n de un sistema de recetas digitales son algunas de las l\u00edneas de acci\u00f3n en las que trabaja la Direcci\u00f3n de Adicciones y Salud Mental del Ministerio de Salud ante el desaf\u00edo que plantea el aislamiento obligatorio por coronavirus, adelantaron hoy a T\u00e9lam desde esa dependencia.<!--more--><\/p>\n<p>El objetivo es que \u00abtodos los profesionales de salud mental del pa\u00eds acompa\u00f1en (a sus pacientes) a transitar\u00bb lo mejor posible la situaci\u00f3n de aislamiento social obligatorio en un contexto de pandemia, asegur\u00f3 a esta agencia el director de la dependencia, Hugo Barrionuevo.<\/p>\n<p>El experto enfatiz\u00f3 la importancia de tener siempre presente la \u00abtransitoriedad\u00bb de la cuarentena obligatoria y se\u00f1al\u00f3 que \u00absentir tristeza, enojo o miedo es absolutamente normal\u00bb en estas circunstancias.<\/p>\n<p>\u00abEn el mundo occidental, la tristeza, el miedo, el enojo, son considerados un problema de salud mental, pero en estas situaciones es absolutamente normal y esperable: no hay que alarmarse ni patologizar\u00bb, advirti\u00f3.<\/p>\n<p>Por otro lado, este m\u00e9dico psiquiatra y sanitarista exhort\u00f3 a la poblaci\u00f3n a \u00abrecordar siempre que esto es transitorio\u00bb.<\/p>\n<p>\u00abSi bien no sabemos cu\u00e1nto va a durar (el aislamiento social obligatorio), sabemos que es transitorio y eso hay recordarlo uno y otra vez, porque es lo que nos ayudar\u00e1 a sobrellevar los momentos dif\u00edciles\u00bb, explic\u00f3.<\/p>\n<p>Respecto a las medidas espec\u00edficas para reforzar la asistencia en materia de salud mental, Barrionuevo cont\u00f3 que desde su dependencia se trabaja \u00abcon todas las direcciones de adicciones y salud mental de todas las provincias y jurisdicciones, para que haya tel\u00e9fonos de primera escucha\u00bb para personas en aislamiento que entren en crisis, para su posterior derivaci\u00f3n, en caso de ser necesario.<\/p>\n<p>\u00abLa idea es que puedan obtener una primera ayuda psicol\u00f3gica de contenci\u00f3n cuando esas sensaciones de miedo o tristeza se transforman en muy imperiosas, traen dificultades para dormir o no ceden, por ejemplo\u00bb, dijo.<\/p>\n<p>Un segundo objetivo es fomentar que cada vez m\u00e1s obras sociales y prepagas \u00abaseguren la continuidad de la atenci\u00f3n por medios remotos\u00bb, adhiriendo a la recomendaci\u00f3n emitida el pasado jueves por la Direcci\u00f3n, y que \u00abfue elevada a la Superintendencia de Servicios de Salud\u00bb para que haga lo propio.<\/p>\n<p>\u00abEs un momento en el que todos los profesionales de la salud mental debemos ser solidarios y no interrumpir la atenci\u00f3n a pesar de las trabas administrativas que pudiera haber\u00bb, dijo.<\/p>\n<p>El funcionario reconoci\u00f3 que las denuncias ante la Superintendencia y las redes sociales demuestran que \u00abalgunas obras sociales y prepagas a\u00fan no adhieren a esta recomendaci\u00f3n\u00bb, lo cual podr\u00eda derivar en la \u00abinterrupci\u00f3n de los tratamientos, que ser\u00eda muy grave\u00bb.<\/p>\n<p>\u00abEsperamos que las obras sociales tomen conciencia y autoricen la prestaci\u00f3n remota para todo tipo de atenci\u00f3n en salud mental, porque no se trata de esperar a tener un marco normativo obligatorio, sino que todos seamos profesionales\u00bb, dijo.<\/p>\n<p>En ese sentido, el funcionario explic\u00f3 que \u00abestamos trabajando en nuevas recomendaciones y protocolos\u00bb que sirvan como \u00abherramientas\u00bb para que psic\u00f3logos y psiquiatras sepan \u00abc\u00f3mo manejarse a distancia con una persona que atend\u00eda presencialmente o que consulta por primera vez\u00bb.<\/p>\n<p>\u00abEl manejo remoto para los problemas de salud mental es algo nuevo que se usaba en algunos casos y que ahora es necesario aplicar de manera masiva, lo que nos obliga a todos a innovar\u00bb, dijo.<\/p>\n<p>Por \u00faltimo, la Direcci\u00f3n de Adicciones y Salud Mental est\u00e1 trabajando junto a la Superintendencia y las c\u00e1maras farmac\u00e9uticas en \u00abregular la receta digital\u00bb para personas con problemas de salud mental que requieren medicaci\u00f3n.<\/p>\n<p>\u00abEstamos promoviendo que se use una foto v\u00eda Whatsapp que el m\u00e9dico env\u00ede a la persona que necesita el medicamento y al farmac\u00e9utico, para que haya un doble control\u00bb, y que la persona utilice una sola vez la receta, dijo.<\/p>\n<p>En cuanto a las recomendaciones generales para transitar la cuarentena, Barrionuevo exhort\u00f3 a \u00aborganizarse rutinas\u00bb, \u00abdiferenciar fines de semana\u00bb del resto de los d\u00edas y \u00abmantener conversaciones frecuentes\u00bb con familiares y amigos, \u00abque les hace bien a ellos y nosotros\u00bb, y redoblar la \u00abpaciencia con los adultos mayores\u00bb que \u00abson los m\u00e1s asustados porque piensan que tienen m\u00e1s riesgo de morir\u00bb.<\/p>\n<p>Respecto a los ni\u00f1os, el especialista aconsej\u00f3 \u00abexplicarles claramente lo que est\u00e1 sucediendo\u00bb, idear nuevos \u00abjuegos\u00bb y \u00abayudarlos en su rutina\u00bb.<\/p>\n<p>\u00abEs importante diferenciar el fin de semana de la semana, la noche del d\u00eda, los horarios de comida, de trabajo, de comunicaci\u00f3n telef\u00f3nica\u00bb, dijo.<\/p>\n<p>\u00abHay que tratar de mantener los horarios de levantarse, ducharse, vestirse, ver las noticias, comer, hacer ejercicio f\u00edsico o llamadas\u00bb, agreg\u00f3.<\/p>\n<p>\u00abY en fin de semana organizar actividades diferentes, como por ejemplo establecer m\u00e1s tiempo para la recreaci\u00f3n, como ver pel\u00edculas\u00bb, finaliz\u00f3.<\/p>\n","protected":false},"excerpt":{"rendered":"<p>La activaci\u00f3n de tel\u00e9fonos de escucha gratuita, la continuidad garantizada de la atenci\u00f3n ambulatoria v\u00eda remota y la adopci\u00f3n de un sistema de recetas digitales son algunas de las l\u00edneas de acci\u00f3n en las que trabaja la Direcci\u00f3n de Adicciones y Salud Mental del Ministerio de Salud ante el desaf\u00edo que plantea el aislamiento obligatorio [&hellip;]<\/p>\n","protected":false},"author":3,"featured_media":0,"comment_status":"closed","ping_status":"open","sticky":false,"template":"","format":"standard","meta":{"footnotes":""},"categories":[30],"tags":[],"class_list":["post-39861","post","type-post","status-publish","format-standard","hentry","category-salud"],"yoast_head":"<!-- This site is optimized with the Yoast SEO plugin v25.9 - https:\/\/yoast.com\/wordpress\/plugins\/seo\/ -->\n<title>Salud mental en tiempos del Covid-19: tel\u00e9fonos de emergencia, atenci\u00f3n remota y recetas digitales - Noticias Radio Reflejos<\/title>\n<meta name=\"robots\" content=\"index, follow, max-snippet:-1, max-image-preview:large, max-video-preview:-1\" \/>\n<link rel=\"canonical\" href=\"https:\/\/www.noticiasradioreflejos.com.ar\/2021\/salud-mental-en-tiempos-del-covid-19-telefonos-de-emergencia-atencion-remota-y-recetas-digitales\/\" \/>\n<meta property=\"og:locale\" content=\"es_ES\" \/>\n<meta property=\"og:type\" content=\"article\" \/>\n<meta property=\"og:title\" content=\"Salud mental en tiempos del Covid-19: tel\u00e9fonos de emergencia, atenci\u00f3n remota y recetas digitales - Noticias Radio Reflejos\" \/>\n<meta property=\"og:description\" content=\"La activaci\u00f3n de tel\u00e9fonos de escucha gratuita, la continuidad garantizada de la atenci\u00f3n ambulatoria v\u00eda remota y la adopci\u00f3n de un sistema de recetas digitales son algunas de las l\u00edneas de acci\u00f3n en las que trabaja la Direcci\u00f3n de Adicciones y Salud Mental del Ministerio de Salud ante el desaf\u00edo que plantea el aislamiento obligatorio [&hellip;]\" \/>\n<meta property=\"og:url\" content=\"https:\/\/www.noticiasradioreflejos.com.ar\/2021\/salud-mental-en-tiempos-del-covid-19-telefonos-de-emergencia-atencion-remota-y-recetas-digitales\/\" \/>\n<meta property=\"og:site_name\" content=\"Noticias Radio Reflejos\" \/>\n<meta property=\"article:published_time\" content=\"2020-03-23T20:13:13+00:00\" \/>\n<meta property=\"og:image\" content=\"https:\/\/www.noticiasradioreflejos.com.ar\/2021\/wp-content\/uploads\/2021\/07\/logosol300x200.png\" \/>\n\t<meta property=\"og:image:width\" content=\"300\" \/>\n\t<meta property=\"og:image:height\" content=\"200\" \/>\n\t<meta property=\"og:image:type\" content=\"image\/png\" \/>\n<meta name=\"author\" content=\"Arnaldo Botto\" \/>\n<meta name=\"twitter:card\" content=\"summary_large_image\" \/>\n<script type=\"application\/ld+json\" class=\"yoast-schema-graph\">{\"@context\":\"https:\/\/schema.org\",\"@graph\":[{\"@type\":\"WebPage\",\"@id\":\"https:\/\/www.noticiasradioreflejos.com.ar\/2021\/salud-mental-en-tiempos-del-covid-19-telefonos-de-emergencia-atencion-remota-y-recetas-digitales\/\",\"url\":\"https:\/\/www.noticiasradioreflejos.com.ar\/2021\/salud-mental-en-tiempos-del-covid-19-telefonos-de-emergencia-atencion-remota-y-recetas-digitales\/\",\"name\":\"Salud mental en tiempos del Covid-19: tel\u00e9fonos de emergencia, atenci\u00f3n remota y recetas digitales - Noticias Radio Reflejos\",\"isPartOf\":{\"@id\":\"https:\/\/www.noticiasradioreflejos.com.ar\/2021\/#website\"},\"datePublished\":\"2020-03-23T20:13:13+00:00\",\"author\":{\"@id\":\"https:\/\/www.noticiasradioreflejos.com.ar\/2021\/#\/schema\/person\/ad82545263dcc5ec0996818884fd5fb1\"},\"breadcrumb\":{\"@id\":\"https:\/\/www.noticiasradioreflejos.com.ar\/2021\/salud-mental-en-tiempos-del-covid-19-telefonos-de-emergencia-atencion-remota-y-recetas-digitales\/#breadcrumb\"},\"inLanguage\":\"es\",\"potentialAction\":[{\"@type\":\"ReadAction\",\"target\":[\"https:\/\/www.noticiasradioreflejos.com.ar\/2021\/salud-mental-en-tiempos-del-covid-19-telefonos-de-emergencia-atencion-remota-y-recetas-digitales\/\"]}]},{\"@type\":\"BreadcrumbList\",\"@id\":\"https:\/\/www.noticiasradioreflejos.com.ar\/2021\/salud-mental-en-tiempos-del-covid-19-telefonos-de-emergencia-atencion-remota-y-recetas-digitales\/#breadcrumb\",\"itemListElement\":[{\"@type\":\"ListItem\",\"position\":1,\"name\":\"Portada\",\"item\":\"https:\/\/www.noticiasradioreflejos.com.ar\/2021\/\"},{\"@type\":\"ListItem\",\"position\":2,\"name\":\"Salud mental en tiempos del Covid-19: tel\u00e9fonos de emergencia, atenci\u00f3n remota y recetas digitales\"}]},{\"@type\":\"WebSite\",\"@id\":\"https:\/\/www.noticiasradioreflejos.com.ar\/2021\/#website\",\"url\":\"https:\/\/www.noticiasradioreflejos.com.ar\/2021\/\",\"name\":\"Noticias Radio Reflejos\",\"description\":\"Las noticias de mi comarca\",\"potentialAction\":[{\"@type\":\"SearchAction\",\"target\":{\"@type\":\"EntryPoint\",\"urlTemplate\":\"https:\/\/www.noticiasradioreflejos.com.ar\/2021\/?s={search_term_string}\"},\"query-input\":{\"@type\":\"PropertyValueSpecification\",\"valueRequired\":true,\"valueName\":\"search_term_string\"}}],\"inLanguage\":\"es\"},{\"@type\":\"Person\",\"@id\":\"https:\/\/www.noticiasradioreflejos.com.ar\/2021\/#\/schema\/person\/ad82545263dcc5ec0996818884fd5fb1\",\"name\":\"Arnaldo Botto\",\"image\":{\"@type\":\"ImageObject\",\"inLanguage\":\"es\",\"@id\":\"https:\/\/www.noticiasradioreflejos.com.ar\/2021\/#\/schema\/person\/image\/\",\"url\":\"https:\/\/secure.gravatar.com\/avatar\/55cb5e37c1efa326397366e6974cb338056df65cb50e7d64d1cf314e87504837?s=96&d=mm&r=g\",\"contentUrl\":\"https:\/\/secure.gravatar.com\/avatar\/55cb5e37c1efa326397366e6974cb338056df65cb50e7d64d1cf314e87504837?s=96&d=mm&r=g\",\"caption\":\"Arnaldo Botto\"},\"url\":\"https:\/\/www.noticiasradioreflejos.com.ar\/2021\/author\/arnaldo\/\"}]}<\/script>\n<!-- \/ Yoast SEO plugin. -->","yoast_head_json":{"title":"Salud mental en tiempos del Covid-19: tel\u00e9fonos de emergencia, atenci\u00f3n remota y recetas digitales - Noticias Radio Reflejos","robots":{"index":"index","follow":"follow","max-snippet":"max-snippet:-1","max-image-preview":"max-image-preview:large","max-video-preview":"max-video-preview:-1"},"canonical":"https:\/\/www.noticiasradioreflejos.com.ar\/2021\/salud-mental-en-tiempos-del-covid-19-telefonos-de-emergencia-atencion-remota-y-recetas-digitales\/","og_locale":"es_ES","og_type":"article","og_title":"Salud mental en tiempos del Covid-19: tel\u00e9fonos de emergencia, atenci\u00f3n remota y recetas digitales - Noticias Radio Reflejos","og_description":"La activaci\u00f3n de tel\u00e9fonos de escucha gratuita, la continuidad garantizada de la atenci\u00f3n ambulatoria v\u00eda remota y la adopci\u00f3n de un sistema de recetas digitales son algunas de las l\u00edneas de acci\u00f3n en las que trabaja la Direcci\u00f3n de Adicciones y Salud Mental del Ministerio de Salud ante el desaf\u00edo que plantea el aislamiento obligatorio [&hellip;]","og_url":"https:\/\/www.noticiasradioreflejos.com.ar\/2021\/salud-mental-en-tiempos-del-covid-19-telefonos-de-emergencia-atencion-remota-y-recetas-digitales\/","og_site_name":"Noticias Radio Reflejos","article_published_time":"2020-03-23T20:13:13+00:00","og_image":[{"width":300,"height":200,"url":"https:\/\/www.noticiasradioreflejos.com.ar\/2021\/wp-content\/uploads\/2021\/07\/logosol300x200.png","type":"image\/png"}],"author":"Arnaldo Botto","twitter_card":"summary_large_image","schema":{"@context":"https:\/\/schema.org","@graph":[{"@type":"WebPage","@id":"https:\/\/www.noticiasradioreflejos.com.ar\/2021\/salud-mental-en-tiempos-del-covid-19-telefonos-de-emergencia-atencion-remota-y-recetas-digitales\/","url":"https:\/\/www.noticiasradioreflejos.com.ar\/2021\/salud-mental-en-tiempos-del-covid-19-telefonos-de-emergencia-atencion-remota-y-recetas-digitales\/","name":"Salud mental en tiempos del Covid-19: tel\u00e9fonos de emergencia, atenci\u00f3n remota y recetas digitales - Noticias Radio Reflejos","isPartOf":{"@id":"https:\/\/www.noticiasradioreflejos.com.ar\/2021\/#website"},"datePublished":"2020-03-23T20:13:13+00:00","author":{"@id":"https:\/\/www.noticiasradioreflejos.com.ar\/2021\/#\/schema\/person\/ad82545263dcc5ec0996818884fd5fb1"},"breadcrumb":{"@id":"https:\/\/www.noticiasradioreflejos.com.ar\/2021\/salud-mental-en-tiempos-del-covid-19-telefonos-de-emergencia-atencion-remota-y-recetas-digitales\/#breadcrumb"},"inLanguage":"es","potentialAction":[{"@type":"ReadAction","target":["https:\/\/www.noticiasradioreflejos.com.ar\/2021\/salud-mental-en-tiempos-del-covid-19-telefonos-de-emergencia-atencion-remota-y-recetas-digitales\/"]}]},{"@type":"BreadcrumbList","@id":"https:\/\/www.noticiasradioreflejos.com.ar\/2021\/salud-mental-en-tiempos-del-covid-19-telefonos-de-emergencia-atencion-remota-y-recetas-digitales\/#breadcrumb","itemListElement":[{"@type":"ListItem","position":1,"name":"Portada","item":"https:\/\/www.noticiasradioreflejos.com.ar\/2021\/"},{"@type":"ListItem","position":2,"name":"Salud mental en tiempos del Covid-19: tel\u00e9fonos de emergencia, atenci\u00f3n remota y recetas digitales"}]},{"@type":"WebSite","@id":"https:\/\/www.noticiasradioreflejos.com.ar\/2021\/#website","url":"https:\/\/www.noticiasradioreflejos.com.ar\/2021\/","name":"Noticias Radio Reflejos","description":"Las noticias de mi comarca","potentialAction":[{"@type":"SearchAction","target":{"@type":"EntryPoint","urlTemplate":"https:\/\/www.noticiasradioreflejos.com.ar\/2021\/?s={search_term_string}"},"query-input":{"@type":"PropertyValueSpecification","valueRequired":true,"valueName":"search_term_string"}}],"inLanguage":"es"},{"@type":"Person","@id":"https:\/\/www.noticiasradioreflejos.com.ar\/2021\/#\/schema\/person\/ad82545263dcc5ec0996818884fd5fb1","name":"Arnaldo Botto","image":{"@type":"ImageObject","inLanguage":"es","@id":"https:\/\/www.noticiasradioreflejos.com.ar\/2021\/#\/schema\/person\/image\/","url":"https:\/\/secure.gravatar.com\/avatar\/55cb5e37c1efa326397366e6974cb338056df65cb50e7d64d1cf314e87504837?s=96&d=mm&r=g","contentUrl":"https:\/\/secure.gravatar.com\/avatar\/55cb5e37c1efa326397366e6974cb338056df65cb50e7d64d1cf314e87504837?s=96&d=mm&r=g","caption":"Arnaldo Botto"},"url":"https:\/\/www.noticiasradioreflejos.com.ar\/2021\/author\/arnaldo\/"}]}},"_links":{"self":[{"href":"https:\/\/www.noticiasradioreflejos.com.ar\/2021\/wp-json\/wp\/v2\/posts\/39861","targetHints":{"allow":["GET"]}}],"collection":[{"href":"https:\/\/www.noticiasradioreflejos.com.ar\/2021\/wp-json\/wp\/v2\/posts"}],"about":[{"href":"https:\/\/www.noticiasradioreflejos.com.ar\/2021\/wp-json\/wp\/v2\/types\/post"}],"author":[{"embeddable":true,"href":"https:\/\/www.noticiasradioreflejos.com.ar\/2021\/wp-json\/wp\/v2\/users\/3"}],"replies":[{"embeddable":true,"href":"https:\/\/www.noticiasradioreflejos.com.ar\/2021\/wp-json\/wp\/v2\/comments?post=39861"}],"version-history":[{"count":0,"href":"https:\/\/www.noticiasradioreflejos.com.ar\/2021\/wp-json\/wp\/v2\/posts\/39861\/revisions"}],"wp:attachment":[{"href":"https:\/\/www.noticiasradioreflejos.com.ar\/2021\/wp-json\/wp\/v2\/media?parent=39861"}],"wp:term":[{"taxonomy":"category","embeddable":true,"href":"https:\/\/www.noticiasradioreflejos.com.ar\/2021\/wp-json\/wp\/v2\/categories?post=39861"},{"taxonomy":"post_tag","embeddable":true,"href":"https:\/\/www.noticiasradioreflejos.com.ar\/2021\/wp-json\/wp\/v2\/tags?post=39861"}],"curies":[{"name":"wp","href":"https:\/\/api.w.org\/{rel}","templated":true}]}}