{"id":39850,"date":"2020-03-23T19:11:12","date_gmt":"2020-03-23T22:11:12","guid":{"rendered":"http:\/\/www.noticiasradioreflejos.com.ar\/noticias\/?p=39850"},"modified":"2020-03-23T19:11:12","modified_gmt":"2020-03-23T22:11:12","slug":"en-todos-los-casos-de-personas-que-venian-de-otro-pais-ya-se-les-habia-acondicionado-el-lugar-para-que-al-llegar-realizaran-la-cuarentena-el-aislamiento-ezequiel-gabella","status":"publish","type":"post","link":"https:\/\/www.noticiasradioreflejos.com.ar\/2021\/en-todos-los-casos-de-personas-que-venian-de-otro-pais-ya-se-les-habia-acondicionado-el-lugar-para-que-al-llegar-realizaran-la-cuarentena-el-aislamiento-ezequiel-gabella\/","title":{"rendered":"\u00abEn todos los casos de personas que ven\u00edan de otro pa\u00eds, ya se les hab\u00eda acondicionado el lugar, para que al llegar,  realizaran la cuarentena, el aislamiento\u00bb Ezequiel Gabella"},"content":{"rendered":"<p>En el 4\u00b0 d\u00eda de cuarentena dispuesto por el Poder Ejecutivo Nacional, Provincial y municipal, dialogamos con el <strong>Secretario de Gobierno y Seguridad de Tornquist, Ezequiel Gabella<\/strong>, para conocer las medidas dispuestas, como se cumplen y de que manera nuestro municipio enfrentar\u00e1 la pandemia del <strong>Covid-19<\/strong>. Gabella llev\u00f3 tranquilidad a la audiencia al explicar que los viajeros\u00a0llegados desde el exterior, son controlados de acuerdo a los protocolos.\u00a0<!--more--><\/p>\n<p>\u201cEsto nos encuentra preparados, reci\u00e9n hablaba con un colega tuyo, una charla extensa pero necesaria para poder llevar tranquilidad en varios aspectos a la gente, y que sepan que es lo que se ha hecho hasta ahora para poder estar preparados de la mejor manera, no solo para lo que est\u00e1 pasando ahora, sino para lo que muy probablemente pase, no somos una isla del mundo, y probablemente en un tiempo podamos llegar a tener alg\u00fan caso de infecci\u00f3n ac\u00e1. Ojala no se d\u00e9, pero hay que hacer todo lo que est\u00e9 al alcance para estar preparados\u00bb.\u00a0 indic\u00f3 el funcionario en el inicio de la nota.<\/p>\n<p>Gabella remarc\u00f3 que el municipio\u00a0 est\u00e1 preparado\u00a0 desde varios aspectos, , pero sigue siendo el (QUEDARNOS EN CASA) la mejor manera de evitarlo.<\/p>\n<p>\u00abAc\u00e1 desde el estado podemos hacer un mont\u00f3n de cosas que est\u00e9n al alcance de nuestra mano, pero la gran diferencia la van a hacer la gran cantidad de personas que cumplan con lo que el gobierno est\u00e1 diciendo, que es quedarnos en casa,\u00a0 la mejor manera de evitarlo\u00bb. recalc\u00f3<\/p>\n<p>Asegur\u00f3 adem\u00e1s que\u00a0\u00abse ha hecho desde cada uno de los aspectos, salud, seguridad, en cuanto al funcionamiento de la municipalidad, de qu\u00e9 est\u00e1n todos cubiertos los llamados servicios esenciales, los servicios b\u00e1sicos,\u00a0 como para que no pueda pasar nada malo, m\u00e1s de lo que nos est\u00e1 pasando, y de eso se trata, de estar preparados\u201d se\u00f1al\u00f3,\u00a0 \u201cEst\u00e1n cubiertos los servicios b\u00e1sicos, lo que es recolecci\u00f3n de residuos se sigue haciendo con normalidad, puntualmente justo tenemos la casualidad de que tenemos un fin de semana largo, eso no le saca la condici\u00f3n de regularidad y habitualidad a lo que es recolecci\u00f3n de residuos\u00bb.<\/p>\n<p>En cuanto a la recolecci\u00f3n de residuos, el secretario record\u00f3 \u00abno sacar las bolsas verdes, no sacar residuos reciclables, los lavamos, los secamos bien, y los guardamos en nuestras casas por un tiempo, o al menos hasta que vuelva la recolecci\u00f3n de ese tipo de residuos.<\/p>\n<p>Por el tema de seguridad, Gabella destac\u00f3: \u00abTomamos mucha injerencia en este momento en los operativos de seguridad, todo lo relacionado con seguridad, hemos intentado a trav\u00e9s de las p\u00e1ginas web,\u00a0 llegar con la informaci\u00f3n, pero nunca est\u00e1 de m\u00e1s aclarar que es lo que se est\u00e1 dando en estos d\u00edas, sobre todo en las localidades tur\u00edsticas como Sierra de la Ventana, y Villa Ventana, netamente es tur\u00edstica,\u00a0 \u00a0gracias a la gesti\u00f3n que hemos realizado junto con el intendente, hemos obtenido el permiso para continuar con los operativos, a pesar de que en todas las localidades de la provincia se han levantado los operativos, la jefatura departamental de sede en Bah\u00eda Blanca, tuvo la deferencia de tomar en cuenta a las ciudades tur\u00edsticas que tienen otra realidad, entonces en base a eso se permiti\u00f3 poder continuar con los operativos de control de tr\u00e1nsito, lo que es circulaci\u00f3n de personas, as\u00ed que es el motivo por el cual en Sierra de la Ventana desde hace 2 d\u00edas, a pesar de que en otros lugares se levantaron los operativos, contin\u00faan\u00bb<\/p>\n<p>Con relaci\u00f3n a los controles para que se cumpla la cuarentena dispuesta por el gobierno nacional dijo:\u00a0\u00a0\u00abse va a continuar con los operativos,\u00bb aunque aclar\u00f3 \u00bb realmente es pr\u00e1cticamente nula la gente que est\u00e1 circulando, contrario a los comentarios de redes sociales.\u00bb<\/p>\n<p>En\u00a0referencia\u00a0 a los ciudadanos que llegaron del exterior y que preocuparon a toda la comunidad en cuanto a la manera de controlarlos, Gabella indic\u00f3: \u00abLa mejor manera de llevarle tranquilidad a la gente, es decirles que se activ\u00f3 el protocolo tal cual corresponde, hubo una predisposici\u00f3n total, un trabajo impecable del \u00e1rea de salud y de lo que es el \u00e1rea de gobierno, digo esto porque viene a colaci\u00f3n el trabajo de los delegados de cada uno de los pueblos, vamos a hablar de los Hugos y de Moncho, los 3 delegados nuestros, que continuamente conectados con el \u00e1rea de salud hicieron un seguimiento de cu\u00e1les eran los pasos a seguir;\u00a0 nosotros a trav\u00e9s de la p\u00e1gina de migraciones desde hace ya varios d\u00edas, ten\u00edamos el listado total de personas con domicilio en el distrito de Tornquist que estaban en otros pa\u00edses, y con la fecha en la cual iban a ingresar, ah\u00ed empez\u00f3 un trabajo punto por punto de hacer un seguimiento de cu\u00e1ndo era el d\u00eda que iban a ingresar al pa\u00eds y que es lo que iban a hacer. Entonces todos los casos de personas que ven\u00edan de otro pa\u00eds, ya se les hab\u00eda acondicionado el lugar, para que al llegar realizaran la cuarentena, el aislamiento, porque esa es la diferencia, nosotros, vos, yo, tenemos que hacer la cuarentena en nuestra casa, podemos salir a comprar mercader\u00eda cada dos o tres d\u00edas y volver, distinto es el aislamiento, es decir ya hay un factor que determina que la persona hay un mayor riesgo de que pueda estar contagiada de la enfermedad, y contagiar a otros, esos son los casos en los que se hizo este seguimiento, y tenemos ya la certeza de que absolutamente todos est\u00e1n cumpliendo la cuarentena y el aislamiento en nuestro territorio, no son personas enfermas, ninguna presentaba s\u00edntomas porque sino el protocolo hubiera sido otro, por lo tanto se presume que no estaban contagiando en el caso de que estuviera enfermo, y en el caso de que ahora si lo estuviera, est\u00e1 aislado y no propagando la enfermedad. Se manejo todo impecable, una tarea conjunta del \u00e1rea de seguridad, la polic\u00eda, quien tiene que notificarlo, los delegados que hicieron un seguimiento de estas personas, y obviamente el \u00e1rea de salud\u201d.<\/p>\n<p>\u201cEl mensaje es un pedido de paciencia, y que entendamos que de esta se sale entre todos, y cada uno tiene que aportar, bueno, \u00bfqu\u00e9 puede aportar esa persona? Paciencia, ya con eso alcanza\u201d.<\/p>\n<p>En cuanto al sistema de salud municipal el secretario afirm\u00f3: \u201cHay que hacer varias aclaraciones, previo a decir esto, nosotros estamos previendo llegado el caso en el que se presenten casos, hay distintas maneras y alternativas en las cuales se van a manejar. Llegado el caso que una persona presenta los s\u00edntomas, es totalmente distinto que presente s\u00edntomas similares o compatibles con el coronavirus, no nos olvidemos que uno de los principales s\u00edntomas es la fiebre, y la fiebre se manifiesta en varias enfermedades infecto contagiosas. Entonces primero y principal, va a haber una especie de gu\u00eda, comunic\u00e1ndonos con el \u00e1rea de salud, donde preferentemente con el m\u00e9dico de cabecera de uno, as\u00ed uno no abarrota de llamados al \u00e1rea de salud, donde se va a orientar y preguntar a la persona que otros s\u00edntomas tiene, y de esa manera, descartar o no si estamos frente a un caso de coronavirus. Si se descarta el coronavirus, obviamente la persona se tiene que quedar en su casa a sobrellevar la enfermedad que no es la ya mencionada. Cuando hay s\u00edntomas muy claros, o muy fuertes, la persona va a ir al sector del \u00e1rea de salud, se van a tomar las muestras, pero dado el caso de la tardanza que tienen los an\u00e1lisis, ya autom\u00e1ticamente con los s\u00edntomas claros de la enfermedad, se activa el protocolo de coronavirus, y ya tienen que darle tratamiento a esa persona como suponiendo que estuviera infectada. \u00bfC\u00f3mo estamos preparados para eso?.\u00bb<\/p>\n<p>En el caso particular de Sierra de la Ventana, asegur\u00f3:\u00bb hay una habitaci\u00f3n con dos camas, hay un tubo de oxigeno en cada una de ellas, por si la persona lo necesita, y est\u00e1 toda la aparatolog\u00eda y particularmente todo el bagaje de descartables, todo lo que es la indumentaria que tiene que usar la persona, para atender a una persona que probablemente pueda tener coronavirus, en eso estamos totalmente equipados y preparados, tanto en Sierra de la Ventana como en Tornquist\u201d.<\/p>\n<p>&nbsp;<\/p>\n<p><iframe loading=\"lazy\" src=\"https:\/\/w.soundcloud.com\/player\/?url=https%3A\/\/api.soundcloud.com\/tracks\/781595740&amp;color=%23ff5500&amp;auto_play=false&amp;hide_related=false&amp;show_comments=true&amp;show_user=true&amp;show_reposts=false&amp;show_teaser=true\" width=\"100%\" height=\"166\" frameborder=\"no\" scrolling=\"no\"><\/iframe><\/p>\n","protected":false},"excerpt":{"rendered":"<p>En el 4\u00b0 d\u00eda de cuarentena dispuesto por el Poder Ejecutivo Nacional, Provincial y municipal, dialogamos con el Secretario de Gobierno y Seguridad de Tornquist, Ezequiel Gabella, para conocer las medidas dispuestas, como se cumplen y de que manera nuestro municipio enfrentar\u00e1 la pandemia del Covid-19. Gabella llev\u00f3 tranquilidad a la audiencia al explicar que [&hellip;]<\/p>\n","protected":false},"author":3,"featured_media":0,"comment_status":"closed","ping_status":"open","sticky":false,"template":"","format":"standard","meta":{"footnotes":""},"categories":[24],"tags":[],"class_list":["post-39850","post","type-post","status-publish","format-standard","hentry","category-politica"],"yoast_head":"<!-- This site is optimized with the Yoast SEO plugin v25.9 - https:\/\/yoast.com\/wordpress\/plugins\/seo\/ -->\n<title>&quot;En todos los casos de personas que ven\u00edan de otro pa\u00eds, ya se les hab\u00eda acondicionado el lugar, para que al llegar, realizaran la cuarentena, el aislamiento&quot; Ezequiel Gabella - Noticias Radio Reflejos<\/title>\n<meta name=\"robots\" content=\"index, follow, max-snippet:-1, max-image-preview:large, max-video-preview:-1\" \/>\n<link rel=\"canonical\" href=\"https:\/\/www.noticiasradioreflejos.com.ar\/2021\/en-todos-los-casos-de-personas-que-venian-de-otro-pais-ya-se-les-habia-acondicionado-el-lugar-para-que-al-llegar-realizaran-la-cuarentena-el-aislamiento-ezequiel-gabella\/\" \/>\n<meta property=\"og:locale\" content=\"es_ES\" \/>\n<meta property=\"og:type\" content=\"article\" \/>\n<meta property=\"og:title\" content=\"&quot;En todos los casos de personas que ven\u00edan de otro pa\u00eds, ya se les hab\u00eda acondicionado el lugar, para que al llegar, realizaran la cuarentena, el aislamiento&quot; Ezequiel Gabella - Noticias Radio Reflejos\" \/>\n<meta property=\"og:description\" content=\"En el 4\u00b0 d\u00eda de cuarentena dispuesto por el Poder Ejecutivo Nacional, Provincial y municipal, dialogamos con el Secretario de Gobierno y Seguridad de Tornquist, Ezequiel Gabella, para conocer las medidas dispuestas, como se cumplen y de que manera nuestro municipio enfrentar\u00e1 la pandemia del Covid-19. Gabella llev\u00f3 tranquilidad a la audiencia al explicar que [&hellip;]\" \/>\n<meta property=\"og:url\" content=\"https:\/\/www.noticiasradioreflejos.com.ar\/2021\/en-todos-los-casos-de-personas-que-venian-de-otro-pais-ya-se-les-habia-acondicionado-el-lugar-para-que-al-llegar-realizaran-la-cuarentena-el-aislamiento-ezequiel-gabella\/\" \/>\n<meta property=\"og:site_name\" content=\"Noticias Radio Reflejos\" \/>\n<meta property=\"article:published_time\" content=\"2020-03-23T22:11:12+00:00\" \/>\n<meta property=\"og:image\" content=\"https:\/\/www.noticiasradioreflejos.com.ar\/2021\/wp-content\/uploads\/2021\/07\/logosol300x200.png\" \/>\n\t<meta property=\"og:image:width\" content=\"300\" \/>\n\t<meta property=\"og:image:height\" content=\"200\" \/>\n\t<meta property=\"og:image:type\" content=\"image\/png\" \/>\n<meta name=\"author\" content=\"Arnaldo Botto\" \/>\n<meta name=\"twitter:card\" content=\"summary_large_image\" \/>\n<script type=\"application\/ld+json\" class=\"yoast-schema-graph\">{\"@context\":\"https:\/\/schema.org\",\"@graph\":[{\"@type\":\"WebPage\",\"@id\":\"https:\/\/www.noticiasradioreflejos.com.ar\/2021\/en-todos-los-casos-de-personas-que-venian-de-otro-pais-ya-se-les-habia-acondicionado-el-lugar-para-que-al-llegar-realizaran-la-cuarentena-el-aislamiento-ezequiel-gabella\/\",\"url\":\"https:\/\/www.noticiasradioreflejos.com.ar\/2021\/en-todos-los-casos-de-personas-que-venian-de-otro-pais-ya-se-les-habia-acondicionado-el-lugar-para-que-al-llegar-realizaran-la-cuarentena-el-aislamiento-ezequiel-gabella\/\",\"name\":\"\\\"En todos los casos de personas que ven\u00edan de otro pa\u00eds, ya se les hab\u00eda acondicionado el lugar, para que al llegar, realizaran la cuarentena, el aislamiento\\\" Ezequiel Gabella - Noticias Radio Reflejos\",\"isPartOf\":{\"@id\":\"https:\/\/www.noticiasradioreflejos.com.ar\/2021\/#website\"},\"datePublished\":\"2020-03-23T22:11:12+00:00\",\"author\":{\"@id\":\"https:\/\/www.noticiasradioreflejos.com.ar\/2021\/#\/schema\/person\/ad82545263dcc5ec0996818884fd5fb1\"},\"breadcrumb\":{\"@id\":\"https:\/\/www.noticiasradioreflejos.com.ar\/2021\/en-todos-los-casos-de-personas-que-venian-de-otro-pais-ya-se-les-habia-acondicionado-el-lugar-para-que-al-llegar-realizaran-la-cuarentena-el-aislamiento-ezequiel-gabella\/#breadcrumb\"},\"inLanguage\":\"es\",\"potentialAction\":[{\"@type\":\"ReadAction\",\"target\":[\"https:\/\/www.noticiasradioreflejos.com.ar\/2021\/en-todos-los-casos-de-personas-que-venian-de-otro-pais-ya-se-les-habia-acondicionado-el-lugar-para-que-al-llegar-realizaran-la-cuarentena-el-aislamiento-ezequiel-gabella\/\"]}]},{\"@type\":\"BreadcrumbList\",\"@id\":\"https:\/\/www.noticiasradioreflejos.com.ar\/2021\/en-todos-los-casos-de-personas-que-venian-de-otro-pais-ya-se-les-habia-acondicionado-el-lugar-para-que-al-llegar-realizaran-la-cuarentena-el-aislamiento-ezequiel-gabella\/#breadcrumb\",\"itemListElement\":[{\"@type\":\"ListItem\",\"position\":1,\"name\":\"Portada\",\"item\":\"https:\/\/www.noticiasradioreflejos.com.ar\/2021\/\"},{\"@type\":\"ListItem\",\"position\":2,\"name\":\"\u00abEn todos los casos de personas que ven\u00edan de otro pa\u00eds, ya se les hab\u00eda acondicionado el lugar, para que al llegar, realizaran la cuarentena, el aislamiento\u00bb Ezequiel Gabella\"}]},{\"@type\":\"WebSite\",\"@id\":\"https:\/\/www.noticiasradioreflejos.com.ar\/2021\/#website\",\"url\":\"https:\/\/www.noticiasradioreflejos.com.ar\/2021\/\",\"name\":\"Noticias Radio Reflejos\",\"description\":\"Las noticias de mi comarca\",\"potentialAction\":[{\"@type\":\"SearchAction\",\"target\":{\"@type\":\"EntryPoint\",\"urlTemplate\":\"https:\/\/www.noticiasradioreflejos.com.ar\/2021\/?s={search_term_string}\"},\"query-input\":{\"@type\":\"PropertyValueSpecification\",\"valueRequired\":true,\"valueName\":\"search_term_string\"}}],\"inLanguage\":\"es\"},{\"@type\":\"Person\",\"@id\":\"https:\/\/www.noticiasradioreflejos.com.ar\/2021\/#\/schema\/person\/ad82545263dcc5ec0996818884fd5fb1\",\"name\":\"Arnaldo Botto\",\"image\":{\"@type\":\"ImageObject\",\"inLanguage\":\"es\",\"@id\":\"https:\/\/www.noticiasradioreflejos.com.ar\/2021\/#\/schema\/person\/image\/\",\"url\":\"https:\/\/secure.gravatar.com\/avatar\/55cb5e37c1efa326397366e6974cb338056df65cb50e7d64d1cf314e87504837?s=96&d=mm&r=g\",\"contentUrl\":\"https:\/\/secure.gravatar.com\/avatar\/55cb5e37c1efa326397366e6974cb338056df65cb50e7d64d1cf314e87504837?s=96&d=mm&r=g\",\"caption\":\"Arnaldo Botto\"},\"url\":\"https:\/\/www.noticiasradioreflejos.com.ar\/2021\/author\/arnaldo\/\"}]}<\/script>\n<!-- \/ Yoast SEO plugin. -->","yoast_head_json":{"title":"\"En todos los casos de personas que ven\u00edan de otro pa\u00eds, ya se les hab\u00eda acondicionado el lugar, para que al llegar, realizaran la cuarentena, el aislamiento\" Ezequiel Gabella - Noticias Radio Reflejos","robots":{"index":"index","follow":"follow","max-snippet":"max-snippet:-1","max-image-preview":"max-image-preview:large","max-video-preview":"max-video-preview:-1"},"canonical":"https:\/\/www.noticiasradioreflejos.com.ar\/2021\/en-todos-los-casos-de-personas-que-venian-de-otro-pais-ya-se-les-habia-acondicionado-el-lugar-para-que-al-llegar-realizaran-la-cuarentena-el-aislamiento-ezequiel-gabella\/","og_locale":"es_ES","og_type":"article","og_title":"\"En todos los casos de personas que ven\u00edan de otro pa\u00eds, ya se les hab\u00eda acondicionado el lugar, para que al llegar, realizaran la cuarentena, el aislamiento\" Ezequiel Gabella - Noticias Radio Reflejos","og_description":"En el 4\u00b0 d\u00eda de cuarentena dispuesto por el Poder Ejecutivo Nacional, Provincial y municipal, dialogamos con el Secretario de Gobierno y Seguridad de Tornquist, Ezequiel Gabella, para conocer las medidas dispuestas, como se cumplen y de que manera nuestro municipio enfrentar\u00e1 la pandemia del Covid-19. Gabella llev\u00f3 tranquilidad a la audiencia al explicar que [&hellip;]","og_url":"https:\/\/www.noticiasradioreflejos.com.ar\/2021\/en-todos-los-casos-de-personas-que-venian-de-otro-pais-ya-se-les-habia-acondicionado-el-lugar-para-que-al-llegar-realizaran-la-cuarentena-el-aislamiento-ezequiel-gabella\/","og_site_name":"Noticias Radio Reflejos","article_published_time":"2020-03-23T22:11:12+00:00","og_image":[{"width":300,"height":200,"url":"https:\/\/www.noticiasradioreflejos.com.ar\/2021\/wp-content\/uploads\/2021\/07\/logosol300x200.png","type":"image\/png"}],"author":"Arnaldo Botto","twitter_card":"summary_large_image","schema":{"@context":"https:\/\/schema.org","@graph":[{"@type":"WebPage","@id":"https:\/\/www.noticiasradioreflejos.com.ar\/2021\/en-todos-los-casos-de-personas-que-venian-de-otro-pais-ya-se-les-habia-acondicionado-el-lugar-para-que-al-llegar-realizaran-la-cuarentena-el-aislamiento-ezequiel-gabella\/","url":"https:\/\/www.noticiasradioreflejos.com.ar\/2021\/en-todos-los-casos-de-personas-que-venian-de-otro-pais-ya-se-les-habia-acondicionado-el-lugar-para-que-al-llegar-realizaran-la-cuarentena-el-aislamiento-ezequiel-gabella\/","name":"\"En todos los casos de personas que ven\u00edan de otro pa\u00eds, ya se les hab\u00eda acondicionado el lugar, para que al llegar, realizaran la cuarentena, el aislamiento\" Ezequiel Gabella - Noticias Radio Reflejos","isPartOf":{"@id":"https:\/\/www.noticiasradioreflejos.com.ar\/2021\/#website"},"datePublished":"2020-03-23T22:11:12+00:00","author":{"@id":"https:\/\/www.noticiasradioreflejos.com.ar\/2021\/#\/schema\/person\/ad82545263dcc5ec0996818884fd5fb1"},"breadcrumb":{"@id":"https:\/\/www.noticiasradioreflejos.com.ar\/2021\/en-todos-los-casos-de-personas-que-venian-de-otro-pais-ya-se-les-habia-acondicionado-el-lugar-para-que-al-llegar-realizaran-la-cuarentena-el-aislamiento-ezequiel-gabella\/#breadcrumb"},"inLanguage":"es","potentialAction":[{"@type":"ReadAction","target":["https:\/\/www.noticiasradioreflejos.com.ar\/2021\/en-todos-los-casos-de-personas-que-venian-de-otro-pais-ya-se-les-habia-acondicionado-el-lugar-para-que-al-llegar-realizaran-la-cuarentena-el-aislamiento-ezequiel-gabella\/"]}]},{"@type":"BreadcrumbList","@id":"https:\/\/www.noticiasradioreflejos.com.ar\/2021\/en-todos-los-casos-de-personas-que-venian-de-otro-pais-ya-se-les-habia-acondicionado-el-lugar-para-que-al-llegar-realizaran-la-cuarentena-el-aislamiento-ezequiel-gabella\/#breadcrumb","itemListElement":[{"@type":"ListItem","position":1,"name":"Portada","item":"https:\/\/www.noticiasradioreflejos.com.ar\/2021\/"},{"@type":"ListItem","position":2,"name":"\u00abEn todos los casos de personas que ven\u00edan de otro pa\u00eds, ya se les hab\u00eda acondicionado el lugar, para que al llegar, realizaran la cuarentena, el aislamiento\u00bb Ezequiel Gabella"}]},{"@type":"WebSite","@id":"https:\/\/www.noticiasradioreflejos.com.ar\/2021\/#website","url":"https:\/\/www.noticiasradioreflejos.com.ar\/2021\/","name":"Noticias Radio Reflejos","description":"Las noticias de mi comarca","potentialAction":[{"@type":"SearchAction","target":{"@type":"EntryPoint","urlTemplate":"https:\/\/www.noticiasradioreflejos.com.ar\/2021\/?s={search_term_string}"},"query-input":{"@type":"PropertyValueSpecification","valueRequired":true,"valueName":"search_term_string"}}],"inLanguage":"es"},{"@type":"Person","@id":"https:\/\/www.noticiasradioreflejos.com.ar\/2021\/#\/schema\/person\/ad82545263dcc5ec0996818884fd5fb1","name":"Arnaldo Botto","image":{"@type":"ImageObject","inLanguage":"es","@id":"https:\/\/www.noticiasradioreflejos.com.ar\/2021\/#\/schema\/person\/image\/","url":"https:\/\/secure.gravatar.com\/avatar\/55cb5e37c1efa326397366e6974cb338056df65cb50e7d64d1cf314e87504837?s=96&d=mm&r=g","contentUrl":"https:\/\/secure.gravatar.com\/avatar\/55cb5e37c1efa326397366e6974cb338056df65cb50e7d64d1cf314e87504837?s=96&d=mm&r=g","caption":"Arnaldo Botto"},"url":"https:\/\/www.noticiasradioreflejos.com.ar\/2021\/author\/arnaldo\/"}]}},"_links":{"self":[{"href":"https:\/\/www.noticiasradioreflejos.com.ar\/2021\/wp-json\/wp\/v2\/posts\/39850","targetHints":{"allow":["GET"]}}],"collection":[{"href":"https:\/\/www.noticiasradioreflejos.com.ar\/2021\/wp-json\/wp\/v2\/posts"}],"about":[{"href":"https:\/\/www.noticiasradioreflejos.com.ar\/2021\/wp-json\/wp\/v2\/types\/post"}],"author":[{"embeddable":true,"href":"https:\/\/www.noticiasradioreflejos.com.ar\/2021\/wp-json\/wp\/v2\/users\/3"}],"replies":[{"embeddable":true,"href":"https:\/\/www.noticiasradioreflejos.com.ar\/2021\/wp-json\/wp\/v2\/comments?post=39850"}],"version-history":[{"count":0,"href":"https:\/\/www.noticiasradioreflejos.com.ar\/2021\/wp-json\/wp\/v2\/posts\/39850\/revisions"}],"wp:attachment":[{"href":"https:\/\/www.noticiasradioreflejos.com.ar\/2021\/wp-json\/wp\/v2\/media?parent=39850"}],"wp:term":[{"taxonomy":"category","embeddable":true,"href":"https:\/\/www.noticiasradioreflejos.com.ar\/2021\/wp-json\/wp\/v2\/categories?post=39850"},{"taxonomy":"post_tag","embeddable":true,"href":"https:\/\/www.noticiasradioreflejos.com.ar\/2021\/wp-json\/wp\/v2\/tags?post=39850"}],"curies":[{"name":"wp","href":"https:\/\/api.w.org\/{rel}","templated":true}]}}