{"id":39829,"date":"2020-03-23T08:07:59","date_gmt":"2020-03-23T11:07:59","guid":{"rendered":"http:\/\/www.noticiasradioreflejos.com.ar\/noticias\/?p=39829"},"modified":"2020-03-23T08:07:59","modified_gmt":"2020-03-23T11:07:59","slug":"desde-el-municipio-insisten-en-no-sacar-los-residuos-destinados-a-los-puntos-limpios","status":"publish","type":"post","link":"https:\/\/www.noticiasradioreflejos.com.ar\/2021\/desde-el-municipio-insisten-en-no-sacar-los-residuos-destinados-a-los-puntos-limpios\/","title":{"rendered":"Desde el Municipio insisten en no sacar los residuos destinados a los puntos limpios"},"content":{"rendered":"<p>Ante la informaci\u00f3n emitida por la Secretar\u00eda de Obras y Servicios P\u00fablicos junto a la Direcci\u00f3n de Medio Ambiente, frente a la emergencia sanitaria y aislamiento social, preventivo y obligatorio, y ante los hechos de vecinos desaprensivos que no se concientizan sobre la importancia de la sanidad en este momento de emergencia, volvemos a recordar que \u201cNO SE REALIZAR\u00c1 RECOLECCI\u00d3N DE PUNTOS LIMPIOS EN TODO EL DISTRITO\u201d.<!--more--><\/p>\n<p>Se pudo constatar que en distintos puntos limpios, los vecinos contin\u00faan sacando dichos residuos, es por eso que desde el Municipio se solicita nuevamente la solidaridad de toda la poblaci\u00f3n, ya que tanto la planta de Reciclado 3R como el Taller Protegido de Tornquist, permanecer\u00e1n cerrados, al igual que todos los basureros municipales.<br \/>\nHasta tanto se pueda normalizar el servicio: se solicita que \u201cGUARDEN LOS RESIDUOS RECICLABLES, Y NO ARROJEN EN LOS PUNTOS LIMPIOS DEL DISTRITO RESIDUOS ORGANICOS (RESTOS DE COMIDA, ELEMENTOS DE HIGIENE PERSONAL, PA\u00d1ALES). LOS MISMOS NO SON RESIDUOS QUE DEBEN DISPONERSE EN PUNTOS LIMPIOS.<br \/>\nRecordamos que la recolecci\u00f3n domiciliaria (bolsa negra) sigue realiz\u00e1ndose de manera normal en todo el distrito.<br \/>\nAsimismo la Subsecretaria de Servicios Urbanos, recuerda que tampoco habr\u00e1 recolecci\u00f3n de escombros, ramas y restos de poda hasta el pr\u00f3ximo 31 de Marzo.<br \/>\nSr. Vecino, colabore y sea solidario con nuestros recolectores y con la comunidad, hoy m\u00e1s que nunca, necesitamos de su compromiso. <\/p>\n","protected":false},"excerpt":{"rendered":"<p>Ante la informaci\u00f3n emitida por la Secretar\u00eda de Obras y Servicios P\u00fablicos junto a la Direcci\u00f3n de Medio Ambiente, frente a la emergencia sanitaria y aislamiento social, preventivo y obligatorio, y ante los hechos de vecinos desaprensivos que no se concientizan sobre la importancia de la sanidad en este momento de emergencia, volvemos a recordar [&hellip;]<\/p>\n","protected":false},"author":3,"featured_media":0,"comment_status":"closed","ping_status":"open","sticky":false,"template":"","format":"standard","meta":{"footnotes":""},"categories":[28],"tags":[],"class_list":["post-39829","post","type-post","status-publish","format-standard","hentry","category-municipales"],"yoast_head":"<!-- This site is optimized with the Yoast SEO plugin v25.9 - https:\/\/yoast.com\/wordpress\/plugins\/seo\/ -->\n<title>Desde el Municipio insisten en no sacar los residuos destinados a los puntos limpios - Noticias Radio Reflejos<\/title>\n<meta name=\"robots\" content=\"index, follow, max-snippet:-1, max-image-preview:large, max-video-preview:-1\" \/>\n<link rel=\"canonical\" href=\"https:\/\/www.noticiasradioreflejos.com.ar\/2021\/desde-el-municipio-insisten-en-no-sacar-los-residuos-destinados-a-los-puntos-limpios\/\" \/>\n<meta property=\"og:locale\" content=\"es_ES\" \/>\n<meta property=\"og:type\" content=\"article\" \/>\n<meta property=\"og:title\" content=\"Desde el Municipio insisten en no sacar los residuos destinados a los puntos limpios - Noticias Radio Reflejos\" \/>\n<meta property=\"og:description\" content=\"Ante la informaci\u00f3n emitida por la Secretar\u00eda de Obras y Servicios P\u00fablicos junto a la Direcci\u00f3n de Medio Ambiente, frente a la emergencia sanitaria y aislamiento social, preventivo y obligatorio, y ante los hechos de vecinos desaprensivos que no se concientizan sobre la importancia de la sanidad en este momento de emergencia, volvemos a recordar [&hellip;]\" \/>\n<meta property=\"og:url\" content=\"https:\/\/www.noticiasradioreflejos.com.ar\/2021\/desde-el-municipio-insisten-en-no-sacar-los-residuos-destinados-a-los-puntos-limpios\/\" \/>\n<meta property=\"og:site_name\" content=\"Noticias Radio Reflejos\" \/>\n<meta property=\"article:published_time\" content=\"2020-03-23T11:07:59+00:00\" \/>\n<meta property=\"og:image\" content=\"https:\/\/www.noticiasradioreflejos.com.ar\/2021\/wp-content\/uploads\/2021\/07\/logosol300x200.png\" \/>\n\t<meta property=\"og:image:width\" content=\"300\" \/>\n\t<meta property=\"og:image:height\" content=\"200\" \/>\n\t<meta property=\"og:image:type\" content=\"image\/png\" \/>\n<meta name=\"author\" content=\"Arnaldo Botto\" \/>\n<meta name=\"twitter:card\" content=\"summary_large_image\" \/>\n<script type=\"application\/ld+json\" class=\"yoast-schema-graph\">{\"@context\":\"https:\/\/schema.org\",\"@graph\":[{\"@type\":\"WebPage\",\"@id\":\"https:\/\/www.noticiasradioreflejos.com.ar\/2021\/desde-el-municipio-insisten-en-no-sacar-los-residuos-destinados-a-los-puntos-limpios\/\",\"url\":\"https:\/\/www.noticiasradioreflejos.com.ar\/2021\/desde-el-municipio-insisten-en-no-sacar-los-residuos-destinados-a-los-puntos-limpios\/\",\"name\":\"Desde el Municipio insisten en no sacar los residuos destinados a los puntos limpios - Noticias Radio Reflejos\",\"isPartOf\":{\"@id\":\"https:\/\/www.noticiasradioreflejos.com.ar\/2021\/#website\"},\"datePublished\":\"2020-03-23T11:07:59+00:00\",\"author\":{\"@id\":\"https:\/\/www.noticiasradioreflejos.com.ar\/2021\/#\/schema\/person\/ad82545263dcc5ec0996818884fd5fb1\"},\"breadcrumb\":{\"@id\":\"https:\/\/www.noticiasradioreflejos.com.ar\/2021\/desde-el-municipio-insisten-en-no-sacar-los-residuos-destinados-a-los-puntos-limpios\/#breadcrumb\"},\"inLanguage\":\"es\",\"potentialAction\":[{\"@type\":\"ReadAction\",\"target\":[\"https:\/\/www.noticiasradioreflejos.com.ar\/2021\/desde-el-municipio-insisten-en-no-sacar-los-residuos-destinados-a-los-puntos-limpios\/\"]}]},{\"@type\":\"BreadcrumbList\",\"@id\":\"https:\/\/www.noticiasradioreflejos.com.ar\/2021\/desde-el-municipio-insisten-en-no-sacar-los-residuos-destinados-a-los-puntos-limpios\/#breadcrumb\",\"itemListElement\":[{\"@type\":\"ListItem\",\"position\":1,\"name\":\"Portada\",\"item\":\"https:\/\/www.noticiasradioreflejos.com.ar\/2021\/\"},{\"@type\":\"ListItem\",\"position\":2,\"name\":\"Desde el Municipio insisten en no sacar los residuos destinados a los puntos limpios\"}]},{\"@type\":\"WebSite\",\"@id\":\"https:\/\/www.noticiasradioreflejos.com.ar\/2021\/#website\",\"url\":\"https:\/\/www.noticiasradioreflejos.com.ar\/2021\/\",\"name\":\"Noticias Radio Reflejos\",\"description\":\"Las noticias de mi comarca\",\"potentialAction\":[{\"@type\":\"SearchAction\",\"target\":{\"@type\":\"EntryPoint\",\"urlTemplate\":\"https:\/\/www.noticiasradioreflejos.com.ar\/2021\/?s={search_term_string}\"},\"query-input\":{\"@type\":\"PropertyValueSpecification\",\"valueRequired\":true,\"valueName\":\"search_term_string\"}}],\"inLanguage\":\"es\"},{\"@type\":\"Person\",\"@id\":\"https:\/\/www.noticiasradioreflejos.com.ar\/2021\/#\/schema\/person\/ad82545263dcc5ec0996818884fd5fb1\",\"name\":\"Arnaldo Botto\",\"image\":{\"@type\":\"ImageObject\",\"inLanguage\":\"es\",\"@id\":\"https:\/\/www.noticiasradioreflejos.com.ar\/2021\/#\/schema\/person\/image\/\",\"url\":\"https:\/\/secure.gravatar.com\/avatar\/55cb5e37c1efa326397366e6974cb338056df65cb50e7d64d1cf314e87504837?s=96&d=mm&r=g\",\"contentUrl\":\"https:\/\/secure.gravatar.com\/avatar\/55cb5e37c1efa326397366e6974cb338056df65cb50e7d64d1cf314e87504837?s=96&d=mm&r=g\",\"caption\":\"Arnaldo Botto\"},\"url\":\"https:\/\/www.noticiasradioreflejos.com.ar\/2021\/author\/arnaldo\/\"}]}<\/script>\n<!-- \/ Yoast SEO plugin. -->","yoast_head_json":{"title":"Desde el Municipio insisten en no sacar los residuos destinados a los puntos limpios - Noticias Radio Reflejos","robots":{"index":"index","follow":"follow","max-snippet":"max-snippet:-1","max-image-preview":"max-image-preview:large","max-video-preview":"max-video-preview:-1"},"canonical":"https:\/\/www.noticiasradioreflejos.com.ar\/2021\/desde-el-municipio-insisten-en-no-sacar-los-residuos-destinados-a-los-puntos-limpios\/","og_locale":"es_ES","og_type":"article","og_title":"Desde el Municipio insisten en no sacar los residuos destinados a los puntos limpios - Noticias Radio Reflejos","og_description":"Ante la informaci\u00f3n emitida por la Secretar\u00eda de Obras y Servicios P\u00fablicos junto a la Direcci\u00f3n de Medio Ambiente, frente a la emergencia sanitaria y aislamiento social, preventivo y obligatorio, y ante los hechos de vecinos desaprensivos que no se concientizan sobre la importancia de la sanidad en este momento de emergencia, volvemos a recordar [&hellip;]","og_url":"https:\/\/www.noticiasradioreflejos.com.ar\/2021\/desde-el-municipio-insisten-en-no-sacar-los-residuos-destinados-a-los-puntos-limpios\/","og_site_name":"Noticias Radio Reflejos","article_published_time":"2020-03-23T11:07:59+00:00","og_image":[{"width":300,"height":200,"url":"https:\/\/www.noticiasradioreflejos.com.ar\/2021\/wp-content\/uploads\/2021\/07\/logosol300x200.png","type":"image\/png"}],"author":"Arnaldo Botto","twitter_card":"summary_large_image","schema":{"@context":"https:\/\/schema.org","@graph":[{"@type":"WebPage","@id":"https:\/\/www.noticiasradioreflejos.com.ar\/2021\/desde-el-municipio-insisten-en-no-sacar-los-residuos-destinados-a-los-puntos-limpios\/","url":"https:\/\/www.noticiasradioreflejos.com.ar\/2021\/desde-el-municipio-insisten-en-no-sacar-los-residuos-destinados-a-los-puntos-limpios\/","name":"Desde el Municipio insisten en no sacar los residuos destinados a los puntos limpios - Noticias Radio Reflejos","isPartOf":{"@id":"https:\/\/www.noticiasradioreflejos.com.ar\/2021\/#website"},"datePublished":"2020-03-23T11:07:59+00:00","author":{"@id":"https:\/\/www.noticiasradioreflejos.com.ar\/2021\/#\/schema\/person\/ad82545263dcc5ec0996818884fd5fb1"},"breadcrumb":{"@id":"https:\/\/www.noticiasradioreflejos.com.ar\/2021\/desde-el-municipio-insisten-en-no-sacar-los-residuos-destinados-a-los-puntos-limpios\/#breadcrumb"},"inLanguage":"es","potentialAction":[{"@type":"ReadAction","target":["https:\/\/www.noticiasradioreflejos.com.ar\/2021\/desde-el-municipio-insisten-en-no-sacar-los-residuos-destinados-a-los-puntos-limpios\/"]}]},{"@type":"BreadcrumbList","@id":"https:\/\/www.noticiasradioreflejos.com.ar\/2021\/desde-el-municipio-insisten-en-no-sacar-los-residuos-destinados-a-los-puntos-limpios\/#breadcrumb","itemListElement":[{"@type":"ListItem","position":1,"name":"Portada","item":"https:\/\/www.noticiasradioreflejos.com.ar\/2021\/"},{"@type":"ListItem","position":2,"name":"Desde el Municipio insisten en no sacar los residuos destinados a los puntos limpios"}]},{"@type":"WebSite","@id":"https:\/\/www.noticiasradioreflejos.com.ar\/2021\/#website","url":"https:\/\/www.noticiasradioreflejos.com.ar\/2021\/","name":"Noticias Radio Reflejos","description":"Las noticias de mi comarca","potentialAction":[{"@type":"SearchAction","target":{"@type":"EntryPoint","urlTemplate":"https:\/\/www.noticiasradioreflejos.com.ar\/2021\/?s={search_term_string}"},"query-input":{"@type":"PropertyValueSpecification","valueRequired":true,"valueName":"search_term_string"}}],"inLanguage":"es"},{"@type":"Person","@id":"https:\/\/www.noticiasradioreflejos.com.ar\/2021\/#\/schema\/person\/ad82545263dcc5ec0996818884fd5fb1","name":"Arnaldo Botto","image":{"@type":"ImageObject","inLanguage":"es","@id":"https:\/\/www.noticiasradioreflejos.com.ar\/2021\/#\/schema\/person\/image\/","url":"https:\/\/secure.gravatar.com\/avatar\/55cb5e37c1efa326397366e6974cb338056df65cb50e7d64d1cf314e87504837?s=96&d=mm&r=g","contentUrl":"https:\/\/secure.gravatar.com\/avatar\/55cb5e37c1efa326397366e6974cb338056df65cb50e7d64d1cf314e87504837?s=96&d=mm&r=g","caption":"Arnaldo Botto"},"url":"https:\/\/www.noticiasradioreflejos.com.ar\/2021\/author\/arnaldo\/"}]}},"_links":{"self":[{"href":"https:\/\/www.noticiasradioreflejos.com.ar\/2021\/wp-json\/wp\/v2\/posts\/39829","targetHints":{"allow":["GET"]}}],"collection":[{"href":"https:\/\/www.noticiasradioreflejos.com.ar\/2021\/wp-json\/wp\/v2\/posts"}],"about":[{"href":"https:\/\/www.noticiasradioreflejos.com.ar\/2021\/wp-json\/wp\/v2\/types\/post"}],"author":[{"embeddable":true,"href":"https:\/\/www.noticiasradioreflejos.com.ar\/2021\/wp-json\/wp\/v2\/users\/3"}],"replies":[{"embeddable":true,"href":"https:\/\/www.noticiasradioreflejos.com.ar\/2021\/wp-json\/wp\/v2\/comments?post=39829"}],"version-history":[{"count":0,"href":"https:\/\/www.noticiasradioreflejos.com.ar\/2021\/wp-json\/wp\/v2\/posts\/39829\/revisions"}],"wp:attachment":[{"href":"https:\/\/www.noticiasradioreflejos.com.ar\/2021\/wp-json\/wp\/v2\/media?parent=39829"}],"wp:term":[{"taxonomy":"category","embeddable":true,"href":"https:\/\/www.noticiasradioreflejos.com.ar\/2021\/wp-json\/wp\/v2\/categories?post=39829"},{"taxonomy":"post_tag","embeddable":true,"href":"https:\/\/www.noticiasradioreflejos.com.ar\/2021\/wp-json\/wp\/v2\/tags?post=39829"}],"curies":[{"name":"wp","href":"https:\/\/api.w.org\/{rel}","templated":true}]}}