{"id":39807,"date":"2020-03-22T00:15:36","date_gmt":"2020-03-22T03:15:36","guid":{"rendered":"http:\/\/www.noticiasradioreflejos.com.ar\/noticias\/?p=39807"},"modified":"2020-03-22T00:15:36","modified_gmt":"2020-03-22T03:15:36","slug":"se-realizaran-operativos-de-control-en-los-accesos-de-las-localidades-del-distrito","status":"publish","type":"post","link":"https:\/\/www.noticiasradioreflejos.com.ar\/2021\/se-realizaran-operativos-de-control-en-los-accesos-de-las-localidades-del-distrito\/","title":{"rendered":"Se realizar\u00e1n operativos de control en los accesos de las localidades del distrito."},"content":{"rendered":"<p>La Secretar\u00eda de Gobierno y Seguridad del Municipio informa que ma\u00f1ana, domingo 22 de marzo, se realizar\u00e1n operativos de control en los ingresos a las localidades o centros tur\u00edsticos del distrito, por parte de efectivos de la Polic\u00eda Federal de la Provincia de Buenos Aires. Los efectivos solicitar\u00e1n informaci\u00f3n sobre el origen y destino de las personas que quieran ingresar a las localidades.<!--more--><\/p>\n<p>Se trata de una medida excepcional ya que, como es de p\u00fablico conocimiento, por disposici\u00f3n del Ministerio de Justica no se est\u00e1n realizando operativos de esta \u00edndole en los ingresos de las localidades de la Provincia.<br \/>\nEstas acciones se dan en el marco del cumplimiento del aislamiento social, preventivo y obligatorio dispuesto por el Gobierno Nacional en el marco de las medidas y acciones tendientes a evitar la expansi\u00f3n y propagaci\u00f3n del virus COVID \u2013 19 (Coronavirus) en las comunidades de nuestro pa\u00eds. Se advierte que existir\u00e1 un criterio estricto en s\u00f3lo permitir el ingreso de personas que tengan domicilio en el distrito o puedan demostrar una causa de fuerza mayor que justifique su circulaci\u00f3n por las rutas que atraviesan nuestro Distrito.<\/p>\n","protected":false},"excerpt":{"rendered":"<p>La Secretar\u00eda de Gobierno y Seguridad del Municipio informa que ma\u00f1ana, domingo 22 de marzo, se realizar\u00e1n operativos de control en los ingresos a las localidades o centros tur\u00edsticos del distrito, por parte de efectivos de la Polic\u00eda Federal de la Provincia de Buenos Aires. Los efectivos solicitar\u00e1n informaci\u00f3n sobre el origen y destino de [&hellip;]<\/p>\n","protected":false},"author":3,"featured_media":0,"comment_status":"closed","ping_status":"open","sticky":false,"template":"","format":"standard","meta":{"footnotes":""},"categories":[29],"tags":[],"class_list":["post-39807","post","type-post","status-publish","format-standard","hentry","category-policiales"],"yoast_head":"<!-- This site is optimized with the Yoast SEO plugin v25.9 - https:\/\/yoast.com\/wordpress\/plugins\/seo\/ -->\n<title>Se realizar\u00e1n operativos de control en los accesos de las localidades del distrito. - Noticias Radio Reflejos<\/title>\n<meta name=\"robots\" content=\"index, follow, max-snippet:-1, max-image-preview:large, max-video-preview:-1\" \/>\n<link rel=\"canonical\" href=\"https:\/\/www.noticiasradioreflejos.com.ar\/2021\/se-realizaran-operativos-de-control-en-los-accesos-de-las-localidades-del-distrito\/\" \/>\n<meta property=\"og:locale\" content=\"es_ES\" \/>\n<meta property=\"og:type\" content=\"article\" \/>\n<meta property=\"og:title\" content=\"Se realizar\u00e1n operativos de control en los accesos de las localidades del distrito. - Noticias Radio Reflejos\" \/>\n<meta property=\"og:description\" content=\"La Secretar\u00eda de Gobierno y Seguridad del Municipio informa que ma\u00f1ana, domingo 22 de marzo, se realizar\u00e1n operativos de control en los ingresos a las localidades o centros tur\u00edsticos del distrito, por parte de efectivos de la Polic\u00eda Federal de la Provincia de Buenos Aires. Los efectivos solicitar\u00e1n informaci\u00f3n sobre el origen y destino de [&hellip;]\" \/>\n<meta property=\"og:url\" content=\"https:\/\/www.noticiasradioreflejos.com.ar\/2021\/se-realizaran-operativos-de-control-en-los-accesos-de-las-localidades-del-distrito\/\" \/>\n<meta property=\"og:site_name\" content=\"Noticias Radio Reflejos\" \/>\n<meta property=\"article:published_time\" content=\"2020-03-22T03:15:36+00:00\" \/>\n<meta property=\"og:image\" content=\"https:\/\/www.noticiasradioreflejos.com.ar\/2021\/wp-content\/uploads\/2021\/07\/logosol300x200.png\" \/>\n\t<meta property=\"og:image:width\" content=\"300\" \/>\n\t<meta property=\"og:image:height\" content=\"200\" \/>\n\t<meta property=\"og:image:type\" content=\"image\/png\" \/>\n<meta name=\"author\" content=\"Arnaldo Botto\" \/>\n<meta name=\"twitter:card\" content=\"summary_large_image\" \/>\n<script type=\"application\/ld+json\" class=\"yoast-schema-graph\">{\"@context\":\"https:\/\/schema.org\",\"@graph\":[{\"@type\":\"WebPage\",\"@id\":\"https:\/\/www.noticiasradioreflejos.com.ar\/2021\/se-realizaran-operativos-de-control-en-los-accesos-de-las-localidades-del-distrito\/\",\"url\":\"https:\/\/www.noticiasradioreflejos.com.ar\/2021\/se-realizaran-operativos-de-control-en-los-accesos-de-las-localidades-del-distrito\/\",\"name\":\"Se realizar\u00e1n operativos de control en los accesos de las localidades del distrito. - Noticias Radio Reflejos\",\"isPartOf\":{\"@id\":\"https:\/\/www.noticiasradioreflejos.com.ar\/2021\/#website\"},\"datePublished\":\"2020-03-22T03:15:36+00:00\",\"author\":{\"@id\":\"https:\/\/www.noticiasradioreflejos.com.ar\/2021\/#\/schema\/person\/ad82545263dcc5ec0996818884fd5fb1\"},\"breadcrumb\":{\"@id\":\"https:\/\/www.noticiasradioreflejos.com.ar\/2021\/se-realizaran-operativos-de-control-en-los-accesos-de-las-localidades-del-distrito\/#breadcrumb\"},\"inLanguage\":\"es\",\"potentialAction\":[{\"@type\":\"ReadAction\",\"target\":[\"https:\/\/www.noticiasradioreflejos.com.ar\/2021\/se-realizaran-operativos-de-control-en-los-accesos-de-las-localidades-del-distrito\/\"]}]},{\"@type\":\"BreadcrumbList\",\"@id\":\"https:\/\/www.noticiasradioreflejos.com.ar\/2021\/se-realizaran-operativos-de-control-en-los-accesos-de-las-localidades-del-distrito\/#breadcrumb\",\"itemListElement\":[{\"@type\":\"ListItem\",\"position\":1,\"name\":\"Portada\",\"item\":\"https:\/\/www.noticiasradioreflejos.com.ar\/2021\/\"},{\"@type\":\"ListItem\",\"position\":2,\"name\":\"Se realizar\u00e1n operativos de control en los accesos de las localidades del distrito.\"}]},{\"@type\":\"WebSite\",\"@id\":\"https:\/\/www.noticiasradioreflejos.com.ar\/2021\/#website\",\"url\":\"https:\/\/www.noticiasradioreflejos.com.ar\/2021\/\",\"name\":\"Noticias Radio Reflejos\",\"description\":\"Las noticias de mi comarca\",\"potentialAction\":[{\"@type\":\"SearchAction\",\"target\":{\"@type\":\"EntryPoint\",\"urlTemplate\":\"https:\/\/www.noticiasradioreflejos.com.ar\/2021\/?s={search_term_string}\"},\"query-input\":{\"@type\":\"PropertyValueSpecification\",\"valueRequired\":true,\"valueName\":\"search_term_string\"}}],\"inLanguage\":\"es\"},{\"@type\":\"Person\",\"@id\":\"https:\/\/www.noticiasradioreflejos.com.ar\/2021\/#\/schema\/person\/ad82545263dcc5ec0996818884fd5fb1\",\"name\":\"Arnaldo Botto\",\"image\":{\"@type\":\"ImageObject\",\"inLanguage\":\"es\",\"@id\":\"https:\/\/www.noticiasradioreflejos.com.ar\/2021\/#\/schema\/person\/image\/\",\"url\":\"https:\/\/secure.gravatar.com\/avatar\/55cb5e37c1efa326397366e6974cb338056df65cb50e7d64d1cf314e87504837?s=96&d=mm&r=g\",\"contentUrl\":\"https:\/\/secure.gravatar.com\/avatar\/55cb5e37c1efa326397366e6974cb338056df65cb50e7d64d1cf314e87504837?s=96&d=mm&r=g\",\"caption\":\"Arnaldo Botto\"},\"url\":\"https:\/\/www.noticiasradioreflejos.com.ar\/2021\/author\/arnaldo\/\"}]}<\/script>\n<!-- \/ Yoast SEO plugin. -->","yoast_head_json":{"title":"Se realizar\u00e1n operativos de control en los accesos de las localidades del distrito. - Noticias Radio Reflejos","robots":{"index":"index","follow":"follow","max-snippet":"max-snippet:-1","max-image-preview":"max-image-preview:large","max-video-preview":"max-video-preview:-1"},"canonical":"https:\/\/www.noticiasradioreflejos.com.ar\/2021\/se-realizaran-operativos-de-control-en-los-accesos-de-las-localidades-del-distrito\/","og_locale":"es_ES","og_type":"article","og_title":"Se realizar\u00e1n operativos de control en los accesos de las localidades del distrito. - Noticias Radio Reflejos","og_description":"La Secretar\u00eda de Gobierno y Seguridad del Municipio informa que ma\u00f1ana, domingo 22 de marzo, se realizar\u00e1n operativos de control en los ingresos a las localidades o centros tur\u00edsticos del distrito, por parte de efectivos de la Polic\u00eda Federal de la Provincia de Buenos Aires. Los efectivos solicitar\u00e1n informaci\u00f3n sobre el origen y destino de [&hellip;]","og_url":"https:\/\/www.noticiasradioreflejos.com.ar\/2021\/se-realizaran-operativos-de-control-en-los-accesos-de-las-localidades-del-distrito\/","og_site_name":"Noticias Radio Reflejos","article_published_time":"2020-03-22T03:15:36+00:00","og_image":[{"width":300,"height":200,"url":"https:\/\/www.noticiasradioreflejos.com.ar\/2021\/wp-content\/uploads\/2021\/07\/logosol300x200.png","type":"image\/png"}],"author":"Arnaldo Botto","twitter_card":"summary_large_image","schema":{"@context":"https:\/\/schema.org","@graph":[{"@type":"WebPage","@id":"https:\/\/www.noticiasradioreflejos.com.ar\/2021\/se-realizaran-operativos-de-control-en-los-accesos-de-las-localidades-del-distrito\/","url":"https:\/\/www.noticiasradioreflejos.com.ar\/2021\/se-realizaran-operativos-de-control-en-los-accesos-de-las-localidades-del-distrito\/","name":"Se realizar\u00e1n operativos de control en los accesos de las localidades del distrito. - Noticias Radio Reflejos","isPartOf":{"@id":"https:\/\/www.noticiasradioreflejos.com.ar\/2021\/#website"},"datePublished":"2020-03-22T03:15:36+00:00","author":{"@id":"https:\/\/www.noticiasradioreflejos.com.ar\/2021\/#\/schema\/person\/ad82545263dcc5ec0996818884fd5fb1"},"breadcrumb":{"@id":"https:\/\/www.noticiasradioreflejos.com.ar\/2021\/se-realizaran-operativos-de-control-en-los-accesos-de-las-localidades-del-distrito\/#breadcrumb"},"inLanguage":"es","potentialAction":[{"@type":"ReadAction","target":["https:\/\/www.noticiasradioreflejos.com.ar\/2021\/se-realizaran-operativos-de-control-en-los-accesos-de-las-localidades-del-distrito\/"]}]},{"@type":"BreadcrumbList","@id":"https:\/\/www.noticiasradioreflejos.com.ar\/2021\/se-realizaran-operativos-de-control-en-los-accesos-de-las-localidades-del-distrito\/#breadcrumb","itemListElement":[{"@type":"ListItem","position":1,"name":"Portada","item":"https:\/\/www.noticiasradioreflejos.com.ar\/2021\/"},{"@type":"ListItem","position":2,"name":"Se realizar\u00e1n operativos de control en los accesos de las localidades del distrito."}]},{"@type":"WebSite","@id":"https:\/\/www.noticiasradioreflejos.com.ar\/2021\/#website","url":"https:\/\/www.noticiasradioreflejos.com.ar\/2021\/","name":"Noticias Radio Reflejos","description":"Las noticias de mi comarca","potentialAction":[{"@type":"SearchAction","target":{"@type":"EntryPoint","urlTemplate":"https:\/\/www.noticiasradioreflejos.com.ar\/2021\/?s={search_term_string}"},"query-input":{"@type":"PropertyValueSpecification","valueRequired":true,"valueName":"search_term_string"}}],"inLanguage":"es"},{"@type":"Person","@id":"https:\/\/www.noticiasradioreflejos.com.ar\/2021\/#\/schema\/person\/ad82545263dcc5ec0996818884fd5fb1","name":"Arnaldo Botto","image":{"@type":"ImageObject","inLanguage":"es","@id":"https:\/\/www.noticiasradioreflejos.com.ar\/2021\/#\/schema\/person\/image\/","url":"https:\/\/secure.gravatar.com\/avatar\/55cb5e37c1efa326397366e6974cb338056df65cb50e7d64d1cf314e87504837?s=96&d=mm&r=g","contentUrl":"https:\/\/secure.gravatar.com\/avatar\/55cb5e37c1efa326397366e6974cb338056df65cb50e7d64d1cf314e87504837?s=96&d=mm&r=g","caption":"Arnaldo Botto"},"url":"https:\/\/www.noticiasradioreflejos.com.ar\/2021\/author\/arnaldo\/"}]}},"_links":{"self":[{"href":"https:\/\/www.noticiasradioreflejos.com.ar\/2021\/wp-json\/wp\/v2\/posts\/39807","targetHints":{"allow":["GET"]}}],"collection":[{"href":"https:\/\/www.noticiasradioreflejos.com.ar\/2021\/wp-json\/wp\/v2\/posts"}],"about":[{"href":"https:\/\/www.noticiasradioreflejos.com.ar\/2021\/wp-json\/wp\/v2\/types\/post"}],"author":[{"embeddable":true,"href":"https:\/\/www.noticiasradioreflejos.com.ar\/2021\/wp-json\/wp\/v2\/users\/3"}],"replies":[{"embeddable":true,"href":"https:\/\/www.noticiasradioreflejos.com.ar\/2021\/wp-json\/wp\/v2\/comments?post=39807"}],"version-history":[{"count":0,"href":"https:\/\/www.noticiasradioreflejos.com.ar\/2021\/wp-json\/wp\/v2\/posts\/39807\/revisions"}],"wp:attachment":[{"href":"https:\/\/www.noticiasradioreflejos.com.ar\/2021\/wp-json\/wp\/v2\/media?parent=39807"}],"wp:term":[{"taxonomy":"category","embeddable":true,"href":"https:\/\/www.noticiasradioreflejos.com.ar\/2021\/wp-json\/wp\/v2\/categories?post=39807"},{"taxonomy":"post_tag","embeddable":true,"href":"https:\/\/www.noticiasradioreflejos.com.ar\/2021\/wp-json\/wp\/v2\/tags?post=39807"}],"curies":[{"name":"wp","href":"https:\/\/api.w.org\/{rel}","templated":true}]}}