{"id":39804,"date":"2020-03-21T22:00:28","date_gmt":"2020-03-22T01:00:28","guid":{"rendered":"http:\/\/www.noticiasradioreflejos.com.ar\/noticias\/?p=39804"},"modified":"2020-03-21T22:00:28","modified_gmt":"2020-03-22T01:00:28","slug":"cuatro-aprehendidos-mas-por-incumplimiento-de-aislamiento-y-tenencia-de-estupefacientes-en-sierra-de-la-ventana","status":"publish","type":"post","link":"https:\/\/www.noticiasradioreflejos.com.ar\/2021\/cuatro-aprehendidos-mas-por-incumplimiento-de-aislamiento-y-tenencia-de-estupefacientes-en-sierra-de-la-ventana\/","title":{"rendered":"Cuatro aprehendidos m\u00e1s por incumplimiento de aislamiento y tenencia de estupefacientes en Sierra de la Ventana."},"content":{"rendered":"<p>La Secretar\u00eda de Seguridad de la Municipalidad de Tornquist informa que en el d\u00eda de la fecha, siendo las 12:30 horas, personal policial de la Subestaci\u00f3n Comunal de Sierra de la Ventana procedi\u00f3 a la APREHENSI\u00d3N de dos ciudadanos MENESES MATIAS DAVID, de 31 a\u00f1os y AGUADO EMANUEL,<!--more--> de 33 a\u00f1os de edad, ambos oriundos de este medio, quienes descendieron de su rodado, un Fiat Spazio, dominio RTL 259, y continuaron caminando hacia el arroyo San Bernardo, donde all\u00ed fueron interceptados por personal policial por incumplir el Aislamiento Social, Preventivo y Obligatorio decretado por el Presidente de la Naci\u00f3n Argentina, infringiendo los ciudadanos los ARTICULO 202, 205 y 239 DEL C\u00d3DIGO PENAL, se procedi\u00f3 a su APREHENSI\u00d3N, procedi\u00e9ndose al SECUESTRO en su poder de 23,96 grs de MARIHUANA, d\u00e1ndose intervenci\u00f3n al Juzgado Federal N\u00ba 1 de Bah\u00eda Blanca, quien dispuso secuestro del veh\u00edculo marca Fiat Spazio dominio RTL 259 en el cual se movilizaran los aprehendidos. Respecto al secuestro de estupefacientes se dio intervenci\u00f3n a la UFIJ Nro. 19 del dpto. Judicial B. Bca.<br \/>\nPosteriormente, siendo las 17.40 hs personal policial de esta subestaci\u00f3n de polic\u00eda procedi\u00f3 a la aprehensi\u00f3n de los ciudadanos ALBARRACIN OBDULIO DANIEL, de 56 a\u00f1os y GONZALO MARTIN ITURRALDE, de 45 a\u00f1os, ambos oriundos de Coronel Pringles, quienes momentos antes fueron advertidos en calle Los Tilos y Av. San Mart\u00edn de este medio, realizando una mudanza, actividad no contemplada en el decreto 297\/2020, por cuanto al incumplir el Aislamiento Social, Preventivo y Obligatorio decretado por el Presidente de la Naci\u00f3n Argentina, se hallan INFRINGIENDO LOS ART\u00cdCULOS 202, 205 Y 239 DEL C.P.N, d\u00e1ndose intervenci\u00f3n al Juzgado Federal Nro. 1 de Bah\u00eda. Blanca.-<\/p>\n<p>SECRETAR\u00cdA DE SEGURIDAD \u2013 MUNICIPALIDAD DE TORNQUIST<br \/>\nMARZO 21 DE 2020.-<\/p>\n","protected":false},"excerpt":{"rendered":"<p>La Secretar\u00eda de Seguridad de la Municipalidad de Tornquist informa que en el d\u00eda de la fecha, siendo las 12:30 horas, personal policial de la Subestaci\u00f3n Comunal de Sierra de la Ventana procedi\u00f3 a la APREHENSI\u00d3N de dos ciudadanos MENESES MATIAS DAVID, de 31 a\u00f1os y AGUADO EMANUEL,<\/p>\n","protected":false},"author":3,"featured_media":0,"comment_status":"closed","ping_status":"open","sticky":false,"template":"","format":"standard","meta":{"footnotes":""},"categories":[29],"tags":[],"class_list":["post-39804","post","type-post","status-publish","format-standard","hentry","category-policiales"],"yoast_head":"<!-- This site is optimized with the Yoast SEO plugin v25.9 - https:\/\/yoast.com\/wordpress\/plugins\/seo\/ -->\n<title>Cuatro aprehendidos m\u00e1s por incumplimiento de aislamiento y tenencia de estupefacientes en Sierra de la Ventana. - Noticias Radio Reflejos<\/title>\n<meta name=\"robots\" content=\"index, follow, max-snippet:-1, max-image-preview:large, max-video-preview:-1\" \/>\n<link rel=\"canonical\" href=\"https:\/\/www.noticiasradioreflejos.com.ar\/2021\/cuatro-aprehendidos-mas-por-incumplimiento-de-aislamiento-y-tenencia-de-estupefacientes-en-sierra-de-la-ventana\/\" \/>\n<meta property=\"og:locale\" content=\"es_ES\" \/>\n<meta property=\"og:type\" content=\"article\" \/>\n<meta property=\"og:title\" content=\"Cuatro aprehendidos m\u00e1s por incumplimiento de aislamiento y tenencia de estupefacientes en Sierra de la Ventana. - Noticias Radio Reflejos\" \/>\n<meta property=\"og:description\" content=\"La Secretar\u00eda de Seguridad de la Municipalidad de Tornquist informa que en el d\u00eda de la fecha, siendo las 12:30 horas, personal policial de la Subestaci\u00f3n Comunal de Sierra de la Ventana procedi\u00f3 a la APREHENSI\u00d3N de dos ciudadanos MENESES MATIAS DAVID, de 31 a\u00f1os y AGUADO EMANUEL,\" \/>\n<meta property=\"og:url\" content=\"https:\/\/www.noticiasradioreflejos.com.ar\/2021\/cuatro-aprehendidos-mas-por-incumplimiento-de-aislamiento-y-tenencia-de-estupefacientes-en-sierra-de-la-ventana\/\" \/>\n<meta property=\"og:site_name\" content=\"Noticias Radio Reflejos\" \/>\n<meta property=\"article:published_time\" content=\"2020-03-22T01:00:28+00:00\" \/>\n<meta property=\"og:image\" content=\"https:\/\/www.noticiasradioreflejos.com.ar\/2021\/wp-content\/uploads\/2021\/07\/logosol300x200.png\" \/>\n\t<meta property=\"og:image:width\" content=\"300\" \/>\n\t<meta property=\"og:image:height\" content=\"200\" \/>\n\t<meta property=\"og:image:type\" content=\"image\/png\" \/>\n<meta name=\"author\" content=\"Arnaldo Botto\" \/>\n<meta name=\"twitter:card\" content=\"summary_large_image\" \/>\n<script type=\"application\/ld+json\" class=\"yoast-schema-graph\">{\"@context\":\"https:\/\/schema.org\",\"@graph\":[{\"@type\":\"WebPage\",\"@id\":\"https:\/\/www.noticiasradioreflejos.com.ar\/2021\/cuatro-aprehendidos-mas-por-incumplimiento-de-aislamiento-y-tenencia-de-estupefacientes-en-sierra-de-la-ventana\/\",\"url\":\"https:\/\/www.noticiasradioreflejos.com.ar\/2021\/cuatro-aprehendidos-mas-por-incumplimiento-de-aislamiento-y-tenencia-de-estupefacientes-en-sierra-de-la-ventana\/\",\"name\":\"Cuatro aprehendidos m\u00e1s por incumplimiento de aislamiento y tenencia de estupefacientes en Sierra de la Ventana. - Noticias Radio Reflejos\",\"isPartOf\":{\"@id\":\"https:\/\/www.noticiasradioreflejos.com.ar\/2021\/#website\"},\"datePublished\":\"2020-03-22T01:00:28+00:00\",\"author\":{\"@id\":\"https:\/\/www.noticiasradioreflejos.com.ar\/2021\/#\/schema\/person\/ad82545263dcc5ec0996818884fd5fb1\"},\"breadcrumb\":{\"@id\":\"https:\/\/www.noticiasradioreflejos.com.ar\/2021\/cuatro-aprehendidos-mas-por-incumplimiento-de-aislamiento-y-tenencia-de-estupefacientes-en-sierra-de-la-ventana\/#breadcrumb\"},\"inLanguage\":\"es\",\"potentialAction\":[{\"@type\":\"ReadAction\",\"target\":[\"https:\/\/www.noticiasradioreflejos.com.ar\/2021\/cuatro-aprehendidos-mas-por-incumplimiento-de-aislamiento-y-tenencia-de-estupefacientes-en-sierra-de-la-ventana\/\"]}]},{\"@type\":\"BreadcrumbList\",\"@id\":\"https:\/\/www.noticiasradioreflejos.com.ar\/2021\/cuatro-aprehendidos-mas-por-incumplimiento-de-aislamiento-y-tenencia-de-estupefacientes-en-sierra-de-la-ventana\/#breadcrumb\",\"itemListElement\":[{\"@type\":\"ListItem\",\"position\":1,\"name\":\"Portada\",\"item\":\"https:\/\/www.noticiasradioreflejos.com.ar\/2021\/\"},{\"@type\":\"ListItem\",\"position\":2,\"name\":\"Cuatro aprehendidos m\u00e1s por incumplimiento de aislamiento y tenencia de estupefacientes en Sierra de la Ventana.\"}]},{\"@type\":\"WebSite\",\"@id\":\"https:\/\/www.noticiasradioreflejos.com.ar\/2021\/#website\",\"url\":\"https:\/\/www.noticiasradioreflejos.com.ar\/2021\/\",\"name\":\"Noticias Radio Reflejos\",\"description\":\"Las noticias de mi comarca\",\"potentialAction\":[{\"@type\":\"SearchAction\",\"target\":{\"@type\":\"EntryPoint\",\"urlTemplate\":\"https:\/\/www.noticiasradioreflejos.com.ar\/2021\/?s={search_term_string}\"},\"query-input\":{\"@type\":\"PropertyValueSpecification\",\"valueRequired\":true,\"valueName\":\"search_term_string\"}}],\"inLanguage\":\"es\"},{\"@type\":\"Person\",\"@id\":\"https:\/\/www.noticiasradioreflejos.com.ar\/2021\/#\/schema\/person\/ad82545263dcc5ec0996818884fd5fb1\",\"name\":\"Arnaldo Botto\",\"image\":{\"@type\":\"ImageObject\",\"inLanguage\":\"es\",\"@id\":\"https:\/\/www.noticiasradioreflejos.com.ar\/2021\/#\/schema\/person\/image\/\",\"url\":\"https:\/\/secure.gravatar.com\/avatar\/55cb5e37c1efa326397366e6974cb338056df65cb50e7d64d1cf314e87504837?s=96&d=mm&r=g\",\"contentUrl\":\"https:\/\/secure.gravatar.com\/avatar\/55cb5e37c1efa326397366e6974cb338056df65cb50e7d64d1cf314e87504837?s=96&d=mm&r=g\",\"caption\":\"Arnaldo Botto\"},\"url\":\"https:\/\/www.noticiasradioreflejos.com.ar\/2021\/author\/arnaldo\/\"}]}<\/script>\n<!-- \/ Yoast SEO plugin. -->","yoast_head_json":{"title":"Cuatro aprehendidos m\u00e1s por incumplimiento de aislamiento y tenencia de estupefacientes en Sierra de la Ventana. - Noticias Radio Reflejos","robots":{"index":"index","follow":"follow","max-snippet":"max-snippet:-1","max-image-preview":"max-image-preview:large","max-video-preview":"max-video-preview:-1"},"canonical":"https:\/\/www.noticiasradioreflejos.com.ar\/2021\/cuatro-aprehendidos-mas-por-incumplimiento-de-aislamiento-y-tenencia-de-estupefacientes-en-sierra-de-la-ventana\/","og_locale":"es_ES","og_type":"article","og_title":"Cuatro aprehendidos m\u00e1s por incumplimiento de aislamiento y tenencia de estupefacientes en Sierra de la Ventana. - Noticias Radio Reflejos","og_description":"La Secretar\u00eda de Seguridad de la Municipalidad de Tornquist informa que en el d\u00eda de la fecha, siendo las 12:30 horas, personal policial de la Subestaci\u00f3n Comunal de Sierra de la Ventana procedi\u00f3 a la APREHENSI\u00d3N de dos ciudadanos MENESES MATIAS DAVID, de 31 a\u00f1os y AGUADO EMANUEL,","og_url":"https:\/\/www.noticiasradioreflejos.com.ar\/2021\/cuatro-aprehendidos-mas-por-incumplimiento-de-aislamiento-y-tenencia-de-estupefacientes-en-sierra-de-la-ventana\/","og_site_name":"Noticias Radio Reflejos","article_published_time":"2020-03-22T01:00:28+00:00","og_image":[{"width":300,"height":200,"url":"https:\/\/www.noticiasradioreflejos.com.ar\/2021\/wp-content\/uploads\/2021\/07\/logosol300x200.png","type":"image\/png"}],"author":"Arnaldo Botto","twitter_card":"summary_large_image","schema":{"@context":"https:\/\/schema.org","@graph":[{"@type":"WebPage","@id":"https:\/\/www.noticiasradioreflejos.com.ar\/2021\/cuatro-aprehendidos-mas-por-incumplimiento-de-aislamiento-y-tenencia-de-estupefacientes-en-sierra-de-la-ventana\/","url":"https:\/\/www.noticiasradioreflejos.com.ar\/2021\/cuatro-aprehendidos-mas-por-incumplimiento-de-aislamiento-y-tenencia-de-estupefacientes-en-sierra-de-la-ventana\/","name":"Cuatro aprehendidos m\u00e1s por incumplimiento de aislamiento y tenencia de estupefacientes en Sierra de la Ventana. - Noticias Radio Reflejos","isPartOf":{"@id":"https:\/\/www.noticiasradioreflejos.com.ar\/2021\/#website"},"datePublished":"2020-03-22T01:00:28+00:00","author":{"@id":"https:\/\/www.noticiasradioreflejos.com.ar\/2021\/#\/schema\/person\/ad82545263dcc5ec0996818884fd5fb1"},"breadcrumb":{"@id":"https:\/\/www.noticiasradioreflejos.com.ar\/2021\/cuatro-aprehendidos-mas-por-incumplimiento-de-aislamiento-y-tenencia-de-estupefacientes-en-sierra-de-la-ventana\/#breadcrumb"},"inLanguage":"es","potentialAction":[{"@type":"ReadAction","target":["https:\/\/www.noticiasradioreflejos.com.ar\/2021\/cuatro-aprehendidos-mas-por-incumplimiento-de-aislamiento-y-tenencia-de-estupefacientes-en-sierra-de-la-ventana\/"]}]},{"@type":"BreadcrumbList","@id":"https:\/\/www.noticiasradioreflejos.com.ar\/2021\/cuatro-aprehendidos-mas-por-incumplimiento-de-aislamiento-y-tenencia-de-estupefacientes-en-sierra-de-la-ventana\/#breadcrumb","itemListElement":[{"@type":"ListItem","position":1,"name":"Portada","item":"https:\/\/www.noticiasradioreflejos.com.ar\/2021\/"},{"@type":"ListItem","position":2,"name":"Cuatro aprehendidos m\u00e1s por incumplimiento de aislamiento y tenencia de estupefacientes en Sierra de la Ventana."}]},{"@type":"WebSite","@id":"https:\/\/www.noticiasradioreflejos.com.ar\/2021\/#website","url":"https:\/\/www.noticiasradioreflejos.com.ar\/2021\/","name":"Noticias Radio Reflejos","description":"Las noticias de mi comarca","potentialAction":[{"@type":"SearchAction","target":{"@type":"EntryPoint","urlTemplate":"https:\/\/www.noticiasradioreflejos.com.ar\/2021\/?s={search_term_string}"},"query-input":{"@type":"PropertyValueSpecification","valueRequired":true,"valueName":"search_term_string"}}],"inLanguage":"es"},{"@type":"Person","@id":"https:\/\/www.noticiasradioreflejos.com.ar\/2021\/#\/schema\/person\/ad82545263dcc5ec0996818884fd5fb1","name":"Arnaldo Botto","image":{"@type":"ImageObject","inLanguage":"es","@id":"https:\/\/www.noticiasradioreflejos.com.ar\/2021\/#\/schema\/person\/image\/","url":"https:\/\/secure.gravatar.com\/avatar\/55cb5e37c1efa326397366e6974cb338056df65cb50e7d64d1cf314e87504837?s=96&d=mm&r=g","contentUrl":"https:\/\/secure.gravatar.com\/avatar\/55cb5e37c1efa326397366e6974cb338056df65cb50e7d64d1cf314e87504837?s=96&d=mm&r=g","caption":"Arnaldo Botto"},"url":"https:\/\/www.noticiasradioreflejos.com.ar\/2021\/author\/arnaldo\/"}]}},"_links":{"self":[{"href":"https:\/\/www.noticiasradioreflejos.com.ar\/2021\/wp-json\/wp\/v2\/posts\/39804","targetHints":{"allow":["GET"]}}],"collection":[{"href":"https:\/\/www.noticiasradioreflejos.com.ar\/2021\/wp-json\/wp\/v2\/posts"}],"about":[{"href":"https:\/\/www.noticiasradioreflejos.com.ar\/2021\/wp-json\/wp\/v2\/types\/post"}],"author":[{"embeddable":true,"href":"https:\/\/www.noticiasradioreflejos.com.ar\/2021\/wp-json\/wp\/v2\/users\/3"}],"replies":[{"embeddable":true,"href":"https:\/\/www.noticiasradioreflejos.com.ar\/2021\/wp-json\/wp\/v2\/comments?post=39804"}],"version-history":[{"count":0,"href":"https:\/\/www.noticiasradioreflejos.com.ar\/2021\/wp-json\/wp\/v2\/posts\/39804\/revisions"}],"wp:attachment":[{"href":"https:\/\/www.noticiasradioreflejos.com.ar\/2021\/wp-json\/wp\/v2\/media?parent=39804"}],"wp:term":[{"taxonomy":"category","embeddable":true,"href":"https:\/\/www.noticiasradioreflejos.com.ar\/2021\/wp-json\/wp\/v2\/categories?post=39804"},{"taxonomy":"post_tag","embeddable":true,"href":"https:\/\/www.noticiasradioreflejos.com.ar\/2021\/wp-json\/wp\/v2\/tags?post=39804"}],"curies":[{"name":"wp","href":"https:\/\/api.w.org\/{rel}","templated":true}]}}