{"id":39801,"date":"2020-03-21T21:41:16","date_gmt":"2020-03-22T00:41:16","guid":{"rendered":"http:\/\/www.noticiasradioreflejos.com.ar\/noticias\/?p=39801"},"modified":"2020-03-21T21:41:16","modified_gmt":"2020-03-22T00:41:16","slug":"es-importante-que-argentina-mantenga-este-enfoque-integral-dijo-representante-de-la-oms","status":"publish","type":"post","link":"https:\/\/www.noticiasradioreflejos.com.ar\/2021\/es-importante-que-argentina-mantenga-este-enfoque-integral-dijo-representante-de-la-oms\/","title":{"rendered":"\u00abEs importante que Argentina mantenga este enfoque integral\u00bb, dijo representante de la OMS"},"content":{"rendered":"<p>La representante de la Organizaci\u00f3n Mundial de la Salud (OMS) en Argentina, Maureen Birmingham, dijo hoy que \u00abes importante que Argentina mantenga un enfoque integral de abordaje\u00bb frente a la pandemia de coronavirus y afirm\u00f3 que, adem\u00e1s de las medidas del Gobierno, es necesario el \u00abcompromiso social\u00bb.<!--more--><\/p>\n<p>\u00abEs importante que Argentina mantenga este enfoque integral de abordaje desde diferentes \u00e1reas del Estado y de la sociedad, como lo viene haciendo\u00bb, dijo Birmingham a T\u00e9lam, y agreg\u00f3 que, adem\u00e1s, el Gobierno debe \u00abcontinuar con la detecci\u00f3n precoz de los casos y su aislamiento\u00bb, as\u00ed como tambi\u00e9n la poblaci\u00f3n tiene que \u00abmantener las conductas de prevenci\u00f3n\u00bb.<\/p>\n<p>Entre las conductas de prevenci\u00f3n, la especialista mencion\u00f3 lavarse las manos con frecuencia, toser con el pliego interno del codo, mantener las superficies desinfectadas, informarse a trav\u00e9s de fuentes confiables y avisar inmediatamente a los tel\u00e9fonos indicados por las autoridades si se tienen s\u00edntomas compatibles con la enfermedad.<\/p>\n<p>Para Birmingham, \u00abla vigilancia es como los ojos para saber d\u00f3nde puede estar el virus\u00bb, pero adem\u00e1s \u00abse necesita un abordaje que coordine las acciones de todos los sectores del gobierno y de la sociedad y, en este punto, es importante mitigar los impactos socioecon\u00f3micos, especialmente para personas en situaci\u00f3n de mayor vulnerabilidad\u00bb.<\/p>\n<p>\u00abEl Gobierno tom\u00f3 una multiplicidad de medidas de forma muy decisiva. Algunas de ellas, como las de distanciamiento social, son dif\u00edciles por sus consecuencias socioecon\u00f3micas, pero se ha visto que han tenido un efecto positivo en otros pa\u00edses respecto de la pandemia\u00bb, dijo.<\/p>\n<p>Para la especialista, \u00abtambi\u00e9n es muy importante el compromiso social para el cumplimiento de las medidas y las conductas de prevenci\u00f3n. Las medidas del Gobierno pueden estar muy bien, pero frente a esta pandemia, hay una responsabilidad del Estado y tambi\u00e9n una responsabilidad social\u00bb, remarc\u00f3.<\/p>\n<p>Y explic\u00f3 que \u00abhasta la fecha aprendimos que en general hay dos semanas entre la llegada del virus y el momento en que se disparan muchos m\u00e1s casos de manera exponencial. Tomar las medidas r\u00e1pidas en esta ventana de tiempo, como lo est\u00e1 haciendo Argentina, puede cambiar esta curva a algo m\u00e1s plana y lenta, si est\u00e1 bien hecho. Eso puede evitar un desborde del sistema de salud y adem\u00e1s comprar m\u00e1s tiempo para el desarrollo de mejores tratamientos y vacunas\u00bb.<\/p>\n<p>La representante de la OMS tambi\u00e9n llam\u00f3 a \u00abproteger a las personas con mayor riesgo de un cuadro grave, por ejemplo, los adultos mayores o personas con enfermedades cr\u00f3nicas como la hipertensi\u00f3n o diabetes\u00bb.<\/p>\n","protected":false},"excerpt":{"rendered":"<p>La representante de la Organizaci\u00f3n Mundial de la Salud (OMS) en Argentina, Maureen Birmingham, dijo hoy que \u00abes importante que Argentina mantenga un enfoque integral de abordaje\u00bb frente a la pandemia de coronavirus y afirm\u00f3 que, adem\u00e1s de las medidas del Gobierno, es necesario el \u00abcompromiso social\u00bb.<\/p>\n","protected":false},"author":3,"featured_media":0,"comment_status":"closed","ping_status":"open","sticky":false,"template":"","format":"standard","meta":{"footnotes":""},"categories":[30],"tags":[],"class_list":["post-39801","post","type-post","status-publish","format-standard","hentry","category-salud"],"yoast_head":"<!-- This site is optimized with the Yoast SEO plugin v25.9 - https:\/\/yoast.com\/wordpress\/plugins\/seo\/ -->\n<title>&quot;Es importante que Argentina mantenga este enfoque integral&quot;, dijo representante de la OMS - Noticias Radio Reflejos<\/title>\n<meta name=\"robots\" content=\"index, follow, max-snippet:-1, max-image-preview:large, max-video-preview:-1\" \/>\n<link rel=\"canonical\" href=\"https:\/\/www.noticiasradioreflejos.com.ar\/2021\/es-importante-que-argentina-mantenga-este-enfoque-integral-dijo-representante-de-la-oms\/\" \/>\n<meta property=\"og:locale\" content=\"es_ES\" \/>\n<meta property=\"og:type\" content=\"article\" \/>\n<meta property=\"og:title\" content=\"&quot;Es importante que Argentina mantenga este enfoque integral&quot;, dijo representante de la OMS - Noticias Radio Reflejos\" \/>\n<meta property=\"og:description\" content=\"La representante de la Organizaci\u00f3n Mundial de la Salud (OMS) en Argentina, Maureen Birmingham, dijo hoy que \u00abes importante que Argentina mantenga un enfoque integral de abordaje\u00bb frente a la pandemia de coronavirus y afirm\u00f3 que, adem\u00e1s de las medidas del Gobierno, es necesario el \u00abcompromiso social\u00bb.\" \/>\n<meta property=\"og:url\" content=\"https:\/\/www.noticiasradioreflejos.com.ar\/2021\/es-importante-que-argentina-mantenga-este-enfoque-integral-dijo-representante-de-la-oms\/\" \/>\n<meta property=\"og:site_name\" content=\"Noticias Radio Reflejos\" \/>\n<meta property=\"article:published_time\" content=\"2020-03-22T00:41:16+00:00\" \/>\n<meta property=\"og:image\" content=\"https:\/\/www.noticiasradioreflejos.com.ar\/2021\/wp-content\/uploads\/2021\/07\/logosol300x200.png\" \/>\n\t<meta property=\"og:image:width\" content=\"300\" \/>\n\t<meta property=\"og:image:height\" content=\"200\" \/>\n\t<meta property=\"og:image:type\" content=\"image\/png\" \/>\n<meta name=\"author\" content=\"Arnaldo Botto\" \/>\n<meta name=\"twitter:card\" content=\"summary_large_image\" \/>\n<script type=\"application\/ld+json\" class=\"yoast-schema-graph\">{\"@context\":\"https:\/\/schema.org\",\"@graph\":[{\"@type\":\"WebPage\",\"@id\":\"https:\/\/www.noticiasradioreflejos.com.ar\/2021\/es-importante-que-argentina-mantenga-este-enfoque-integral-dijo-representante-de-la-oms\/\",\"url\":\"https:\/\/www.noticiasradioreflejos.com.ar\/2021\/es-importante-que-argentina-mantenga-este-enfoque-integral-dijo-representante-de-la-oms\/\",\"name\":\"\\\"Es importante que Argentina mantenga este enfoque integral\\\", dijo representante de la OMS - Noticias Radio Reflejos\",\"isPartOf\":{\"@id\":\"https:\/\/www.noticiasradioreflejos.com.ar\/2021\/#website\"},\"datePublished\":\"2020-03-22T00:41:16+00:00\",\"author\":{\"@id\":\"https:\/\/www.noticiasradioreflejos.com.ar\/2021\/#\/schema\/person\/ad82545263dcc5ec0996818884fd5fb1\"},\"breadcrumb\":{\"@id\":\"https:\/\/www.noticiasradioreflejos.com.ar\/2021\/es-importante-que-argentina-mantenga-este-enfoque-integral-dijo-representante-de-la-oms\/#breadcrumb\"},\"inLanguage\":\"es\",\"potentialAction\":[{\"@type\":\"ReadAction\",\"target\":[\"https:\/\/www.noticiasradioreflejos.com.ar\/2021\/es-importante-que-argentina-mantenga-este-enfoque-integral-dijo-representante-de-la-oms\/\"]}]},{\"@type\":\"BreadcrumbList\",\"@id\":\"https:\/\/www.noticiasradioreflejos.com.ar\/2021\/es-importante-que-argentina-mantenga-este-enfoque-integral-dijo-representante-de-la-oms\/#breadcrumb\",\"itemListElement\":[{\"@type\":\"ListItem\",\"position\":1,\"name\":\"Portada\",\"item\":\"https:\/\/www.noticiasradioreflejos.com.ar\/2021\/\"},{\"@type\":\"ListItem\",\"position\":2,\"name\":\"\u00abEs importante que Argentina mantenga este enfoque integral\u00bb, dijo representante de la OMS\"}]},{\"@type\":\"WebSite\",\"@id\":\"https:\/\/www.noticiasradioreflejos.com.ar\/2021\/#website\",\"url\":\"https:\/\/www.noticiasradioreflejos.com.ar\/2021\/\",\"name\":\"Noticias Radio Reflejos\",\"description\":\"Las noticias de mi comarca\",\"potentialAction\":[{\"@type\":\"SearchAction\",\"target\":{\"@type\":\"EntryPoint\",\"urlTemplate\":\"https:\/\/www.noticiasradioreflejos.com.ar\/2021\/?s={search_term_string}\"},\"query-input\":{\"@type\":\"PropertyValueSpecification\",\"valueRequired\":true,\"valueName\":\"search_term_string\"}}],\"inLanguage\":\"es\"},{\"@type\":\"Person\",\"@id\":\"https:\/\/www.noticiasradioreflejos.com.ar\/2021\/#\/schema\/person\/ad82545263dcc5ec0996818884fd5fb1\",\"name\":\"Arnaldo Botto\",\"image\":{\"@type\":\"ImageObject\",\"inLanguage\":\"es\",\"@id\":\"https:\/\/www.noticiasradioreflejos.com.ar\/2021\/#\/schema\/person\/image\/\",\"url\":\"https:\/\/secure.gravatar.com\/avatar\/55cb5e37c1efa326397366e6974cb338056df65cb50e7d64d1cf314e87504837?s=96&d=mm&r=g\",\"contentUrl\":\"https:\/\/secure.gravatar.com\/avatar\/55cb5e37c1efa326397366e6974cb338056df65cb50e7d64d1cf314e87504837?s=96&d=mm&r=g\",\"caption\":\"Arnaldo Botto\"},\"url\":\"https:\/\/www.noticiasradioreflejos.com.ar\/2021\/author\/arnaldo\/\"}]}<\/script>\n<!-- \/ Yoast SEO plugin. -->","yoast_head_json":{"title":"\"Es importante que Argentina mantenga este enfoque integral\", dijo representante de la OMS - Noticias Radio Reflejos","robots":{"index":"index","follow":"follow","max-snippet":"max-snippet:-1","max-image-preview":"max-image-preview:large","max-video-preview":"max-video-preview:-1"},"canonical":"https:\/\/www.noticiasradioreflejos.com.ar\/2021\/es-importante-que-argentina-mantenga-este-enfoque-integral-dijo-representante-de-la-oms\/","og_locale":"es_ES","og_type":"article","og_title":"\"Es importante que Argentina mantenga este enfoque integral\", dijo representante de la OMS - Noticias Radio Reflejos","og_description":"La representante de la Organizaci\u00f3n Mundial de la Salud (OMS) en Argentina, Maureen Birmingham, dijo hoy que \u00abes importante que Argentina mantenga un enfoque integral de abordaje\u00bb frente a la pandemia de coronavirus y afirm\u00f3 que, adem\u00e1s de las medidas del Gobierno, es necesario el \u00abcompromiso social\u00bb.","og_url":"https:\/\/www.noticiasradioreflejos.com.ar\/2021\/es-importante-que-argentina-mantenga-este-enfoque-integral-dijo-representante-de-la-oms\/","og_site_name":"Noticias Radio Reflejos","article_published_time":"2020-03-22T00:41:16+00:00","og_image":[{"width":300,"height":200,"url":"https:\/\/www.noticiasradioreflejos.com.ar\/2021\/wp-content\/uploads\/2021\/07\/logosol300x200.png","type":"image\/png"}],"author":"Arnaldo Botto","twitter_card":"summary_large_image","schema":{"@context":"https:\/\/schema.org","@graph":[{"@type":"WebPage","@id":"https:\/\/www.noticiasradioreflejos.com.ar\/2021\/es-importante-que-argentina-mantenga-este-enfoque-integral-dijo-representante-de-la-oms\/","url":"https:\/\/www.noticiasradioreflejos.com.ar\/2021\/es-importante-que-argentina-mantenga-este-enfoque-integral-dijo-representante-de-la-oms\/","name":"\"Es importante que Argentina mantenga este enfoque integral\", dijo representante de la OMS - Noticias Radio Reflejos","isPartOf":{"@id":"https:\/\/www.noticiasradioreflejos.com.ar\/2021\/#website"},"datePublished":"2020-03-22T00:41:16+00:00","author":{"@id":"https:\/\/www.noticiasradioreflejos.com.ar\/2021\/#\/schema\/person\/ad82545263dcc5ec0996818884fd5fb1"},"breadcrumb":{"@id":"https:\/\/www.noticiasradioreflejos.com.ar\/2021\/es-importante-que-argentina-mantenga-este-enfoque-integral-dijo-representante-de-la-oms\/#breadcrumb"},"inLanguage":"es","potentialAction":[{"@type":"ReadAction","target":["https:\/\/www.noticiasradioreflejos.com.ar\/2021\/es-importante-que-argentina-mantenga-este-enfoque-integral-dijo-representante-de-la-oms\/"]}]},{"@type":"BreadcrumbList","@id":"https:\/\/www.noticiasradioreflejos.com.ar\/2021\/es-importante-que-argentina-mantenga-este-enfoque-integral-dijo-representante-de-la-oms\/#breadcrumb","itemListElement":[{"@type":"ListItem","position":1,"name":"Portada","item":"https:\/\/www.noticiasradioreflejos.com.ar\/2021\/"},{"@type":"ListItem","position":2,"name":"\u00abEs importante que Argentina mantenga este enfoque integral\u00bb, dijo representante de la OMS"}]},{"@type":"WebSite","@id":"https:\/\/www.noticiasradioreflejos.com.ar\/2021\/#website","url":"https:\/\/www.noticiasradioreflejos.com.ar\/2021\/","name":"Noticias Radio Reflejos","description":"Las noticias de mi comarca","potentialAction":[{"@type":"SearchAction","target":{"@type":"EntryPoint","urlTemplate":"https:\/\/www.noticiasradioreflejos.com.ar\/2021\/?s={search_term_string}"},"query-input":{"@type":"PropertyValueSpecification","valueRequired":true,"valueName":"search_term_string"}}],"inLanguage":"es"},{"@type":"Person","@id":"https:\/\/www.noticiasradioreflejos.com.ar\/2021\/#\/schema\/person\/ad82545263dcc5ec0996818884fd5fb1","name":"Arnaldo Botto","image":{"@type":"ImageObject","inLanguage":"es","@id":"https:\/\/www.noticiasradioreflejos.com.ar\/2021\/#\/schema\/person\/image\/","url":"https:\/\/secure.gravatar.com\/avatar\/55cb5e37c1efa326397366e6974cb338056df65cb50e7d64d1cf314e87504837?s=96&d=mm&r=g","contentUrl":"https:\/\/secure.gravatar.com\/avatar\/55cb5e37c1efa326397366e6974cb338056df65cb50e7d64d1cf314e87504837?s=96&d=mm&r=g","caption":"Arnaldo Botto"},"url":"https:\/\/www.noticiasradioreflejos.com.ar\/2021\/author\/arnaldo\/"}]}},"_links":{"self":[{"href":"https:\/\/www.noticiasradioreflejos.com.ar\/2021\/wp-json\/wp\/v2\/posts\/39801","targetHints":{"allow":["GET"]}}],"collection":[{"href":"https:\/\/www.noticiasradioreflejos.com.ar\/2021\/wp-json\/wp\/v2\/posts"}],"about":[{"href":"https:\/\/www.noticiasradioreflejos.com.ar\/2021\/wp-json\/wp\/v2\/types\/post"}],"author":[{"embeddable":true,"href":"https:\/\/www.noticiasradioreflejos.com.ar\/2021\/wp-json\/wp\/v2\/users\/3"}],"replies":[{"embeddable":true,"href":"https:\/\/www.noticiasradioreflejos.com.ar\/2021\/wp-json\/wp\/v2\/comments?post=39801"}],"version-history":[{"count":0,"href":"https:\/\/www.noticiasradioreflejos.com.ar\/2021\/wp-json\/wp\/v2\/posts\/39801\/revisions"}],"wp:attachment":[{"href":"https:\/\/www.noticiasradioreflejos.com.ar\/2021\/wp-json\/wp\/v2\/media?parent=39801"}],"wp:term":[{"taxonomy":"category","embeddable":true,"href":"https:\/\/www.noticiasradioreflejos.com.ar\/2021\/wp-json\/wp\/v2\/categories?post=39801"},{"taxonomy":"post_tag","embeddable":true,"href":"https:\/\/www.noticiasradioreflejos.com.ar\/2021\/wp-json\/wp\/v2\/tags?post=39801"}],"curies":[{"name":"wp","href":"https:\/\/api.w.org\/{rel}","templated":true}]}}