{"id":39794,"date":"2020-03-21T20:53:03","date_gmt":"2020-03-21T23:53:03","guid":{"rendered":"http:\/\/www.noticiasradioreflejos.com.ar\/noticias\/?p=39794"},"modified":"2020-03-21T20:53:03","modified_gmt":"2020-03-21T23:53:03","slug":"tres-aprehendidos-por-incumplimiento-del-aislamiento-social-preventivo-y-obligatorio","status":"publish","type":"post","link":"https:\/\/www.noticiasradioreflejos.com.ar\/2021\/tres-aprehendidos-por-incumplimiento-del-aislamiento-social-preventivo-y-obligatorio\/","title":{"rendered":"Tres aprehendidos por incumplimiento del aislamiento social, preventivo y obligatorio."},"content":{"rendered":"<p>La Secretar\u00eda de Seguridad de la Municipalidad de Tornquist informa que en el d\u00eda de la fecha, siendo las 19:10 horas, personal policial de la Estaci\u00f3n Comunal local procedi\u00f3 a la APREHENSI\u00d3N de los ciudadanos NICOLAS ALEJANDRO ACU\u00d1A, de 24 a\u00f1os, MIGUEL \u00c1NGEL ACU\u00d1A, de 34 a\u00f1os, y de un menor de 16 a\u00f1os de edad, que por su condici\u00f3n se omiten aportar datos filiatorios, todos oriundos de este medio, por incumplir el Aislamiento Social,<!--more--> Preventivo y Obligatorio decretado por el Presidente de la Naci\u00f3n Argentina, infringiendo los ciudadanos el ARTICULO 205 DEL CODIGO PENAL, d\u00e1ndose intervenci\u00f3n al Juzgado Federal N\u00ba 1 de Bah\u00eda Blanca. No obstante a ello tambi\u00e9n se procedi\u00f3 al SECUESTRO de una FORD RANGER, dominio HCO-456, en el cual se movilizaran los aprehendidos por INFRACCION A LA LEY NACIONAL DE TRANSITO N\u00ba 24.449, con intervenci\u00f3n del Juzgado de Faltas Municipal de Tornquist.-<\/p>\n","protected":false},"excerpt":{"rendered":"<p>La Secretar\u00eda de Seguridad de la Municipalidad de Tornquist informa que en el d\u00eda de la fecha, siendo las 19:10 horas, personal policial de la Estaci\u00f3n Comunal local procedi\u00f3 a la APREHENSI\u00d3N de los ciudadanos NICOLAS ALEJANDRO ACU\u00d1A, de 24 a\u00f1os, MIGUEL \u00c1NGEL ACU\u00d1A, de 34 a\u00f1os, y de un menor de 16 a\u00f1os de [&hellip;]<\/p>\n","protected":false},"author":3,"featured_media":0,"comment_status":"closed","ping_status":"open","sticky":false,"template":"","format":"standard","meta":{"footnotes":""},"categories":[29],"tags":[],"class_list":["post-39794","post","type-post","status-publish","format-standard","hentry","category-policiales"],"yoast_head":"<!-- This site is optimized with the Yoast SEO plugin v25.9 - https:\/\/yoast.com\/wordpress\/plugins\/seo\/ -->\n<title>Tres aprehendidos por incumplimiento del aislamiento social, preventivo y obligatorio. - Noticias Radio Reflejos<\/title>\n<meta name=\"robots\" content=\"index, follow, max-snippet:-1, max-image-preview:large, max-video-preview:-1\" \/>\n<link rel=\"canonical\" href=\"https:\/\/www.noticiasradioreflejos.com.ar\/2021\/tres-aprehendidos-por-incumplimiento-del-aislamiento-social-preventivo-y-obligatorio\/\" \/>\n<meta property=\"og:locale\" content=\"es_ES\" \/>\n<meta property=\"og:type\" content=\"article\" \/>\n<meta property=\"og:title\" content=\"Tres aprehendidos por incumplimiento del aislamiento social, preventivo y obligatorio. - Noticias Radio Reflejos\" \/>\n<meta property=\"og:description\" content=\"La Secretar\u00eda de Seguridad de la Municipalidad de Tornquist informa que en el d\u00eda de la fecha, siendo las 19:10 horas, personal policial de la Estaci\u00f3n Comunal local procedi\u00f3 a la APREHENSI\u00d3N de los ciudadanos NICOLAS ALEJANDRO ACU\u00d1A, de 24 a\u00f1os, MIGUEL \u00c1NGEL ACU\u00d1A, de 34 a\u00f1os, y de un menor de 16 a\u00f1os de [&hellip;]\" \/>\n<meta property=\"og:url\" content=\"https:\/\/www.noticiasradioreflejos.com.ar\/2021\/tres-aprehendidos-por-incumplimiento-del-aislamiento-social-preventivo-y-obligatorio\/\" \/>\n<meta property=\"og:site_name\" content=\"Noticias Radio Reflejos\" \/>\n<meta property=\"article:published_time\" content=\"2020-03-21T23:53:03+00:00\" \/>\n<meta property=\"og:image\" content=\"https:\/\/www.noticiasradioreflejos.com.ar\/2021\/wp-content\/uploads\/2021\/07\/logosol300x200.png\" \/>\n\t<meta property=\"og:image:width\" content=\"300\" \/>\n\t<meta property=\"og:image:height\" content=\"200\" \/>\n\t<meta property=\"og:image:type\" content=\"image\/png\" \/>\n<meta name=\"author\" content=\"Arnaldo Botto\" \/>\n<meta name=\"twitter:card\" content=\"summary_large_image\" \/>\n<script type=\"application\/ld+json\" class=\"yoast-schema-graph\">{\"@context\":\"https:\/\/schema.org\",\"@graph\":[{\"@type\":\"WebPage\",\"@id\":\"https:\/\/www.noticiasradioreflejos.com.ar\/2021\/tres-aprehendidos-por-incumplimiento-del-aislamiento-social-preventivo-y-obligatorio\/\",\"url\":\"https:\/\/www.noticiasradioreflejos.com.ar\/2021\/tres-aprehendidos-por-incumplimiento-del-aislamiento-social-preventivo-y-obligatorio\/\",\"name\":\"Tres aprehendidos por incumplimiento del aislamiento social, preventivo y obligatorio. - Noticias Radio Reflejos\",\"isPartOf\":{\"@id\":\"https:\/\/www.noticiasradioreflejos.com.ar\/2021\/#website\"},\"datePublished\":\"2020-03-21T23:53:03+00:00\",\"author\":{\"@id\":\"https:\/\/www.noticiasradioreflejos.com.ar\/2021\/#\/schema\/person\/ad82545263dcc5ec0996818884fd5fb1\"},\"breadcrumb\":{\"@id\":\"https:\/\/www.noticiasradioreflejos.com.ar\/2021\/tres-aprehendidos-por-incumplimiento-del-aislamiento-social-preventivo-y-obligatorio\/#breadcrumb\"},\"inLanguage\":\"es\",\"potentialAction\":[{\"@type\":\"ReadAction\",\"target\":[\"https:\/\/www.noticiasradioreflejos.com.ar\/2021\/tres-aprehendidos-por-incumplimiento-del-aislamiento-social-preventivo-y-obligatorio\/\"]}]},{\"@type\":\"BreadcrumbList\",\"@id\":\"https:\/\/www.noticiasradioreflejos.com.ar\/2021\/tres-aprehendidos-por-incumplimiento-del-aislamiento-social-preventivo-y-obligatorio\/#breadcrumb\",\"itemListElement\":[{\"@type\":\"ListItem\",\"position\":1,\"name\":\"Portada\",\"item\":\"https:\/\/www.noticiasradioreflejos.com.ar\/2021\/\"},{\"@type\":\"ListItem\",\"position\":2,\"name\":\"Tres aprehendidos por incumplimiento del aislamiento social, preventivo y obligatorio.\"}]},{\"@type\":\"WebSite\",\"@id\":\"https:\/\/www.noticiasradioreflejos.com.ar\/2021\/#website\",\"url\":\"https:\/\/www.noticiasradioreflejos.com.ar\/2021\/\",\"name\":\"Noticias Radio Reflejos\",\"description\":\"Las noticias de mi comarca\",\"potentialAction\":[{\"@type\":\"SearchAction\",\"target\":{\"@type\":\"EntryPoint\",\"urlTemplate\":\"https:\/\/www.noticiasradioreflejos.com.ar\/2021\/?s={search_term_string}\"},\"query-input\":{\"@type\":\"PropertyValueSpecification\",\"valueRequired\":true,\"valueName\":\"search_term_string\"}}],\"inLanguage\":\"es\"},{\"@type\":\"Person\",\"@id\":\"https:\/\/www.noticiasradioreflejos.com.ar\/2021\/#\/schema\/person\/ad82545263dcc5ec0996818884fd5fb1\",\"name\":\"Arnaldo Botto\",\"image\":{\"@type\":\"ImageObject\",\"inLanguage\":\"es\",\"@id\":\"https:\/\/www.noticiasradioreflejos.com.ar\/2021\/#\/schema\/person\/image\/\",\"url\":\"https:\/\/secure.gravatar.com\/avatar\/55cb5e37c1efa326397366e6974cb338056df65cb50e7d64d1cf314e87504837?s=96&d=mm&r=g\",\"contentUrl\":\"https:\/\/secure.gravatar.com\/avatar\/55cb5e37c1efa326397366e6974cb338056df65cb50e7d64d1cf314e87504837?s=96&d=mm&r=g\",\"caption\":\"Arnaldo Botto\"},\"url\":\"https:\/\/www.noticiasradioreflejos.com.ar\/2021\/author\/arnaldo\/\"}]}<\/script>\n<!-- \/ Yoast SEO plugin. -->","yoast_head_json":{"title":"Tres aprehendidos por incumplimiento del aislamiento social, preventivo y obligatorio. - Noticias Radio Reflejos","robots":{"index":"index","follow":"follow","max-snippet":"max-snippet:-1","max-image-preview":"max-image-preview:large","max-video-preview":"max-video-preview:-1"},"canonical":"https:\/\/www.noticiasradioreflejos.com.ar\/2021\/tres-aprehendidos-por-incumplimiento-del-aislamiento-social-preventivo-y-obligatorio\/","og_locale":"es_ES","og_type":"article","og_title":"Tres aprehendidos por incumplimiento del aislamiento social, preventivo y obligatorio. - Noticias Radio Reflejos","og_description":"La Secretar\u00eda de Seguridad de la Municipalidad de Tornquist informa que en el d\u00eda de la fecha, siendo las 19:10 horas, personal policial de la Estaci\u00f3n Comunal local procedi\u00f3 a la APREHENSI\u00d3N de los ciudadanos NICOLAS ALEJANDRO ACU\u00d1A, de 24 a\u00f1os, MIGUEL \u00c1NGEL ACU\u00d1A, de 34 a\u00f1os, y de un menor de 16 a\u00f1os de [&hellip;]","og_url":"https:\/\/www.noticiasradioreflejos.com.ar\/2021\/tres-aprehendidos-por-incumplimiento-del-aislamiento-social-preventivo-y-obligatorio\/","og_site_name":"Noticias Radio Reflejos","article_published_time":"2020-03-21T23:53:03+00:00","og_image":[{"width":300,"height":200,"url":"https:\/\/www.noticiasradioreflejos.com.ar\/2021\/wp-content\/uploads\/2021\/07\/logosol300x200.png","type":"image\/png"}],"author":"Arnaldo Botto","twitter_card":"summary_large_image","schema":{"@context":"https:\/\/schema.org","@graph":[{"@type":"WebPage","@id":"https:\/\/www.noticiasradioreflejos.com.ar\/2021\/tres-aprehendidos-por-incumplimiento-del-aislamiento-social-preventivo-y-obligatorio\/","url":"https:\/\/www.noticiasradioreflejos.com.ar\/2021\/tres-aprehendidos-por-incumplimiento-del-aislamiento-social-preventivo-y-obligatorio\/","name":"Tres aprehendidos por incumplimiento del aislamiento social, preventivo y obligatorio. - Noticias Radio Reflejos","isPartOf":{"@id":"https:\/\/www.noticiasradioreflejos.com.ar\/2021\/#website"},"datePublished":"2020-03-21T23:53:03+00:00","author":{"@id":"https:\/\/www.noticiasradioreflejos.com.ar\/2021\/#\/schema\/person\/ad82545263dcc5ec0996818884fd5fb1"},"breadcrumb":{"@id":"https:\/\/www.noticiasradioreflejos.com.ar\/2021\/tres-aprehendidos-por-incumplimiento-del-aislamiento-social-preventivo-y-obligatorio\/#breadcrumb"},"inLanguage":"es","potentialAction":[{"@type":"ReadAction","target":["https:\/\/www.noticiasradioreflejos.com.ar\/2021\/tres-aprehendidos-por-incumplimiento-del-aislamiento-social-preventivo-y-obligatorio\/"]}]},{"@type":"BreadcrumbList","@id":"https:\/\/www.noticiasradioreflejos.com.ar\/2021\/tres-aprehendidos-por-incumplimiento-del-aislamiento-social-preventivo-y-obligatorio\/#breadcrumb","itemListElement":[{"@type":"ListItem","position":1,"name":"Portada","item":"https:\/\/www.noticiasradioreflejos.com.ar\/2021\/"},{"@type":"ListItem","position":2,"name":"Tres aprehendidos por incumplimiento del aislamiento social, preventivo y obligatorio."}]},{"@type":"WebSite","@id":"https:\/\/www.noticiasradioreflejos.com.ar\/2021\/#website","url":"https:\/\/www.noticiasradioreflejos.com.ar\/2021\/","name":"Noticias Radio Reflejos","description":"Las noticias de mi comarca","potentialAction":[{"@type":"SearchAction","target":{"@type":"EntryPoint","urlTemplate":"https:\/\/www.noticiasradioreflejos.com.ar\/2021\/?s={search_term_string}"},"query-input":{"@type":"PropertyValueSpecification","valueRequired":true,"valueName":"search_term_string"}}],"inLanguage":"es"},{"@type":"Person","@id":"https:\/\/www.noticiasradioreflejos.com.ar\/2021\/#\/schema\/person\/ad82545263dcc5ec0996818884fd5fb1","name":"Arnaldo Botto","image":{"@type":"ImageObject","inLanguage":"es","@id":"https:\/\/www.noticiasradioreflejos.com.ar\/2021\/#\/schema\/person\/image\/","url":"https:\/\/secure.gravatar.com\/avatar\/55cb5e37c1efa326397366e6974cb338056df65cb50e7d64d1cf314e87504837?s=96&d=mm&r=g","contentUrl":"https:\/\/secure.gravatar.com\/avatar\/55cb5e37c1efa326397366e6974cb338056df65cb50e7d64d1cf314e87504837?s=96&d=mm&r=g","caption":"Arnaldo Botto"},"url":"https:\/\/www.noticiasradioreflejos.com.ar\/2021\/author\/arnaldo\/"}]}},"_links":{"self":[{"href":"https:\/\/www.noticiasradioreflejos.com.ar\/2021\/wp-json\/wp\/v2\/posts\/39794","targetHints":{"allow":["GET"]}}],"collection":[{"href":"https:\/\/www.noticiasradioreflejos.com.ar\/2021\/wp-json\/wp\/v2\/posts"}],"about":[{"href":"https:\/\/www.noticiasradioreflejos.com.ar\/2021\/wp-json\/wp\/v2\/types\/post"}],"author":[{"embeddable":true,"href":"https:\/\/www.noticiasradioreflejos.com.ar\/2021\/wp-json\/wp\/v2\/users\/3"}],"replies":[{"embeddable":true,"href":"https:\/\/www.noticiasradioreflejos.com.ar\/2021\/wp-json\/wp\/v2\/comments?post=39794"}],"version-history":[{"count":0,"href":"https:\/\/www.noticiasradioreflejos.com.ar\/2021\/wp-json\/wp\/v2\/posts\/39794\/revisions"}],"wp:attachment":[{"href":"https:\/\/www.noticiasradioreflejos.com.ar\/2021\/wp-json\/wp\/v2\/media?parent=39794"}],"wp:term":[{"taxonomy":"category","embeddable":true,"href":"https:\/\/www.noticiasradioreflejos.com.ar\/2021\/wp-json\/wp\/v2\/categories?post=39794"},{"taxonomy":"post_tag","embeddable":true,"href":"https:\/\/www.noticiasradioreflejos.com.ar\/2021\/wp-json\/wp\/v2\/tags?post=39794"}],"curies":[{"name":"wp","href":"https:\/\/api.w.org\/{rel}","templated":true}]}}