{"id":39758,"date":"2020-03-20T21:28:36","date_gmt":"2020-03-21T00:28:36","guid":{"rendered":"http:\/\/www.noticiasradioreflejos.com.ar\/noticias\/?p=39758"},"modified":"2020-03-20T21:28:36","modified_gmt":"2020-03-21T00:28:36","slug":"bordoni-se-reunio-con-el-gobernador-por-la-emergencia-sanitaria","status":"publish","type":"post","link":"https:\/\/www.noticiasradioreflejos.com.ar\/2021\/bordoni-se-reunio-con-el-gobernador-por-la-emergencia-sanitaria\/","title":{"rendered":"Bordoni se reuni\u00f3 con el gobernador por la emergencia sanitaria"},"content":{"rendered":"<p>En horas de la tarde, el intendente municipal Sergio Bordoni, acompa\u00f1ado del Secretario de Gobierno Ezequiel Gabella, el Secretario de Salud Miguel Pagnotta, y los concejales Federico Labarthe, Laura Rosatelli y Carmen Soverchia, brind\u00f3 una conferencia de prensa, con el objetivo de informar a la comunidad los lineamientos que propuso el Gobernador Axel Kicillof ante la pandemia mundial del coronavirus.<!--more--><br \/>\nEl jefe comunal expres\u00f3 que durante el encuentro mantenido se realiz\u00f3 un diagn\u00f3stico de la emergencia sanitaria, y se coordinaron las acciones necesarias a seguir.<br \/>\nEn la jornada de ayer, las autoridades provinciales solicitaron contacto y comunicaci\u00f3n permanente de los municipios, a los fines de conseguir la mayor coordinaci\u00f3n posible. Kicillof expres\u00f3 que esta es una situaci\u00f3n excepcional, por lo tanto todos los estamentos del estados deben dar el ejemplo de responsabilidad.<br \/>\nEl mandatario comunal, comunic\u00f3 las medidas adoptadas por el Gobierno Provincial.<\/p>\n<p>En el \u00e1mbito de salud se dispondr\u00e1 de mayor cantidad de camas en los hospitales, adem\u00e1s de asegurar que la provincia destin\u00f3 $300.000 millones para atender la emergencia. A nuestro distrito, llegar\u00e1n aproximadamente $1.200.000.<br \/>\nEn la parte educativa, la provincia busca garantizar la continuidad educativa, en tal sentido establecieron una plataforma virtual para el nivel primario y secundario, adem\u00e1s de material impreso que llegar\u00e1 a todos los estudiantes. En relaci\u00f3n a los comedores escolares, inform\u00f3 que se gener\u00f3 un sistema alternativo junto a los municipios para que todos los ni\u00f1os reciban su vianda.<\/p>\n<p>\u201cJunto al ministro de salud, el gobernador hizo un pantallazo de c\u00f3mo estamos atacando la pandemia, indic\u00f3, el pico m\u00e1s grande lo vamos a tener dentro de 15 o 20 d\u00edas, explic\u00f3 las consecuencias y necesidades que vamos a tener y expres\u00f3 su preocupaci\u00f3n por la psicosis que tenemos en todo el pa\u00eds\u201d, se\u00f1al\u00f3 el intendente.<\/p>\n<p>\u201cLo m\u00e1s importante es que debemos tener la conciencia de que nos tenemos que cuidar entre todos, tenemos que hacer lo que el presidente disponga. La situaci\u00f3n econ\u00f3mica no es la que quisi\u00e9ramos tener para afrontar esta situaci\u00f3n, si paralizamos ARBA y AFIP la provincia y los municipios dependen de la coparticipaci\u00f3n de Naci\u00f3n y, si eso pasa, peligra la posibilidad del cobro de haberes de empleados municipales y provinciales y nacionales, asi que estamos dependiendo pura y exclusivamente del Gobierno Nacional\u201d, a\u00f1adi\u00f3.<\/p>\n<p>Asimismo, el jefe comunal afirm\u00f3 que \u201cla obra p\u00fablica va a continuar, vamos a instalar dos camas de terapia intermedia en el hospital, para lo que se va a trabajar todos los d\u00edas, incluso s\u00e1bado y domingo\u201d. \u201cRespiradores no vamos a conseguir \u2013continu\u00f3-, ya que no hay en el pa\u00eds, aunque cuando se acomode la situaci\u00f3n de China, va a ingresar un contenedor con dicha aparatolog\u00eda y ah\u00ed recibiremos uno m\u00e1s\u201d.<\/p>\n<p>\u201cNecesitamos 3500 camas de terapia para la provincia y tenemos entre 1800 y 1900\u201d, sostuvo, por lo que, ante esa limitante, \u201caquel paciente que tenga s\u00edntomas de coronavirus, debe llamar al hospital, un m\u00e9dico ir\u00e1 a su domicilio a revisarlo, si tiene fiebre se lo internara y, cuando la temperatura baja, se lo env\u00eda a su casa\u201d.<\/p>\n<p>\u201cMientras dure la pandemia se van a suspender las operaciones programadas y se van a atender solo emergencias\u201d, agreg\u00f3.<\/p>\n<p>Respecto a medidas econ\u00f3micas adoptadas por Kicillof, Bordoni mencion\u00f3 que dispuso de una partida de 300 millones de pesos exclusivos para salud a repartir entre los 135 municipios y a Tornquist, de acuerdo a su CUD, le corresponden $1.150.000, de los cuales $450.000 ya fueron invertidos en 3000 kits descartables que se utilizar\u00e1n en los centros de salud.<\/p>\n<p>El jefe comunal tambi\u00e9n destac\u00f3 que Papelera del Sur don\u00f3 1000 barbijos y que Arecio Minuj\u00edn puso a disposici\u00f3n sus dos hoteles (que suman un total de 60 camas), ante una eventual emergencia sanitaria.<\/p>\n<p>\u201cQuiero agradecer a todo el personal de salud, inspectores municipales, personal policial y a todas las fuerzas pol\u00edticas. Cuando llegu\u00e9 de La Plata, recib\u00ed el llamado de\u00a0<strong>Gustavo Trankels<\/strong>, que se puso a disposici\u00f3n de la gente de Tornquist; me llena de orgullo que se haya comunicado para colaborar, porque hoy todos estamos en el mismo barco, que lo maneja el Presidente de la Naci\u00f3n\u201d, cerr\u00f3.<\/p>\n<p><b>\u201cSE EST\u00c1 RESPETANDO LA CUARENTENA DE MANERA INCRE\u00cdBLE\u201d<\/b><\/p>\n<p>El Secretario de Salud,\u00a0<strong>Miguel Pagnotta<\/strong>, destac\u00f3 que \u201cse est\u00e1 respetando de una manera incre\u00edble la cuarentena, quiero agradecer a la comunidad el acatamiento que tiene con la concurrencia al hospital solo para temas que sean de urgencia y no para cosas que pueden esperar. De cualquier manera, hablamos con el C\u00edrculo M\u00e9dico para ver c\u00f3mo damos un poco de respuesta a todas las consultas\u201d.<\/p>\n<p>En cuanto al uso del barbijo, indic\u00f3 que \u201ces necesario para el que tenga alg\u00fan indicio de contagio, ni el que se supone que va a hablar con alguien que no conoce lo tiene que usar. Lo debe usar la persona que viene de viaje para, ante la posibilidad de tener el virus, no contagiar\u201d.<\/p>\n<p>\u201cVa a haber una l\u00ednea telef\u00f3nica para aceitar el mecanismo a fin de que se pueda dar una respuesta inmediata ante las consultas de coronavirus\u201d, dijo tambi\u00e9n.<\/p>\n<p>Para cerrar, Bordoni insisti\u00f3 en que los vecinos deben ser responsables y cumplir con el aislamiento social, preventivo y obligatorio. \u201cRemarc\u00f3 que el ejecutivo municipal junto a los concejales de todos los bloques se encuentran trabajando para hacer cumplir el aislamiento, y por sobretodo asistir a quien lo necesite\u201d.<br \/>\nAdjuntamos nota del intendente para la comunidad<\/p>\n","protected":false},"excerpt":{"rendered":"<p>En horas de la tarde, el intendente municipal Sergio Bordoni, acompa\u00f1ado del Secretario de Gobierno Ezequiel Gabella, el Secretario de Salud Miguel Pagnotta, y los concejales Federico Labarthe, Laura Rosatelli y Carmen Soverchia, brind\u00f3 una conferencia de prensa, con el objetivo de informar a la comunidad los lineamientos que propuso el Gobernador Axel Kicillof ante [&hellip;]<\/p>\n","protected":false},"author":3,"featured_media":0,"comment_status":"closed","ping_status":"open","sticky":false,"template":"","format":"standard","meta":{"footnotes":""},"categories":[25],"tags":[],"class_list":["post-39758","post","type-post","status-publish","format-standard","hentry","category-uncategorized"],"yoast_head":"<!-- This site is optimized with the Yoast SEO plugin v25.9 - https:\/\/yoast.com\/wordpress\/plugins\/seo\/ -->\n<title>Bordoni se reuni\u00f3 con el gobernador por la emergencia sanitaria - Noticias Radio Reflejos<\/title>\n<meta name=\"robots\" content=\"index, follow, max-snippet:-1, max-image-preview:large, max-video-preview:-1\" \/>\n<link rel=\"canonical\" href=\"https:\/\/www.noticiasradioreflejos.com.ar\/2021\/bordoni-se-reunio-con-el-gobernador-por-la-emergencia-sanitaria\/\" \/>\n<meta property=\"og:locale\" content=\"es_ES\" \/>\n<meta property=\"og:type\" content=\"article\" \/>\n<meta property=\"og:title\" content=\"Bordoni se reuni\u00f3 con el gobernador por la emergencia sanitaria - Noticias Radio Reflejos\" \/>\n<meta property=\"og:description\" content=\"En horas de la tarde, el intendente municipal Sergio Bordoni, acompa\u00f1ado del Secretario de Gobierno Ezequiel Gabella, el Secretario de Salud Miguel Pagnotta, y los concejales Federico Labarthe, Laura Rosatelli y Carmen Soverchia, brind\u00f3 una conferencia de prensa, con el objetivo de informar a la comunidad los lineamientos que propuso el Gobernador Axel Kicillof ante [&hellip;]\" \/>\n<meta property=\"og:url\" content=\"https:\/\/www.noticiasradioreflejos.com.ar\/2021\/bordoni-se-reunio-con-el-gobernador-por-la-emergencia-sanitaria\/\" \/>\n<meta property=\"og:site_name\" content=\"Noticias Radio Reflejos\" \/>\n<meta property=\"article:published_time\" content=\"2020-03-21T00:28:36+00:00\" \/>\n<meta property=\"og:image\" content=\"https:\/\/www.noticiasradioreflejos.com.ar\/2021\/wp-content\/uploads\/2021\/07\/logosol300x200.png\" \/>\n\t<meta property=\"og:image:width\" content=\"300\" \/>\n\t<meta property=\"og:image:height\" content=\"200\" \/>\n\t<meta property=\"og:image:type\" content=\"image\/png\" \/>\n<meta name=\"author\" content=\"Arnaldo Botto\" \/>\n<meta name=\"twitter:card\" content=\"summary_large_image\" \/>\n<script type=\"application\/ld+json\" class=\"yoast-schema-graph\">{\"@context\":\"https:\/\/schema.org\",\"@graph\":[{\"@type\":\"WebPage\",\"@id\":\"https:\/\/www.noticiasradioreflejos.com.ar\/2021\/bordoni-se-reunio-con-el-gobernador-por-la-emergencia-sanitaria\/\",\"url\":\"https:\/\/www.noticiasradioreflejos.com.ar\/2021\/bordoni-se-reunio-con-el-gobernador-por-la-emergencia-sanitaria\/\",\"name\":\"Bordoni se reuni\u00f3 con el gobernador por la emergencia sanitaria - Noticias Radio Reflejos\",\"isPartOf\":{\"@id\":\"https:\/\/www.noticiasradioreflejos.com.ar\/2021\/#website\"},\"datePublished\":\"2020-03-21T00:28:36+00:00\",\"author\":{\"@id\":\"https:\/\/www.noticiasradioreflejos.com.ar\/2021\/#\/schema\/person\/ad82545263dcc5ec0996818884fd5fb1\"},\"breadcrumb\":{\"@id\":\"https:\/\/www.noticiasradioreflejos.com.ar\/2021\/bordoni-se-reunio-con-el-gobernador-por-la-emergencia-sanitaria\/#breadcrumb\"},\"inLanguage\":\"es\",\"potentialAction\":[{\"@type\":\"ReadAction\",\"target\":[\"https:\/\/www.noticiasradioreflejos.com.ar\/2021\/bordoni-se-reunio-con-el-gobernador-por-la-emergencia-sanitaria\/\"]}]},{\"@type\":\"BreadcrumbList\",\"@id\":\"https:\/\/www.noticiasradioreflejos.com.ar\/2021\/bordoni-se-reunio-con-el-gobernador-por-la-emergencia-sanitaria\/#breadcrumb\",\"itemListElement\":[{\"@type\":\"ListItem\",\"position\":1,\"name\":\"Portada\",\"item\":\"https:\/\/www.noticiasradioreflejos.com.ar\/2021\/\"},{\"@type\":\"ListItem\",\"position\":2,\"name\":\"Bordoni se reuni\u00f3 con el gobernador por la emergencia sanitaria\"}]},{\"@type\":\"WebSite\",\"@id\":\"https:\/\/www.noticiasradioreflejos.com.ar\/2021\/#website\",\"url\":\"https:\/\/www.noticiasradioreflejos.com.ar\/2021\/\",\"name\":\"Noticias Radio Reflejos\",\"description\":\"Las noticias de mi comarca\",\"potentialAction\":[{\"@type\":\"SearchAction\",\"target\":{\"@type\":\"EntryPoint\",\"urlTemplate\":\"https:\/\/www.noticiasradioreflejos.com.ar\/2021\/?s={search_term_string}\"},\"query-input\":{\"@type\":\"PropertyValueSpecification\",\"valueRequired\":true,\"valueName\":\"search_term_string\"}}],\"inLanguage\":\"es\"},{\"@type\":\"Person\",\"@id\":\"https:\/\/www.noticiasradioreflejos.com.ar\/2021\/#\/schema\/person\/ad82545263dcc5ec0996818884fd5fb1\",\"name\":\"Arnaldo Botto\",\"image\":{\"@type\":\"ImageObject\",\"inLanguage\":\"es\",\"@id\":\"https:\/\/www.noticiasradioreflejos.com.ar\/2021\/#\/schema\/person\/image\/\",\"url\":\"https:\/\/secure.gravatar.com\/avatar\/55cb5e37c1efa326397366e6974cb338056df65cb50e7d64d1cf314e87504837?s=96&d=mm&r=g\",\"contentUrl\":\"https:\/\/secure.gravatar.com\/avatar\/55cb5e37c1efa326397366e6974cb338056df65cb50e7d64d1cf314e87504837?s=96&d=mm&r=g\",\"caption\":\"Arnaldo Botto\"},\"url\":\"https:\/\/www.noticiasradioreflejos.com.ar\/2021\/author\/arnaldo\/\"}]}<\/script>\n<!-- \/ Yoast SEO plugin. -->","yoast_head_json":{"title":"Bordoni se reuni\u00f3 con el gobernador por la emergencia sanitaria - Noticias Radio Reflejos","robots":{"index":"index","follow":"follow","max-snippet":"max-snippet:-1","max-image-preview":"max-image-preview:large","max-video-preview":"max-video-preview:-1"},"canonical":"https:\/\/www.noticiasradioreflejos.com.ar\/2021\/bordoni-se-reunio-con-el-gobernador-por-la-emergencia-sanitaria\/","og_locale":"es_ES","og_type":"article","og_title":"Bordoni se reuni\u00f3 con el gobernador por la emergencia sanitaria - Noticias Radio Reflejos","og_description":"En horas de la tarde, el intendente municipal Sergio Bordoni, acompa\u00f1ado del Secretario de Gobierno Ezequiel Gabella, el Secretario de Salud Miguel Pagnotta, y los concejales Federico Labarthe, Laura Rosatelli y Carmen Soverchia, brind\u00f3 una conferencia de prensa, con el objetivo de informar a la comunidad los lineamientos que propuso el Gobernador Axel Kicillof ante [&hellip;]","og_url":"https:\/\/www.noticiasradioreflejos.com.ar\/2021\/bordoni-se-reunio-con-el-gobernador-por-la-emergencia-sanitaria\/","og_site_name":"Noticias Radio Reflejos","article_published_time":"2020-03-21T00:28:36+00:00","og_image":[{"width":300,"height":200,"url":"https:\/\/www.noticiasradioreflejos.com.ar\/2021\/wp-content\/uploads\/2021\/07\/logosol300x200.png","type":"image\/png"}],"author":"Arnaldo Botto","twitter_card":"summary_large_image","schema":{"@context":"https:\/\/schema.org","@graph":[{"@type":"WebPage","@id":"https:\/\/www.noticiasradioreflejos.com.ar\/2021\/bordoni-se-reunio-con-el-gobernador-por-la-emergencia-sanitaria\/","url":"https:\/\/www.noticiasradioreflejos.com.ar\/2021\/bordoni-se-reunio-con-el-gobernador-por-la-emergencia-sanitaria\/","name":"Bordoni se reuni\u00f3 con el gobernador por la emergencia sanitaria - Noticias Radio Reflejos","isPartOf":{"@id":"https:\/\/www.noticiasradioreflejos.com.ar\/2021\/#website"},"datePublished":"2020-03-21T00:28:36+00:00","author":{"@id":"https:\/\/www.noticiasradioreflejos.com.ar\/2021\/#\/schema\/person\/ad82545263dcc5ec0996818884fd5fb1"},"breadcrumb":{"@id":"https:\/\/www.noticiasradioreflejos.com.ar\/2021\/bordoni-se-reunio-con-el-gobernador-por-la-emergencia-sanitaria\/#breadcrumb"},"inLanguage":"es","potentialAction":[{"@type":"ReadAction","target":["https:\/\/www.noticiasradioreflejos.com.ar\/2021\/bordoni-se-reunio-con-el-gobernador-por-la-emergencia-sanitaria\/"]}]},{"@type":"BreadcrumbList","@id":"https:\/\/www.noticiasradioreflejos.com.ar\/2021\/bordoni-se-reunio-con-el-gobernador-por-la-emergencia-sanitaria\/#breadcrumb","itemListElement":[{"@type":"ListItem","position":1,"name":"Portada","item":"https:\/\/www.noticiasradioreflejos.com.ar\/2021\/"},{"@type":"ListItem","position":2,"name":"Bordoni se reuni\u00f3 con el gobernador por la emergencia sanitaria"}]},{"@type":"WebSite","@id":"https:\/\/www.noticiasradioreflejos.com.ar\/2021\/#website","url":"https:\/\/www.noticiasradioreflejos.com.ar\/2021\/","name":"Noticias Radio Reflejos","description":"Las noticias de mi comarca","potentialAction":[{"@type":"SearchAction","target":{"@type":"EntryPoint","urlTemplate":"https:\/\/www.noticiasradioreflejos.com.ar\/2021\/?s={search_term_string}"},"query-input":{"@type":"PropertyValueSpecification","valueRequired":true,"valueName":"search_term_string"}}],"inLanguage":"es"},{"@type":"Person","@id":"https:\/\/www.noticiasradioreflejos.com.ar\/2021\/#\/schema\/person\/ad82545263dcc5ec0996818884fd5fb1","name":"Arnaldo Botto","image":{"@type":"ImageObject","inLanguage":"es","@id":"https:\/\/www.noticiasradioreflejos.com.ar\/2021\/#\/schema\/person\/image\/","url":"https:\/\/secure.gravatar.com\/avatar\/55cb5e37c1efa326397366e6974cb338056df65cb50e7d64d1cf314e87504837?s=96&d=mm&r=g","contentUrl":"https:\/\/secure.gravatar.com\/avatar\/55cb5e37c1efa326397366e6974cb338056df65cb50e7d64d1cf314e87504837?s=96&d=mm&r=g","caption":"Arnaldo Botto"},"url":"https:\/\/www.noticiasradioreflejos.com.ar\/2021\/author\/arnaldo\/"}]}},"_links":{"self":[{"href":"https:\/\/www.noticiasradioreflejos.com.ar\/2021\/wp-json\/wp\/v2\/posts\/39758","targetHints":{"allow":["GET"]}}],"collection":[{"href":"https:\/\/www.noticiasradioreflejos.com.ar\/2021\/wp-json\/wp\/v2\/posts"}],"about":[{"href":"https:\/\/www.noticiasradioreflejos.com.ar\/2021\/wp-json\/wp\/v2\/types\/post"}],"author":[{"embeddable":true,"href":"https:\/\/www.noticiasradioreflejos.com.ar\/2021\/wp-json\/wp\/v2\/users\/3"}],"replies":[{"embeddable":true,"href":"https:\/\/www.noticiasradioreflejos.com.ar\/2021\/wp-json\/wp\/v2\/comments?post=39758"}],"version-history":[{"count":0,"href":"https:\/\/www.noticiasradioreflejos.com.ar\/2021\/wp-json\/wp\/v2\/posts\/39758\/revisions"}],"wp:attachment":[{"href":"https:\/\/www.noticiasradioreflejos.com.ar\/2021\/wp-json\/wp\/v2\/media?parent=39758"}],"wp:term":[{"taxonomy":"category","embeddable":true,"href":"https:\/\/www.noticiasradioreflejos.com.ar\/2021\/wp-json\/wp\/v2\/categories?post=39758"},{"taxonomy":"post_tag","embeddable":true,"href":"https:\/\/www.noticiasradioreflejos.com.ar\/2021\/wp-json\/wp\/v2\/tags?post=39758"}],"curies":[{"name":"wp","href":"https:\/\/api.w.org\/{rel}","templated":true}]}}