{"id":39724,"date":"2020-03-19T15:57:36","date_gmt":"2020-03-19T18:57:36","guid":{"rendered":"http:\/\/www.noticiasradioreflejos.com.ar\/noticias\/?p=39724"},"modified":"2020-03-19T15:57:36","modified_gmt":"2020-03-19T18:57:36","slug":"supermercado-melin-informa-sobre-medidas-de-prevencion-sanitarias","status":"publish","type":"post","link":"https:\/\/www.noticiasradioreflejos.com.ar\/2021\/supermercado-melin-informa-sobre-medidas-de-prevencion-sanitarias\/","title":{"rendered":"Supermercado Mel\u00edn informa sobre medidas de prevenci\u00f3n sanitarias."},"content":{"rendered":"<p>Supermercado Mel\u00edn informa a clientes y comunidad en general, que a partir de la tarde de hoy jueves 19 de marzo, implementar\u00e1 una serie de medidas para reforzar la seguridad sanitaria, de acuerdo al plan de emergencia que se realiza en todo el pa\u00eds y el mundo..<!--more--><br \/>\nEn la puerta de acceso al local comercial, se encontrar\u00e1 una persona que indicar\u00e1 a quienes ingresen a realizar sus compras, la cantidad m\u00e1xima de 2 personas por grupo familiar y a su vez, dentro del local se limitar\u00e1 a un total de 30 personas, las que deber\u00e1n mantener espacios de 1,50 de distancia entre s\u00ed. Las adultos mayores de 60 a\u00f1os tendr\u00e1n atenci\u00f3n inmediata.<\/p>\n<p>Melin acompa\u00f1a el cuidado de cada uno de nosotros y cumplimenta de esta manera las medidas de prevenci\u00f3n establecidas por el Ministerio de Salud de la Naci\u00f3n a las cuales el Municipio de Tornquist se adhiere<\/p>\n","protected":false},"excerpt":{"rendered":"<p>Supermercado Mel\u00edn informa a clientes y comunidad en general, que a partir de la tarde de hoy jueves 19 de marzo, implementar\u00e1 una serie de medidas para reforzar la seguridad sanitaria, de acuerdo al plan de emergencia que se realiza en todo el pa\u00eds y el mundo..<\/p>\n","protected":false},"author":3,"featured_media":39725,"comment_status":"closed","ping_status":"open","sticky":false,"template":"","format":"standard","meta":{"footnotes":""},"categories":[26],"tags":[],"class_list":["post-39724","post","type-post","status-publish","format-standard","has-post-thumbnail","hentry","category-sociedad"],"yoast_head":"<!-- This site is optimized with the Yoast SEO plugin v25.9 - https:\/\/yoast.com\/wordpress\/plugins\/seo\/ -->\n<title>Supermercado Mel\u00edn informa sobre medidas de prevenci\u00f3n sanitarias. - Noticias Radio Reflejos<\/title>\n<meta name=\"robots\" content=\"index, follow, max-snippet:-1, max-image-preview:large, max-video-preview:-1\" \/>\n<link rel=\"canonical\" href=\"https:\/\/www.noticiasradioreflejos.com.ar\/2021\/supermercado-melin-informa-sobre-medidas-de-prevencion-sanitarias\/\" \/>\n<meta property=\"og:locale\" content=\"es_ES\" \/>\n<meta property=\"og:type\" content=\"article\" \/>\n<meta property=\"og:title\" content=\"Supermercado Mel\u00edn informa sobre medidas de prevenci\u00f3n sanitarias. - Noticias Radio Reflejos\" \/>\n<meta property=\"og:description\" content=\"Supermercado Mel\u00edn informa a clientes y comunidad en general, que a partir de la tarde de hoy jueves 19 de marzo, implementar\u00e1 una serie de medidas para reforzar la seguridad sanitaria, de acuerdo al plan de emergencia que se realiza en todo el pa\u00eds y el mundo..\" \/>\n<meta property=\"og:url\" content=\"https:\/\/www.noticiasradioreflejos.com.ar\/2021\/supermercado-melin-informa-sobre-medidas-de-prevencion-sanitarias\/\" \/>\n<meta property=\"og:site_name\" content=\"Noticias Radio Reflejos\" \/>\n<meta property=\"article:published_time\" content=\"2020-03-19T18:57:36+00:00\" \/>\n<meta property=\"og:image\" content=\"https:\/\/www.noticiasradioreflejos.com.ar\/2021\/wp-content\/uploads\/2020\/03\/melin.png\" \/>\n\t<meta property=\"og:image:width\" content=\"899\" \/>\n\t<meta property=\"og:image:height\" content=\"346\" \/>\n\t<meta property=\"og:image:type\" content=\"image\/png\" \/>\n<meta name=\"author\" content=\"Arnaldo Botto\" \/>\n<meta name=\"twitter:card\" content=\"summary_large_image\" \/>\n<script type=\"application\/ld+json\" class=\"yoast-schema-graph\">{\"@context\":\"https:\/\/schema.org\",\"@graph\":[{\"@type\":\"WebPage\",\"@id\":\"https:\/\/www.noticiasradioreflejos.com.ar\/2021\/supermercado-melin-informa-sobre-medidas-de-prevencion-sanitarias\/\",\"url\":\"https:\/\/www.noticiasradioreflejos.com.ar\/2021\/supermercado-melin-informa-sobre-medidas-de-prevencion-sanitarias\/\",\"name\":\"Supermercado Mel\u00edn informa sobre medidas de prevenci\u00f3n sanitarias. - Noticias Radio Reflejos\",\"isPartOf\":{\"@id\":\"https:\/\/www.noticiasradioreflejos.com.ar\/2021\/#website\"},\"primaryImageOfPage\":{\"@id\":\"https:\/\/www.noticiasradioreflejos.com.ar\/2021\/supermercado-melin-informa-sobre-medidas-de-prevencion-sanitarias\/#primaryimage\"},\"image\":{\"@id\":\"https:\/\/www.noticiasradioreflejos.com.ar\/2021\/supermercado-melin-informa-sobre-medidas-de-prevencion-sanitarias\/#primaryimage\"},\"thumbnailUrl\":\"https:\/\/www.noticiasradioreflejos.com.ar\/2021\/wp-content\/uploads\/2020\/03\/melin.png\",\"datePublished\":\"2020-03-19T18:57:36+00:00\",\"author\":{\"@id\":\"https:\/\/www.noticiasradioreflejos.com.ar\/2021\/#\/schema\/person\/ad82545263dcc5ec0996818884fd5fb1\"},\"breadcrumb\":{\"@id\":\"https:\/\/www.noticiasradioreflejos.com.ar\/2021\/supermercado-melin-informa-sobre-medidas-de-prevencion-sanitarias\/#breadcrumb\"},\"inLanguage\":\"es\",\"potentialAction\":[{\"@type\":\"ReadAction\",\"target\":[\"https:\/\/www.noticiasradioreflejos.com.ar\/2021\/supermercado-melin-informa-sobre-medidas-de-prevencion-sanitarias\/\"]}]},{\"@type\":\"ImageObject\",\"inLanguage\":\"es\",\"@id\":\"https:\/\/www.noticiasradioreflejos.com.ar\/2021\/supermercado-melin-informa-sobre-medidas-de-prevencion-sanitarias\/#primaryimage\",\"url\":\"https:\/\/www.noticiasradioreflejos.com.ar\/2021\/wp-content\/uploads\/2020\/03\/melin.png\",\"contentUrl\":\"https:\/\/www.noticiasradioreflejos.com.ar\/2021\/wp-content\/uploads\/2020\/03\/melin.png\",\"width\":899,\"height\":346},{\"@type\":\"BreadcrumbList\",\"@id\":\"https:\/\/www.noticiasradioreflejos.com.ar\/2021\/supermercado-melin-informa-sobre-medidas-de-prevencion-sanitarias\/#breadcrumb\",\"itemListElement\":[{\"@type\":\"ListItem\",\"position\":1,\"name\":\"Portada\",\"item\":\"https:\/\/www.noticiasradioreflejos.com.ar\/2021\/\"},{\"@type\":\"ListItem\",\"position\":2,\"name\":\"Supermercado Mel\u00edn informa sobre medidas de prevenci\u00f3n sanitarias.\"}]},{\"@type\":\"WebSite\",\"@id\":\"https:\/\/www.noticiasradioreflejos.com.ar\/2021\/#website\",\"url\":\"https:\/\/www.noticiasradioreflejos.com.ar\/2021\/\",\"name\":\"Noticias Radio Reflejos\",\"description\":\"Las noticias de mi comarca\",\"potentialAction\":[{\"@type\":\"SearchAction\",\"target\":{\"@type\":\"EntryPoint\",\"urlTemplate\":\"https:\/\/www.noticiasradioreflejos.com.ar\/2021\/?s={search_term_string}\"},\"query-input\":{\"@type\":\"PropertyValueSpecification\",\"valueRequired\":true,\"valueName\":\"search_term_string\"}}],\"inLanguage\":\"es\"},{\"@type\":\"Person\",\"@id\":\"https:\/\/www.noticiasradioreflejos.com.ar\/2021\/#\/schema\/person\/ad82545263dcc5ec0996818884fd5fb1\",\"name\":\"Arnaldo Botto\",\"image\":{\"@type\":\"ImageObject\",\"inLanguage\":\"es\",\"@id\":\"https:\/\/www.noticiasradioreflejos.com.ar\/2021\/#\/schema\/person\/image\/\",\"url\":\"https:\/\/secure.gravatar.com\/avatar\/55cb5e37c1efa326397366e6974cb338056df65cb50e7d64d1cf314e87504837?s=96&d=mm&r=g\",\"contentUrl\":\"https:\/\/secure.gravatar.com\/avatar\/55cb5e37c1efa326397366e6974cb338056df65cb50e7d64d1cf314e87504837?s=96&d=mm&r=g\",\"caption\":\"Arnaldo Botto\"},\"url\":\"https:\/\/www.noticiasradioreflejos.com.ar\/2021\/author\/arnaldo\/\"}]}<\/script>\n<!-- \/ Yoast SEO plugin. -->","yoast_head_json":{"title":"Supermercado Mel\u00edn informa sobre medidas de prevenci\u00f3n sanitarias. - Noticias Radio Reflejos","robots":{"index":"index","follow":"follow","max-snippet":"max-snippet:-1","max-image-preview":"max-image-preview:large","max-video-preview":"max-video-preview:-1"},"canonical":"https:\/\/www.noticiasradioreflejos.com.ar\/2021\/supermercado-melin-informa-sobre-medidas-de-prevencion-sanitarias\/","og_locale":"es_ES","og_type":"article","og_title":"Supermercado Mel\u00edn informa sobre medidas de prevenci\u00f3n sanitarias. - Noticias Radio Reflejos","og_description":"Supermercado Mel\u00edn informa a clientes y comunidad en general, que a partir de la tarde de hoy jueves 19 de marzo, implementar\u00e1 una serie de medidas para reforzar la seguridad sanitaria, de acuerdo al plan de emergencia que se realiza en todo el pa\u00eds y el mundo..","og_url":"https:\/\/www.noticiasradioreflejos.com.ar\/2021\/supermercado-melin-informa-sobre-medidas-de-prevencion-sanitarias\/","og_site_name":"Noticias Radio Reflejos","article_published_time":"2020-03-19T18:57:36+00:00","og_image":[{"width":899,"height":346,"url":"https:\/\/www.noticiasradioreflejos.com.ar\/2021\/wp-content\/uploads\/2020\/03\/melin.png","type":"image\/png"}],"author":"Arnaldo Botto","twitter_card":"summary_large_image","schema":{"@context":"https:\/\/schema.org","@graph":[{"@type":"WebPage","@id":"https:\/\/www.noticiasradioreflejos.com.ar\/2021\/supermercado-melin-informa-sobre-medidas-de-prevencion-sanitarias\/","url":"https:\/\/www.noticiasradioreflejos.com.ar\/2021\/supermercado-melin-informa-sobre-medidas-de-prevencion-sanitarias\/","name":"Supermercado Mel\u00edn informa sobre medidas de prevenci\u00f3n sanitarias. - Noticias Radio Reflejos","isPartOf":{"@id":"https:\/\/www.noticiasradioreflejos.com.ar\/2021\/#website"},"primaryImageOfPage":{"@id":"https:\/\/www.noticiasradioreflejos.com.ar\/2021\/supermercado-melin-informa-sobre-medidas-de-prevencion-sanitarias\/#primaryimage"},"image":{"@id":"https:\/\/www.noticiasradioreflejos.com.ar\/2021\/supermercado-melin-informa-sobre-medidas-de-prevencion-sanitarias\/#primaryimage"},"thumbnailUrl":"https:\/\/www.noticiasradioreflejos.com.ar\/2021\/wp-content\/uploads\/2020\/03\/melin.png","datePublished":"2020-03-19T18:57:36+00:00","author":{"@id":"https:\/\/www.noticiasradioreflejos.com.ar\/2021\/#\/schema\/person\/ad82545263dcc5ec0996818884fd5fb1"},"breadcrumb":{"@id":"https:\/\/www.noticiasradioreflejos.com.ar\/2021\/supermercado-melin-informa-sobre-medidas-de-prevencion-sanitarias\/#breadcrumb"},"inLanguage":"es","potentialAction":[{"@type":"ReadAction","target":["https:\/\/www.noticiasradioreflejos.com.ar\/2021\/supermercado-melin-informa-sobre-medidas-de-prevencion-sanitarias\/"]}]},{"@type":"ImageObject","inLanguage":"es","@id":"https:\/\/www.noticiasradioreflejos.com.ar\/2021\/supermercado-melin-informa-sobre-medidas-de-prevencion-sanitarias\/#primaryimage","url":"https:\/\/www.noticiasradioreflejos.com.ar\/2021\/wp-content\/uploads\/2020\/03\/melin.png","contentUrl":"https:\/\/www.noticiasradioreflejos.com.ar\/2021\/wp-content\/uploads\/2020\/03\/melin.png","width":899,"height":346},{"@type":"BreadcrumbList","@id":"https:\/\/www.noticiasradioreflejos.com.ar\/2021\/supermercado-melin-informa-sobre-medidas-de-prevencion-sanitarias\/#breadcrumb","itemListElement":[{"@type":"ListItem","position":1,"name":"Portada","item":"https:\/\/www.noticiasradioreflejos.com.ar\/2021\/"},{"@type":"ListItem","position":2,"name":"Supermercado Mel\u00edn informa sobre medidas de prevenci\u00f3n sanitarias."}]},{"@type":"WebSite","@id":"https:\/\/www.noticiasradioreflejos.com.ar\/2021\/#website","url":"https:\/\/www.noticiasradioreflejos.com.ar\/2021\/","name":"Noticias Radio Reflejos","description":"Las noticias de mi comarca","potentialAction":[{"@type":"SearchAction","target":{"@type":"EntryPoint","urlTemplate":"https:\/\/www.noticiasradioreflejos.com.ar\/2021\/?s={search_term_string}"},"query-input":{"@type":"PropertyValueSpecification","valueRequired":true,"valueName":"search_term_string"}}],"inLanguage":"es"},{"@type":"Person","@id":"https:\/\/www.noticiasradioreflejos.com.ar\/2021\/#\/schema\/person\/ad82545263dcc5ec0996818884fd5fb1","name":"Arnaldo Botto","image":{"@type":"ImageObject","inLanguage":"es","@id":"https:\/\/www.noticiasradioreflejos.com.ar\/2021\/#\/schema\/person\/image\/","url":"https:\/\/secure.gravatar.com\/avatar\/55cb5e37c1efa326397366e6974cb338056df65cb50e7d64d1cf314e87504837?s=96&d=mm&r=g","contentUrl":"https:\/\/secure.gravatar.com\/avatar\/55cb5e37c1efa326397366e6974cb338056df65cb50e7d64d1cf314e87504837?s=96&d=mm&r=g","caption":"Arnaldo Botto"},"url":"https:\/\/www.noticiasradioreflejos.com.ar\/2021\/author\/arnaldo\/"}]}},"_links":{"self":[{"href":"https:\/\/www.noticiasradioreflejos.com.ar\/2021\/wp-json\/wp\/v2\/posts\/39724","targetHints":{"allow":["GET"]}}],"collection":[{"href":"https:\/\/www.noticiasradioreflejos.com.ar\/2021\/wp-json\/wp\/v2\/posts"}],"about":[{"href":"https:\/\/www.noticiasradioreflejos.com.ar\/2021\/wp-json\/wp\/v2\/types\/post"}],"author":[{"embeddable":true,"href":"https:\/\/www.noticiasradioreflejos.com.ar\/2021\/wp-json\/wp\/v2\/users\/3"}],"replies":[{"embeddable":true,"href":"https:\/\/www.noticiasradioreflejos.com.ar\/2021\/wp-json\/wp\/v2\/comments?post=39724"}],"version-history":[{"count":0,"href":"https:\/\/www.noticiasradioreflejos.com.ar\/2021\/wp-json\/wp\/v2\/posts\/39724\/revisions"}],"wp:featuredmedia":[{"embeddable":true,"href":"https:\/\/www.noticiasradioreflejos.com.ar\/2021\/wp-json\/wp\/v2\/media\/39725"}],"wp:attachment":[{"href":"https:\/\/www.noticiasradioreflejos.com.ar\/2021\/wp-json\/wp\/v2\/media?parent=39724"}],"wp:term":[{"taxonomy":"category","embeddable":true,"href":"https:\/\/www.noticiasradioreflejos.com.ar\/2021\/wp-json\/wp\/v2\/categories?post=39724"},{"taxonomy":"post_tag","embeddable":true,"href":"https:\/\/www.noticiasradioreflejos.com.ar\/2021\/wp-json\/wp\/v2\/tags?post=39724"}],"curies":[{"name":"wp","href":"https:\/\/api.w.org\/{rel}","templated":true}]}}