{"id":39722,"date":"2020-03-19T15:36:32","date_gmt":"2020-03-19T18:36:32","guid":{"rendered":"http:\/\/www.noticiasradioreflejos.com.ar\/noticias\/?p=39722"},"modified":"2020-03-19T15:36:32","modified_gmt":"2020-03-19T18:36:32","slug":"comunicado-del-partido-intransigente","status":"publish","type":"post","link":"https:\/\/www.noticiasradioreflejos.com.ar\/2021\/comunicado-del-partido-intransigente\/","title":{"rendered":"Comunicado del Partido Intransigente."},"content":{"rendered":"<p> \u201cAPOYO INTRANSIGENTE A LAS MEDIDAS SANITARIAS Y ECON\u00d3MICAS DEL GOBIERNO NACIONAL Y PROVINCIAL \u201d<br \/>\n\u201cLas medidas econ\u00f3micas anunciadas por el Gobierno Nacional resultan imprescindibles para inhibir mayores efectos negativos sobre el cuadro recesivo originado por el endeudamiento macrista a la par que est\u00e1n guiadas a proteger a los sectores m\u00e1s vulnerables de la sociedad argentina y a potenciar la fuerte presencia del Estado en un marco de crisis sanitaria, econ\u00f3mica y social\u201d, as\u00ed lo expres\u00f3 Juan Ferreyra , Presidente del PI Provincial.- <!--more--><\/p>\n<p>En relaci\u00f3n a ello, los Intransigentes  se\u00f1alaron \u201cla eximici\u00f3n del pago de contribuciones patronales sobre las actividades m\u00e1s afectadas , la ampliaci\u00f3n del programa de Recuperaci\u00f3n Productiva,  relanzamiento del Plan Procrear, el notable aumento Presupuestario para la Obra P\u00fablica,  Control de Precios M\u00e1ximos para Alimentos y Medicamentos, mayor fiscalizaci\u00f3n de la AFIP con convenios de control delegados a los Municipios para cumplir la Ley de Abastecimiento y sancionar pr\u00e1cticas comerciales especulativas y abusivas,  Asistencia Financiera a las PYMES , la aceleraci\u00f3n del Programa de Desarrollo de equipamiento m\u00e9dico , insumos y crecimiento de la producci\u00f3n de f\u00e1rmacos e implementos para enfrentar la pandemia, resultan iniciativas oportunas y necesarias para disminuir las consecuencias disvaliosas en el corto y mediano plazo\u201d.-<br \/>\nEn relaci\u00f3n a ello, el PI Provincial expuso \u201c la mayor deuda que tiene el Gobierno bonaerense y el nacional es con el Pueblo ,  las iniciativas tomadas se dirigen prioritariamente a garantizar el bienestar general, la r\u00e1pida prevenci\u00f3n frente al Coronavirus, la defensa de la salud y la vida como valores medulares del orden jur\u00eddico y a proteger el trabajo y la producci\u00f3n , garantizando el consumo  con pol\u00edticas estatales proactivas y anti c\u00edclicas, que reivindican el rol del direccionamiento P\u00fablico como herramienta central de los Gobiernos\u201d.-<br \/>\nPor \u00faltimo Ferreyra, record\u00f3: \u201cdurante la administraci\u00f3n de Macri y Vidal se vaci\u00f3 de contenido y financiaci\u00f3n al Estado, suplantando humanismo por individualismo, privilegios a favor de los poderosos con castigos y restricciones para los d\u00e9biles. Hoy se ha invertido la l\u00f3gica de aquel delictivo modelo neoliberal por otro con presencia e intervenci\u00f3n estatal como garante de la protecci\u00f3n ciudadana, la garant\u00eda de respeto de derechos esenciales de la Sociedad , el Desarrollo y la Justicia Social, demostrando que la Argentina retoma con pol\u00edticas humanistas el legado hist\u00f3rico de Hip\u00f3lito Yrigoyen, Per\u00f3n y sus mejores Gobiernos \u201d .-<br \/>\nSECRETAR\u00cdA DE PRENSA, Buenos Aires 17 de Marzo de 2020.-<br \/>\nPARTIDO <\/p>\n","protected":false},"excerpt":{"rendered":"<p>\u201cAPOYO INTRANSIGENTE A LAS MEDIDAS SANITARIAS Y ECON\u00d3MICAS DEL GOBIERNO NACIONAL Y PROVINCIAL \u201d \u201cLas medidas econ\u00f3micas anunciadas por el Gobierno Nacional resultan imprescindibles para inhibir mayores efectos negativos sobre el cuadro recesivo originado por el endeudamiento macrista a la par que est\u00e1n guiadas a proteger a los sectores m\u00e1s vulnerables de la sociedad argentina [&hellip;]<\/p>\n","protected":false},"author":3,"featured_media":0,"comment_status":"closed","ping_status":"open","sticky":false,"template":"","format":"standard","meta":{"footnotes":""},"categories":[24],"tags":[],"class_list":["post-39722","post","type-post","status-publish","format-standard","hentry","category-politica"],"yoast_head":"<!-- This site is optimized with the Yoast SEO plugin v25.9 - https:\/\/yoast.com\/wordpress\/plugins\/seo\/ -->\n<title>Comunicado del Partido Intransigente. - Noticias Radio Reflejos<\/title>\n<meta name=\"robots\" content=\"index, follow, max-snippet:-1, max-image-preview:large, max-video-preview:-1\" \/>\n<link rel=\"canonical\" href=\"https:\/\/www.noticiasradioreflejos.com.ar\/2021\/comunicado-del-partido-intransigente\/\" \/>\n<meta property=\"og:locale\" content=\"es_ES\" \/>\n<meta property=\"og:type\" content=\"article\" \/>\n<meta property=\"og:title\" content=\"Comunicado del Partido Intransigente. - Noticias Radio Reflejos\" \/>\n<meta property=\"og:description\" content=\"\u201cAPOYO INTRANSIGENTE A LAS MEDIDAS SANITARIAS Y ECON\u00d3MICAS DEL GOBIERNO NACIONAL Y PROVINCIAL \u201d \u201cLas medidas econ\u00f3micas anunciadas por el Gobierno Nacional resultan imprescindibles para inhibir mayores efectos negativos sobre el cuadro recesivo originado por el endeudamiento macrista a la par que est\u00e1n guiadas a proteger a los sectores m\u00e1s vulnerables de la sociedad argentina [&hellip;]\" \/>\n<meta property=\"og:url\" content=\"https:\/\/www.noticiasradioreflejos.com.ar\/2021\/comunicado-del-partido-intransigente\/\" \/>\n<meta property=\"og:site_name\" content=\"Noticias Radio Reflejos\" \/>\n<meta property=\"article:published_time\" content=\"2020-03-19T18:36:32+00:00\" \/>\n<meta property=\"og:image\" content=\"https:\/\/www.noticiasradioreflejos.com.ar\/2021\/wp-content\/uploads\/2021\/07\/logosol300x200.png\" \/>\n\t<meta property=\"og:image:width\" content=\"300\" \/>\n\t<meta property=\"og:image:height\" content=\"200\" \/>\n\t<meta property=\"og:image:type\" content=\"image\/png\" \/>\n<meta name=\"author\" content=\"Arnaldo Botto\" \/>\n<meta name=\"twitter:card\" content=\"summary_large_image\" \/>\n<script type=\"application\/ld+json\" class=\"yoast-schema-graph\">{\"@context\":\"https:\/\/schema.org\",\"@graph\":[{\"@type\":\"WebPage\",\"@id\":\"https:\/\/www.noticiasradioreflejos.com.ar\/2021\/comunicado-del-partido-intransigente\/\",\"url\":\"https:\/\/www.noticiasradioreflejos.com.ar\/2021\/comunicado-del-partido-intransigente\/\",\"name\":\"Comunicado del Partido Intransigente. - Noticias Radio Reflejos\",\"isPartOf\":{\"@id\":\"https:\/\/www.noticiasradioreflejos.com.ar\/2021\/#website\"},\"datePublished\":\"2020-03-19T18:36:32+00:00\",\"author\":{\"@id\":\"https:\/\/www.noticiasradioreflejos.com.ar\/2021\/#\/schema\/person\/ad82545263dcc5ec0996818884fd5fb1\"},\"breadcrumb\":{\"@id\":\"https:\/\/www.noticiasradioreflejos.com.ar\/2021\/comunicado-del-partido-intransigente\/#breadcrumb\"},\"inLanguage\":\"es\",\"potentialAction\":[{\"@type\":\"ReadAction\",\"target\":[\"https:\/\/www.noticiasradioreflejos.com.ar\/2021\/comunicado-del-partido-intransigente\/\"]}]},{\"@type\":\"BreadcrumbList\",\"@id\":\"https:\/\/www.noticiasradioreflejos.com.ar\/2021\/comunicado-del-partido-intransigente\/#breadcrumb\",\"itemListElement\":[{\"@type\":\"ListItem\",\"position\":1,\"name\":\"Portada\",\"item\":\"https:\/\/www.noticiasradioreflejos.com.ar\/2021\/\"},{\"@type\":\"ListItem\",\"position\":2,\"name\":\"Comunicado del Partido Intransigente.\"}]},{\"@type\":\"WebSite\",\"@id\":\"https:\/\/www.noticiasradioreflejos.com.ar\/2021\/#website\",\"url\":\"https:\/\/www.noticiasradioreflejos.com.ar\/2021\/\",\"name\":\"Noticias Radio Reflejos\",\"description\":\"Las noticias de mi comarca\",\"potentialAction\":[{\"@type\":\"SearchAction\",\"target\":{\"@type\":\"EntryPoint\",\"urlTemplate\":\"https:\/\/www.noticiasradioreflejos.com.ar\/2021\/?s={search_term_string}\"},\"query-input\":{\"@type\":\"PropertyValueSpecification\",\"valueRequired\":true,\"valueName\":\"search_term_string\"}}],\"inLanguage\":\"es\"},{\"@type\":\"Person\",\"@id\":\"https:\/\/www.noticiasradioreflejos.com.ar\/2021\/#\/schema\/person\/ad82545263dcc5ec0996818884fd5fb1\",\"name\":\"Arnaldo Botto\",\"image\":{\"@type\":\"ImageObject\",\"inLanguage\":\"es\",\"@id\":\"https:\/\/www.noticiasradioreflejos.com.ar\/2021\/#\/schema\/person\/image\/\",\"url\":\"https:\/\/secure.gravatar.com\/avatar\/55cb5e37c1efa326397366e6974cb338056df65cb50e7d64d1cf314e87504837?s=96&d=mm&r=g\",\"contentUrl\":\"https:\/\/secure.gravatar.com\/avatar\/55cb5e37c1efa326397366e6974cb338056df65cb50e7d64d1cf314e87504837?s=96&d=mm&r=g\",\"caption\":\"Arnaldo Botto\"},\"url\":\"https:\/\/www.noticiasradioreflejos.com.ar\/2021\/author\/arnaldo\/\"}]}<\/script>\n<!-- \/ Yoast SEO plugin. -->","yoast_head_json":{"title":"Comunicado del Partido Intransigente. - Noticias Radio Reflejos","robots":{"index":"index","follow":"follow","max-snippet":"max-snippet:-1","max-image-preview":"max-image-preview:large","max-video-preview":"max-video-preview:-1"},"canonical":"https:\/\/www.noticiasradioreflejos.com.ar\/2021\/comunicado-del-partido-intransigente\/","og_locale":"es_ES","og_type":"article","og_title":"Comunicado del Partido Intransigente. - Noticias Radio Reflejos","og_description":"\u201cAPOYO INTRANSIGENTE A LAS MEDIDAS SANITARIAS Y ECON\u00d3MICAS DEL GOBIERNO NACIONAL Y PROVINCIAL \u201d \u201cLas medidas econ\u00f3micas anunciadas por el Gobierno Nacional resultan imprescindibles para inhibir mayores efectos negativos sobre el cuadro recesivo originado por el endeudamiento macrista a la par que est\u00e1n guiadas a proteger a los sectores m\u00e1s vulnerables de la sociedad argentina [&hellip;]","og_url":"https:\/\/www.noticiasradioreflejos.com.ar\/2021\/comunicado-del-partido-intransigente\/","og_site_name":"Noticias Radio Reflejos","article_published_time":"2020-03-19T18:36:32+00:00","og_image":[{"width":300,"height":200,"url":"https:\/\/www.noticiasradioreflejos.com.ar\/2021\/wp-content\/uploads\/2021\/07\/logosol300x200.png","type":"image\/png"}],"author":"Arnaldo Botto","twitter_card":"summary_large_image","schema":{"@context":"https:\/\/schema.org","@graph":[{"@type":"WebPage","@id":"https:\/\/www.noticiasradioreflejos.com.ar\/2021\/comunicado-del-partido-intransigente\/","url":"https:\/\/www.noticiasradioreflejos.com.ar\/2021\/comunicado-del-partido-intransigente\/","name":"Comunicado del Partido Intransigente. - Noticias Radio Reflejos","isPartOf":{"@id":"https:\/\/www.noticiasradioreflejos.com.ar\/2021\/#website"},"datePublished":"2020-03-19T18:36:32+00:00","author":{"@id":"https:\/\/www.noticiasradioreflejos.com.ar\/2021\/#\/schema\/person\/ad82545263dcc5ec0996818884fd5fb1"},"breadcrumb":{"@id":"https:\/\/www.noticiasradioreflejos.com.ar\/2021\/comunicado-del-partido-intransigente\/#breadcrumb"},"inLanguage":"es","potentialAction":[{"@type":"ReadAction","target":["https:\/\/www.noticiasradioreflejos.com.ar\/2021\/comunicado-del-partido-intransigente\/"]}]},{"@type":"BreadcrumbList","@id":"https:\/\/www.noticiasradioreflejos.com.ar\/2021\/comunicado-del-partido-intransigente\/#breadcrumb","itemListElement":[{"@type":"ListItem","position":1,"name":"Portada","item":"https:\/\/www.noticiasradioreflejos.com.ar\/2021\/"},{"@type":"ListItem","position":2,"name":"Comunicado del Partido Intransigente."}]},{"@type":"WebSite","@id":"https:\/\/www.noticiasradioreflejos.com.ar\/2021\/#website","url":"https:\/\/www.noticiasradioreflejos.com.ar\/2021\/","name":"Noticias Radio Reflejos","description":"Las noticias de mi comarca","potentialAction":[{"@type":"SearchAction","target":{"@type":"EntryPoint","urlTemplate":"https:\/\/www.noticiasradioreflejos.com.ar\/2021\/?s={search_term_string}"},"query-input":{"@type":"PropertyValueSpecification","valueRequired":true,"valueName":"search_term_string"}}],"inLanguage":"es"},{"@type":"Person","@id":"https:\/\/www.noticiasradioreflejos.com.ar\/2021\/#\/schema\/person\/ad82545263dcc5ec0996818884fd5fb1","name":"Arnaldo Botto","image":{"@type":"ImageObject","inLanguage":"es","@id":"https:\/\/www.noticiasradioreflejos.com.ar\/2021\/#\/schema\/person\/image\/","url":"https:\/\/secure.gravatar.com\/avatar\/55cb5e37c1efa326397366e6974cb338056df65cb50e7d64d1cf314e87504837?s=96&d=mm&r=g","contentUrl":"https:\/\/secure.gravatar.com\/avatar\/55cb5e37c1efa326397366e6974cb338056df65cb50e7d64d1cf314e87504837?s=96&d=mm&r=g","caption":"Arnaldo Botto"},"url":"https:\/\/www.noticiasradioreflejos.com.ar\/2021\/author\/arnaldo\/"}]}},"_links":{"self":[{"href":"https:\/\/www.noticiasradioreflejos.com.ar\/2021\/wp-json\/wp\/v2\/posts\/39722","targetHints":{"allow":["GET"]}}],"collection":[{"href":"https:\/\/www.noticiasradioreflejos.com.ar\/2021\/wp-json\/wp\/v2\/posts"}],"about":[{"href":"https:\/\/www.noticiasradioreflejos.com.ar\/2021\/wp-json\/wp\/v2\/types\/post"}],"author":[{"embeddable":true,"href":"https:\/\/www.noticiasradioreflejos.com.ar\/2021\/wp-json\/wp\/v2\/users\/3"}],"replies":[{"embeddable":true,"href":"https:\/\/www.noticiasradioreflejos.com.ar\/2021\/wp-json\/wp\/v2\/comments?post=39722"}],"version-history":[{"count":0,"href":"https:\/\/www.noticiasradioreflejos.com.ar\/2021\/wp-json\/wp\/v2\/posts\/39722\/revisions"}],"wp:attachment":[{"href":"https:\/\/www.noticiasradioreflejos.com.ar\/2021\/wp-json\/wp\/v2\/media?parent=39722"}],"wp:term":[{"taxonomy":"category","embeddable":true,"href":"https:\/\/www.noticiasradioreflejos.com.ar\/2021\/wp-json\/wp\/v2\/categories?post=39722"},{"taxonomy":"post_tag","embeddable":true,"href":"https:\/\/www.noticiasradioreflejos.com.ar\/2021\/wp-json\/wp\/v2\/tags?post=39722"}],"curies":[{"name":"wp","href":"https:\/\/api.w.org\/{rel}","templated":true}]}}