{"id":39712,"date":"2020-03-19T12:21:28","date_gmt":"2020-03-19T15:21:28","guid":{"rendered":"http:\/\/www.noticiasradioreflejos.com.ar\/noticias\/?p=39712"},"modified":"2020-03-19T12:21:28","modified_gmt":"2020-03-19T15:21:28","slug":"medidas-preventivas-contra-el-coronavirus-de-la-cooperativa-electrica-de-tornquist","status":"publish","type":"post","link":"https:\/\/www.noticiasradioreflejos.com.ar\/2021\/medidas-preventivas-contra-el-coronavirus-de-la-cooperativa-electrica-de-tornquist\/","title":{"rendered":"Medidas preventivas contra el coronavirus en la Cooperativa El\u00e9ctrica de Tornquist."},"content":{"rendered":"<p>La Cooperativa El\u00e9ctrica Ltda. de Tornquist, informa a sus asociados que respecto a la Pandemia que nos afecta, ha solicitado  que se acerquen a las oficinas administrativas en caso estrictamente necesario y que todas las consultas ser\u00e1n evacuadas mediante v\u00eda telef\u00f3nica, de manera de evitar el menor tr\u00e1nsito y aglomeraci\u00f3n de personas tal lo dispuesto por la Autoridad Sanitaria.<!--more--><br \/>\nDado que se ha observado en Mesa de Entrada la presencia de asociados con consultas que podr\u00edan haber sido evacuadas mediante un llamado telef\u00f3nico, vemos la necesidad de comunicarles que en la medida que lo solicitado no sea cumplido, \u00e9sta Cooperativa deber\u00e1 tomar medidas m\u00e1s estrictas como el cierre de la oficina para atenci\u00f3n al p\u00fablico y dar respuesta a los casos de urgencia administrativa solo mediante v\u00eda telef\u00f3nica o digital.<br \/>\nSe recuerda que esta normativa se mantendr\u00e1 siempre que la Autoridad de Aplicaci\u00f3n no disponga nuevas medidas seguridad.<br \/>\nHorario de atenci\u00f3n de 8:00 hs a 13:00 hs<br \/>\nL\u00edneas rotativas (0291) 4941142<br \/>\nadministraci\u00f3n@celt.com.ar<br \/>\ncelt@celt.com.ar<br \/>\nWEB: www.celt.com.ar<br \/>\nMuchas gracias. <\/p>\n","protected":false},"excerpt":{"rendered":"<p>La Cooperativa El\u00e9ctrica Ltda. de Tornquist, informa a sus asociados que respecto a la Pandemia que nos afecta, ha solicitado que se acerquen a las oficinas administrativas en caso estrictamente necesario y que todas las consultas ser\u00e1n evacuadas mediante v\u00eda telef\u00f3nica, de manera de evitar el menor tr\u00e1nsito y aglomeraci\u00f3n de personas tal lo dispuesto [&hellip;]<\/p>\n","protected":false},"author":3,"featured_media":0,"comment_status":"closed","ping_status":"open","sticky":false,"template":"","format":"standard","meta":{"footnotes":""},"categories":[26],"tags":[],"class_list":["post-39712","post","type-post","status-publish","format-standard","hentry","category-sociedad"],"yoast_head":"<!-- This site is optimized with the Yoast SEO plugin v25.9 - https:\/\/yoast.com\/wordpress\/plugins\/seo\/ -->\n<title>Medidas preventivas contra el coronavirus en la Cooperativa El\u00e9ctrica de Tornquist. - Noticias Radio Reflejos<\/title>\n<meta name=\"robots\" content=\"index, follow, max-snippet:-1, max-image-preview:large, max-video-preview:-1\" \/>\n<link rel=\"canonical\" href=\"https:\/\/www.noticiasradioreflejos.com.ar\/2021\/medidas-preventivas-contra-el-coronavirus-de-la-cooperativa-electrica-de-tornquist\/\" \/>\n<meta property=\"og:locale\" content=\"es_ES\" \/>\n<meta property=\"og:type\" content=\"article\" \/>\n<meta property=\"og:title\" content=\"Medidas preventivas contra el coronavirus en la Cooperativa El\u00e9ctrica de Tornquist. - Noticias Radio Reflejos\" \/>\n<meta property=\"og:description\" content=\"La Cooperativa El\u00e9ctrica Ltda. de Tornquist, informa a sus asociados que respecto a la Pandemia que nos afecta, ha solicitado que se acerquen a las oficinas administrativas en caso estrictamente necesario y que todas las consultas ser\u00e1n evacuadas mediante v\u00eda telef\u00f3nica, de manera de evitar el menor tr\u00e1nsito y aglomeraci\u00f3n de personas tal lo dispuesto [&hellip;]\" \/>\n<meta property=\"og:url\" content=\"https:\/\/www.noticiasradioreflejos.com.ar\/2021\/medidas-preventivas-contra-el-coronavirus-de-la-cooperativa-electrica-de-tornquist\/\" \/>\n<meta property=\"og:site_name\" content=\"Noticias Radio Reflejos\" \/>\n<meta property=\"article:published_time\" content=\"2020-03-19T15:21:28+00:00\" \/>\n<meta property=\"og:image\" content=\"https:\/\/www.noticiasradioreflejos.com.ar\/2021\/wp-content\/uploads\/2021\/07\/logosol300x200.png\" \/>\n\t<meta property=\"og:image:width\" content=\"300\" \/>\n\t<meta property=\"og:image:height\" content=\"200\" \/>\n\t<meta property=\"og:image:type\" content=\"image\/png\" \/>\n<meta name=\"author\" content=\"Arnaldo Botto\" \/>\n<meta name=\"twitter:card\" content=\"summary_large_image\" \/>\n<script type=\"application\/ld+json\" class=\"yoast-schema-graph\">{\"@context\":\"https:\/\/schema.org\",\"@graph\":[{\"@type\":\"WebPage\",\"@id\":\"https:\/\/www.noticiasradioreflejos.com.ar\/2021\/medidas-preventivas-contra-el-coronavirus-de-la-cooperativa-electrica-de-tornquist\/\",\"url\":\"https:\/\/www.noticiasradioreflejos.com.ar\/2021\/medidas-preventivas-contra-el-coronavirus-de-la-cooperativa-electrica-de-tornquist\/\",\"name\":\"Medidas preventivas contra el coronavirus en la Cooperativa El\u00e9ctrica de Tornquist. - Noticias Radio Reflejos\",\"isPartOf\":{\"@id\":\"https:\/\/www.noticiasradioreflejos.com.ar\/2021\/#website\"},\"datePublished\":\"2020-03-19T15:21:28+00:00\",\"author\":{\"@id\":\"https:\/\/www.noticiasradioreflejos.com.ar\/2021\/#\/schema\/person\/ad82545263dcc5ec0996818884fd5fb1\"},\"breadcrumb\":{\"@id\":\"https:\/\/www.noticiasradioreflejos.com.ar\/2021\/medidas-preventivas-contra-el-coronavirus-de-la-cooperativa-electrica-de-tornquist\/#breadcrumb\"},\"inLanguage\":\"es\",\"potentialAction\":[{\"@type\":\"ReadAction\",\"target\":[\"https:\/\/www.noticiasradioreflejos.com.ar\/2021\/medidas-preventivas-contra-el-coronavirus-de-la-cooperativa-electrica-de-tornquist\/\"]}]},{\"@type\":\"BreadcrumbList\",\"@id\":\"https:\/\/www.noticiasradioreflejos.com.ar\/2021\/medidas-preventivas-contra-el-coronavirus-de-la-cooperativa-electrica-de-tornquist\/#breadcrumb\",\"itemListElement\":[{\"@type\":\"ListItem\",\"position\":1,\"name\":\"Portada\",\"item\":\"https:\/\/www.noticiasradioreflejos.com.ar\/2021\/\"},{\"@type\":\"ListItem\",\"position\":2,\"name\":\"Medidas preventivas contra el coronavirus en la Cooperativa El\u00e9ctrica de Tornquist.\"}]},{\"@type\":\"WebSite\",\"@id\":\"https:\/\/www.noticiasradioreflejos.com.ar\/2021\/#website\",\"url\":\"https:\/\/www.noticiasradioreflejos.com.ar\/2021\/\",\"name\":\"Noticias Radio Reflejos\",\"description\":\"Las noticias de mi comarca\",\"potentialAction\":[{\"@type\":\"SearchAction\",\"target\":{\"@type\":\"EntryPoint\",\"urlTemplate\":\"https:\/\/www.noticiasradioreflejos.com.ar\/2021\/?s={search_term_string}\"},\"query-input\":{\"@type\":\"PropertyValueSpecification\",\"valueRequired\":true,\"valueName\":\"search_term_string\"}}],\"inLanguage\":\"es\"},{\"@type\":\"Person\",\"@id\":\"https:\/\/www.noticiasradioreflejos.com.ar\/2021\/#\/schema\/person\/ad82545263dcc5ec0996818884fd5fb1\",\"name\":\"Arnaldo Botto\",\"image\":{\"@type\":\"ImageObject\",\"inLanguage\":\"es\",\"@id\":\"https:\/\/www.noticiasradioreflejos.com.ar\/2021\/#\/schema\/person\/image\/\",\"url\":\"https:\/\/secure.gravatar.com\/avatar\/55cb5e37c1efa326397366e6974cb338056df65cb50e7d64d1cf314e87504837?s=96&d=mm&r=g\",\"contentUrl\":\"https:\/\/secure.gravatar.com\/avatar\/55cb5e37c1efa326397366e6974cb338056df65cb50e7d64d1cf314e87504837?s=96&d=mm&r=g\",\"caption\":\"Arnaldo Botto\"},\"url\":\"https:\/\/www.noticiasradioreflejos.com.ar\/2021\/author\/arnaldo\/\"}]}<\/script>\n<!-- \/ Yoast SEO plugin. -->","yoast_head_json":{"title":"Medidas preventivas contra el coronavirus en la Cooperativa El\u00e9ctrica de Tornquist. - Noticias Radio Reflejos","robots":{"index":"index","follow":"follow","max-snippet":"max-snippet:-1","max-image-preview":"max-image-preview:large","max-video-preview":"max-video-preview:-1"},"canonical":"https:\/\/www.noticiasradioreflejos.com.ar\/2021\/medidas-preventivas-contra-el-coronavirus-de-la-cooperativa-electrica-de-tornquist\/","og_locale":"es_ES","og_type":"article","og_title":"Medidas preventivas contra el coronavirus en la Cooperativa El\u00e9ctrica de Tornquist. - Noticias Radio Reflejos","og_description":"La Cooperativa El\u00e9ctrica Ltda. de Tornquist, informa a sus asociados que respecto a la Pandemia que nos afecta, ha solicitado que se acerquen a las oficinas administrativas en caso estrictamente necesario y que todas las consultas ser\u00e1n evacuadas mediante v\u00eda telef\u00f3nica, de manera de evitar el menor tr\u00e1nsito y aglomeraci\u00f3n de personas tal lo dispuesto [&hellip;]","og_url":"https:\/\/www.noticiasradioreflejos.com.ar\/2021\/medidas-preventivas-contra-el-coronavirus-de-la-cooperativa-electrica-de-tornquist\/","og_site_name":"Noticias Radio Reflejos","article_published_time":"2020-03-19T15:21:28+00:00","og_image":[{"width":300,"height":200,"url":"https:\/\/www.noticiasradioreflejos.com.ar\/2021\/wp-content\/uploads\/2021\/07\/logosol300x200.png","type":"image\/png"}],"author":"Arnaldo Botto","twitter_card":"summary_large_image","schema":{"@context":"https:\/\/schema.org","@graph":[{"@type":"WebPage","@id":"https:\/\/www.noticiasradioreflejos.com.ar\/2021\/medidas-preventivas-contra-el-coronavirus-de-la-cooperativa-electrica-de-tornquist\/","url":"https:\/\/www.noticiasradioreflejos.com.ar\/2021\/medidas-preventivas-contra-el-coronavirus-de-la-cooperativa-electrica-de-tornquist\/","name":"Medidas preventivas contra el coronavirus en la Cooperativa El\u00e9ctrica de Tornquist. - Noticias Radio Reflejos","isPartOf":{"@id":"https:\/\/www.noticiasradioreflejos.com.ar\/2021\/#website"},"datePublished":"2020-03-19T15:21:28+00:00","author":{"@id":"https:\/\/www.noticiasradioreflejos.com.ar\/2021\/#\/schema\/person\/ad82545263dcc5ec0996818884fd5fb1"},"breadcrumb":{"@id":"https:\/\/www.noticiasradioreflejos.com.ar\/2021\/medidas-preventivas-contra-el-coronavirus-de-la-cooperativa-electrica-de-tornquist\/#breadcrumb"},"inLanguage":"es","potentialAction":[{"@type":"ReadAction","target":["https:\/\/www.noticiasradioreflejos.com.ar\/2021\/medidas-preventivas-contra-el-coronavirus-de-la-cooperativa-electrica-de-tornquist\/"]}]},{"@type":"BreadcrumbList","@id":"https:\/\/www.noticiasradioreflejos.com.ar\/2021\/medidas-preventivas-contra-el-coronavirus-de-la-cooperativa-electrica-de-tornquist\/#breadcrumb","itemListElement":[{"@type":"ListItem","position":1,"name":"Portada","item":"https:\/\/www.noticiasradioreflejos.com.ar\/2021\/"},{"@type":"ListItem","position":2,"name":"Medidas preventivas contra el coronavirus en la Cooperativa El\u00e9ctrica de Tornquist."}]},{"@type":"WebSite","@id":"https:\/\/www.noticiasradioreflejos.com.ar\/2021\/#website","url":"https:\/\/www.noticiasradioreflejos.com.ar\/2021\/","name":"Noticias Radio Reflejos","description":"Las noticias de mi comarca","potentialAction":[{"@type":"SearchAction","target":{"@type":"EntryPoint","urlTemplate":"https:\/\/www.noticiasradioreflejos.com.ar\/2021\/?s={search_term_string}"},"query-input":{"@type":"PropertyValueSpecification","valueRequired":true,"valueName":"search_term_string"}}],"inLanguage":"es"},{"@type":"Person","@id":"https:\/\/www.noticiasradioreflejos.com.ar\/2021\/#\/schema\/person\/ad82545263dcc5ec0996818884fd5fb1","name":"Arnaldo Botto","image":{"@type":"ImageObject","inLanguage":"es","@id":"https:\/\/www.noticiasradioreflejos.com.ar\/2021\/#\/schema\/person\/image\/","url":"https:\/\/secure.gravatar.com\/avatar\/55cb5e37c1efa326397366e6974cb338056df65cb50e7d64d1cf314e87504837?s=96&d=mm&r=g","contentUrl":"https:\/\/secure.gravatar.com\/avatar\/55cb5e37c1efa326397366e6974cb338056df65cb50e7d64d1cf314e87504837?s=96&d=mm&r=g","caption":"Arnaldo Botto"},"url":"https:\/\/www.noticiasradioreflejos.com.ar\/2021\/author\/arnaldo\/"}]}},"_links":{"self":[{"href":"https:\/\/www.noticiasradioreflejos.com.ar\/2021\/wp-json\/wp\/v2\/posts\/39712","targetHints":{"allow":["GET"]}}],"collection":[{"href":"https:\/\/www.noticiasradioreflejos.com.ar\/2021\/wp-json\/wp\/v2\/posts"}],"about":[{"href":"https:\/\/www.noticiasradioreflejos.com.ar\/2021\/wp-json\/wp\/v2\/types\/post"}],"author":[{"embeddable":true,"href":"https:\/\/www.noticiasradioreflejos.com.ar\/2021\/wp-json\/wp\/v2\/users\/3"}],"replies":[{"embeddable":true,"href":"https:\/\/www.noticiasradioreflejos.com.ar\/2021\/wp-json\/wp\/v2\/comments?post=39712"}],"version-history":[{"count":0,"href":"https:\/\/www.noticiasradioreflejos.com.ar\/2021\/wp-json\/wp\/v2\/posts\/39712\/revisions"}],"wp:attachment":[{"href":"https:\/\/www.noticiasradioreflejos.com.ar\/2021\/wp-json\/wp\/v2\/media?parent=39712"}],"wp:term":[{"taxonomy":"category","embeddable":true,"href":"https:\/\/www.noticiasradioreflejos.com.ar\/2021\/wp-json\/wp\/v2\/categories?post=39712"},{"taxonomy":"post_tag","embeddable":true,"href":"https:\/\/www.noticiasradioreflejos.com.ar\/2021\/wp-json\/wp\/v2\/tags?post=39712"}],"curies":[{"name":"wp","href":"https:\/\/api.w.org\/{rel}","templated":true}]}}