{"id":39701,"date":"2020-03-19T10:48:48","date_gmt":"2020-03-19T13:48:48","guid":{"rendered":"http:\/\/www.noticiasradioreflejos.com.ar\/noticias\/?p=39701"},"modified":"2020-03-19T10:48:48","modified_gmt":"2020-03-19T13:48:48","slug":"detuvieron-al-incendiario-de-3-vehiculos-en-tornquist","status":"publish","type":"post","link":"https:\/\/www.noticiasradioreflejos.com.ar\/2021\/detuvieron-al-incendiario-de-3-vehiculos-en-tornquist\/","title":{"rendered":"Detuvieron al incendiario de 3 veh\u00edculos en Tornquist."},"content":{"rendered":"<p><a title=\"incendiario\" href=\"http:\/\/live.staticflickr.com\/65535\/49676412052_a3c600e3ee_s.jpg\" rel=\"\"><img loading=\"lazy\" decoding=\"async\" class=\"alignleft\" style=\"float: left;\" title=\"incendiario\" src=\"http:\/\/live.staticflickr.com\/65535\/49676412052_a3c600e3ee_w.jpg\" alt=\"incendiario\" width=\"325\" height=\"400\" \/><\/a>Polic\u00eda Comunal de tornquist logr\u00f3 aprehender a un hombre de 21 a\u00f1os que durante la madrugada del mi\u00e9rcoles 18 de marzo prendi\u00f3 fuego 3 veh\u00edculos en la ciudad cabecera, adem\u00e1s ampl\u00edan el informe sobre los operativos de restricci\u00f3n de ingreso a la comarca.<br \/>\nPARTE DE PRENSA<!--more--><br \/>\nLa Secretar\u00eda de Seguridad de la Municipalidad de Tornquist, lleva a conocimiento de la poblaci\u00f3n; que con fecha 18 de Marzo del corriente a\u00f1o; personal Policial de la Estaci\u00f3n Polic\u00eda Comunal Tornquist, procedi\u00f3 a la aprehensi\u00f3n del ciudadano JUAN FRANCISCO CACERES, de 21 a\u00f1os, residente en este medio, sobre quien recay\u00f3 la autor\u00eda de los hechos de incendio automotor en perjuicio de los ciudadanos Marcelo Schneider, Rub\u00e9n Dumrauf y Jos\u00e9 Luis Baier, ocurridos durante la madrugada del d\u00eda 18 de Marzo pr\u00f3ximo pasado. Intervino la Ayudant\u00eda Fiscal de Tornquist.-<\/p>\n<p>OPERATIVOS POLICIALES EN TERMINAL DE OMNIBUS Y ESTACI\u00d3N DE TREN<br \/>\nTambi\u00e9n se informa que personal policial del distrito lleva a cabo en diferentes puntos del partido Operativos Vehiculares e Identificaci\u00f3n de personas con el objeto de controlar al distrito el ingreso de diferentes turistas que pudieran haber tenido contacto con personas con s\u00edntomas compatibles con el Virus COVID-19 o bien que pudieran tener los s\u00edntomas. Dichos operativos se llevan a cabo en el periodo de cuarentena a ra\u00edz de la Emergencia Sanitaria decretada por el Gobierno Nacional y se realizaran por el lapso que dure la cuarentena decretada.-<\/p>\n<p>SECRETARIA DE SEGURIDAD \u2013 MUNICIPALIDAD DE TORNQUIST<br \/>\nMARZO 03 DE 2020.-<\/p>\n","protected":false},"excerpt":{"rendered":"<p>Polic\u00eda Comunal de tornquist logr\u00f3 aprehender a un hombre de 21 a\u00f1os que durante la madrugada del mi\u00e9rcoles 18 de marzo prendi\u00f3 fuego 3 veh\u00edculos en la ciudad cabecera, adem\u00e1s ampl\u00edan el informe sobre los operativos de restricci\u00f3n de ingreso a la comarca. PARTE DE PRENSA<\/p>\n","protected":false},"author":3,"featured_media":0,"comment_status":"closed","ping_status":"open","sticky":false,"template":"","format":"standard","meta":{"footnotes":""},"categories":[29],"tags":[],"class_list":["post-39701","post","type-post","status-publish","format-standard","hentry","category-policiales"],"yoast_head":"<!-- This site is optimized with the Yoast SEO plugin v25.9 - https:\/\/yoast.com\/wordpress\/plugins\/seo\/ -->\n<title>Detuvieron al incendiario de 3 veh\u00edculos en Tornquist. - Noticias Radio Reflejos<\/title>\n<meta name=\"robots\" content=\"index, follow, max-snippet:-1, max-image-preview:large, max-video-preview:-1\" \/>\n<link rel=\"canonical\" href=\"https:\/\/www.noticiasradioreflejos.com.ar\/2021\/detuvieron-al-incendiario-de-3-vehiculos-en-tornquist\/\" \/>\n<meta property=\"og:locale\" content=\"es_ES\" \/>\n<meta property=\"og:type\" content=\"article\" \/>\n<meta property=\"og:title\" content=\"Detuvieron al incendiario de 3 veh\u00edculos en Tornquist. - Noticias Radio Reflejos\" \/>\n<meta property=\"og:description\" content=\"Polic\u00eda Comunal de tornquist logr\u00f3 aprehender a un hombre de 21 a\u00f1os que durante la madrugada del mi\u00e9rcoles 18 de marzo prendi\u00f3 fuego 3 veh\u00edculos en la ciudad cabecera, adem\u00e1s ampl\u00edan el informe sobre los operativos de restricci\u00f3n de ingreso a la comarca. PARTE DE PRENSA\" \/>\n<meta property=\"og:url\" content=\"https:\/\/www.noticiasradioreflejos.com.ar\/2021\/detuvieron-al-incendiario-de-3-vehiculos-en-tornquist\/\" \/>\n<meta property=\"og:site_name\" content=\"Noticias Radio Reflejos\" \/>\n<meta property=\"article:published_time\" content=\"2020-03-19T13:48:48+00:00\" \/>\n<meta property=\"og:image\" content=\"http:\/\/live.staticflickr.com\/65535\/49676412052_a3c600e3ee_w.jpg\" \/>\n<meta name=\"author\" content=\"Arnaldo Botto\" \/>\n<meta name=\"twitter:card\" content=\"summary_large_image\" \/>\n<script type=\"application\/ld+json\" class=\"yoast-schema-graph\">{\"@context\":\"https:\/\/schema.org\",\"@graph\":[{\"@type\":\"WebPage\",\"@id\":\"https:\/\/www.noticiasradioreflejos.com.ar\/2021\/detuvieron-al-incendiario-de-3-vehiculos-en-tornquist\/\",\"url\":\"https:\/\/www.noticiasradioreflejos.com.ar\/2021\/detuvieron-al-incendiario-de-3-vehiculos-en-tornquist\/\",\"name\":\"Detuvieron al incendiario de 3 veh\u00edculos en Tornquist. - Noticias Radio Reflejos\",\"isPartOf\":{\"@id\":\"https:\/\/www.noticiasradioreflejos.com.ar\/2021\/#website\"},\"primaryImageOfPage\":{\"@id\":\"https:\/\/www.noticiasradioreflejos.com.ar\/2021\/detuvieron-al-incendiario-de-3-vehiculos-en-tornquist\/#primaryimage\"},\"image\":{\"@id\":\"https:\/\/www.noticiasradioreflejos.com.ar\/2021\/detuvieron-al-incendiario-de-3-vehiculos-en-tornquist\/#primaryimage\"},\"thumbnailUrl\":\"http:\/\/live.staticflickr.com\/65535\/49676412052_a3c600e3ee_w.jpg\",\"datePublished\":\"2020-03-19T13:48:48+00:00\",\"author\":{\"@id\":\"https:\/\/www.noticiasradioreflejos.com.ar\/2021\/#\/schema\/person\/ad82545263dcc5ec0996818884fd5fb1\"},\"breadcrumb\":{\"@id\":\"https:\/\/www.noticiasradioreflejos.com.ar\/2021\/detuvieron-al-incendiario-de-3-vehiculos-en-tornquist\/#breadcrumb\"},\"inLanguage\":\"es\",\"potentialAction\":[{\"@type\":\"ReadAction\",\"target\":[\"https:\/\/www.noticiasradioreflejos.com.ar\/2021\/detuvieron-al-incendiario-de-3-vehiculos-en-tornquist\/\"]}]},{\"@type\":\"ImageObject\",\"inLanguage\":\"es\",\"@id\":\"https:\/\/www.noticiasradioreflejos.com.ar\/2021\/detuvieron-al-incendiario-de-3-vehiculos-en-tornquist\/#primaryimage\",\"url\":\"http:\/\/live.staticflickr.com\/65535\/49676412052_a3c600e3ee_w.jpg\",\"contentUrl\":\"http:\/\/live.staticflickr.com\/65535\/49676412052_a3c600e3ee_w.jpg\"},{\"@type\":\"BreadcrumbList\",\"@id\":\"https:\/\/www.noticiasradioreflejos.com.ar\/2021\/detuvieron-al-incendiario-de-3-vehiculos-en-tornquist\/#breadcrumb\",\"itemListElement\":[{\"@type\":\"ListItem\",\"position\":1,\"name\":\"Portada\",\"item\":\"https:\/\/www.noticiasradioreflejos.com.ar\/2021\/\"},{\"@type\":\"ListItem\",\"position\":2,\"name\":\"Detuvieron al incendiario de 3 veh\u00edculos en Tornquist.\"}]},{\"@type\":\"WebSite\",\"@id\":\"https:\/\/www.noticiasradioreflejos.com.ar\/2021\/#website\",\"url\":\"https:\/\/www.noticiasradioreflejos.com.ar\/2021\/\",\"name\":\"Noticias Radio Reflejos\",\"description\":\"Las noticias de mi comarca\",\"potentialAction\":[{\"@type\":\"SearchAction\",\"target\":{\"@type\":\"EntryPoint\",\"urlTemplate\":\"https:\/\/www.noticiasradioreflejos.com.ar\/2021\/?s={search_term_string}\"},\"query-input\":{\"@type\":\"PropertyValueSpecification\",\"valueRequired\":true,\"valueName\":\"search_term_string\"}}],\"inLanguage\":\"es\"},{\"@type\":\"Person\",\"@id\":\"https:\/\/www.noticiasradioreflejos.com.ar\/2021\/#\/schema\/person\/ad82545263dcc5ec0996818884fd5fb1\",\"name\":\"Arnaldo Botto\",\"image\":{\"@type\":\"ImageObject\",\"inLanguage\":\"es\",\"@id\":\"https:\/\/www.noticiasradioreflejos.com.ar\/2021\/#\/schema\/person\/image\/\",\"url\":\"https:\/\/secure.gravatar.com\/avatar\/55cb5e37c1efa326397366e6974cb338056df65cb50e7d64d1cf314e87504837?s=96&d=mm&r=g\",\"contentUrl\":\"https:\/\/secure.gravatar.com\/avatar\/55cb5e37c1efa326397366e6974cb338056df65cb50e7d64d1cf314e87504837?s=96&d=mm&r=g\",\"caption\":\"Arnaldo Botto\"},\"url\":\"https:\/\/www.noticiasradioreflejos.com.ar\/2021\/author\/arnaldo\/\"}]}<\/script>\n<!-- \/ Yoast SEO plugin. -->","yoast_head_json":{"title":"Detuvieron al incendiario de 3 veh\u00edculos en Tornquist. - Noticias Radio Reflejos","robots":{"index":"index","follow":"follow","max-snippet":"max-snippet:-1","max-image-preview":"max-image-preview:large","max-video-preview":"max-video-preview:-1"},"canonical":"https:\/\/www.noticiasradioreflejos.com.ar\/2021\/detuvieron-al-incendiario-de-3-vehiculos-en-tornquist\/","og_locale":"es_ES","og_type":"article","og_title":"Detuvieron al incendiario de 3 veh\u00edculos en Tornquist. - Noticias Radio Reflejos","og_description":"Polic\u00eda Comunal de tornquist logr\u00f3 aprehender a un hombre de 21 a\u00f1os que durante la madrugada del mi\u00e9rcoles 18 de marzo prendi\u00f3 fuego 3 veh\u00edculos en la ciudad cabecera, adem\u00e1s ampl\u00edan el informe sobre los operativos de restricci\u00f3n de ingreso a la comarca. PARTE DE PRENSA","og_url":"https:\/\/www.noticiasradioreflejos.com.ar\/2021\/detuvieron-al-incendiario-de-3-vehiculos-en-tornquist\/","og_site_name":"Noticias Radio Reflejos","article_published_time":"2020-03-19T13:48:48+00:00","og_image":[{"url":"http:\/\/live.staticflickr.com\/65535\/49676412052_a3c600e3ee_w.jpg","type":"","width":"","height":""}],"author":"Arnaldo Botto","twitter_card":"summary_large_image","schema":{"@context":"https:\/\/schema.org","@graph":[{"@type":"WebPage","@id":"https:\/\/www.noticiasradioreflejos.com.ar\/2021\/detuvieron-al-incendiario-de-3-vehiculos-en-tornquist\/","url":"https:\/\/www.noticiasradioreflejos.com.ar\/2021\/detuvieron-al-incendiario-de-3-vehiculos-en-tornquist\/","name":"Detuvieron al incendiario de 3 veh\u00edculos en Tornquist. - Noticias Radio Reflejos","isPartOf":{"@id":"https:\/\/www.noticiasradioreflejos.com.ar\/2021\/#website"},"primaryImageOfPage":{"@id":"https:\/\/www.noticiasradioreflejos.com.ar\/2021\/detuvieron-al-incendiario-de-3-vehiculos-en-tornquist\/#primaryimage"},"image":{"@id":"https:\/\/www.noticiasradioreflejos.com.ar\/2021\/detuvieron-al-incendiario-de-3-vehiculos-en-tornquist\/#primaryimage"},"thumbnailUrl":"http:\/\/live.staticflickr.com\/65535\/49676412052_a3c600e3ee_w.jpg","datePublished":"2020-03-19T13:48:48+00:00","author":{"@id":"https:\/\/www.noticiasradioreflejos.com.ar\/2021\/#\/schema\/person\/ad82545263dcc5ec0996818884fd5fb1"},"breadcrumb":{"@id":"https:\/\/www.noticiasradioreflejos.com.ar\/2021\/detuvieron-al-incendiario-de-3-vehiculos-en-tornquist\/#breadcrumb"},"inLanguage":"es","potentialAction":[{"@type":"ReadAction","target":["https:\/\/www.noticiasradioreflejos.com.ar\/2021\/detuvieron-al-incendiario-de-3-vehiculos-en-tornquist\/"]}]},{"@type":"ImageObject","inLanguage":"es","@id":"https:\/\/www.noticiasradioreflejos.com.ar\/2021\/detuvieron-al-incendiario-de-3-vehiculos-en-tornquist\/#primaryimage","url":"http:\/\/live.staticflickr.com\/65535\/49676412052_a3c600e3ee_w.jpg","contentUrl":"http:\/\/live.staticflickr.com\/65535\/49676412052_a3c600e3ee_w.jpg"},{"@type":"BreadcrumbList","@id":"https:\/\/www.noticiasradioreflejos.com.ar\/2021\/detuvieron-al-incendiario-de-3-vehiculos-en-tornquist\/#breadcrumb","itemListElement":[{"@type":"ListItem","position":1,"name":"Portada","item":"https:\/\/www.noticiasradioreflejos.com.ar\/2021\/"},{"@type":"ListItem","position":2,"name":"Detuvieron al incendiario de 3 veh\u00edculos en Tornquist."}]},{"@type":"WebSite","@id":"https:\/\/www.noticiasradioreflejos.com.ar\/2021\/#website","url":"https:\/\/www.noticiasradioreflejos.com.ar\/2021\/","name":"Noticias Radio Reflejos","description":"Las noticias de mi comarca","potentialAction":[{"@type":"SearchAction","target":{"@type":"EntryPoint","urlTemplate":"https:\/\/www.noticiasradioreflejos.com.ar\/2021\/?s={search_term_string}"},"query-input":{"@type":"PropertyValueSpecification","valueRequired":true,"valueName":"search_term_string"}}],"inLanguage":"es"},{"@type":"Person","@id":"https:\/\/www.noticiasradioreflejos.com.ar\/2021\/#\/schema\/person\/ad82545263dcc5ec0996818884fd5fb1","name":"Arnaldo Botto","image":{"@type":"ImageObject","inLanguage":"es","@id":"https:\/\/www.noticiasradioreflejos.com.ar\/2021\/#\/schema\/person\/image\/","url":"https:\/\/secure.gravatar.com\/avatar\/55cb5e37c1efa326397366e6974cb338056df65cb50e7d64d1cf314e87504837?s=96&d=mm&r=g","contentUrl":"https:\/\/secure.gravatar.com\/avatar\/55cb5e37c1efa326397366e6974cb338056df65cb50e7d64d1cf314e87504837?s=96&d=mm&r=g","caption":"Arnaldo Botto"},"url":"https:\/\/www.noticiasradioreflejos.com.ar\/2021\/author\/arnaldo\/"}]}},"_links":{"self":[{"href":"https:\/\/www.noticiasradioreflejos.com.ar\/2021\/wp-json\/wp\/v2\/posts\/39701","targetHints":{"allow":["GET"]}}],"collection":[{"href":"https:\/\/www.noticiasradioreflejos.com.ar\/2021\/wp-json\/wp\/v2\/posts"}],"about":[{"href":"https:\/\/www.noticiasradioreflejos.com.ar\/2021\/wp-json\/wp\/v2\/types\/post"}],"author":[{"embeddable":true,"href":"https:\/\/www.noticiasradioreflejos.com.ar\/2021\/wp-json\/wp\/v2\/users\/3"}],"replies":[{"embeddable":true,"href":"https:\/\/www.noticiasradioreflejos.com.ar\/2021\/wp-json\/wp\/v2\/comments?post=39701"}],"version-history":[{"count":0,"href":"https:\/\/www.noticiasradioreflejos.com.ar\/2021\/wp-json\/wp\/v2\/posts\/39701\/revisions"}],"wp:attachment":[{"href":"https:\/\/www.noticiasradioreflejos.com.ar\/2021\/wp-json\/wp\/v2\/media?parent=39701"}],"wp:term":[{"taxonomy":"category","embeddable":true,"href":"https:\/\/www.noticiasradioreflejos.com.ar\/2021\/wp-json\/wp\/v2\/categories?post=39701"},{"taxonomy":"post_tag","embeddable":true,"href":"https:\/\/www.noticiasradioreflejos.com.ar\/2021\/wp-json\/wp\/v2\/tags?post=39701"}],"curies":[{"name":"wp","href":"https:\/\/api.w.org\/{rel}","templated":true}]}}