{"id":39644,"date":"2020-03-18T12:53:33","date_gmt":"2020-03-18T15:53:33","guid":{"rendered":"http:\/\/www.noticiasradioreflejos.com.ar\/noticias\/?p=39644"},"modified":"2020-03-18T12:53:33","modified_gmt":"2020-03-18T15:53:33","slug":"no-pasa-ningun-turista-extrictos-controles-en-los-accesos-a-las-localidades-de-la-comarca-nota-al-of-insp-maximiliano-fogel","status":"publish","type":"post","link":"https:\/\/www.noticiasradioreflejos.com.ar\/2021\/no-pasa-ningun-turista-extrictos-controles-en-los-accesos-a-las-localidades-de-la-comarca-nota-al-of-insp-maximiliano-fogel\/","title":{"rendered":"\u00bb No pasa ning\u00fan turista..!!\u00bb &#8211;  Extrictos controles en los accesos a las localidades de la Comarca &#8211; Nota al Of. Insp. Maximiliano Fogel"},"content":{"rendered":"<p>El Jefe de la Subcomisar\u00eda de Sierra de la Ventana Maximiliano Fogel explic\u00f3 claramente, c\u00f3mo trabajan las fuerzas de seguridad en el distrito de Tornquist para evitar que lleguen turistas a la comarca serrana.<!--more--><\/p>\n<p>\u201cCuesta un poco, pero hay muy buena predisposici\u00f3n de la mayor\u00eda de la gente, nos cost\u00f3 al principio el tema de concientizar a la ciudadan\u00eda, pero ya pr\u00e1cticamente en su totalidad entendieron que esto es lo mejor para todos, y siempre nos est\u00e1n llamando y ayudando para ver si alguna persona ingreso al pa\u00eds del extranjero, si saben de alguien que tiene alg\u00fan tipo de s\u00edntoma, desde ayer que el tel\u00e9fono no para de sonar, y por el tema de las reservas tambi\u00e9n, y si,\u00a0 hay muy buena predisposici\u00f3n. Se nota que ante este tipo de circunstancia la gente colabora y bastante\u201d.<br \/>\n\u201cPrimero que nada, el tema del colectivo, para llevarle tranquilidad a la gente, era un colectivo de unos turistas de Capital Federal, que estaban alojados en un complejo de caba\u00f1as de esta localidad, pero eran todas personas de Capital Federal, no eran extranjeros, fueron todos identificados correctamente, tanto el conductor como los pasajeros, y se los puso en conocimiento del decreto de los turistas. Los turistas que ya ingresaron hasta el d\u00eda de ayer, obviamente se quedan ac\u00e1, y tenemos un listado de ellos\u201d.<br \/>\n\u201cNosotros lo que les decimos es, no es para salir de vacaciones, no es para salir a descansar a otro lado,\u00a0 todo esto que est\u00e1 sucediendo, es para tomar los recaudos y para evitar la propagaci\u00f3n del virus y para cuidarnos entre todos, entonces la mejor forma es quedarse en casa. No es necesario venir a un lugar tur\u00edstico para estar en una casa, pueden hacer 10 mil cosas adentro de una casa, disfrutar de la familia, cosas que por ah\u00ed con la rutina uno deja de lado, y la gente que puede tiene que aprovechar y quedarse en su casa, disfrutando de sus hijos, de lo cotidiano que muchas veces lo perdemos o lo descuidamos por los temas laborales. Entonces me parece que es una muy buena manera de aprovechar esas peque\u00f1as cosas, y de paso se cuidan la salud\u201d.<\/p>\n<p><iframe loading=\"lazy\" src=\"https:\/\/www.youtube.com\/embed\/tDXJq0U39fw\" width=\"560\" height=\"315\" frameborder=\"0\" allowfullscreen=\"allowfullscreen\"><\/iframe><br \/>\n\u201cLos operativos comenzaron ayer a las 14 horas en todo el distrito, un operativo en Tornquist, en cada acceso, un operativo en Villa Ventana, un operativo en Sierra de la Ventana, y un operativo en Saldungaray. La gente que ingresa por la ruta proveniente de la ruta 51, que ingresa por el lado de Fra pal, est\u00e1 siendo interceptada por el personal de Saldungaray.<\/p>\n<p>\u00abLa gente que viene por ruta 76 y quiere ingresar a Sierra de la Ventana, los interceptamos nosotros en la casilla de vial. En el acceso de Villa Ventana va a ser interceptada por el personal de la misma. Tenemos la colaboraci\u00f3n de la patrulla rural en Saldungaray, la colaboraci\u00f3n de polic\u00eda vial en Sierra de la Ventana, y en Villa Ventana y Tornquist est\u00e1n los inspectores municipales. As\u00ed mismo, hoy casualmente terminamos de coordinar con el delegado municipal y con Sergio Dominguez el presidente de bomberos, que debido a la escasez de personal que tenemos en el distrito, en horas de la ma\u00f1ana un empleado municipal, ya a partir de hoy se acerc\u00f3 a la garita, para colaborar con esto, y a partir de las 12 del mediod\u00eda un bombero hasta las 16 horas va a estar tambi\u00e9n colaborando, en todo momento va a haber personal policial. La identificaci\u00f3n es muy sencilla, le preguntamos de donde vienen, a donde van, si pasan por la localidad y quieren seguir hacia otra localidad se les hace firmar una declaraci\u00f3n jurada, donde ellos se comprometen a lo que est\u00e1n manifestando, que van a continuar viaje por ejemplo, a la localidad de Dorrego. En el caso de que sean personas que vienen a alojarse a una casa propia, no puede ser por un alquiler, sino donde ellos tienen que poder demostrar con alguna documentaci\u00f3n, que es una vivienda propia, entonces ah\u00ed s\u00ed, se les hace firmar tambi\u00e9n una declaraci\u00f3n jurada\u201d.<br \/>\n\u201cDesde el d\u00eda de ayer el ministro de turismo y de deporte de la naci\u00f3n, sacaron un decreto que desde ayer al 31 de marzo los agentes de viajes, y establecimientos hoteleros, deber\u00e1n devolverle a los turistas la suma de dinero que dieron en concepto de reserva por alojamiento, y no se puede alojar ninguna persona que sea residente de este pa\u00eds, es decir, el hotelero o caba\u00f1ero que aloje alguna persona del d\u00eda de ayer, hasta el 31 de marzo, est\u00e1 incurriendo en un delito, por eso mismo es que se compromete a todos, se compromete el turista, como se compromete la persona que aloje al turista tambi\u00e9n. Es una resoluci\u00f3n que vino directamente de naci\u00f3n\u201d.<\/p>\n<p><iframe loading=\"lazy\" src=\"https:\/\/w.soundcloud.com\/player\/?url=https%3A\/\/api.soundcloud.com\/tracks\/778292773&amp;color=%23ff5500&amp;auto_play=false&amp;hide_related=false&amp;show_comments=true&amp;show_user=true&amp;show_reposts=false&amp;show_teaser=true\" width=\"100%\" height=\"166\" frameborder=\"no\" scrolling=\"no\"><\/iframe><\/p>\n","protected":false},"excerpt":{"rendered":"<p>El Jefe de la Subcomisar\u00eda de Sierra de la Ventana Maximiliano Fogel explic\u00f3 claramente, c\u00f3mo trabajan las fuerzas de seguridad en el distrito de Tornquist para evitar que lleguen turistas a la comarca serrana.<\/p>\n","protected":false},"author":3,"featured_media":0,"comment_status":"closed","ping_status":"open","sticky":false,"template":"","format":"standard","meta":{"footnotes":""},"categories":[29],"tags":[],"class_list":["post-39644","post","type-post","status-publish","format-standard","hentry","category-policiales"],"yoast_head":"<!-- This site is optimized with the Yoast SEO plugin v25.9 - https:\/\/yoast.com\/wordpress\/plugins\/seo\/ -->\n<title>&quot; No pasa ning\u00fan turista..!!&quot; - Extrictos controles en los accesos a las localidades de la Comarca - Nota al Of. Insp. Maximiliano Fogel - Noticias Radio Reflejos<\/title>\n<meta name=\"robots\" content=\"index, follow, max-snippet:-1, max-image-preview:large, max-video-preview:-1\" \/>\n<link rel=\"canonical\" href=\"https:\/\/www.noticiasradioreflejos.com.ar\/2021\/no-pasa-ningun-turista-extrictos-controles-en-los-accesos-a-las-localidades-de-la-comarca-nota-al-of-insp-maximiliano-fogel\/\" \/>\n<meta property=\"og:locale\" content=\"es_ES\" \/>\n<meta property=\"og:type\" content=\"article\" \/>\n<meta property=\"og:title\" content=\"&quot; No pasa ning\u00fan turista..!!&quot; - Extrictos controles en los accesos a las localidades de la Comarca - Nota al Of. Insp. Maximiliano Fogel - Noticias Radio Reflejos\" \/>\n<meta property=\"og:description\" content=\"El Jefe de la Subcomisar\u00eda de Sierra de la Ventana Maximiliano Fogel explic\u00f3 claramente, c\u00f3mo trabajan las fuerzas de seguridad en el distrito de Tornquist para evitar que lleguen turistas a la comarca serrana.\" \/>\n<meta property=\"og:url\" content=\"https:\/\/www.noticiasradioreflejos.com.ar\/2021\/no-pasa-ningun-turista-extrictos-controles-en-los-accesos-a-las-localidades-de-la-comarca-nota-al-of-insp-maximiliano-fogel\/\" \/>\n<meta property=\"og:site_name\" content=\"Noticias Radio Reflejos\" \/>\n<meta property=\"article:published_time\" content=\"2020-03-18T15:53:33+00:00\" \/>\n<meta property=\"og:image\" content=\"https:\/\/www.noticiasradioreflejos.com.ar\/2021\/wp-content\/uploads\/2021\/07\/logosol300x200.png\" \/>\n\t<meta property=\"og:image:width\" content=\"300\" \/>\n\t<meta property=\"og:image:height\" content=\"200\" \/>\n\t<meta property=\"og:image:type\" content=\"image\/png\" \/>\n<meta name=\"author\" content=\"Arnaldo Botto\" \/>\n<meta name=\"twitter:card\" content=\"summary_large_image\" \/>\n<script type=\"application\/ld+json\" class=\"yoast-schema-graph\">{\"@context\":\"https:\/\/schema.org\",\"@graph\":[{\"@type\":\"WebPage\",\"@id\":\"https:\/\/www.noticiasradioreflejos.com.ar\/2021\/no-pasa-ningun-turista-extrictos-controles-en-los-accesos-a-las-localidades-de-la-comarca-nota-al-of-insp-maximiliano-fogel\/\",\"url\":\"https:\/\/www.noticiasradioreflejos.com.ar\/2021\/no-pasa-ningun-turista-extrictos-controles-en-los-accesos-a-las-localidades-de-la-comarca-nota-al-of-insp-maximiliano-fogel\/\",\"name\":\"\\\" No pasa ning\u00fan turista..!!\\\" - Extrictos controles en los accesos a las localidades de la Comarca - Nota al Of. Insp. Maximiliano Fogel - Noticias Radio Reflejos\",\"isPartOf\":{\"@id\":\"https:\/\/www.noticiasradioreflejos.com.ar\/2021\/#website\"},\"datePublished\":\"2020-03-18T15:53:33+00:00\",\"author\":{\"@id\":\"https:\/\/www.noticiasradioreflejos.com.ar\/2021\/#\/schema\/person\/ad82545263dcc5ec0996818884fd5fb1\"},\"breadcrumb\":{\"@id\":\"https:\/\/www.noticiasradioreflejos.com.ar\/2021\/no-pasa-ningun-turista-extrictos-controles-en-los-accesos-a-las-localidades-de-la-comarca-nota-al-of-insp-maximiliano-fogel\/#breadcrumb\"},\"inLanguage\":\"es\",\"potentialAction\":[{\"@type\":\"ReadAction\",\"target\":[\"https:\/\/www.noticiasradioreflejos.com.ar\/2021\/no-pasa-ningun-turista-extrictos-controles-en-los-accesos-a-las-localidades-de-la-comarca-nota-al-of-insp-maximiliano-fogel\/\"]}]},{\"@type\":\"BreadcrumbList\",\"@id\":\"https:\/\/www.noticiasradioreflejos.com.ar\/2021\/no-pasa-ningun-turista-extrictos-controles-en-los-accesos-a-las-localidades-de-la-comarca-nota-al-of-insp-maximiliano-fogel\/#breadcrumb\",\"itemListElement\":[{\"@type\":\"ListItem\",\"position\":1,\"name\":\"Portada\",\"item\":\"https:\/\/www.noticiasradioreflejos.com.ar\/2021\/\"},{\"@type\":\"ListItem\",\"position\":2,\"name\":\"\u00bb No pasa ning\u00fan turista..!!\u00bb &#8211; Extrictos controles en los accesos a las localidades de la Comarca &#8211; Nota al Of. Insp. Maximiliano Fogel\"}]},{\"@type\":\"WebSite\",\"@id\":\"https:\/\/www.noticiasradioreflejos.com.ar\/2021\/#website\",\"url\":\"https:\/\/www.noticiasradioreflejos.com.ar\/2021\/\",\"name\":\"Noticias Radio Reflejos\",\"description\":\"Las noticias de mi comarca\",\"potentialAction\":[{\"@type\":\"SearchAction\",\"target\":{\"@type\":\"EntryPoint\",\"urlTemplate\":\"https:\/\/www.noticiasradioreflejos.com.ar\/2021\/?s={search_term_string}\"},\"query-input\":{\"@type\":\"PropertyValueSpecification\",\"valueRequired\":true,\"valueName\":\"search_term_string\"}}],\"inLanguage\":\"es\"},{\"@type\":\"Person\",\"@id\":\"https:\/\/www.noticiasradioreflejos.com.ar\/2021\/#\/schema\/person\/ad82545263dcc5ec0996818884fd5fb1\",\"name\":\"Arnaldo Botto\",\"image\":{\"@type\":\"ImageObject\",\"inLanguage\":\"es\",\"@id\":\"https:\/\/www.noticiasradioreflejos.com.ar\/2021\/#\/schema\/person\/image\/\",\"url\":\"https:\/\/secure.gravatar.com\/avatar\/55cb5e37c1efa326397366e6974cb338056df65cb50e7d64d1cf314e87504837?s=96&d=mm&r=g\",\"contentUrl\":\"https:\/\/secure.gravatar.com\/avatar\/55cb5e37c1efa326397366e6974cb338056df65cb50e7d64d1cf314e87504837?s=96&d=mm&r=g\",\"caption\":\"Arnaldo Botto\"},\"url\":\"https:\/\/www.noticiasradioreflejos.com.ar\/2021\/author\/arnaldo\/\"}]}<\/script>\n<!-- \/ Yoast SEO plugin. -->","yoast_head_json":{"title":"\" No pasa ning\u00fan turista..!!\" - Extrictos controles en los accesos a las localidades de la Comarca - Nota al Of. Insp. Maximiliano Fogel - Noticias Radio Reflejos","robots":{"index":"index","follow":"follow","max-snippet":"max-snippet:-1","max-image-preview":"max-image-preview:large","max-video-preview":"max-video-preview:-1"},"canonical":"https:\/\/www.noticiasradioreflejos.com.ar\/2021\/no-pasa-ningun-turista-extrictos-controles-en-los-accesos-a-las-localidades-de-la-comarca-nota-al-of-insp-maximiliano-fogel\/","og_locale":"es_ES","og_type":"article","og_title":"\" No pasa ning\u00fan turista..!!\" - Extrictos controles en los accesos a las localidades de la Comarca - Nota al Of. Insp. Maximiliano Fogel - Noticias Radio Reflejos","og_description":"El Jefe de la Subcomisar\u00eda de Sierra de la Ventana Maximiliano Fogel explic\u00f3 claramente, c\u00f3mo trabajan las fuerzas de seguridad en el distrito de Tornquist para evitar que lleguen turistas a la comarca serrana.","og_url":"https:\/\/www.noticiasradioreflejos.com.ar\/2021\/no-pasa-ningun-turista-extrictos-controles-en-los-accesos-a-las-localidades-de-la-comarca-nota-al-of-insp-maximiliano-fogel\/","og_site_name":"Noticias Radio Reflejos","article_published_time":"2020-03-18T15:53:33+00:00","og_image":[{"width":300,"height":200,"url":"https:\/\/www.noticiasradioreflejos.com.ar\/2021\/wp-content\/uploads\/2021\/07\/logosol300x200.png","type":"image\/png"}],"author":"Arnaldo Botto","twitter_card":"summary_large_image","schema":{"@context":"https:\/\/schema.org","@graph":[{"@type":"WebPage","@id":"https:\/\/www.noticiasradioreflejos.com.ar\/2021\/no-pasa-ningun-turista-extrictos-controles-en-los-accesos-a-las-localidades-de-la-comarca-nota-al-of-insp-maximiliano-fogel\/","url":"https:\/\/www.noticiasradioreflejos.com.ar\/2021\/no-pasa-ningun-turista-extrictos-controles-en-los-accesos-a-las-localidades-de-la-comarca-nota-al-of-insp-maximiliano-fogel\/","name":"\" No pasa ning\u00fan turista..!!\" - Extrictos controles en los accesos a las localidades de la Comarca - Nota al Of. Insp. Maximiliano Fogel - Noticias Radio Reflejos","isPartOf":{"@id":"https:\/\/www.noticiasradioreflejos.com.ar\/2021\/#website"},"datePublished":"2020-03-18T15:53:33+00:00","author":{"@id":"https:\/\/www.noticiasradioreflejos.com.ar\/2021\/#\/schema\/person\/ad82545263dcc5ec0996818884fd5fb1"},"breadcrumb":{"@id":"https:\/\/www.noticiasradioreflejos.com.ar\/2021\/no-pasa-ningun-turista-extrictos-controles-en-los-accesos-a-las-localidades-de-la-comarca-nota-al-of-insp-maximiliano-fogel\/#breadcrumb"},"inLanguage":"es","potentialAction":[{"@type":"ReadAction","target":["https:\/\/www.noticiasradioreflejos.com.ar\/2021\/no-pasa-ningun-turista-extrictos-controles-en-los-accesos-a-las-localidades-de-la-comarca-nota-al-of-insp-maximiliano-fogel\/"]}]},{"@type":"BreadcrumbList","@id":"https:\/\/www.noticiasradioreflejos.com.ar\/2021\/no-pasa-ningun-turista-extrictos-controles-en-los-accesos-a-las-localidades-de-la-comarca-nota-al-of-insp-maximiliano-fogel\/#breadcrumb","itemListElement":[{"@type":"ListItem","position":1,"name":"Portada","item":"https:\/\/www.noticiasradioreflejos.com.ar\/2021\/"},{"@type":"ListItem","position":2,"name":"\u00bb No pasa ning\u00fan turista..!!\u00bb &#8211; Extrictos controles en los accesos a las localidades de la Comarca &#8211; Nota al Of. Insp. Maximiliano Fogel"}]},{"@type":"WebSite","@id":"https:\/\/www.noticiasradioreflejos.com.ar\/2021\/#website","url":"https:\/\/www.noticiasradioreflejos.com.ar\/2021\/","name":"Noticias Radio Reflejos","description":"Las noticias de mi comarca","potentialAction":[{"@type":"SearchAction","target":{"@type":"EntryPoint","urlTemplate":"https:\/\/www.noticiasradioreflejos.com.ar\/2021\/?s={search_term_string}"},"query-input":{"@type":"PropertyValueSpecification","valueRequired":true,"valueName":"search_term_string"}}],"inLanguage":"es"},{"@type":"Person","@id":"https:\/\/www.noticiasradioreflejos.com.ar\/2021\/#\/schema\/person\/ad82545263dcc5ec0996818884fd5fb1","name":"Arnaldo Botto","image":{"@type":"ImageObject","inLanguage":"es","@id":"https:\/\/www.noticiasradioreflejos.com.ar\/2021\/#\/schema\/person\/image\/","url":"https:\/\/secure.gravatar.com\/avatar\/55cb5e37c1efa326397366e6974cb338056df65cb50e7d64d1cf314e87504837?s=96&d=mm&r=g","contentUrl":"https:\/\/secure.gravatar.com\/avatar\/55cb5e37c1efa326397366e6974cb338056df65cb50e7d64d1cf314e87504837?s=96&d=mm&r=g","caption":"Arnaldo Botto"},"url":"https:\/\/www.noticiasradioreflejos.com.ar\/2021\/author\/arnaldo\/"}]}},"_links":{"self":[{"href":"https:\/\/www.noticiasradioreflejos.com.ar\/2021\/wp-json\/wp\/v2\/posts\/39644","targetHints":{"allow":["GET"]}}],"collection":[{"href":"https:\/\/www.noticiasradioreflejos.com.ar\/2021\/wp-json\/wp\/v2\/posts"}],"about":[{"href":"https:\/\/www.noticiasradioreflejos.com.ar\/2021\/wp-json\/wp\/v2\/types\/post"}],"author":[{"embeddable":true,"href":"https:\/\/www.noticiasradioreflejos.com.ar\/2021\/wp-json\/wp\/v2\/users\/3"}],"replies":[{"embeddable":true,"href":"https:\/\/www.noticiasradioreflejos.com.ar\/2021\/wp-json\/wp\/v2\/comments?post=39644"}],"version-history":[{"count":0,"href":"https:\/\/www.noticiasradioreflejos.com.ar\/2021\/wp-json\/wp\/v2\/posts\/39644\/revisions"}],"wp:attachment":[{"href":"https:\/\/www.noticiasradioreflejos.com.ar\/2021\/wp-json\/wp\/v2\/media?parent=39644"}],"wp:term":[{"taxonomy":"category","embeddable":true,"href":"https:\/\/www.noticiasradioreflejos.com.ar\/2021\/wp-json\/wp\/v2\/categories?post=39644"},{"taxonomy":"post_tag","embeddable":true,"href":"https:\/\/www.noticiasradioreflejos.com.ar\/2021\/wp-json\/wp\/v2\/tags?post=39644"}],"curies":[{"name":"wp","href":"https:\/\/api.w.org\/{rel}","templated":true}]}}