{"id":39642,"date":"2020-03-18T08:31:47","date_gmt":"2020-03-18T11:31:47","guid":{"rendered":"http:\/\/www.noticiasradioreflejos.com.ar\/noticias\/?p=39642"},"modified":"2020-03-18T08:31:47","modified_gmt":"2020-03-18T11:31:47","slug":"afip-dispuso-una-feria-fiscal-que-extiende-plazos-para-responder-procedimientos-administrativos","status":"publish","type":"post","link":"https:\/\/www.noticiasradioreflejos.com.ar\/2021\/afip-dispuso-una-feria-fiscal-que-extiende-plazos-para-responder-procedimientos-administrativos\/","title":{"rendered":"Afip dispuso una feria fiscal que extiende plazos para responder procedimientos administrativos"},"content":{"rendered":"<p>La Administraci\u00f3n Federal de Ingresos P\u00fablicos (AFIP) dispuso una feria fiscal. La normativa suspende entre los d\u00edas 18 y 31 de marzo el c\u00f3mputo de los plazos vigentes para los contribuyentes en distintos procedimientos administrativos como determinaciones de oficio, sumarios, multas, descargos, clausuras, intimaciones de pago y requerimientos de fiscalizaci\u00f3n, entre otros.<!--more--><\/p>\n<p>La medida no implica ninguna modificaci\u00f3n ni pr\u00f3rroga sobre los vencimientos de impuestos.<\/p>\n<p>Una feria fiscal consiste en la extensi\u00f3n de todos los plazos procedimentales en materia impositiva, aduanera y de la seguridad social. A lo largo del per\u00edodo definido en la normativa no se suspenden las acciones de la AFIP. El organismo podr\u00e1 notificar, dictar actos administrativos, imponer multas y realizar operativos, entre otros procedimientos. No obstante, durante la vigencia de la feria fiscal quedan en suspenso el c\u00f3mputo de los plazos que rigen para la respuesta de los contribuyentes a esos requerimientos.<\/p>\n<p>La decisi\u00f3n de la AFIP est\u00e1 alineada con lo definido por la Corte Suprema de Justicia de la Naci\u00f3n, que declar\u00f3 inh\u00e1biles del 16 al 31 de marzo las actuaciones judiciales ante todos los tribunales con el objetivo de reducir el riesgo de contagio e impedir la propagaci\u00f3n del coronavirus (COVID 19).<\/p>\n","protected":false},"excerpt":{"rendered":"<p>La Administraci\u00f3n Federal de Ingresos P\u00fablicos (AFIP) dispuso una feria fiscal. La normativa suspende entre los d\u00edas 18 y 31 de marzo el c\u00f3mputo de los plazos vigentes para los contribuyentes en distintos procedimientos administrativos como determinaciones de oficio, sumarios, multas, descargos, clausuras, intimaciones de pago y requerimientos de fiscalizaci\u00f3n, entre otros.<\/p>\n","protected":false},"author":3,"featured_media":39606,"comment_status":"closed","ping_status":"open","sticky":false,"template":"","format":"standard","meta":{"footnotes":""},"categories":[36],"tags":[],"class_list":["post-39642","post","type-post","status-publish","format-standard","has-post-thumbnail","hentry","category-economia"],"yoast_head":"<!-- This site is optimized with the Yoast SEO plugin v25.9 - https:\/\/yoast.com\/wordpress\/plugins\/seo\/ -->\n<title>Afip dispuso una feria fiscal que extiende plazos para responder procedimientos administrativos - Noticias Radio Reflejos<\/title>\n<meta name=\"robots\" content=\"index, follow, max-snippet:-1, max-image-preview:large, max-video-preview:-1\" \/>\n<link rel=\"canonical\" href=\"https:\/\/www.noticiasradioreflejos.com.ar\/2021\/afip-dispuso-una-feria-fiscal-que-extiende-plazos-para-responder-procedimientos-administrativos\/\" \/>\n<meta property=\"og:locale\" content=\"es_ES\" \/>\n<meta property=\"og:type\" content=\"article\" \/>\n<meta property=\"og:title\" content=\"Afip dispuso una feria fiscal que extiende plazos para responder procedimientos administrativos - Noticias Radio Reflejos\" \/>\n<meta property=\"og:description\" content=\"La Administraci\u00f3n Federal de Ingresos P\u00fablicos (AFIP) dispuso una feria fiscal. La normativa suspende entre los d\u00edas 18 y 31 de marzo el c\u00f3mputo de los plazos vigentes para los contribuyentes en distintos procedimientos administrativos como determinaciones de oficio, sumarios, multas, descargos, clausuras, intimaciones de pago y requerimientos de fiscalizaci\u00f3n, entre otros.\" \/>\n<meta property=\"og:url\" content=\"https:\/\/www.noticiasradioreflejos.com.ar\/2021\/afip-dispuso-una-feria-fiscal-que-extiende-plazos-para-responder-procedimientos-administrativos\/\" \/>\n<meta property=\"og:site_name\" content=\"Noticias Radio Reflejos\" \/>\n<meta property=\"article:published_time\" content=\"2020-03-18T11:31:47+00:00\" \/>\n<meta property=\"og:image\" content=\"https:\/\/www.noticiasradioreflejos.com.ar\/2021\/wp-content\/uploads\/2020\/03\/AFIP.jpg\" \/>\n\t<meta property=\"og:image:width\" content=\"780\" \/>\n\t<meta property=\"og:image:height\" content=\"300\" \/>\n\t<meta property=\"og:image:type\" content=\"image\/jpeg\" \/>\n<meta name=\"author\" content=\"Arnaldo Botto\" \/>\n<meta name=\"twitter:card\" content=\"summary_large_image\" \/>\n<script type=\"application\/ld+json\" class=\"yoast-schema-graph\">{\"@context\":\"https:\/\/schema.org\",\"@graph\":[{\"@type\":\"WebPage\",\"@id\":\"https:\/\/www.noticiasradioreflejos.com.ar\/2021\/afip-dispuso-una-feria-fiscal-que-extiende-plazos-para-responder-procedimientos-administrativos\/\",\"url\":\"https:\/\/www.noticiasradioreflejos.com.ar\/2021\/afip-dispuso-una-feria-fiscal-que-extiende-plazos-para-responder-procedimientos-administrativos\/\",\"name\":\"Afip dispuso una feria fiscal que extiende plazos para responder procedimientos administrativos - Noticias Radio Reflejos\",\"isPartOf\":{\"@id\":\"https:\/\/www.noticiasradioreflejos.com.ar\/2021\/#website\"},\"primaryImageOfPage\":{\"@id\":\"https:\/\/www.noticiasradioreflejos.com.ar\/2021\/afip-dispuso-una-feria-fiscal-que-extiende-plazos-para-responder-procedimientos-administrativos\/#primaryimage\"},\"image\":{\"@id\":\"https:\/\/www.noticiasradioreflejos.com.ar\/2021\/afip-dispuso-una-feria-fiscal-que-extiende-plazos-para-responder-procedimientos-administrativos\/#primaryimage\"},\"thumbnailUrl\":\"https:\/\/www.noticiasradioreflejos.com.ar\/2021\/wp-content\/uploads\/2020\/03\/AFIP.jpg\",\"datePublished\":\"2020-03-18T11:31:47+00:00\",\"author\":{\"@id\":\"https:\/\/www.noticiasradioreflejos.com.ar\/2021\/#\/schema\/person\/ad82545263dcc5ec0996818884fd5fb1\"},\"breadcrumb\":{\"@id\":\"https:\/\/www.noticiasradioreflejos.com.ar\/2021\/afip-dispuso-una-feria-fiscal-que-extiende-plazos-para-responder-procedimientos-administrativos\/#breadcrumb\"},\"inLanguage\":\"es\",\"potentialAction\":[{\"@type\":\"ReadAction\",\"target\":[\"https:\/\/www.noticiasradioreflejos.com.ar\/2021\/afip-dispuso-una-feria-fiscal-que-extiende-plazos-para-responder-procedimientos-administrativos\/\"]}]},{\"@type\":\"ImageObject\",\"inLanguage\":\"es\",\"@id\":\"https:\/\/www.noticiasradioreflejos.com.ar\/2021\/afip-dispuso-una-feria-fiscal-que-extiende-plazos-para-responder-procedimientos-administrativos\/#primaryimage\",\"url\":\"https:\/\/www.noticiasradioreflejos.com.ar\/2021\/wp-content\/uploads\/2020\/03\/AFIP.jpg\",\"contentUrl\":\"https:\/\/www.noticiasradioreflejos.com.ar\/2021\/wp-content\/uploads\/2020\/03\/AFIP.jpg\",\"width\":780,\"height\":300},{\"@type\":\"BreadcrumbList\",\"@id\":\"https:\/\/www.noticiasradioreflejos.com.ar\/2021\/afip-dispuso-una-feria-fiscal-que-extiende-plazos-para-responder-procedimientos-administrativos\/#breadcrumb\",\"itemListElement\":[{\"@type\":\"ListItem\",\"position\":1,\"name\":\"Portada\",\"item\":\"https:\/\/www.noticiasradioreflejos.com.ar\/2021\/\"},{\"@type\":\"ListItem\",\"position\":2,\"name\":\"Afip dispuso una feria fiscal que extiende plazos para responder procedimientos administrativos\"}]},{\"@type\":\"WebSite\",\"@id\":\"https:\/\/www.noticiasradioreflejos.com.ar\/2021\/#website\",\"url\":\"https:\/\/www.noticiasradioreflejos.com.ar\/2021\/\",\"name\":\"Noticias Radio Reflejos\",\"description\":\"Las noticias de mi comarca\",\"potentialAction\":[{\"@type\":\"SearchAction\",\"target\":{\"@type\":\"EntryPoint\",\"urlTemplate\":\"https:\/\/www.noticiasradioreflejos.com.ar\/2021\/?s={search_term_string}\"},\"query-input\":{\"@type\":\"PropertyValueSpecification\",\"valueRequired\":true,\"valueName\":\"search_term_string\"}}],\"inLanguage\":\"es\"},{\"@type\":\"Person\",\"@id\":\"https:\/\/www.noticiasradioreflejos.com.ar\/2021\/#\/schema\/person\/ad82545263dcc5ec0996818884fd5fb1\",\"name\":\"Arnaldo Botto\",\"image\":{\"@type\":\"ImageObject\",\"inLanguage\":\"es\",\"@id\":\"https:\/\/www.noticiasradioreflejos.com.ar\/2021\/#\/schema\/person\/image\/\",\"url\":\"https:\/\/secure.gravatar.com\/avatar\/55cb5e37c1efa326397366e6974cb338056df65cb50e7d64d1cf314e87504837?s=96&d=mm&r=g\",\"contentUrl\":\"https:\/\/secure.gravatar.com\/avatar\/55cb5e37c1efa326397366e6974cb338056df65cb50e7d64d1cf314e87504837?s=96&d=mm&r=g\",\"caption\":\"Arnaldo Botto\"},\"url\":\"https:\/\/www.noticiasradioreflejos.com.ar\/2021\/author\/arnaldo\/\"}]}<\/script>\n<!-- \/ Yoast SEO plugin. -->","yoast_head_json":{"title":"Afip dispuso una feria fiscal que extiende plazos para responder procedimientos administrativos - Noticias Radio Reflejos","robots":{"index":"index","follow":"follow","max-snippet":"max-snippet:-1","max-image-preview":"max-image-preview:large","max-video-preview":"max-video-preview:-1"},"canonical":"https:\/\/www.noticiasradioreflejos.com.ar\/2021\/afip-dispuso-una-feria-fiscal-que-extiende-plazos-para-responder-procedimientos-administrativos\/","og_locale":"es_ES","og_type":"article","og_title":"Afip dispuso una feria fiscal que extiende plazos para responder procedimientos administrativos - Noticias Radio Reflejos","og_description":"La Administraci\u00f3n Federal de Ingresos P\u00fablicos (AFIP) dispuso una feria fiscal. La normativa suspende entre los d\u00edas 18 y 31 de marzo el c\u00f3mputo de los plazos vigentes para los contribuyentes en distintos procedimientos administrativos como determinaciones de oficio, sumarios, multas, descargos, clausuras, intimaciones de pago y requerimientos de fiscalizaci\u00f3n, entre otros.","og_url":"https:\/\/www.noticiasradioreflejos.com.ar\/2021\/afip-dispuso-una-feria-fiscal-que-extiende-plazos-para-responder-procedimientos-administrativos\/","og_site_name":"Noticias Radio Reflejos","article_published_time":"2020-03-18T11:31:47+00:00","og_image":[{"width":780,"height":300,"url":"https:\/\/www.noticiasradioreflejos.com.ar\/2021\/wp-content\/uploads\/2020\/03\/AFIP.jpg","type":"image\/jpeg"}],"author":"Arnaldo Botto","twitter_card":"summary_large_image","schema":{"@context":"https:\/\/schema.org","@graph":[{"@type":"WebPage","@id":"https:\/\/www.noticiasradioreflejos.com.ar\/2021\/afip-dispuso-una-feria-fiscal-que-extiende-plazos-para-responder-procedimientos-administrativos\/","url":"https:\/\/www.noticiasradioreflejos.com.ar\/2021\/afip-dispuso-una-feria-fiscal-que-extiende-plazos-para-responder-procedimientos-administrativos\/","name":"Afip dispuso una feria fiscal que extiende plazos para responder procedimientos administrativos - Noticias Radio Reflejos","isPartOf":{"@id":"https:\/\/www.noticiasradioreflejos.com.ar\/2021\/#website"},"primaryImageOfPage":{"@id":"https:\/\/www.noticiasradioreflejos.com.ar\/2021\/afip-dispuso-una-feria-fiscal-que-extiende-plazos-para-responder-procedimientos-administrativos\/#primaryimage"},"image":{"@id":"https:\/\/www.noticiasradioreflejos.com.ar\/2021\/afip-dispuso-una-feria-fiscal-que-extiende-plazos-para-responder-procedimientos-administrativos\/#primaryimage"},"thumbnailUrl":"https:\/\/www.noticiasradioreflejos.com.ar\/2021\/wp-content\/uploads\/2020\/03\/AFIP.jpg","datePublished":"2020-03-18T11:31:47+00:00","author":{"@id":"https:\/\/www.noticiasradioreflejos.com.ar\/2021\/#\/schema\/person\/ad82545263dcc5ec0996818884fd5fb1"},"breadcrumb":{"@id":"https:\/\/www.noticiasradioreflejos.com.ar\/2021\/afip-dispuso-una-feria-fiscal-que-extiende-plazos-para-responder-procedimientos-administrativos\/#breadcrumb"},"inLanguage":"es","potentialAction":[{"@type":"ReadAction","target":["https:\/\/www.noticiasradioreflejos.com.ar\/2021\/afip-dispuso-una-feria-fiscal-que-extiende-plazos-para-responder-procedimientos-administrativos\/"]}]},{"@type":"ImageObject","inLanguage":"es","@id":"https:\/\/www.noticiasradioreflejos.com.ar\/2021\/afip-dispuso-una-feria-fiscal-que-extiende-plazos-para-responder-procedimientos-administrativos\/#primaryimage","url":"https:\/\/www.noticiasradioreflejos.com.ar\/2021\/wp-content\/uploads\/2020\/03\/AFIP.jpg","contentUrl":"https:\/\/www.noticiasradioreflejos.com.ar\/2021\/wp-content\/uploads\/2020\/03\/AFIP.jpg","width":780,"height":300},{"@type":"BreadcrumbList","@id":"https:\/\/www.noticiasradioreflejos.com.ar\/2021\/afip-dispuso-una-feria-fiscal-que-extiende-plazos-para-responder-procedimientos-administrativos\/#breadcrumb","itemListElement":[{"@type":"ListItem","position":1,"name":"Portada","item":"https:\/\/www.noticiasradioreflejos.com.ar\/2021\/"},{"@type":"ListItem","position":2,"name":"Afip dispuso una feria fiscal que extiende plazos para responder procedimientos administrativos"}]},{"@type":"WebSite","@id":"https:\/\/www.noticiasradioreflejos.com.ar\/2021\/#website","url":"https:\/\/www.noticiasradioreflejos.com.ar\/2021\/","name":"Noticias Radio Reflejos","description":"Las noticias de mi comarca","potentialAction":[{"@type":"SearchAction","target":{"@type":"EntryPoint","urlTemplate":"https:\/\/www.noticiasradioreflejos.com.ar\/2021\/?s={search_term_string}"},"query-input":{"@type":"PropertyValueSpecification","valueRequired":true,"valueName":"search_term_string"}}],"inLanguage":"es"},{"@type":"Person","@id":"https:\/\/www.noticiasradioreflejos.com.ar\/2021\/#\/schema\/person\/ad82545263dcc5ec0996818884fd5fb1","name":"Arnaldo Botto","image":{"@type":"ImageObject","inLanguage":"es","@id":"https:\/\/www.noticiasradioreflejos.com.ar\/2021\/#\/schema\/person\/image\/","url":"https:\/\/secure.gravatar.com\/avatar\/55cb5e37c1efa326397366e6974cb338056df65cb50e7d64d1cf314e87504837?s=96&d=mm&r=g","contentUrl":"https:\/\/secure.gravatar.com\/avatar\/55cb5e37c1efa326397366e6974cb338056df65cb50e7d64d1cf314e87504837?s=96&d=mm&r=g","caption":"Arnaldo Botto"},"url":"https:\/\/www.noticiasradioreflejos.com.ar\/2021\/author\/arnaldo\/"}]}},"_links":{"self":[{"href":"https:\/\/www.noticiasradioreflejos.com.ar\/2021\/wp-json\/wp\/v2\/posts\/39642","targetHints":{"allow":["GET"]}}],"collection":[{"href":"https:\/\/www.noticiasradioreflejos.com.ar\/2021\/wp-json\/wp\/v2\/posts"}],"about":[{"href":"https:\/\/www.noticiasradioreflejos.com.ar\/2021\/wp-json\/wp\/v2\/types\/post"}],"author":[{"embeddable":true,"href":"https:\/\/www.noticiasradioreflejos.com.ar\/2021\/wp-json\/wp\/v2\/users\/3"}],"replies":[{"embeddable":true,"href":"https:\/\/www.noticiasradioreflejos.com.ar\/2021\/wp-json\/wp\/v2\/comments?post=39642"}],"version-history":[{"count":0,"href":"https:\/\/www.noticiasradioreflejos.com.ar\/2021\/wp-json\/wp\/v2\/posts\/39642\/revisions"}],"wp:featuredmedia":[{"embeddable":true,"href":"https:\/\/www.noticiasradioreflejos.com.ar\/2021\/wp-json\/wp\/v2\/media\/39606"}],"wp:attachment":[{"href":"https:\/\/www.noticiasradioreflejos.com.ar\/2021\/wp-json\/wp\/v2\/media?parent=39642"}],"wp:term":[{"taxonomy":"category","embeddable":true,"href":"https:\/\/www.noticiasradioreflejos.com.ar\/2021\/wp-json\/wp\/v2\/categories?post=39642"},{"taxonomy":"post_tag","embeddable":true,"href":"https:\/\/www.noticiasradioreflejos.com.ar\/2021\/wp-json\/wp\/v2\/tags?post=39642"}],"curies":[{"name":"wp","href":"https:\/\/api.w.org\/{rel}","templated":true}]}}