{"id":39640,"date":"2020-03-18T08:24:17","date_gmt":"2020-03-18T11:24:17","guid":{"rendered":"http:\/\/www.noticiasradioreflejos.com.ar\/noticias\/?p=39640"},"modified":"2020-03-18T08:24:17","modified_gmt":"2020-03-18T11:24:17","slug":"corralon-de-materiales-peter-schumacher-cerro-sus-puertas-por-prevencion","status":"publish","type":"post","link":"https:\/\/www.noticiasradioreflejos.com.ar\/2021\/corralon-de-materiales-peter-schumacher-cerro-sus-puertas-por-prevencion\/","title":{"rendered":"Corral\u00f3n de Materiales Peter Schumacher cerr\u00f3 sus puertas por prevenci\u00f3n."},"content":{"rendered":"<p>Comunicamos por este medio que permaneceremos cerrados hasta el 31 de marzo. No se despachar\u00e1 mercader\u00eda ni en el negocio ni repartos a obra. Hasta este jueves incluido trataremos de cumplir con todos los compromisos asumidos previamente llevando a obra todos los pedidos. CUID\u00c9MONOS ENTRE TODOS \u201cCorral\u00f3n Peter Schumacher\u201d<\/p>\n","protected":false},"excerpt":{"rendered":"<p>Comunicamos por este medio que permaneceremos cerrados hasta el 31 de marzo. No se despachar\u00e1 mercader\u00eda ni en el negocio ni repartos a obra. Hasta este jueves incluido trataremos de cumplir con todos los compromisos asumidos previamente llevando a obra todos los pedidos. CUID\u00c9MONOS ENTRE TODOS \u201cCorral\u00f3n Peter Schumacher\u201d<\/p>\n","protected":false},"author":3,"featured_media":33266,"comment_status":"closed","ping_status":"open","sticky":false,"template":"","format":"standard","meta":{"footnotes":""},"categories":[26],"tags":[],"class_list":["post-39640","post","type-post","status-publish","format-standard","has-post-thumbnail","hentry","category-sociedad"],"yoast_head":"<!-- This site is optimized with the Yoast SEO plugin v25.9 - https:\/\/yoast.com\/wordpress\/plugins\/seo\/ -->\n<title>Corral\u00f3n de Materiales Peter Schumacher cerr\u00f3 sus puertas por prevenci\u00f3n. - Noticias Radio Reflejos<\/title>\n<meta name=\"robots\" content=\"index, follow, max-snippet:-1, max-image-preview:large, max-video-preview:-1\" \/>\n<link rel=\"canonical\" href=\"https:\/\/www.noticiasradioreflejos.com.ar\/2021\/corralon-de-materiales-peter-schumacher-cerro-sus-puertas-por-prevencion\/\" \/>\n<meta property=\"og:locale\" content=\"es_ES\" \/>\n<meta property=\"og:type\" content=\"article\" \/>\n<meta property=\"og:title\" content=\"Corral\u00f3n de Materiales Peter Schumacher cerr\u00f3 sus puertas por prevenci\u00f3n. - Noticias Radio Reflejos\" \/>\n<meta property=\"og:description\" content=\"Comunicamos por este medio que permaneceremos cerrados hasta el 31 de marzo. No se despachar\u00e1 mercader\u00eda ni en el negocio ni repartos a obra. Hasta este jueves incluido trataremos de cumplir con todos los compromisos asumidos previamente llevando a obra todos los pedidos. CUID\u00c9MONOS ENTRE TODOS \u201cCorral\u00f3n Peter Schumacher\u201d\" \/>\n<meta property=\"og:url\" content=\"https:\/\/www.noticiasradioreflejos.com.ar\/2021\/corralon-de-materiales-peter-schumacher-cerro-sus-puertas-por-prevencion\/\" \/>\n<meta property=\"og:site_name\" content=\"Noticias Radio Reflejos\" \/>\n<meta property=\"article:published_time\" content=\"2020-03-18T11:24:17+00:00\" \/>\n<meta property=\"og:image\" content=\"https:\/\/www.noticiasradioreflejos.com.ar\/2021\/wp-content\/uploads\/2019\/07\/peter.jpg\" \/>\n\t<meta property=\"og:image:width\" content=\"960\" \/>\n\t<meta property=\"og:image:height\" content=\"720\" \/>\n\t<meta property=\"og:image:type\" content=\"image\/jpeg\" \/>\n<meta name=\"author\" content=\"Arnaldo Botto\" \/>\n<meta name=\"twitter:card\" content=\"summary_large_image\" \/>\n<script type=\"application\/ld+json\" class=\"yoast-schema-graph\">{\"@context\":\"https:\/\/schema.org\",\"@graph\":[{\"@type\":\"WebPage\",\"@id\":\"https:\/\/www.noticiasradioreflejos.com.ar\/2021\/corralon-de-materiales-peter-schumacher-cerro-sus-puertas-por-prevencion\/\",\"url\":\"https:\/\/www.noticiasradioreflejos.com.ar\/2021\/corralon-de-materiales-peter-schumacher-cerro-sus-puertas-por-prevencion\/\",\"name\":\"Corral\u00f3n de Materiales Peter Schumacher cerr\u00f3 sus puertas por prevenci\u00f3n. - Noticias Radio Reflejos\",\"isPartOf\":{\"@id\":\"https:\/\/www.noticiasradioreflejos.com.ar\/2021\/#website\"},\"primaryImageOfPage\":{\"@id\":\"https:\/\/www.noticiasradioreflejos.com.ar\/2021\/corralon-de-materiales-peter-schumacher-cerro-sus-puertas-por-prevencion\/#primaryimage\"},\"image\":{\"@id\":\"https:\/\/www.noticiasradioreflejos.com.ar\/2021\/corralon-de-materiales-peter-schumacher-cerro-sus-puertas-por-prevencion\/#primaryimage\"},\"thumbnailUrl\":\"https:\/\/www.noticiasradioreflejos.com.ar\/2021\/wp-content\/uploads\/2019\/07\/peter.jpg\",\"datePublished\":\"2020-03-18T11:24:17+00:00\",\"author\":{\"@id\":\"https:\/\/www.noticiasradioreflejos.com.ar\/2021\/#\/schema\/person\/ad82545263dcc5ec0996818884fd5fb1\"},\"breadcrumb\":{\"@id\":\"https:\/\/www.noticiasradioreflejos.com.ar\/2021\/corralon-de-materiales-peter-schumacher-cerro-sus-puertas-por-prevencion\/#breadcrumb\"},\"inLanguage\":\"es\",\"potentialAction\":[{\"@type\":\"ReadAction\",\"target\":[\"https:\/\/www.noticiasradioreflejos.com.ar\/2021\/corralon-de-materiales-peter-schumacher-cerro-sus-puertas-por-prevencion\/\"]}]},{\"@type\":\"ImageObject\",\"inLanguage\":\"es\",\"@id\":\"https:\/\/www.noticiasradioreflejos.com.ar\/2021\/corralon-de-materiales-peter-schumacher-cerro-sus-puertas-por-prevencion\/#primaryimage\",\"url\":\"https:\/\/www.noticiasradioreflejos.com.ar\/2021\/wp-content\/uploads\/2019\/07\/peter.jpg\",\"contentUrl\":\"https:\/\/www.noticiasradioreflejos.com.ar\/2021\/wp-content\/uploads\/2019\/07\/peter.jpg\",\"width\":960,\"height\":720},{\"@type\":\"BreadcrumbList\",\"@id\":\"https:\/\/www.noticiasradioreflejos.com.ar\/2021\/corralon-de-materiales-peter-schumacher-cerro-sus-puertas-por-prevencion\/#breadcrumb\",\"itemListElement\":[{\"@type\":\"ListItem\",\"position\":1,\"name\":\"Portada\",\"item\":\"https:\/\/www.noticiasradioreflejos.com.ar\/2021\/\"},{\"@type\":\"ListItem\",\"position\":2,\"name\":\"Corral\u00f3n de Materiales Peter Schumacher cerr\u00f3 sus puertas por prevenci\u00f3n.\"}]},{\"@type\":\"WebSite\",\"@id\":\"https:\/\/www.noticiasradioreflejos.com.ar\/2021\/#website\",\"url\":\"https:\/\/www.noticiasradioreflejos.com.ar\/2021\/\",\"name\":\"Noticias Radio Reflejos\",\"description\":\"Las noticias de mi comarca\",\"potentialAction\":[{\"@type\":\"SearchAction\",\"target\":{\"@type\":\"EntryPoint\",\"urlTemplate\":\"https:\/\/www.noticiasradioreflejos.com.ar\/2021\/?s={search_term_string}\"},\"query-input\":{\"@type\":\"PropertyValueSpecification\",\"valueRequired\":true,\"valueName\":\"search_term_string\"}}],\"inLanguage\":\"es\"},{\"@type\":\"Person\",\"@id\":\"https:\/\/www.noticiasradioreflejos.com.ar\/2021\/#\/schema\/person\/ad82545263dcc5ec0996818884fd5fb1\",\"name\":\"Arnaldo Botto\",\"image\":{\"@type\":\"ImageObject\",\"inLanguage\":\"es\",\"@id\":\"https:\/\/www.noticiasradioreflejos.com.ar\/2021\/#\/schema\/person\/image\/\",\"url\":\"https:\/\/secure.gravatar.com\/avatar\/55cb5e37c1efa326397366e6974cb338056df65cb50e7d64d1cf314e87504837?s=96&d=mm&r=g\",\"contentUrl\":\"https:\/\/secure.gravatar.com\/avatar\/55cb5e37c1efa326397366e6974cb338056df65cb50e7d64d1cf314e87504837?s=96&d=mm&r=g\",\"caption\":\"Arnaldo Botto\"},\"url\":\"https:\/\/www.noticiasradioreflejos.com.ar\/2021\/author\/arnaldo\/\"}]}<\/script>\n<!-- \/ Yoast SEO plugin. -->","yoast_head_json":{"title":"Corral\u00f3n de Materiales Peter Schumacher cerr\u00f3 sus puertas por prevenci\u00f3n. - Noticias Radio Reflejos","robots":{"index":"index","follow":"follow","max-snippet":"max-snippet:-1","max-image-preview":"max-image-preview:large","max-video-preview":"max-video-preview:-1"},"canonical":"https:\/\/www.noticiasradioreflejos.com.ar\/2021\/corralon-de-materiales-peter-schumacher-cerro-sus-puertas-por-prevencion\/","og_locale":"es_ES","og_type":"article","og_title":"Corral\u00f3n de Materiales Peter Schumacher cerr\u00f3 sus puertas por prevenci\u00f3n. - Noticias Radio Reflejos","og_description":"Comunicamos por este medio que permaneceremos cerrados hasta el 31 de marzo. No se despachar\u00e1 mercader\u00eda ni en el negocio ni repartos a obra. Hasta este jueves incluido trataremos de cumplir con todos los compromisos asumidos previamente llevando a obra todos los pedidos. CUID\u00c9MONOS ENTRE TODOS \u201cCorral\u00f3n Peter Schumacher\u201d","og_url":"https:\/\/www.noticiasradioreflejos.com.ar\/2021\/corralon-de-materiales-peter-schumacher-cerro-sus-puertas-por-prevencion\/","og_site_name":"Noticias Radio Reflejos","article_published_time":"2020-03-18T11:24:17+00:00","og_image":[{"width":960,"height":720,"url":"https:\/\/www.noticiasradioreflejos.com.ar\/2021\/wp-content\/uploads\/2019\/07\/peter.jpg","type":"image\/jpeg"}],"author":"Arnaldo Botto","twitter_card":"summary_large_image","schema":{"@context":"https:\/\/schema.org","@graph":[{"@type":"WebPage","@id":"https:\/\/www.noticiasradioreflejos.com.ar\/2021\/corralon-de-materiales-peter-schumacher-cerro-sus-puertas-por-prevencion\/","url":"https:\/\/www.noticiasradioreflejos.com.ar\/2021\/corralon-de-materiales-peter-schumacher-cerro-sus-puertas-por-prevencion\/","name":"Corral\u00f3n de Materiales Peter Schumacher cerr\u00f3 sus puertas por prevenci\u00f3n. - Noticias Radio Reflejos","isPartOf":{"@id":"https:\/\/www.noticiasradioreflejos.com.ar\/2021\/#website"},"primaryImageOfPage":{"@id":"https:\/\/www.noticiasradioreflejos.com.ar\/2021\/corralon-de-materiales-peter-schumacher-cerro-sus-puertas-por-prevencion\/#primaryimage"},"image":{"@id":"https:\/\/www.noticiasradioreflejos.com.ar\/2021\/corralon-de-materiales-peter-schumacher-cerro-sus-puertas-por-prevencion\/#primaryimage"},"thumbnailUrl":"https:\/\/www.noticiasradioreflejos.com.ar\/2021\/wp-content\/uploads\/2019\/07\/peter.jpg","datePublished":"2020-03-18T11:24:17+00:00","author":{"@id":"https:\/\/www.noticiasradioreflejos.com.ar\/2021\/#\/schema\/person\/ad82545263dcc5ec0996818884fd5fb1"},"breadcrumb":{"@id":"https:\/\/www.noticiasradioreflejos.com.ar\/2021\/corralon-de-materiales-peter-schumacher-cerro-sus-puertas-por-prevencion\/#breadcrumb"},"inLanguage":"es","potentialAction":[{"@type":"ReadAction","target":["https:\/\/www.noticiasradioreflejos.com.ar\/2021\/corralon-de-materiales-peter-schumacher-cerro-sus-puertas-por-prevencion\/"]}]},{"@type":"ImageObject","inLanguage":"es","@id":"https:\/\/www.noticiasradioreflejos.com.ar\/2021\/corralon-de-materiales-peter-schumacher-cerro-sus-puertas-por-prevencion\/#primaryimage","url":"https:\/\/www.noticiasradioreflejos.com.ar\/2021\/wp-content\/uploads\/2019\/07\/peter.jpg","contentUrl":"https:\/\/www.noticiasradioreflejos.com.ar\/2021\/wp-content\/uploads\/2019\/07\/peter.jpg","width":960,"height":720},{"@type":"BreadcrumbList","@id":"https:\/\/www.noticiasradioreflejos.com.ar\/2021\/corralon-de-materiales-peter-schumacher-cerro-sus-puertas-por-prevencion\/#breadcrumb","itemListElement":[{"@type":"ListItem","position":1,"name":"Portada","item":"https:\/\/www.noticiasradioreflejos.com.ar\/2021\/"},{"@type":"ListItem","position":2,"name":"Corral\u00f3n de Materiales Peter Schumacher cerr\u00f3 sus puertas por prevenci\u00f3n."}]},{"@type":"WebSite","@id":"https:\/\/www.noticiasradioreflejos.com.ar\/2021\/#website","url":"https:\/\/www.noticiasradioreflejos.com.ar\/2021\/","name":"Noticias Radio Reflejos","description":"Las noticias de mi comarca","potentialAction":[{"@type":"SearchAction","target":{"@type":"EntryPoint","urlTemplate":"https:\/\/www.noticiasradioreflejos.com.ar\/2021\/?s={search_term_string}"},"query-input":{"@type":"PropertyValueSpecification","valueRequired":true,"valueName":"search_term_string"}}],"inLanguage":"es"},{"@type":"Person","@id":"https:\/\/www.noticiasradioreflejos.com.ar\/2021\/#\/schema\/person\/ad82545263dcc5ec0996818884fd5fb1","name":"Arnaldo Botto","image":{"@type":"ImageObject","inLanguage":"es","@id":"https:\/\/www.noticiasradioreflejos.com.ar\/2021\/#\/schema\/person\/image\/","url":"https:\/\/secure.gravatar.com\/avatar\/55cb5e37c1efa326397366e6974cb338056df65cb50e7d64d1cf314e87504837?s=96&d=mm&r=g","contentUrl":"https:\/\/secure.gravatar.com\/avatar\/55cb5e37c1efa326397366e6974cb338056df65cb50e7d64d1cf314e87504837?s=96&d=mm&r=g","caption":"Arnaldo Botto"},"url":"https:\/\/www.noticiasradioreflejos.com.ar\/2021\/author\/arnaldo\/"}]}},"_links":{"self":[{"href":"https:\/\/www.noticiasradioreflejos.com.ar\/2021\/wp-json\/wp\/v2\/posts\/39640","targetHints":{"allow":["GET"]}}],"collection":[{"href":"https:\/\/www.noticiasradioreflejos.com.ar\/2021\/wp-json\/wp\/v2\/posts"}],"about":[{"href":"https:\/\/www.noticiasradioreflejos.com.ar\/2021\/wp-json\/wp\/v2\/types\/post"}],"author":[{"embeddable":true,"href":"https:\/\/www.noticiasradioreflejos.com.ar\/2021\/wp-json\/wp\/v2\/users\/3"}],"replies":[{"embeddable":true,"href":"https:\/\/www.noticiasradioreflejos.com.ar\/2021\/wp-json\/wp\/v2\/comments?post=39640"}],"version-history":[{"count":0,"href":"https:\/\/www.noticiasradioreflejos.com.ar\/2021\/wp-json\/wp\/v2\/posts\/39640\/revisions"}],"wp:featuredmedia":[{"embeddable":true,"href":"https:\/\/www.noticiasradioreflejos.com.ar\/2021\/wp-json\/wp\/v2\/media\/33266"}],"wp:attachment":[{"href":"https:\/\/www.noticiasradioreflejos.com.ar\/2021\/wp-json\/wp\/v2\/media?parent=39640"}],"wp:term":[{"taxonomy":"category","embeddable":true,"href":"https:\/\/www.noticiasradioreflejos.com.ar\/2021\/wp-json\/wp\/v2\/categories?post=39640"},{"taxonomy":"post_tag","embeddable":true,"href":"https:\/\/www.noticiasradioreflejos.com.ar\/2021\/wp-json\/wp\/v2\/tags?post=39640"}],"curies":[{"name":"wp","href":"https:\/\/api.w.org\/{rel}","templated":true}]}}