{"id":39637,"date":"2020-03-17T20:31:15","date_gmt":"2020-03-17T23:31:15","guid":{"rendered":"http:\/\/www.noticiasradioreflejos.com.ar\/noticias\/?p=39637"},"modified":"2020-03-17T20:31:15","modified_gmt":"2020-03-17T23:31:15","slug":"uno-cree-que-no-le-va-a-tocar-o-que-argentina-esta-muy-lejos-y-mas-lejos-aun-sierra-de-la-ventana-y-no-nada-esta-lejos-porque-el-covid-esta-alli-astrid-lustig-desde-madrid","status":"publish","type":"post","link":"https:\/\/www.noticiasradioreflejos.com.ar\/2021\/uno-cree-que-no-le-va-a-tocar-o-que-argentina-esta-muy-lejos-y-mas-lejos-aun-sierra-de-la-ventana-y-no-nada-esta-lejos-porque-el-covid-esta-alli-astrid-lustig-desde-madrid\/","title":{"rendered":"\u00abUno cree que no le va a tocar, o que Argentina est\u00e1 muy lejos, y m\u00e1s lejos a\u00fan Sierra de la Ventana, y no, nada est\u00e1 lejos, porque el Covid est\u00e1 all\u00ed\u00bb Astrid Lustig desde Madrid."},"content":{"rendered":"<p>Desde la capital espa\u00f1ola, nuestra vecina y amiga Astrid, relata el momento que le toca vivir con el coronavirus,\u00a0 que la mantiene \u00abconfinada\u00bb,\u00a0 por el alto impacto\u00a0 que la pandemia\u00a0produjo ese pa\u00eds.<!--more--><\/p>\n<p>Lustig comparte a\u00f1os de su vida en su casa del Barrio Golf y Europa, el coronavirus la atrap\u00f3 en Madrid, donde reside desde hace unos 18 meses. Encerrada en su temporal departamento de la capital espa\u00f1ola nos describe durante la charla telef\u00f3nica como es vivir con la pandemia donde m\u00e1s est\u00e1 pegando.<br \/>\n\u201cEstoy en Madrid, en un punto \u00e1lgido. Todo esto comenz\u00f3 en China, y desde occidente nadie le prest\u00f3 demasiada atenci\u00f3n, sin embargo, hay datos de que el primer infectado que se conoci\u00f3 en Madrid, fue a mediados de febrero, y las decisiones dram\u00e1ticas se tomaron reci\u00e9n hace unos pocos d\u00edas\u00bb afirm\u00f3 Astrid.<\/p>\n<p>Le preguntamos cu\u00e1les ser\u00edan las medidas dram\u00e1ticas a las que hace referencia , y dice: \u00bb Me refiero a cerrar escuelas, comercios, bares, restaurantes, Madrid vive de esto, vive del turismo, los hoteleros no quieren cerrar a\u00fan, es muy terrible, pero es muy terrible para todos, todos perdemos con esto, y si no se toma una decisi\u00f3n general, no sirven las medidas que se vayan tomando en peque\u00f1os focos, la medida tiene que ser generalizada, y tiene que ser una medida de corte.\u00bb enfatiz\u00f3.<\/p>\n<p>\u00abCuando pienso en Argentina me da mucho miedo porque, lo que significa tener la poblaci\u00f3n enferma es un gasto que Argentina, ni ning\u00fan otro pa\u00eds, o a lo mejor China si lo pudo permitir, pero ni Estados Unidos se lo puede permitir, y hay que mirar ah\u00ed, no hay que mirar el hoy, el hoy es nada, ya pas\u00f3, y los n\u00fameros reales no son los que vemos impresos, los n\u00fameros reales del coronavirus Covid-19, son mucho m\u00e1s grandes, Aterra, pero en vez de pensar en que aterra, hay que actuar lo antes posible, a m\u00ed me parece como persona, como individuo, que todos tenemos que tomar conciencia del peligro, yo creo que ustedes deber\u00edan hacer esa fuerza que hace falta, para de verdad salvar toda la comarca, reci\u00e9n estabas haciendo un reportaje que me parece super interesante, y es as\u00ed, yo creo que las medidas tienen que ser a fondo. Siempre es mejor tomar las medidas hoy, que ma\u00f1ana\u201d.<br \/>\n\u201cAc\u00e1 no se puede salir, solamente se puede llegar hasta la farmacia y hasta el supermercado, o salir para atender a alguien que lo necesite, alguna persona que este impedida, ese tipo de cosas si, se puede salir a pasear el perro y regresar prontamente, y nada m\u00e1s. Yo tengo familia ac\u00e1, tengo familia en Salamanca, en Alemania, que es otro pa\u00eds que est\u00e1 bastante infectado, la diferencia es que no tiene tantos muertos, y no, nadie cercano a m\u00ed lo tuvo\u201d.<br \/>\n\u201cComo los n\u00fameros aqu\u00ed siguen en aumento, yo creo que la cuarentena de 14 d\u00edas va a ser totalmente insignificante, aqu\u00ed y en todos lados, digamos que en poco tiempo a semana santa, as\u00ed que por lo menos,\u00a0 y en el mejor de los escenarios, un mes para adelante\u00bb. estima.<\/p>\n<p>\u00abAqu\u00ed se habla de una cuarentena de 14 d\u00edas,\u00a0 de la que todos hablan, pero una cuarentena no es suficiente, porque los n\u00fameros todav\u00eda est\u00e1n en alta, asique yo c\u00e1lculo, y porque se me ocurre a m\u00ed,\u00a0 que hasta despu\u00e9s de semana santa no se va a regularizar nada, y con mucha suerte. Lo que quer\u00eda decirles, esto es como siempre, uno cree que no le va a tocar, o que Argentina est\u00e1 muy lejos, y m\u00e1s lejos a\u00fan Sierra de la Ventana, y no, nada est\u00e1 lejos, porque el Covid est\u00e1 all\u00ed y t\u00f3meselo muy en serio, es grave, muy grave, y las medidas tienen que ser medidas duras\u201d.<\/p>\n<p><iframe loading=\"lazy\" src=\"https:\/\/w.soundcloud.com\/player\/?url=https%3A\/\/api.soundcloud.com\/tracks\/777657625&amp;color=%23ff5500&amp;auto_play=false&amp;hide_related=false&amp;show_comments=true&amp;show_user=true&amp;show_reposts=false&amp;show_teaser=true\" width=\"100%\" height=\"166\" frameborder=\"no\" scrolling=\"no\"><\/iframe><\/p>\n","protected":false},"excerpt":{"rendered":"<p>Desde la capital espa\u00f1ola, nuestra vecina y amiga Astrid, relata el momento que le toca vivir con el coronavirus,\u00a0 que la mantiene \u00abconfinada\u00bb,\u00a0 por el alto impacto\u00a0 que la pandemia\u00a0produjo ese pa\u00eds.<\/p>\n","protected":false},"author":3,"featured_media":0,"comment_status":"closed","ping_status":"open","sticky":false,"template":"","format":"standard","meta":{"footnotes":""},"categories":[26],"tags":[],"class_list":["post-39637","post","type-post","status-publish","format-standard","hentry","category-sociedad"],"yoast_head":"<!-- This site is optimized with the Yoast SEO plugin v25.9 - https:\/\/yoast.com\/wordpress\/plugins\/seo\/ -->\n<title>&quot;Uno cree que no le va a tocar, o que Argentina est\u00e1 muy lejos, y m\u00e1s lejos a\u00fan Sierra de la Ventana, y no, nada est\u00e1 lejos, porque el Covid est\u00e1 all\u00ed&quot; Astrid Lustig desde Madrid. - Noticias Radio Reflejos<\/title>\n<meta name=\"robots\" content=\"index, follow, max-snippet:-1, max-image-preview:large, max-video-preview:-1\" \/>\n<link rel=\"canonical\" href=\"https:\/\/www.noticiasradioreflejos.com.ar\/2021\/uno-cree-que-no-le-va-a-tocar-o-que-argentina-esta-muy-lejos-y-mas-lejos-aun-sierra-de-la-ventana-y-no-nada-esta-lejos-porque-el-covid-esta-alli-astrid-lustig-desde-madrid\/\" \/>\n<meta property=\"og:locale\" content=\"es_ES\" \/>\n<meta property=\"og:type\" content=\"article\" \/>\n<meta property=\"og:title\" content=\"&quot;Uno cree que no le va a tocar, o que Argentina est\u00e1 muy lejos, y m\u00e1s lejos a\u00fan Sierra de la Ventana, y no, nada est\u00e1 lejos, porque el Covid est\u00e1 all\u00ed&quot; Astrid Lustig desde Madrid. - Noticias Radio Reflejos\" \/>\n<meta property=\"og:description\" content=\"Desde la capital espa\u00f1ola, nuestra vecina y amiga Astrid, relata el momento que le toca vivir con el coronavirus,\u00a0 que la mantiene \u00abconfinada\u00bb,\u00a0 por el alto impacto\u00a0 que la pandemia\u00a0produjo ese pa\u00eds.\" \/>\n<meta property=\"og:url\" content=\"https:\/\/www.noticiasradioreflejos.com.ar\/2021\/uno-cree-que-no-le-va-a-tocar-o-que-argentina-esta-muy-lejos-y-mas-lejos-aun-sierra-de-la-ventana-y-no-nada-esta-lejos-porque-el-covid-esta-alli-astrid-lustig-desde-madrid\/\" \/>\n<meta property=\"og:site_name\" content=\"Noticias Radio Reflejos\" \/>\n<meta property=\"article:published_time\" content=\"2020-03-17T23:31:15+00:00\" \/>\n<meta property=\"og:image\" content=\"https:\/\/www.noticiasradioreflejos.com.ar\/2021\/wp-content\/uploads\/2021\/07\/logosol300x200.png\" \/>\n\t<meta property=\"og:image:width\" content=\"300\" \/>\n\t<meta property=\"og:image:height\" content=\"200\" \/>\n\t<meta property=\"og:image:type\" content=\"image\/png\" \/>\n<meta name=\"author\" content=\"Arnaldo Botto\" \/>\n<meta name=\"twitter:card\" content=\"summary_large_image\" \/>\n<script type=\"application\/ld+json\" class=\"yoast-schema-graph\">{\"@context\":\"https:\/\/schema.org\",\"@graph\":[{\"@type\":\"WebPage\",\"@id\":\"https:\/\/www.noticiasradioreflejos.com.ar\/2021\/uno-cree-que-no-le-va-a-tocar-o-que-argentina-esta-muy-lejos-y-mas-lejos-aun-sierra-de-la-ventana-y-no-nada-esta-lejos-porque-el-covid-esta-alli-astrid-lustig-desde-madrid\/\",\"url\":\"https:\/\/www.noticiasradioreflejos.com.ar\/2021\/uno-cree-que-no-le-va-a-tocar-o-que-argentina-esta-muy-lejos-y-mas-lejos-aun-sierra-de-la-ventana-y-no-nada-esta-lejos-porque-el-covid-esta-alli-astrid-lustig-desde-madrid\/\",\"name\":\"\\\"Uno cree que no le va a tocar, o que Argentina est\u00e1 muy lejos, y m\u00e1s lejos a\u00fan Sierra de la Ventana, y no, nada est\u00e1 lejos, porque el Covid est\u00e1 all\u00ed\\\" Astrid Lustig desde Madrid. - Noticias Radio Reflejos\",\"isPartOf\":{\"@id\":\"https:\/\/www.noticiasradioreflejos.com.ar\/2021\/#website\"},\"datePublished\":\"2020-03-17T23:31:15+00:00\",\"author\":{\"@id\":\"https:\/\/www.noticiasradioreflejos.com.ar\/2021\/#\/schema\/person\/ad82545263dcc5ec0996818884fd5fb1\"},\"breadcrumb\":{\"@id\":\"https:\/\/www.noticiasradioreflejos.com.ar\/2021\/uno-cree-que-no-le-va-a-tocar-o-que-argentina-esta-muy-lejos-y-mas-lejos-aun-sierra-de-la-ventana-y-no-nada-esta-lejos-porque-el-covid-esta-alli-astrid-lustig-desde-madrid\/#breadcrumb\"},\"inLanguage\":\"es\",\"potentialAction\":[{\"@type\":\"ReadAction\",\"target\":[\"https:\/\/www.noticiasradioreflejos.com.ar\/2021\/uno-cree-que-no-le-va-a-tocar-o-que-argentina-esta-muy-lejos-y-mas-lejos-aun-sierra-de-la-ventana-y-no-nada-esta-lejos-porque-el-covid-esta-alli-astrid-lustig-desde-madrid\/\"]}]},{\"@type\":\"BreadcrumbList\",\"@id\":\"https:\/\/www.noticiasradioreflejos.com.ar\/2021\/uno-cree-que-no-le-va-a-tocar-o-que-argentina-esta-muy-lejos-y-mas-lejos-aun-sierra-de-la-ventana-y-no-nada-esta-lejos-porque-el-covid-esta-alli-astrid-lustig-desde-madrid\/#breadcrumb\",\"itemListElement\":[{\"@type\":\"ListItem\",\"position\":1,\"name\":\"Portada\",\"item\":\"https:\/\/www.noticiasradioreflejos.com.ar\/2021\/\"},{\"@type\":\"ListItem\",\"position\":2,\"name\":\"\u00abUno cree que no le va a tocar, o que Argentina est\u00e1 muy lejos, y m\u00e1s lejos a\u00fan Sierra de la Ventana, y no, nada est\u00e1 lejos, porque el Covid est\u00e1 all\u00ed\u00bb Astrid Lustig desde Madrid.\"}]},{\"@type\":\"WebSite\",\"@id\":\"https:\/\/www.noticiasradioreflejos.com.ar\/2021\/#website\",\"url\":\"https:\/\/www.noticiasradioreflejos.com.ar\/2021\/\",\"name\":\"Noticias Radio Reflejos\",\"description\":\"Las noticias de mi comarca\",\"potentialAction\":[{\"@type\":\"SearchAction\",\"target\":{\"@type\":\"EntryPoint\",\"urlTemplate\":\"https:\/\/www.noticiasradioreflejos.com.ar\/2021\/?s={search_term_string}\"},\"query-input\":{\"@type\":\"PropertyValueSpecification\",\"valueRequired\":true,\"valueName\":\"search_term_string\"}}],\"inLanguage\":\"es\"},{\"@type\":\"Person\",\"@id\":\"https:\/\/www.noticiasradioreflejos.com.ar\/2021\/#\/schema\/person\/ad82545263dcc5ec0996818884fd5fb1\",\"name\":\"Arnaldo Botto\",\"image\":{\"@type\":\"ImageObject\",\"inLanguage\":\"es\",\"@id\":\"https:\/\/www.noticiasradioreflejos.com.ar\/2021\/#\/schema\/person\/image\/\",\"url\":\"https:\/\/secure.gravatar.com\/avatar\/55cb5e37c1efa326397366e6974cb338056df65cb50e7d64d1cf314e87504837?s=96&d=mm&r=g\",\"contentUrl\":\"https:\/\/secure.gravatar.com\/avatar\/55cb5e37c1efa326397366e6974cb338056df65cb50e7d64d1cf314e87504837?s=96&d=mm&r=g\",\"caption\":\"Arnaldo Botto\"},\"url\":\"https:\/\/www.noticiasradioreflejos.com.ar\/2021\/author\/arnaldo\/\"}]}<\/script>\n<!-- \/ Yoast SEO plugin. -->","yoast_head_json":{"title":"\"Uno cree que no le va a tocar, o que Argentina est\u00e1 muy lejos, y m\u00e1s lejos a\u00fan Sierra de la Ventana, y no, nada est\u00e1 lejos, porque el Covid est\u00e1 all\u00ed\" Astrid Lustig desde Madrid. - Noticias Radio Reflejos","robots":{"index":"index","follow":"follow","max-snippet":"max-snippet:-1","max-image-preview":"max-image-preview:large","max-video-preview":"max-video-preview:-1"},"canonical":"https:\/\/www.noticiasradioreflejos.com.ar\/2021\/uno-cree-que-no-le-va-a-tocar-o-que-argentina-esta-muy-lejos-y-mas-lejos-aun-sierra-de-la-ventana-y-no-nada-esta-lejos-porque-el-covid-esta-alli-astrid-lustig-desde-madrid\/","og_locale":"es_ES","og_type":"article","og_title":"\"Uno cree que no le va a tocar, o que Argentina est\u00e1 muy lejos, y m\u00e1s lejos a\u00fan Sierra de la Ventana, y no, nada est\u00e1 lejos, porque el Covid est\u00e1 all\u00ed\" Astrid Lustig desde Madrid. - Noticias Radio Reflejos","og_description":"Desde la capital espa\u00f1ola, nuestra vecina y amiga Astrid, relata el momento que le toca vivir con el coronavirus,\u00a0 que la mantiene \u00abconfinada\u00bb,\u00a0 por el alto impacto\u00a0 que la pandemia\u00a0produjo ese pa\u00eds.","og_url":"https:\/\/www.noticiasradioreflejos.com.ar\/2021\/uno-cree-que-no-le-va-a-tocar-o-que-argentina-esta-muy-lejos-y-mas-lejos-aun-sierra-de-la-ventana-y-no-nada-esta-lejos-porque-el-covid-esta-alli-astrid-lustig-desde-madrid\/","og_site_name":"Noticias Radio Reflejos","article_published_time":"2020-03-17T23:31:15+00:00","og_image":[{"width":300,"height":200,"url":"https:\/\/www.noticiasradioreflejos.com.ar\/2021\/wp-content\/uploads\/2021\/07\/logosol300x200.png","type":"image\/png"}],"author":"Arnaldo Botto","twitter_card":"summary_large_image","schema":{"@context":"https:\/\/schema.org","@graph":[{"@type":"WebPage","@id":"https:\/\/www.noticiasradioreflejos.com.ar\/2021\/uno-cree-que-no-le-va-a-tocar-o-que-argentina-esta-muy-lejos-y-mas-lejos-aun-sierra-de-la-ventana-y-no-nada-esta-lejos-porque-el-covid-esta-alli-astrid-lustig-desde-madrid\/","url":"https:\/\/www.noticiasradioreflejos.com.ar\/2021\/uno-cree-que-no-le-va-a-tocar-o-que-argentina-esta-muy-lejos-y-mas-lejos-aun-sierra-de-la-ventana-y-no-nada-esta-lejos-porque-el-covid-esta-alli-astrid-lustig-desde-madrid\/","name":"\"Uno cree que no le va a tocar, o que Argentina est\u00e1 muy lejos, y m\u00e1s lejos a\u00fan Sierra de la Ventana, y no, nada est\u00e1 lejos, porque el Covid est\u00e1 all\u00ed\" Astrid Lustig desde Madrid. - Noticias Radio Reflejos","isPartOf":{"@id":"https:\/\/www.noticiasradioreflejos.com.ar\/2021\/#website"},"datePublished":"2020-03-17T23:31:15+00:00","author":{"@id":"https:\/\/www.noticiasradioreflejos.com.ar\/2021\/#\/schema\/person\/ad82545263dcc5ec0996818884fd5fb1"},"breadcrumb":{"@id":"https:\/\/www.noticiasradioreflejos.com.ar\/2021\/uno-cree-que-no-le-va-a-tocar-o-que-argentina-esta-muy-lejos-y-mas-lejos-aun-sierra-de-la-ventana-y-no-nada-esta-lejos-porque-el-covid-esta-alli-astrid-lustig-desde-madrid\/#breadcrumb"},"inLanguage":"es","potentialAction":[{"@type":"ReadAction","target":["https:\/\/www.noticiasradioreflejos.com.ar\/2021\/uno-cree-que-no-le-va-a-tocar-o-que-argentina-esta-muy-lejos-y-mas-lejos-aun-sierra-de-la-ventana-y-no-nada-esta-lejos-porque-el-covid-esta-alli-astrid-lustig-desde-madrid\/"]}]},{"@type":"BreadcrumbList","@id":"https:\/\/www.noticiasradioreflejos.com.ar\/2021\/uno-cree-que-no-le-va-a-tocar-o-que-argentina-esta-muy-lejos-y-mas-lejos-aun-sierra-de-la-ventana-y-no-nada-esta-lejos-porque-el-covid-esta-alli-astrid-lustig-desde-madrid\/#breadcrumb","itemListElement":[{"@type":"ListItem","position":1,"name":"Portada","item":"https:\/\/www.noticiasradioreflejos.com.ar\/2021\/"},{"@type":"ListItem","position":2,"name":"\u00abUno cree que no le va a tocar, o que Argentina est\u00e1 muy lejos, y m\u00e1s lejos a\u00fan Sierra de la Ventana, y no, nada est\u00e1 lejos, porque el Covid est\u00e1 all\u00ed\u00bb Astrid Lustig desde Madrid."}]},{"@type":"WebSite","@id":"https:\/\/www.noticiasradioreflejos.com.ar\/2021\/#website","url":"https:\/\/www.noticiasradioreflejos.com.ar\/2021\/","name":"Noticias Radio Reflejos","description":"Las noticias de mi comarca","potentialAction":[{"@type":"SearchAction","target":{"@type":"EntryPoint","urlTemplate":"https:\/\/www.noticiasradioreflejos.com.ar\/2021\/?s={search_term_string}"},"query-input":{"@type":"PropertyValueSpecification","valueRequired":true,"valueName":"search_term_string"}}],"inLanguage":"es"},{"@type":"Person","@id":"https:\/\/www.noticiasradioreflejos.com.ar\/2021\/#\/schema\/person\/ad82545263dcc5ec0996818884fd5fb1","name":"Arnaldo Botto","image":{"@type":"ImageObject","inLanguage":"es","@id":"https:\/\/www.noticiasradioreflejos.com.ar\/2021\/#\/schema\/person\/image\/","url":"https:\/\/secure.gravatar.com\/avatar\/55cb5e37c1efa326397366e6974cb338056df65cb50e7d64d1cf314e87504837?s=96&d=mm&r=g","contentUrl":"https:\/\/secure.gravatar.com\/avatar\/55cb5e37c1efa326397366e6974cb338056df65cb50e7d64d1cf314e87504837?s=96&d=mm&r=g","caption":"Arnaldo Botto"},"url":"https:\/\/www.noticiasradioreflejos.com.ar\/2021\/author\/arnaldo\/"}]}},"_links":{"self":[{"href":"https:\/\/www.noticiasradioreflejos.com.ar\/2021\/wp-json\/wp\/v2\/posts\/39637","targetHints":{"allow":["GET"]}}],"collection":[{"href":"https:\/\/www.noticiasradioreflejos.com.ar\/2021\/wp-json\/wp\/v2\/posts"}],"about":[{"href":"https:\/\/www.noticiasradioreflejos.com.ar\/2021\/wp-json\/wp\/v2\/types\/post"}],"author":[{"embeddable":true,"href":"https:\/\/www.noticiasradioreflejos.com.ar\/2021\/wp-json\/wp\/v2\/users\/3"}],"replies":[{"embeddable":true,"href":"https:\/\/www.noticiasradioreflejos.com.ar\/2021\/wp-json\/wp\/v2\/comments?post=39637"}],"version-history":[{"count":0,"href":"https:\/\/www.noticiasradioreflejos.com.ar\/2021\/wp-json\/wp\/v2\/posts\/39637\/revisions"}],"wp:attachment":[{"href":"https:\/\/www.noticiasradioreflejos.com.ar\/2021\/wp-json\/wp\/v2\/media?parent=39637"}],"wp:term":[{"taxonomy":"category","embeddable":true,"href":"https:\/\/www.noticiasradioreflejos.com.ar\/2021\/wp-json\/wp\/v2\/categories?post=39637"},{"taxonomy":"post_tag","embeddable":true,"href":"https:\/\/www.noticiasradioreflejos.com.ar\/2021\/wp-json\/wp\/v2\/tags?post=39637"}],"curies":[{"name":"wp","href":"https:\/\/api.w.org\/{rel}","templated":true}]}}