{"id":39605,"date":"2020-03-17T17:11:17","date_gmt":"2020-03-17T20:11:17","guid":{"rendered":"http:\/\/www.noticiasradioreflejos.com.ar\/noticias\/?p=39605"},"modified":"2020-03-17T17:11:17","modified_gmt":"2020-03-17T20:11:17","slug":"afip-solo-atendra-con-turno-previo","status":"publish","type":"post","link":"https:\/\/www.noticiasradioreflejos.com.ar\/2021\/afip-solo-atendra-con-turno-previo\/","title":{"rendered":"AFIP s\u00f3lo atendr\u00e1 con turno previo."},"content":{"rendered":"<p>Las agencias de la Administraci\u00f3n Federal de Ingresos P\u00fablicos (AFIP) s\u00f3lo atender\u00e1n a quienes tengan turno previamente asignado a trav\u00e9s de la web o por v\u00eda telef\u00f3nica.<!--more--><br \/>\nEn el marco de las medidas dispuestas por el Gobierno nacional para reducir el riesgo de contagio e impedir la propagaci\u00f3n del coronavirus (COVID 19), la AFIP suspendi\u00f3 la totalidad de los turnos que hab\u00edan sido otorgados hasta el 31 de marzo. De esta manera, las personas que ya contaban con horarios asignados recibir\u00e1n una notificaci\u00f3n donde se les indicar\u00e1n los pasos a seguir para solicitar un turno nuevo.<\/p>\n<p>El nuevo criterio de asignaci\u00f3n de turnos utilizado por el organismo que encabeza Mercedes Marc\u00f3 del Pont minimiza la concentraci\u00f3n de contribuyentes en las agencias de todo el pa\u00eds que prestan atenci\u00f3n al p\u00fablico.<\/p>\n<p>La AFIP defini\u00f3, a su vez, que suspender\u00e1 la posibilidad de realizar de manera presencial una serie de tr\u00e1mites que, hasta el 31 de marzo, solo ser\u00e1 posible efectuar a trav\u00e9s de \u201cpresentaciones digitales\u201d.<\/p>\n<p>A lo largo de los primeros tres meses del a\u00f1o la dependencias de la AFIP atendieron m\u00e1s de 657 mil turnos en todo el pa\u00eds. En esta instancia, la decisi\u00f3n del organismo para cuidar a sus trabajadores y a los contribuyentes implica la reprogramaci\u00f3n de 16 mil turnos.<\/p>\n<p>El organismo solicita al p\u00fablico que no concurra a las dependencias para realizar consultas de manera espont\u00e1nea. Los contribuyentes podr\u00e1n canalizar esas preguntas a trav\u00e9s del call center, el sitio web y correo electr\u00f3nico.<\/p>\n","protected":false},"excerpt":{"rendered":"<p>Las agencias de la Administraci\u00f3n Federal de Ingresos P\u00fablicos (AFIP) s\u00f3lo atender\u00e1n a quienes tengan turno previamente asignado a trav\u00e9s de la web o por v\u00eda telef\u00f3nica.<\/p>\n","protected":false},"author":3,"featured_media":39606,"comment_status":"closed","ping_status":"open","sticky":false,"template":"","format":"standard","meta":{"footnotes":""},"categories":[26],"tags":[],"class_list":["post-39605","post","type-post","status-publish","format-standard","has-post-thumbnail","hentry","category-sociedad"],"yoast_head":"<!-- This site is optimized with the Yoast SEO plugin v25.9 - https:\/\/yoast.com\/wordpress\/plugins\/seo\/ -->\n<title>AFIP s\u00f3lo atendr\u00e1 con turno previo. - Noticias Radio Reflejos<\/title>\n<meta name=\"robots\" content=\"index, follow, max-snippet:-1, max-image-preview:large, max-video-preview:-1\" \/>\n<link rel=\"canonical\" href=\"https:\/\/www.noticiasradioreflejos.com.ar\/2021\/afip-solo-atendra-con-turno-previo\/\" \/>\n<meta property=\"og:locale\" content=\"es_ES\" \/>\n<meta property=\"og:type\" content=\"article\" \/>\n<meta property=\"og:title\" content=\"AFIP s\u00f3lo atendr\u00e1 con turno previo. - Noticias Radio Reflejos\" \/>\n<meta property=\"og:description\" content=\"Las agencias de la Administraci\u00f3n Federal de Ingresos P\u00fablicos (AFIP) s\u00f3lo atender\u00e1n a quienes tengan turno previamente asignado a trav\u00e9s de la web o por v\u00eda telef\u00f3nica.\" \/>\n<meta property=\"og:url\" content=\"https:\/\/www.noticiasradioreflejos.com.ar\/2021\/afip-solo-atendra-con-turno-previo\/\" \/>\n<meta property=\"og:site_name\" content=\"Noticias Radio Reflejos\" \/>\n<meta property=\"article:published_time\" content=\"2020-03-17T20:11:17+00:00\" \/>\n<meta property=\"og:image\" content=\"https:\/\/www.noticiasradioreflejos.com.ar\/2021\/wp-content\/uploads\/2020\/03\/AFIP.jpg\" \/>\n\t<meta property=\"og:image:width\" content=\"780\" \/>\n\t<meta property=\"og:image:height\" content=\"300\" \/>\n\t<meta property=\"og:image:type\" content=\"image\/jpeg\" \/>\n<meta name=\"author\" content=\"Arnaldo Botto\" \/>\n<meta name=\"twitter:card\" content=\"summary_large_image\" \/>\n<script type=\"application\/ld+json\" class=\"yoast-schema-graph\">{\"@context\":\"https:\/\/schema.org\",\"@graph\":[{\"@type\":\"WebPage\",\"@id\":\"https:\/\/www.noticiasradioreflejos.com.ar\/2021\/afip-solo-atendra-con-turno-previo\/\",\"url\":\"https:\/\/www.noticiasradioreflejos.com.ar\/2021\/afip-solo-atendra-con-turno-previo\/\",\"name\":\"AFIP s\u00f3lo atendr\u00e1 con turno previo. - Noticias Radio Reflejos\",\"isPartOf\":{\"@id\":\"https:\/\/www.noticiasradioreflejos.com.ar\/2021\/#website\"},\"primaryImageOfPage\":{\"@id\":\"https:\/\/www.noticiasradioreflejos.com.ar\/2021\/afip-solo-atendra-con-turno-previo\/#primaryimage\"},\"image\":{\"@id\":\"https:\/\/www.noticiasradioreflejos.com.ar\/2021\/afip-solo-atendra-con-turno-previo\/#primaryimage\"},\"thumbnailUrl\":\"https:\/\/www.noticiasradioreflejos.com.ar\/2021\/wp-content\/uploads\/2020\/03\/AFIP.jpg\",\"datePublished\":\"2020-03-17T20:11:17+00:00\",\"author\":{\"@id\":\"https:\/\/www.noticiasradioreflejos.com.ar\/2021\/#\/schema\/person\/ad82545263dcc5ec0996818884fd5fb1\"},\"breadcrumb\":{\"@id\":\"https:\/\/www.noticiasradioreflejos.com.ar\/2021\/afip-solo-atendra-con-turno-previo\/#breadcrumb\"},\"inLanguage\":\"es\",\"potentialAction\":[{\"@type\":\"ReadAction\",\"target\":[\"https:\/\/www.noticiasradioreflejos.com.ar\/2021\/afip-solo-atendra-con-turno-previo\/\"]}]},{\"@type\":\"ImageObject\",\"inLanguage\":\"es\",\"@id\":\"https:\/\/www.noticiasradioreflejos.com.ar\/2021\/afip-solo-atendra-con-turno-previo\/#primaryimage\",\"url\":\"https:\/\/www.noticiasradioreflejos.com.ar\/2021\/wp-content\/uploads\/2020\/03\/AFIP.jpg\",\"contentUrl\":\"https:\/\/www.noticiasradioreflejos.com.ar\/2021\/wp-content\/uploads\/2020\/03\/AFIP.jpg\",\"width\":780,\"height\":300},{\"@type\":\"BreadcrumbList\",\"@id\":\"https:\/\/www.noticiasradioreflejos.com.ar\/2021\/afip-solo-atendra-con-turno-previo\/#breadcrumb\",\"itemListElement\":[{\"@type\":\"ListItem\",\"position\":1,\"name\":\"Portada\",\"item\":\"https:\/\/www.noticiasradioreflejos.com.ar\/2021\/\"},{\"@type\":\"ListItem\",\"position\":2,\"name\":\"AFIP s\u00f3lo atendr\u00e1 con turno previo.\"}]},{\"@type\":\"WebSite\",\"@id\":\"https:\/\/www.noticiasradioreflejos.com.ar\/2021\/#website\",\"url\":\"https:\/\/www.noticiasradioreflejos.com.ar\/2021\/\",\"name\":\"Noticias Radio Reflejos\",\"description\":\"Las noticias de mi comarca\",\"potentialAction\":[{\"@type\":\"SearchAction\",\"target\":{\"@type\":\"EntryPoint\",\"urlTemplate\":\"https:\/\/www.noticiasradioreflejos.com.ar\/2021\/?s={search_term_string}\"},\"query-input\":{\"@type\":\"PropertyValueSpecification\",\"valueRequired\":true,\"valueName\":\"search_term_string\"}}],\"inLanguage\":\"es\"},{\"@type\":\"Person\",\"@id\":\"https:\/\/www.noticiasradioreflejos.com.ar\/2021\/#\/schema\/person\/ad82545263dcc5ec0996818884fd5fb1\",\"name\":\"Arnaldo Botto\",\"image\":{\"@type\":\"ImageObject\",\"inLanguage\":\"es\",\"@id\":\"https:\/\/www.noticiasradioreflejos.com.ar\/2021\/#\/schema\/person\/image\/\",\"url\":\"https:\/\/secure.gravatar.com\/avatar\/55cb5e37c1efa326397366e6974cb338056df65cb50e7d64d1cf314e87504837?s=96&d=mm&r=g\",\"contentUrl\":\"https:\/\/secure.gravatar.com\/avatar\/55cb5e37c1efa326397366e6974cb338056df65cb50e7d64d1cf314e87504837?s=96&d=mm&r=g\",\"caption\":\"Arnaldo Botto\"},\"url\":\"https:\/\/www.noticiasradioreflejos.com.ar\/2021\/author\/arnaldo\/\"}]}<\/script>\n<!-- \/ Yoast SEO plugin. -->","yoast_head_json":{"title":"AFIP s\u00f3lo atendr\u00e1 con turno previo. - Noticias Radio Reflejos","robots":{"index":"index","follow":"follow","max-snippet":"max-snippet:-1","max-image-preview":"max-image-preview:large","max-video-preview":"max-video-preview:-1"},"canonical":"https:\/\/www.noticiasradioreflejos.com.ar\/2021\/afip-solo-atendra-con-turno-previo\/","og_locale":"es_ES","og_type":"article","og_title":"AFIP s\u00f3lo atendr\u00e1 con turno previo. - Noticias Radio Reflejos","og_description":"Las agencias de la Administraci\u00f3n Federal de Ingresos P\u00fablicos (AFIP) s\u00f3lo atender\u00e1n a quienes tengan turno previamente asignado a trav\u00e9s de la web o por v\u00eda telef\u00f3nica.","og_url":"https:\/\/www.noticiasradioreflejos.com.ar\/2021\/afip-solo-atendra-con-turno-previo\/","og_site_name":"Noticias Radio Reflejos","article_published_time":"2020-03-17T20:11:17+00:00","og_image":[{"width":780,"height":300,"url":"https:\/\/www.noticiasradioreflejos.com.ar\/2021\/wp-content\/uploads\/2020\/03\/AFIP.jpg","type":"image\/jpeg"}],"author":"Arnaldo Botto","twitter_card":"summary_large_image","schema":{"@context":"https:\/\/schema.org","@graph":[{"@type":"WebPage","@id":"https:\/\/www.noticiasradioreflejos.com.ar\/2021\/afip-solo-atendra-con-turno-previo\/","url":"https:\/\/www.noticiasradioreflejos.com.ar\/2021\/afip-solo-atendra-con-turno-previo\/","name":"AFIP s\u00f3lo atendr\u00e1 con turno previo. - Noticias Radio Reflejos","isPartOf":{"@id":"https:\/\/www.noticiasradioreflejos.com.ar\/2021\/#website"},"primaryImageOfPage":{"@id":"https:\/\/www.noticiasradioreflejos.com.ar\/2021\/afip-solo-atendra-con-turno-previo\/#primaryimage"},"image":{"@id":"https:\/\/www.noticiasradioreflejos.com.ar\/2021\/afip-solo-atendra-con-turno-previo\/#primaryimage"},"thumbnailUrl":"https:\/\/www.noticiasradioreflejos.com.ar\/2021\/wp-content\/uploads\/2020\/03\/AFIP.jpg","datePublished":"2020-03-17T20:11:17+00:00","author":{"@id":"https:\/\/www.noticiasradioreflejos.com.ar\/2021\/#\/schema\/person\/ad82545263dcc5ec0996818884fd5fb1"},"breadcrumb":{"@id":"https:\/\/www.noticiasradioreflejos.com.ar\/2021\/afip-solo-atendra-con-turno-previo\/#breadcrumb"},"inLanguage":"es","potentialAction":[{"@type":"ReadAction","target":["https:\/\/www.noticiasradioreflejos.com.ar\/2021\/afip-solo-atendra-con-turno-previo\/"]}]},{"@type":"ImageObject","inLanguage":"es","@id":"https:\/\/www.noticiasradioreflejos.com.ar\/2021\/afip-solo-atendra-con-turno-previo\/#primaryimage","url":"https:\/\/www.noticiasradioreflejos.com.ar\/2021\/wp-content\/uploads\/2020\/03\/AFIP.jpg","contentUrl":"https:\/\/www.noticiasradioreflejos.com.ar\/2021\/wp-content\/uploads\/2020\/03\/AFIP.jpg","width":780,"height":300},{"@type":"BreadcrumbList","@id":"https:\/\/www.noticiasradioreflejos.com.ar\/2021\/afip-solo-atendra-con-turno-previo\/#breadcrumb","itemListElement":[{"@type":"ListItem","position":1,"name":"Portada","item":"https:\/\/www.noticiasradioreflejos.com.ar\/2021\/"},{"@type":"ListItem","position":2,"name":"AFIP s\u00f3lo atendr\u00e1 con turno previo."}]},{"@type":"WebSite","@id":"https:\/\/www.noticiasradioreflejos.com.ar\/2021\/#website","url":"https:\/\/www.noticiasradioreflejos.com.ar\/2021\/","name":"Noticias Radio Reflejos","description":"Las noticias de mi comarca","potentialAction":[{"@type":"SearchAction","target":{"@type":"EntryPoint","urlTemplate":"https:\/\/www.noticiasradioreflejos.com.ar\/2021\/?s={search_term_string}"},"query-input":{"@type":"PropertyValueSpecification","valueRequired":true,"valueName":"search_term_string"}}],"inLanguage":"es"},{"@type":"Person","@id":"https:\/\/www.noticiasradioreflejos.com.ar\/2021\/#\/schema\/person\/ad82545263dcc5ec0996818884fd5fb1","name":"Arnaldo Botto","image":{"@type":"ImageObject","inLanguage":"es","@id":"https:\/\/www.noticiasradioreflejos.com.ar\/2021\/#\/schema\/person\/image\/","url":"https:\/\/secure.gravatar.com\/avatar\/55cb5e37c1efa326397366e6974cb338056df65cb50e7d64d1cf314e87504837?s=96&d=mm&r=g","contentUrl":"https:\/\/secure.gravatar.com\/avatar\/55cb5e37c1efa326397366e6974cb338056df65cb50e7d64d1cf314e87504837?s=96&d=mm&r=g","caption":"Arnaldo Botto"},"url":"https:\/\/www.noticiasradioreflejos.com.ar\/2021\/author\/arnaldo\/"}]}},"_links":{"self":[{"href":"https:\/\/www.noticiasradioreflejos.com.ar\/2021\/wp-json\/wp\/v2\/posts\/39605","targetHints":{"allow":["GET"]}}],"collection":[{"href":"https:\/\/www.noticiasradioreflejos.com.ar\/2021\/wp-json\/wp\/v2\/posts"}],"about":[{"href":"https:\/\/www.noticiasradioreflejos.com.ar\/2021\/wp-json\/wp\/v2\/types\/post"}],"author":[{"embeddable":true,"href":"https:\/\/www.noticiasradioreflejos.com.ar\/2021\/wp-json\/wp\/v2\/users\/3"}],"replies":[{"embeddable":true,"href":"https:\/\/www.noticiasradioreflejos.com.ar\/2021\/wp-json\/wp\/v2\/comments?post=39605"}],"version-history":[{"count":0,"href":"https:\/\/www.noticiasradioreflejos.com.ar\/2021\/wp-json\/wp\/v2\/posts\/39605\/revisions"}],"wp:featuredmedia":[{"embeddable":true,"href":"https:\/\/www.noticiasradioreflejos.com.ar\/2021\/wp-json\/wp\/v2\/media\/39606"}],"wp:attachment":[{"href":"https:\/\/www.noticiasradioreflejos.com.ar\/2021\/wp-json\/wp\/v2\/media?parent=39605"}],"wp:term":[{"taxonomy":"category","embeddable":true,"href":"https:\/\/www.noticiasradioreflejos.com.ar\/2021\/wp-json\/wp\/v2\/categories?post=39605"},{"taxonomy":"post_tag","embeddable":true,"href":"https:\/\/www.noticiasradioreflejos.com.ar\/2021\/wp-json\/wp\/v2\/tags?post=39605"}],"curies":[{"name":"wp","href":"https:\/\/api.w.org\/{rel}","templated":true}]}}