{"id":39601,"date":"2020-03-17T17:03:58","date_gmt":"2020-03-17T20:03:58","guid":{"rendered":"http:\/\/www.noticiasradioreflejos.com.ar\/noticias\/?p=39601"},"modified":"2020-03-17T17:03:58","modified_gmt":"2020-03-17T20:03:58","slug":"cronograma-de-vacunacion","status":"publish","type":"post","link":"https:\/\/www.noticiasradioreflejos.com.ar\/2021\/cronograma-de-vacunacion\/","title":{"rendered":"Cronograma de vacunaci\u00f3n"},"content":{"rendered":"<p>Ante la emergencia sanitaria declarada por el Gobierno Nacional y Municipal, por la pandemia COVID-19, la Secretar\u00eda de Salud municipal decidi\u00f3 tomar recaudos en la tarea de vacunaci\u00f3n. En tal sentido informamos que solo se llevar\u00e1 a cabo dicha tarea estableciendo turnos o d\u00edas, dependiendo del vacunatorio, de esta manera evitamos la saturaci\u00f3n de espacios reducidos. <!--more--><\/p>\n<p>Detallamos a continuaci\u00f3n el cronograma establecido:<br \/>\n\u2022\tTornquist: de 7 a 14hs.<br \/>\nSala Norte: lunes mi\u00e9rcoles y viernes: pacientes adultos<br \/>\n                  Martes y jueves: pacientes pedi\u00e1tricos<br \/>\nTel: 4940.812<br \/>\nSala Sur: lunes y Mi\u00e9rcoles: pacientes pedi\u00e1tricos<br \/>\n              Martes, jueves y viernes: pacientes adultos<br \/>\nTel: 4940.400<br \/>\n\u2022\tSierra de la ventana: de 9 a 14hs<br \/>\nLunes, mi\u00e9rcoles y viernes: pacientes adultos<br \/>\nMartes y jueves: pacientes pedi\u00e1tricos<br \/>\nTel: 4915.030<br \/>\n\u2022\tChasic\u00f3: de 14 a 17hs<br \/>\nLunes, mi\u00e9rcoles y viernes: pacientes adultos<br \/>\nMartes y jueves: pacientes pedi\u00e1tricos<br \/>\nTel: 4961.010<br \/>\n\u2022\tVilla Ventana: Comunicarse a la sala para solicitar turno<br \/>\nTel: 4910.250<br \/>\n\u2022\tSaldungaray:<br \/>\nMartes y jueves de 16 a 20hs: pacientes pedi\u00e1tricos<br \/>\nPacientes adultos: comunicarse a la sala para solicitar turno.<br \/>\nTel: 4916.035<\/p>\n","protected":false},"excerpt":{"rendered":"<p>Ante la emergencia sanitaria declarada por el Gobierno Nacional y Municipal, por la pandemia COVID-19, la Secretar\u00eda de Salud municipal decidi\u00f3 tomar recaudos en la tarea de vacunaci\u00f3n. En tal sentido informamos que solo se llevar\u00e1 a cabo dicha tarea estableciendo turnos o d\u00edas, dependiendo del vacunatorio, de esta manera evitamos la saturaci\u00f3n de espacios [&hellip;]<\/p>\n","protected":false},"author":3,"featured_media":0,"comment_status":"closed","ping_status":"open","sticky":false,"template":"","format":"standard","meta":{"footnotes":""},"categories":[30],"tags":[],"class_list":["post-39601","post","type-post","status-publish","format-standard","hentry","category-salud"],"yoast_head":"<!-- This site is optimized with the Yoast SEO plugin v25.9 - https:\/\/yoast.com\/wordpress\/plugins\/seo\/ -->\n<title>Cronograma de vacunaci\u00f3n - Noticias Radio Reflejos<\/title>\n<meta name=\"robots\" content=\"index, follow, max-snippet:-1, max-image-preview:large, max-video-preview:-1\" \/>\n<link rel=\"canonical\" href=\"https:\/\/www.noticiasradioreflejos.com.ar\/2021\/cronograma-de-vacunacion\/\" \/>\n<meta property=\"og:locale\" content=\"es_ES\" \/>\n<meta property=\"og:type\" content=\"article\" \/>\n<meta property=\"og:title\" content=\"Cronograma de vacunaci\u00f3n - Noticias Radio Reflejos\" \/>\n<meta property=\"og:description\" content=\"Ante la emergencia sanitaria declarada por el Gobierno Nacional y Municipal, por la pandemia COVID-19, la Secretar\u00eda de Salud municipal decidi\u00f3 tomar recaudos en la tarea de vacunaci\u00f3n. En tal sentido informamos que solo se llevar\u00e1 a cabo dicha tarea estableciendo turnos o d\u00edas, dependiendo del vacunatorio, de esta manera evitamos la saturaci\u00f3n de espacios [&hellip;]\" \/>\n<meta property=\"og:url\" content=\"https:\/\/www.noticiasradioreflejos.com.ar\/2021\/cronograma-de-vacunacion\/\" \/>\n<meta property=\"og:site_name\" content=\"Noticias Radio Reflejos\" \/>\n<meta property=\"article:published_time\" content=\"2020-03-17T20:03:58+00:00\" \/>\n<meta property=\"og:image\" content=\"https:\/\/www.noticiasradioreflejos.com.ar\/2021\/wp-content\/uploads\/2021\/07\/logosol300x200.png\" \/>\n\t<meta property=\"og:image:width\" content=\"300\" \/>\n\t<meta property=\"og:image:height\" content=\"200\" \/>\n\t<meta property=\"og:image:type\" content=\"image\/png\" \/>\n<meta name=\"author\" content=\"Arnaldo Botto\" \/>\n<meta name=\"twitter:card\" content=\"summary_large_image\" \/>\n<script type=\"application\/ld+json\" class=\"yoast-schema-graph\">{\"@context\":\"https:\/\/schema.org\",\"@graph\":[{\"@type\":\"WebPage\",\"@id\":\"https:\/\/www.noticiasradioreflejos.com.ar\/2021\/cronograma-de-vacunacion\/\",\"url\":\"https:\/\/www.noticiasradioreflejos.com.ar\/2021\/cronograma-de-vacunacion\/\",\"name\":\"Cronograma de vacunaci\u00f3n - Noticias Radio Reflejos\",\"isPartOf\":{\"@id\":\"https:\/\/www.noticiasradioreflejos.com.ar\/2021\/#website\"},\"datePublished\":\"2020-03-17T20:03:58+00:00\",\"author\":{\"@id\":\"https:\/\/www.noticiasradioreflejos.com.ar\/2021\/#\/schema\/person\/ad82545263dcc5ec0996818884fd5fb1\"},\"breadcrumb\":{\"@id\":\"https:\/\/www.noticiasradioreflejos.com.ar\/2021\/cronograma-de-vacunacion\/#breadcrumb\"},\"inLanguage\":\"es\",\"potentialAction\":[{\"@type\":\"ReadAction\",\"target\":[\"https:\/\/www.noticiasradioreflejos.com.ar\/2021\/cronograma-de-vacunacion\/\"]}]},{\"@type\":\"BreadcrumbList\",\"@id\":\"https:\/\/www.noticiasradioreflejos.com.ar\/2021\/cronograma-de-vacunacion\/#breadcrumb\",\"itemListElement\":[{\"@type\":\"ListItem\",\"position\":1,\"name\":\"Portada\",\"item\":\"https:\/\/www.noticiasradioreflejos.com.ar\/2021\/\"},{\"@type\":\"ListItem\",\"position\":2,\"name\":\"Cronograma de vacunaci\u00f3n\"}]},{\"@type\":\"WebSite\",\"@id\":\"https:\/\/www.noticiasradioreflejos.com.ar\/2021\/#website\",\"url\":\"https:\/\/www.noticiasradioreflejos.com.ar\/2021\/\",\"name\":\"Noticias Radio Reflejos\",\"description\":\"Las noticias de mi comarca\",\"potentialAction\":[{\"@type\":\"SearchAction\",\"target\":{\"@type\":\"EntryPoint\",\"urlTemplate\":\"https:\/\/www.noticiasradioreflejos.com.ar\/2021\/?s={search_term_string}\"},\"query-input\":{\"@type\":\"PropertyValueSpecification\",\"valueRequired\":true,\"valueName\":\"search_term_string\"}}],\"inLanguage\":\"es\"},{\"@type\":\"Person\",\"@id\":\"https:\/\/www.noticiasradioreflejos.com.ar\/2021\/#\/schema\/person\/ad82545263dcc5ec0996818884fd5fb1\",\"name\":\"Arnaldo Botto\",\"image\":{\"@type\":\"ImageObject\",\"inLanguage\":\"es\",\"@id\":\"https:\/\/www.noticiasradioreflejos.com.ar\/2021\/#\/schema\/person\/image\/\",\"url\":\"https:\/\/secure.gravatar.com\/avatar\/55cb5e37c1efa326397366e6974cb338056df65cb50e7d64d1cf314e87504837?s=96&d=mm&r=g\",\"contentUrl\":\"https:\/\/secure.gravatar.com\/avatar\/55cb5e37c1efa326397366e6974cb338056df65cb50e7d64d1cf314e87504837?s=96&d=mm&r=g\",\"caption\":\"Arnaldo Botto\"},\"url\":\"https:\/\/www.noticiasradioreflejos.com.ar\/2021\/author\/arnaldo\/\"}]}<\/script>\n<!-- \/ Yoast SEO plugin. -->","yoast_head_json":{"title":"Cronograma de vacunaci\u00f3n - Noticias Radio Reflejos","robots":{"index":"index","follow":"follow","max-snippet":"max-snippet:-1","max-image-preview":"max-image-preview:large","max-video-preview":"max-video-preview:-1"},"canonical":"https:\/\/www.noticiasradioreflejos.com.ar\/2021\/cronograma-de-vacunacion\/","og_locale":"es_ES","og_type":"article","og_title":"Cronograma de vacunaci\u00f3n - Noticias Radio Reflejos","og_description":"Ante la emergencia sanitaria declarada por el Gobierno Nacional y Municipal, por la pandemia COVID-19, la Secretar\u00eda de Salud municipal decidi\u00f3 tomar recaudos en la tarea de vacunaci\u00f3n. En tal sentido informamos que solo se llevar\u00e1 a cabo dicha tarea estableciendo turnos o d\u00edas, dependiendo del vacunatorio, de esta manera evitamos la saturaci\u00f3n de espacios [&hellip;]","og_url":"https:\/\/www.noticiasradioreflejos.com.ar\/2021\/cronograma-de-vacunacion\/","og_site_name":"Noticias Radio Reflejos","article_published_time":"2020-03-17T20:03:58+00:00","og_image":[{"width":300,"height":200,"url":"https:\/\/www.noticiasradioreflejos.com.ar\/2021\/wp-content\/uploads\/2021\/07\/logosol300x200.png","type":"image\/png"}],"author":"Arnaldo Botto","twitter_card":"summary_large_image","schema":{"@context":"https:\/\/schema.org","@graph":[{"@type":"WebPage","@id":"https:\/\/www.noticiasradioreflejos.com.ar\/2021\/cronograma-de-vacunacion\/","url":"https:\/\/www.noticiasradioreflejos.com.ar\/2021\/cronograma-de-vacunacion\/","name":"Cronograma de vacunaci\u00f3n - Noticias Radio Reflejos","isPartOf":{"@id":"https:\/\/www.noticiasradioreflejos.com.ar\/2021\/#website"},"datePublished":"2020-03-17T20:03:58+00:00","author":{"@id":"https:\/\/www.noticiasradioreflejos.com.ar\/2021\/#\/schema\/person\/ad82545263dcc5ec0996818884fd5fb1"},"breadcrumb":{"@id":"https:\/\/www.noticiasradioreflejos.com.ar\/2021\/cronograma-de-vacunacion\/#breadcrumb"},"inLanguage":"es","potentialAction":[{"@type":"ReadAction","target":["https:\/\/www.noticiasradioreflejos.com.ar\/2021\/cronograma-de-vacunacion\/"]}]},{"@type":"BreadcrumbList","@id":"https:\/\/www.noticiasradioreflejos.com.ar\/2021\/cronograma-de-vacunacion\/#breadcrumb","itemListElement":[{"@type":"ListItem","position":1,"name":"Portada","item":"https:\/\/www.noticiasradioreflejos.com.ar\/2021\/"},{"@type":"ListItem","position":2,"name":"Cronograma de vacunaci\u00f3n"}]},{"@type":"WebSite","@id":"https:\/\/www.noticiasradioreflejos.com.ar\/2021\/#website","url":"https:\/\/www.noticiasradioreflejos.com.ar\/2021\/","name":"Noticias Radio Reflejos","description":"Las noticias de mi comarca","potentialAction":[{"@type":"SearchAction","target":{"@type":"EntryPoint","urlTemplate":"https:\/\/www.noticiasradioreflejos.com.ar\/2021\/?s={search_term_string}"},"query-input":{"@type":"PropertyValueSpecification","valueRequired":true,"valueName":"search_term_string"}}],"inLanguage":"es"},{"@type":"Person","@id":"https:\/\/www.noticiasradioreflejos.com.ar\/2021\/#\/schema\/person\/ad82545263dcc5ec0996818884fd5fb1","name":"Arnaldo Botto","image":{"@type":"ImageObject","inLanguage":"es","@id":"https:\/\/www.noticiasradioreflejos.com.ar\/2021\/#\/schema\/person\/image\/","url":"https:\/\/secure.gravatar.com\/avatar\/55cb5e37c1efa326397366e6974cb338056df65cb50e7d64d1cf314e87504837?s=96&d=mm&r=g","contentUrl":"https:\/\/secure.gravatar.com\/avatar\/55cb5e37c1efa326397366e6974cb338056df65cb50e7d64d1cf314e87504837?s=96&d=mm&r=g","caption":"Arnaldo Botto"},"url":"https:\/\/www.noticiasradioreflejos.com.ar\/2021\/author\/arnaldo\/"}]}},"_links":{"self":[{"href":"https:\/\/www.noticiasradioreflejos.com.ar\/2021\/wp-json\/wp\/v2\/posts\/39601","targetHints":{"allow":["GET"]}}],"collection":[{"href":"https:\/\/www.noticiasradioreflejos.com.ar\/2021\/wp-json\/wp\/v2\/posts"}],"about":[{"href":"https:\/\/www.noticiasradioreflejos.com.ar\/2021\/wp-json\/wp\/v2\/types\/post"}],"author":[{"embeddable":true,"href":"https:\/\/www.noticiasradioreflejos.com.ar\/2021\/wp-json\/wp\/v2\/users\/3"}],"replies":[{"embeddable":true,"href":"https:\/\/www.noticiasradioreflejos.com.ar\/2021\/wp-json\/wp\/v2\/comments?post=39601"}],"version-history":[{"count":0,"href":"https:\/\/www.noticiasradioreflejos.com.ar\/2021\/wp-json\/wp\/v2\/posts\/39601\/revisions"}],"wp:attachment":[{"href":"https:\/\/www.noticiasradioreflejos.com.ar\/2021\/wp-json\/wp\/v2\/media?parent=39601"}],"wp:term":[{"taxonomy":"category","embeddable":true,"href":"https:\/\/www.noticiasradioreflejos.com.ar\/2021\/wp-json\/wp\/v2\/categories?post=39601"},{"taxonomy":"post_tag","embeddable":true,"href":"https:\/\/www.noticiasradioreflejos.com.ar\/2021\/wp-json\/wp\/v2\/tags?post=39601"}],"curies":[{"name":"wp","href":"https:\/\/api.w.org\/{rel}","templated":true}]}}