{"id":39552,"date":"2020-03-16T15:09:48","date_gmt":"2020-03-16T18:09:48","guid":{"rendered":"http:\/\/www.noticiasradioreflejos.com.ar\/noticias\/?p=39552"},"modified":"2020-03-16T15:09:48","modified_gmt":"2020-03-16T18:09:48","slug":"vacunas-antigripales-no-estan-disponibles-la-cepa-2020-en-el-sector-publico","status":"publish","type":"post","link":"https:\/\/www.noticiasradioreflejos.com.ar\/2021\/vacunas-antigripales-no-estan-disponibles-la-cepa-2020-en-el-sector-publico\/","title":{"rendered":"Vacunas antigripales: no est\u00e1 disponibles la cepa 2020 en el sector p\u00fablico"},"content":{"rendered":"<p>La Secretar\u00eda de Salud municipal a trav\u00e9s del \u00e1rea de inmunizaciones, informa que las vacunas antigripales cepa 2020 a\u00fan no han llegado a nuestros distrito. Las mismas son enviadas desde Regi\u00f3n Sanitaria I. Por tal motivo, se informar\u00e1 por este medio cuando lleguen al sector p\u00fablico, ya que no hay fecha estipulada para el arribo de las mismas.<!--more--><\/p>\n<p>Es importante destacar, ante las reiteradas consultas, que las vacunas antigripales NO PROTEGEN contra el coronavirus. Asimismo se informa a todos los grupos de riesgo que deber\u00e1n ser aplicadas en tiempo y forma (una vez que sean distribuidas) para no generar una complicaci\u00f3n a la salud individual y al servicio de salud estatal frente al escenario de circulaci\u00f3n viral que se espera para esta temporada invernal. <\/p>\n","protected":false},"excerpt":{"rendered":"<p>La Secretar\u00eda de Salud municipal a trav\u00e9s del \u00e1rea de inmunizaciones, informa que las vacunas antigripales cepa 2020 a\u00fan no han llegado a nuestros distrito. Las mismas son enviadas desde Regi\u00f3n Sanitaria I. Por tal motivo, se informar\u00e1 por este medio cuando lleguen al sector p\u00fablico, ya que no hay fecha estipulada para el arribo [&hellip;]<\/p>\n","protected":false},"author":3,"featured_media":0,"comment_status":"closed","ping_status":"open","sticky":false,"template":"","format":"standard","meta":{"footnotes":""},"categories":[30],"tags":[],"class_list":["post-39552","post","type-post","status-publish","format-standard","hentry","category-salud"],"yoast_head":"<!-- This site is optimized with the Yoast SEO plugin v25.9 - https:\/\/yoast.com\/wordpress\/plugins\/seo\/ -->\n<title>Vacunas antigripales: no est\u00e1 disponibles la cepa 2020 en el sector p\u00fablico - Noticias Radio Reflejos<\/title>\n<meta name=\"robots\" content=\"index, follow, max-snippet:-1, max-image-preview:large, max-video-preview:-1\" \/>\n<link rel=\"canonical\" href=\"https:\/\/www.noticiasradioreflejos.com.ar\/2021\/vacunas-antigripales-no-estan-disponibles-la-cepa-2020-en-el-sector-publico\/\" \/>\n<meta property=\"og:locale\" content=\"es_ES\" \/>\n<meta property=\"og:type\" content=\"article\" \/>\n<meta property=\"og:title\" content=\"Vacunas antigripales: no est\u00e1 disponibles la cepa 2020 en el sector p\u00fablico - Noticias Radio Reflejos\" \/>\n<meta property=\"og:description\" content=\"La Secretar\u00eda de Salud municipal a trav\u00e9s del \u00e1rea de inmunizaciones, informa que las vacunas antigripales cepa 2020 a\u00fan no han llegado a nuestros distrito. Las mismas son enviadas desde Regi\u00f3n Sanitaria I. Por tal motivo, se informar\u00e1 por este medio cuando lleguen al sector p\u00fablico, ya que no hay fecha estipulada para el arribo [&hellip;]\" \/>\n<meta property=\"og:url\" content=\"https:\/\/www.noticiasradioreflejos.com.ar\/2021\/vacunas-antigripales-no-estan-disponibles-la-cepa-2020-en-el-sector-publico\/\" \/>\n<meta property=\"og:site_name\" content=\"Noticias Radio Reflejos\" \/>\n<meta property=\"article:published_time\" content=\"2020-03-16T18:09:48+00:00\" \/>\n<meta property=\"og:image\" content=\"https:\/\/www.noticiasradioreflejos.com.ar\/2021\/wp-content\/uploads\/2021\/07\/logosol300x200.png\" \/>\n\t<meta property=\"og:image:width\" content=\"300\" \/>\n\t<meta property=\"og:image:height\" content=\"200\" \/>\n\t<meta property=\"og:image:type\" content=\"image\/png\" \/>\n<meta name=\"author\" content=\"Arnaldo Botto\" \/>\n<meta name=\"twitter:card\" content=\"summary_large_image\" \/>\n<script type=\"application\/ld+json\" class=\"yoast-schema-graph\">{\"@context\":\"https:\/\/schema.org\",\"@graph\":[{\"@type\":\"WebPage\",\"@id\":\"https:\/\/www.noticiasradioreflejos.com.ar\/2021\/vacunas-antigripales-no-estan-disponibles-la-cepa-2020-en-el-sector-publico\/\",\"url\":\"https:\/\/www.noticiasradioreflejos.com.ar\/2021\/vacunas-antigripales-no-estan-disponibles-la-cepa-2020-en-el-sector-publico\/\",\"name\":\"Vacunas antigripales: no est\u00e1 disponibles la cepa 2020 en el sector p\u00fablico - Noticias Radio Reflejos\",\"isPartOf\":{\"@id\":\"https:\/\/www.noticiasradioreflejos.com.ar\/2021\/#website\"},\"datePublished\":\"2020-03-16T18:09:48+00:00\",\"author\":{\"@id\":\"https:\/\/www.noticiasradioreflejos.com.ar\/2021\/#\/schema\/person\/ad82545263dcc5ec0996818884fd5fb1\"},\"breadcrumb\":{\"@id\":\"https:\/\/www.noticiasradioreflejos.com.ar\/2021\/vacunas-antigripales-no-estan-disponibles-la-cepa-2020-en-el-sector-publico\/#breadcrumb\"},\"inLanguage\":\"es\",\"potentialAction\":[{\"@type\":\"ReadAction\",\"target\":[\"https:\/\/www.noticiasradioreflejos.com.ar\/2021\/vacunas-antigripales-no-estan-disponibles-la-cepa-2020-en-el-sector-publico\/\"]}]},{\"@type\":\"BreadcrumbList\",\"@id\":\"https:\/\/www.noticiasradioreflejos.com.ar\/2021\/vacunas-antigripales-no-estan-disponibles-la-cepa-2020-en-el-sector-publico\/#breadcrumb\",\"itemListElement\":[{\"@type\":\"ListItem\",\"position\":1,\"name\":\"Portada\",\"item\":\"https:\/\/www.noticiasradioreflejos.com.ar\/2021\/\"},{\"@type\":\"ListItem\",\"position\":2,\"name\":\"Vacunas antigripales: no est\u00e1 disponibles la cepa 2020 en el sector p\u00fablico\"}]},{\"@type\":\"WebSite\",\"@id\":\"https:\/\/www.noticiasradioreflejos.com.ar\/2021\/#website\",\"url\":\"https:\/\/www.noticiasradioreflejos.com.ar\/2021\/\",\"name\":\"Noticias Radio Reflejos\",\"description\":\"Las noticias de mi comarca\",\"potentialAction\":[{\"@type\":\"SearchAction\",\"target\":{\"@type\":\"EntryPoint\",\"urlTemplate\":\"https:\/\/www.noticiasradioreflejos.com.ar\/2021\/?s={search_term_string}\"},\"query-input\":{\"@type\":\"PropertyValueSpecification\",\"valueRequired\":true,\"valueName\":\"search_term_string\"}}],\"inLanguage\":\"es\"},{\"@type\":\"Person\",\"@id\":\"https:\/\/www.noticiasradioreflejos.com.ar\/2021\/#\/schema\/person\/ad82545263dcc5ec0996818884fd5fb1\",\"name\":\"Arnaldo Botto\",\"image\":{\"@type\":\"ImageObject\",\"inLanguage\":\"es\",\"@id\":\"https:\/\/www.noticiasradioreflejos.com.ar\/2021\/#\/schema\/person\/image\/\",\"url\":\"https:\/\/secure.gravatar.com\/avatar\/55cb5e37c1efa326397366e6974cb338056df65cb50e7d64d1cf314e87504837?s=96&d=mm&r=g\",\"contentUrl\":\"https:\/\/secure.gravatar.com\/avatar\/55cb5e37c1efa326397366e6974cb338056df65cb50e7d64d1cf314e87504837?s=96&d=mm&r=g\",\"caption\":\"Arnaldo Botto\"},\"url\":\"https:\/\/www.noticiasradioreflejos.com.ar\/2021\/author\/arnaldo\/\"}]}<\/script>\n<!-- \/ Yoast SEO plugin. -->","yoast_head_json":{"title":"Vacunas antigripales: no est\u00e1 disponibles la cepa 2020 en el sector p\u00fablico - Noticias Radio Reflejos","robots":{"index":"index","follow":"follow","max-snippet":"max-snippet:-1","max-image-preview":"max-image-preview:large","max-video-preview":"max-video-preview:-1"},"canonical":"https:\/\/www.noticiasradioreflejos.com.ar\/2021\/vacunas-antigripales-no-estan-disponibles-la-cepa-2020-en-el-sector-publico\/","og_locale":"es_ES","og_type":"article","og_title":"Vacunas antigripales: no est\u00e1 disponibles la cepa 2020 en el sector p\u00fablico - Noticias Radio Reflejos","og_description":"La Secretar\u00eda de Salud municipal a trav\u00e9s del \u00e1rea de inmunizaciones, informa que las vacunas antigripales cepa 2020 a\u00fan no han llegado a nuestros distrito. Las mismas son enviadas desde Regi\u00f3n Sanitaria I. Por tal motivo, se informar\u00e1 por este medio cuando lleguen al sector p\u00fablico, ya que no hay fecha estipulada para el arribo [&hellip;]","og_url":"https:\/\/www.noticiasradioreflejos.com.ar\/2021\/vacunas-antigripales-no-estan-disponibles-la-cepa-2020-en-el-sector-publico\/","og_site_name":"Noticias Radio Reflejos","article_published_time":"2020-03-16T18:09:48+00:00","og_image":[{"width":300,"height":200,"url":"https:\/\/www.noticiasradioreflejos.com.ar\/2021\/wp-content\/uploads\/2021\/07\/logosol300x200.png","type":"image\/png"}],"author":"Arnaldo Botto","twitter_card":"summary_large_image","schema":{"@context":"https:\/\/schema.org","@graph":[{"@type":"WebPage","@id":"https:\/\/www.noticiasradioreflejos.com.ar\/2021\/vacunas-antigripales-no-estan-disponibles-la-cepa-2020-en-el-sector-publico\/","url":"https:\/\/www.noticiasradioreflejos.com.ar\/2021\/vacunas-antigripales-no-estan-disponibles-la-cepa-2020-en-el-sector-publico\/","name":"Vacunas antigripales: no est\u00e1 disponibles la cepa 2020 en el sector p\u00fablico - Noticias Radio Reflejos","isPartOf":{"@id":"https:\/\/www.noticiasradioreflejos.com.ar\/2021\/#website"},"datePublished":"2020-03-16T18:09:48+00:00","author":{"@id":"https:\/\/www.noticiasradioreflejos.com.ar\/2021\/#\/schema\/person\/ad82545263dcc5ec0996818884fd5fb1"},"breadcrumb":{"@id":"https:\/\/www.noticiasradioreflejos.com.ar\/2021\/vacunas-antigripales-no-estan-disponibles-la-cepa-2020-en-el-sector-publico\/#breadcrumb"},"inLanguage":"es","potentialAction":[{"@type":"ReadAction","target":["https:\/\/www.noticiasradioreflejos.com.ar\/2021\/vacunas-antigripales-no-estan-disponibles-la-cepa-2020-en-el-sector-publico\/"]}]},{"@type":"BreadcrumbList","@id":"https:\/\/www.noticiasradioreflejos.com.ar\/2021\/vacunas-antigripales-no-estan-disponibles-la-cepa-2020-en-el-sector-publico\/#breadcrumb","itemListElement":[{"@type":"ListItem","position":1,"name":"Portada","item":"https:\/\/www.noticiasradioreflejos.com.ar\/2021\/"},{"@type":"ListItem","position":2,"name":"Vacunas antigripales: no est\u00e1 disponibles la cepa 2020 en el sector p\u00fablico"}]},{"@type":"WebSite","@id":"https:\/\/www.noticiasradioreflejos.com.ar\/2021\/#website","url":"https:\/\/www.noticiasradioreflejos.com.ar\/2021\/","name":"Noticias Radio Reflejos","description":"Las noticias de mi comarca","potentialAction":[{"@type":"SearchAction","target":{"@type":"EntryPoint","urlTemplate":"https:\/\/www.noticiasradioreflejos.com.ar\/2021\/?s={search_term_string}"},"query-input":{"@type":"PropertyValueSpecification","valueRequired":true,"valueName":"search_term_string"}}],"inLanguage":"es"},{"@type":"Person","@id":"https:\/\/www.noticiasradioreflejos.com.ar\/2021\/#\/schema\/person\/ad82545263dcc5ec0996818884fd5fb1","name":"Arnaldo Botto","image":{"@type":"ImageObject","inLanguage":"es","@id":"https:\/\/www.noticiasradioreflejos.com.ar\/2021\/#\/schema\/person\/image\/","url":"https:\/\/secure.gravatar.com\/avatar\/55cb5e37c1efa326397366e6974cb338056df65cb50e7d64d1cf314e87504837?s=96&d=mm&r=g","contentUrl":"https:\/\/secure.gravatar.com\/avatar\/55cb5e37c1efa326397366e6974cb338056df65cb50e7d64d1cf314e87504837?s=96&d=mm&r=g","caption":"Arnaldo Botto"},"url":"https:\/\/www.noticiasradioreflejos.com.ar\/2021\/author\/arnaldo\/"}]}},"_links":{"self":[{"href":"https:\/\/www.noticiasradioreflejos.com.ar\/2021\/wp-json\/wp\/v2\/posts\/39552","targetHints":{"allow":["GET"]}}],"collection":[{"href":"https:\/\/www.noticiasradioreflejos.com.ar\/2021\/wp-json\/wp\/v2\/posts"}],"about":[{"href":"https:\/\/www.noticiasradioreflejos.com.ar\/2021\/wp-json\/wp\/v2\/types\/post"}],"author":[{"embeddable":true,"href":"https:\/\/www.noticiasradioreflejos.com.ar\/2021\/wp-json\/wp\/v2\/users\/3"}],"replies":[{"embeddable":true,"href":"https:\/\/www.noticiasradioreflejos.com.ar\/2021\/wp-json\/wp\/v2\/comments?post=39552"}],"version-history":[{"count":0,"href":"https:\/\/www.noticiasradioreflejos.com.ar\/2021\/wp-json\/wp\/v2\/posts\/39552\/revisions"}],"wp:attachment":[{"href":"https:\/\/www.noticiasradioreflejos.com.ar\/2021\/wp-json\/wp\/v2\/media?parent=39552"}],"wp:term":[{"taxonomy":"category","embeddable":true,"href":"https:\/\/www.noticiasradioreflejos.com.ar\/2021\/wp-json\/wp\/v2\/categories?post=39552"},{"taxonomy":"post_tag","embeddable":true,"href":"https:\/\/www.noticiasradioreflejos.com.ar\/2021\/wp-json\/wp\/v2\/tags?post=39552"}],"curies":[{"name":"wp","href":"https:\/\/api.w.org\/{rel}","templated":true}]}}