{"id":39550,"date":"2020-03-16T14:50:34","date_gmt":"2020-03-16T17:50:34","guid":{"rendered":"http:\/\/www.noticiasradioreflejos.com.ar\/noticias\/?p=39550"},"modified":"2020-03-16T14:50:34","modified_gmt":"2020-03-16T17:50:34","slug":"coronavirus-medidas-de-precaucion-tomadas-por-el-municipio","status":"publish","type":"post","link":"https:\/\/www.noticiasradioreflejos.com.ar\/2021\/coronavirus-medidas-de-precaucion-tomadas-por-el-municipio\/","title":{"rendered":"Coronavirus: medidas de precauci\u00f3n tomadas por el Municipio"},"content":{"rendered":"<p>Tornquist Municipio recuerda a la comunidad las medidas tomadas, con el fin de resguardar y evitar la propagaci\u00f3n del Coronavirus (Covid-19):<br \/>\n1. Cancelaci\u00f3n de eventos Masivos:<br \/>\nQuedan prohibidos, hasta nuevo aviso, eventos masivos en espacios culturales (m\u00e1s de 200 participantes), o actividades de alta concentraci\u00f3n de personas. S\u00f3lo podr\u00e1n llevarse a cabo espect\u00e1culos deportivos sin p\u00fablico.<br \/>\n2. Cambio de horario para apto m\u00e9dico para licencias de conducir:<!--more--><br \/>\nDeber\u00e1n acercarse al Consultorio del Dr. Mauricio Dos Santos de 12.30 a 14.30 de lunes a viernes, sin excepci\u00f3n, para llevar a cabo el correspondiente apto m\u00e9dico.<br \/>\n3. Restaurantes, bares y cervecer\u00edas: deber\u00e1n trabajar al 50% de su ocupaci\u00f3n.<br \/>\nDeber\u00e1n funcionar con una ocupaci\u00f3n del 50% de la capacidad y se deber\u00e1 mantener doble distancia entre las mesas dispuestas, del que se tiene normalmente. Adem\u00e1s podr\u00e1n mantener sus puertas abiertas hasta las 2.00 am, como m\u00e1ximo.<br \/>\n4. Licencias especiales para empleados municipales:<br \/>\nSe otorgar\u00e1 una licencia especial, para realizar cuarentena (14 d\u00edas), por el lapso de 180 d\u00edas a todos los empleados estatales que hayan realizado viajes al exterior. Podr\u00e1n hacer uso de esa licencia especial, las personas mayores de 60 a\u00f1os y grupos de riesgo.<br \/>\n5. Cierre de Guarder\u00eda:<br \/>\nPermanecer\u00e1 cerrada hasta el 31 de marzo.<br \/>\n6. Suspensi\u00f3n de actividades deportivas y culturales:<br \/>\nTodos los clubes del distrito deber\u00e1n cesar todas las actividades deportivas hasta el pr\u00f3ximo 31 de marzo.<br \/>\nAsimismo los Hogares Agr\u00edcolas y Escuela Folcl\u00f3rica Municipal deber\u00e1n suspender el dictado de talleres hasta el 31 de marzo.<br \/>\n7. Cierre de Espacios Culturales y Oficinas de Informes Tur\u00edsticos:<br \/>\nTeatro Municipal, Museo \u201cCasa de la Historia\u201d, Museo Ferroviario y Centro Cultural de Sierra de la Ventana, restringir\u00e1n por completo sus actividades, y permanecer\u00e1n con sus puertas cerradas hasta nuevo aviso.<br \/>\nAsimismo recordamos a los prestadores tur\u00edsticos que antes de efectuar una reserva se deber\u00e1ni chequear las visas de tiempo de residencia en el pa\u00eds para todos aquellos turistas, tanto ciudadanos argentinos como extranjeros. Con el fin de constatar que hayan cumplimentado con los 15 d\u00edas de aislamiento.<br \/>\nPor otro lado, adhiri\u00e9ndose a las medidas estipuladas por el Gobierno Nacional, se suspenden las actividades educativas en todos los niveles, dentro del distrito.<\/p>\n","protected":false},"excerpt":{"rendered":"<p>Tornquist Municipio recuerda a la comunidad las medidas tomadas, con el fin de resguardar y evitar la propagaci\u00f3n del Coronavirus (Covid-19): 1. Cancelaci\u00f3n de eventos Masivos: Quedan prohibidos, hasta nuevo aviso, eventos masivos en espacios culturales (m\u00e1s de 200 participantes), o actividades de alta concentraci\u00f3n de personas. S\u00f3lo podr\u00e1n llevarse a cabo espect\u00e1culos deportivos sin [&hellip;]<\/p>\n","protected":false},"author":3,"featured_media":0,"comment_status":"closed","ping_status":"open","sticky":false,"template":"","format":"standard","meta":{"footnotes":""},"categories":[28],"tags":[],"class_list":["post-39550","post","type-post","status-publish","format-standard","hentry","category-municipales"],"yoast_head":"<!-- This site is optimized with the Yoast SEO plugin v25.9 - https:\/\/yoast.com\/wordpress\/plugins\/seo\/ -->\n<title>Coronavirus: medidas de precauci\u00f3n tomadas por el Municipio - Noticias Radio Reflejos<\/title>\n<meta name=\"robots\" content=\"index, follow, max-snippet:-1, max-image-preview:large, max-video-preview:-1\" \/>\n<link rel=\"canonical\" href=\"https:\/\/www.noticiasradioreflejos.com.ar\/2021\/coronavirus-medidas-de-precaucion-tomadas-por-el-municipio\/\" \/>\n<meta property=\"og:locale\" content=\"es_ES\" \/>\n<meta property=\"og:type\" content=\"article\" \/>\n<meta property=\"og:title\" content=\"Coronavirus: medidas de precauci\u00f3n tomadas por el Municipio - Noticias Radio Reflejos\" \/>\n<meta property=\"og:description\" content=\"Tornquist Municipio recuerda a la comunidad las medidas tomadas, con el fin de resguardar y evitar la propagaci\u00f3n del Coronavirus (Covid-19): 1. Cancelaci\u00f3n de eventos Masivos: Quedan prohibidos, hasta nuevo aviso, eventos masivos en espacios culturales (m\u00e1s de 200 participantes), o actividades de alta concentraci\u00f3n de personas. S\u00f3lo podr\u00e1n llevarse a cabo espect\u00e1culos deportivos sin [&hellip;]\" \/>\n<meta property=\"og:url\" content=\"https:\/\/www.noticiasradioreflejos.com.ar\/2021\/coronavirus-medidas-de-precaucion-tomadas-por-el-municipio\/\" \/>\n<meta property=\"og:site_name\" content=\"Noticias Radio Reflejos\" \/>\n<meta property=\"article:published_time\" content=\"2020-03-16T17:50:34+00:00\" \/>\n<meta property=\"og:image\" content=\"https:\/\/www.noticiasradioreflejos.com.ar\/2021\/wp-content\/uploads\/2021\/07\/logosol300x200.png\" \/>\n\t<meta property=\"og:image:width\" content=\"300\" \/>\n\t<meta property=\"og:image:height\" content=\"200\" \/>\n\t<meta property=\"og:image:type\" content=\"image\/png\" \/>\n<meta name=\"author\" content=\"Arnaldo Botto\" \/>\n<meta name=\"twitter:card\" content=\"summary_large_image\" \/>\n<script type=\"application\/ld+json\" class=\"yoast-schema-graph\">{\"@context\":\"https:\/\/schema.org\",\"@graph\":[{\"@type\":\"WebPage\",\"@id\":\"https:\/\/www.noticiasradioreflejos.com.ar\/2021\/coronavirus-medidas-de-precaucion-tomadas-por-el-municipio\/\",\"url\":\"https:\/\/www.noticiasradioreflejos.com.ar\/2021\/coronavirus-medidas-de-precaucion-tomadas-por-el-municipio\/\",\"name\":\"Coronavirus: medidas de precauci\u00f3n tomadas por el Municipio - Noticias Radio Reflejos\",\"isPartOf\":{\"@id\":\"https:\/\/www.noticiasradioreflejos.com.ar\/2021\/#website\"},\"datePublished\":\"2020-03-16T17:50:34+00:00\",\"author\":{\"@id\":\"https:\/\/www.noticiasradioreflejos.com.ar\/2021\/#\/schema\/person\/ad82545263dcc5ec0996818884fd5fb1\"},\"breadcrumb\":{\"@id\":\"https:\/\/www.noticiasradioreflejos.com.ar\/2021\/coronavirus-medidas-de-precaucion-tomadas-por-el-municipio\/#breadcrumb\"},\"inLanguage\":\"es\",\"potentialAction\":[{\"@type\":\"ReadAction\",\"target\":[\"https:\/\/www.noticiasradioreflejos.com.ar\/2021\/coronavirus-medidas-de-precaucion-tomadas-por-el-municipio\/\"]}]},{\"@type\":\"BreadcrumbList\",\"@id\":\"https:\/\/www.noticiasradioreflejos.com.ar\/2021\/coronavirus-medidas-de-precaucion-tomadas-por-el-municipio\/#breadcrumb\",\"itemListElement\":[{\"@type\":\"ListItem\",\"position\":1,\"name\":\"Portada\",\"item\":\"https:\/\/www.noticiasradioreflejos.com.ar\/2021\/\"},{\"@type\":\"ListItem\",\"position\":2,\"name\":\"Coronavirus: medidas de precauci\u00f3n tomadas por el Municipio\"}]},{\"@type\":\"WebSite\",\"@id\":\"https:\/\/www.noticiasradioreflejos.com.ar\/2021\/#website\",\"url\":\"https:\/\/www.noticiasradioreflejos.com.ar\/2021\/\",\"name\":\"Noticias Radio Reflejos\",\"description\":\"Las noticias de mi comarca\",\"potentialAction\":[{\"@type\":\"SearchAction\",\"target\":{\"@type\":\"EntryPoint\",\"urlTemplate\":\"https:\/\/www.noticiasradioreflejos.com.ar\/2021\/?s={search_term_string}\"},\"query-input\":{\"@type\":\"PropertyValueSpecification\",\"valueRequired\":true,\"valueName\":\"search_term_string\"}}],\"inLanguage\":\"es\"},{\"@type\":\"Person\",\"@id\":\"https:\/\/www.noticiasradioreflejos.com.ar\/2021\/#\/schema\/person\/ad82545263dcc5ec0996818884fd5fb1\",\"name\":\"Arnaldo Botto\",\"image\":{\"@type\":\"ImageObject\",\"inLanguage\":\"es\",\"@id\":\"https:\/\/www.noticiasradioreflejos.com.ar\/2021\/#\/schema\/person\/image\/\",\"url\":\"https:\/\/secure.gravatar.com\/avatar\/55cb5e37c1efa326397366e6974cb338056df65cb50e7d64d1cf314e87504837?s=96&d=mm&r=g\",\"contentUrl\":\"https:\/\/secure.gravatar.com\/avatar\/55cb5e37c1efa326397366e6974cb338056df65cb50e7d64d1cf314e87504837?s=96&d=mm&r=g\",\"caption\":\"Arnaldo Botto\"},\"url\":\"https:\/\/www.noticiasradioreflejos.com.ar\/2021\/author\/arnaldo\/\"}]}<\/script>\n<!-- \/ Yoast SEO plugin. -->","yoast_head_json":{"title":"Coronavirus: medidas de precauci\u00f3n tomadas por el Municipio - Noticias Radio Reflejos","robots":{"index":"index","follow":"follow","max-snippet":"max-snippet:-1","max-image-preview":"max-image-preview:large","max-video-preview":"max-video-preview:-1"},"canonical":"https:\/\/www.noticiasradioreflejos.com.ar\/2021\/coronavirus-medidas-de-precaucion-tomadas-por-el-municipio\/","og_locale":"es_ES","og_type":"article","og_title":"Coronavirus: medidas de precauci\u00f3n tomadas por el Municipio - Noticias Radio Reflejos","og_description":"Tornquist Municipio recuerda a la comunidad las medidas tomadas, con el fin de resguardar y evitar la propagaci\u00f3n del Coronavirus (Covid-19): 1. Cancelaci\u00f3n de eventos Masivos: Quedan prohibidos, hasta nuevo aviso, eventos masivos en espacios culturales (m\u00e1s de 200 participantes), o actividades de alta concentraci\u00f3n de personas. S\u00f3lo podr\u00e1n llevarse a cabo espect\u00e1culos deportivos sin [&hellip;]","og_url":"https:\/\/www.noticiasradioreflejos.com.ar\/2021\/coronavirus-medidas-de-precaucion-tomadas-por-el-municipio\/","og_site_name":"Noticias Radio Reflejos","article_published_time":"2020-03-16T17:50:34+00:00","og_image":[{"width":300,"height":200,"url":"https:\/\/www.noticiasradioreflejos.com.ar\/2021\/wp-content\/uploads\/2021\/07\/logosol300x200.png","type":"image\/png"}],"author":"Arnaldo Botto","twitter_card":"summary_large_image","schema":{"@context":"https:\/\/schema.org","@graph":[{"@type":"WebPage","@id":"https:\/\/www.noticiasradioreflejos.com.ar\/2021\/coronavirus-medidas-de-precaucion-tomadas-por-el-municipio\/","url":"https:\/\/www.noticiasradioreflejos.com.ar\/2021\/coronavirus-medidas-de-precaucion-tomadas-por-el-municipio\/","name":"Coronavirus: medidas de precauci\u00f3n tomadas por el Municipio - Noticias Radio Reflejos","isPartOf":{"@id":"https:\/\/www.noticiasradioreflejos.com.ar\/2021\/#website"},"datePublished":"2020-03-16T17:50:34+00:00","author":{"@id":"https:\/\/www.noticiasradioreflejos.com.ar\/2021\/#\/schema\/person\/ad82545263dcc5ec0996818884fd5fb1"},"breadcrumb":{"@id":"https:\/\/www.noticiasradioreflejos.com.ar\/2021\/coronavirus-medidas-de-precaucion-tomadas-por-el-municipio\/#breadcrumb"},"inLanguage":"es","potentialAction":[{"@type":"ReadAction","target":["https:\/\/www.noticiasradioreflejos.com.ar\/2021\/coronavirus-medidas-de-precaucion-tomadas-por-el-municipio\/"]}]},{"@type":"BreadcrumbList","@id":"https:\/\/www.noticiasradioreflejos.com.ar\/2021\/coronavirus-medidas-de-precaucion-tomadas-por-el-municipio\/#breadcrumb","itemListElement":[{"@type":"ListItem","position":1,"name":"Portada","item":"https:\/\/www.noticiasradioreflejos.com.ar\/2021\/"},{"@type":"ListItem","position":2,"name":"Coronavirus: medidas de precauci\u00f3n tomadas por el Municipio"}]},{"@type":"WebSite","@id":"https:\/\/www.noticiasradioreflejos.com.ar\/2021\/#website","url":"https:\/\/www.noticiasradioreflejos.com.ar\/2021\/","name":"Noticias Radio Reflejos","description":"Las noticias de mi comarca","potentialAction":[{"@type":"SearchAction","target":{"@type":"EntryPoint","urlTemplate":"https:\/\/www.noticiasradioreflejos.com.ar\/2021\/?s={search_term_string}"},"query-input":{"@type":"PropertyValueSpecification","valueRequired":true,"valueName":"search_term_string"}}],"inLanguage":"es"},{"@type":"Person","@id":"https:\/\/www.noticiasradioreflejos.com.ar\/2021\/#\/schema\/person\/ad82545263dcc5ec0996818884fd5fb1","name":"Arnaldo Botto","image":{"@type":"ImageObject","inLanguage":"es","@id":"https:\/\/www.noticiasradioreflejos.com.ar\/2021\/#\/schema\/person\/image\/","url":"https:\/\/secure.gravatar.com\/avatar\/55cb5e37c1efa326397366e6974cb338056df65cb50e7d64d1cf314e87504837?s=96&d=mm&r=g","contentUrl":"https:\/\/secure.gravatar.com\/avatar\/55cb5e37c1efa326397366e6974cb338056df65cb50e7d64d1cf314e87504837?s=96&d=mm&r=g","caption":"Arnaldo Botto"},"url":"https:\/\/www.noticiasradioreflejos.com.ar\/2021\/author\/arnaldo\/"}]}},"_links":{"self":[{"href":"https:\/\/www.noticiasradioreflejos.com.ar\/2021\/wp-json\/wp\/v2\/posts\/39550","targetHints":{"allow":["GET"]}}],"collection":[{"href":"https:\/\/www.noticiasradioreflejos.com.ar\/2021\/wp-json\/wp\/v2\/posts"}],"about":[{"href":"https:\/\/www.noticiasradioreflejos.com.ar\/2021\/wp-json\/wp\/v2\/types\/post"}],"author":[{"embeddable":true,"href":"https:\/\/www.noticiasradioreflejos.com.ar\/2021\/wp-json\/wp\/v2\/users\/3"}],"replies":[{"embeddable":true,"href":"https:\/\/www.noticiasradioreflejos.com.ar\/2021\/wp-json\/wp\/v2\/comments?post=39550"}],"version-history":[{"count":0,"href":"https:\/\/www.noticiasradioreflejos.com.ar\/2021\/wp-json\/wp\/v2\/posts\/39550\/revisions"}],"wp:attachment":[{"href":"https:\/\/www.noticiasradioreflejos.com.ar\/2021\/wp-json\/wp\/v2\/media?parent=39550"}],"wp:term":[{"taxonomy":"category","embeddable":true,"href":"https:\/\/www.noticiasradioreflejos.com.ar\/2021\/wp-json\/wp\/v2\/categories?post=39550"},{"taxonomy":"post_tag","embeddable":true,"href":"https:\/\/www.noticiasradioreflejos.com.ar\/2021\/wp-json\/wp\/v2\/tags?post=39550"}],"curies":[{"name":"wp","href":"https:\/\/api.w.org\/{rel}","templated":true}]}}