{"id":39547,"date":"2020-03-16T14:44:37","date_gmt":"2020-03-16T17:44:37","guid":{"rendered":"http:\/\/www.noticiasradioreflejos.com.ar\/noticias\/?p=39547"},"modified":"2020-03-16T14:44:37","modified_gmt":"2020-03-16T17:44:37","slug":"suspension-de-actividades-en-la-universidad-provincial-del-sudoeste","status":"publish","type":"post","link":"https:\/\/www.noticiasradioreflejos.com.ar\/2021\/suspension-de-actividades-en-la-universidad-provincial-del-sudoeste\/","title":{"rendered":"Suspensi\u00f3n de actividades en la Universidad Provincial del Sudoeste."},"content":{"rendered":"<p>Entendiendo que resulta primordial la mitigaci\u00f3n de la propagaci\u00f3n del coronavirus COVID-19 a fin de preservar la salud de toda la comunidad universitaria, se suspende transitoriamente el dictado de clases de manera presencial hasta el 31 de marzo.<br \/>\nAdjuntamos la resoluci\u00f3n de reprogramaci\u00f3n de actividades acad\u00e9micas 2020.<br \/>\n<a href=\"https:\/\/es.scribd.com\/document\/451915353\/Res-Reprogramacion-de-Inicio-de-Actividades-Academicas-2020\"><strong>RESOLUCI\u00d3N<\/strong><\/a><\/p>\n<p><strong>Gabriela Castro<\/strong><br \/>\nSecretar\u00eda General de Relaciones Institucionales y Comunicaci\u00f3n<br \/>\nUniversidad Provincial del Sudoeste<br \/>\nTel: 0291-4592550 \u2013 Int. 146<br \/>\nCiudad de Cali 320 &#8211; Bah\u00eda Blanca<\/p>\n","protected":false},"excerpt":{"rendered":"<p>Entendiendo que resulta primordial la mitigaci\u00f3n de la propagaci\u00f3n del coronavirus COVID-19 a fin de preservar la salud de toda la comunidad universitaria, se suspende transitoriamente el dictado de clases de manera presencial hasta el 31 de marzo. Adjuntamos la resoluci\u00f3n de reprogramaci\u00f3n de actividades acad\u00e9micas 2020. RESOLUCI\u00d3N Gabriela Castro Secretar\u00eda General de Relaciones Institucionales [&hellip;]<\/p>\n","protected":false},"author":3,"featured_media":39548,"comment_status":"closed","ping_status":"open","sticky":false,"template":"","format":"standard","meta":{"footnotes":""},"categories":[34],"tags":[],"class_list":["post-39547","post","type-post","status-publish","format-standard","has-post-thumbnail","hentry","category-educacion"],"yoast_head":"<!-- This site is optimized with the Yoast SEO plugin v25.9 - https:\/\/yoast.com\/wordpress\/plugins\/seo\/ -->\n<title>Suspensi\u00f3n de actividades en la Universidad Provincial del Sudoeste. - Noticias Radio Reflejos<\/title>\n<meta name=\"robots\" content=\"index, follow, max-snippet:-1, max-image-preview:large, max-video-preview:-1\" \/>\n<link rel=\"canonical\" href=\"https:\/\/www.noticiasradioreflejos.com.ar\/2021\/suspension-de-actividades-en-la-universidad-provincial-del-sudoeste\/\" \/>\n<meta property=\"og:locale\" content=\"es_ES\" \/>\n<meta property=\"og:type\" content=\"article\" \/>\n<meta property=\"og:title\" content=\"Suspensi\u00f3n de actividades en la Universidad Provincial del Sudoeste. - Noticias Radio Reflejos\" \/>\n<meta property=\"og:description\" content=\"Entendiendo que resulta primordial la mitigaci\u00f3n de la propagaci\u00f3n del coronavirus COVID-19 a fin de preservar la salud de toda la comunidad universitaria, se suspende transitoriamente el dictado de clases de manera presencial hasta el 31 de marzo. Adjuntamos la resoluci\u00f3n de reprogramaci\u00f3n de actividades acad\u00e9micas 2020. RESOLUCI\u00d3N Gabriela Castro Secretar\u00eda General de Relaciones Institucionales [&hellip;]\" \/>\n<meta property=\"og:url\" content=\"https:\/\/www.noticiasradioreflejos.com.ar\/2021\/suspension-de-actividades-en-la-universidad-provincial-del-sudoeste\/\" \/>\n<meta property=\"og:site_name\" content=\"Noticias Radio Reflejos\" \/>\n<meta property=\"article:published_time\" content=\"2020-03-16T17:44:37+00:00\" \/>\n<meta property=\"og:image\" content=\"https:\/\/www.noticiasradioreflejos.com.ar\/2021\/wp-content\/uploads\/2020\/03\/upso1122.jpg\" \/>\n\t<meta property=\"og:image:width\" content=\"861\" \/>\n\t<meta property=\"og:image:height\" content=\"546\" \/>\n\t<meta property=\"og:image:type\" content=\"image\/jpeg\" \/>\n<meta name=\"author\" content=\"Arnaldo Botto\" \/>\n<meta name=\"twitter:card\" content=\"summary_large_image\" \/>\n<script type=\"application\/ld+json\" class=\"yoast-schema-graph\">{\"@context\":\"https:\/\/schema.org\",\"@graph\":[{\"@type\":\"WebPage\",\"@id\":\"https:\/\/www.noticiasradioreflejos.com.ar\/2021\/suspension-de-actividades-en-la-universidad-provincial-del-sudoeste\/\",\"url\":\"https:\/\/www.noticiasradioreflejos.com.ar\/2021\/suspension-de-actividades-en-la-universidad-provincial-del-sudoeste\/\",\"name\":\"Suspensi\u00f3n de actividades en la Universidad Provincial del Sudoeste. - Noticias Radio Reflejos\",\"isPartOf\":{\"@id\":\"https:\/\/www.noticiasradioreflejos.com.ar\/2021\/#website\"},\"primaryImageOfPage\":{\"@id\":\"https:\/\/www.noticiasradioreflejos.com.ar\/2021\/suspension-de-actividades-en-la-universidad-provincial-del-sudoeste\/#primaryimage\"},\"image\":{\"@id\":\"https:\/\/www.noticiasradioreflejos.com.ar\/2021\/suspension-de-actividades-en-la-universidad-provincial-del-sudoeste\/#primaryimage\"},\"thumbnailUrl\":\"https:\/\/www.noticiasradioreflejos.com.ar\/2021\/wp-content\/uploads\/2020\/03\/upso1122.jpg\",\"datePublished\":\"2020-03-16T17:44:37+00:00\",\"author\":{\"@id\":\"https:\/\/www.noticiasradioreflejos.com.ar\/2021\/#\/schema\/person\/ad82545263dcc5ec0996818884fd5fb1\"},\"breadcrumb\":{\"@id\":\"https:\/\/www.noticiasradioreflejos.com.ar\/2021\/suspension-de-actividades-en-la-universidad-provincial-del-sudoeste\/#breadcrumb\"},\"inLanguage\":\"es\",\"potentialAction\":[{\"@type\":\"ReadAction\",\"target\":[\"https:\/\/www.noticiasradioreflejos.com.ar\/2021\/suspension-de-actividades-en-la-universidad-provincial-del-sudoeste\/\"]}]},{\"@type\":\"ImageObject\",\"inLanguage\":\"es\",\"@id\":\"https:\/\/www.noticiasradioreflejos.com.ar\/2021\/suspension-de-actividades-en-la-universidad-provincial-del-sudoeste\/#primaryimage\",\"url\":\"https:\/\/www.noticiasradioreflejos.com.ar\/2021\/wp-content\/uploads\/2020\/03\/upso1122.jpg\",\"contentUrl\":\"https:\/\/www.noticiasradioreflejos.com.ar\/2021\/wp-content\/uploads\/2020\/03\/upso1122.jpg\",\"width\":861,\"height\":546},{\"@type\":\"BreadcrumbList\",\"@id\":\"https:\/\/www.noticiasradioreflejos.com.ar\/2021\/suspension-de-actividades-en-la-universidad-provincial-del-sudoeste\/#breadcrumb\",\"itemListElement\":[{\"@type\":\"ListItem\",\"position\":1,\"name\":\"Portada\",\"item\":\"https:\/\/www.noticiasradioreflejos.com.ar\/2021\/\"},{\"@type\":\"ListItem\",\"position\":2,\"name\":\"Suspensi\u00f3n de actividades en la Universidad Provincial del Sudoeste.\"}]},{\"@type\":\"WebSite\",\"@id\":\"https:\/\/www.noticiasradioreflejos.com.ar\/2021\/#website\",\"url\":\"https:\/\/www.noticiasradioreflejos.com.ar\/2021\/\",\"name\":\"Noticias Radio Reflejos\",\"description\":\"Las noticias de mi comarca\",\"potentialAction\":[{\"@type\":\"SearchAction\",\"target\":{\"@type\":\"EntryPoint\",\"urlTemplate\":\"https:\/\/www.noticiasradioreflejos.com.ar\/2021\/?s={search_term_string}\"},\"query-input\":{\"@type\":\"PropertyValueSpecification\",\"valueRequired\":true,\"valueName\":\"search_term_string\"}}],\"inLanguage\":\"es\"},{\"@type\":\"Person\",\"@id\":\"https:\/\/www.noticiasradioreflejos.com.ar\/2021\/#\/schema\/person\/ad82545263dcc5ec0996818884fd5fb1\",\"name\":\"Arnaldo Botto\",\"image\":{\"@type\":\"ImageObject\",\"inLanguage\":\"es\",\"@id\":\"https:\/\/www.noticiasradioreflejos.com.ar\/2021\/#\/schema\/person\/image\/\",\"url\":\"https:\/\/secure.gravatar.com\/avatar\/55cb5e37c1efa326397366e6974cb338056df65cb50e7d64d1cf314e87504837?s=96&d=mm&r=g\",\"contentUrl\":\"https:\/\/secure.gravatar.com\/avatar\/55cb5e37c1efa326397366e6974cb338056df65cb50e7d64d1cf314e87504837?s=96&d=mm&r=g\",\"caption\":\"Arnaldo Botto\"},\"url\":\"https:\/\/www.noticiasradioreflejos.com.ar\/2021\/author\/arnaldo\/\"}]}<\/script>\n<!-- \/ Yoast SEO plugin. -->","yoast_head_json":{"title":"Suspensi\u00f3n de actividades en la Universidad Provincial del Sudoeste. - Noticias Radio Reflejos","robots":{"index":"index","follow":"follow","max-snippet":"max-snippet:-1","max-image-preview":"max-image-preview:large","max-video-preview":"max-video-preview:-1"},"canonical":"https:\/\/www.noticiasradioreflejos.com.ar\/2021\/suspension-de-actividades-en-la-universidad-provincial-del-sudoeste\/","og_locale":"es_ES","og_type":"article","og_title":"Suspensi\u00f3n de actividades en la Universidad Provincial del Sudoeste. - Noticias Radio Reflejos","og_description":"Entendiendo que resulta primordial la mitigaci\u00f3n de la propagaci\u00f3n del coronavirus COVID-19 a fin de preservar la salud de toda la comunidad universitaria, se suspende transitoriamente el dictado de clases de manera presencial hasta el 31 de marzo. Adjuntamos la resoluci\u00f3n de reprogramaci\u00f3n de actividades acad\u00e9micas 2020. RESOLUCI\u00d3N Gabriela Castro Secretar\u00eda General de Relaciones Institucionales [&hellip;]","og_url":"https:\/\/www.noticiasradioreflejos.com.ar\/2021\/suspension-de-actividades-en-la-universidad-provincial-del-sudoeste\/","og_site_name":"Noticias Radio Reflejos","article_published_time":"2020-03-16T17:44:37+00:00","og_image":[{"width":861,"height":546,"url":"https:\/\/www.noticiasradioreflejos.com.ar\/2021\/wp-content\/uploads\/2020\/03\/upso1122.jpg","type":"image\/jpeg"}],"author":"Arnaldo Botto","twitter_card":"summary_large_image","schema":{"@context":"https:\/\/schema.org","@graph":[{"@type":"WebPage","@id":"https:\/\/www.noticiasradioreflejos.com.ar\/2021\/suspension-de-actividades-en-la-universidad-provincial-del-sudoeste\/","url":"https:\/\/www.noticiasradioreflejos.com.ar\/2021\/suspension-de-actividades-en-la-universidad-provincial-del-sudoeste\/","name":"Suspensi\u00f3n de actividades en la Universidad Provincial del Sudoeste. - Noticias Radio Reflejos","isPartOf":{"@id":"https:\/\/www.noticiasradioreflejos.com.ar\/2021\/#website"},"primaryImageOfPage":{"@id":"https:\/\/www.noticiasradioreflejos.com.ar\/2021\/suspension-de-actividades-en-la-universidad-provincial-del-sudoeste\/#primaryimage"},"image":{"@id":"https:\/\/www.noticiasradioreflejos.com.ar\/2021\/suspension-de-actividades-en-la-universidad-provincial-del-sudoeste\/#primaryimage"},"thumbnailUrl":"https:\/\/www.noticiasradioreflejos.com.ar\/2021\/wp-content\/uploads\/2020\/03\/upso1122.jpg","datePublished":"2020-03-16T17:44:37+00:00","author":{"@id":"https:\/\/www.noticiasradioreflejos.com.ar\/2021\/#\/schema\/person\/ad82545263dcc5ec0996818884fd5fb1"},"breadcrumb":{"@id":"https:\/\/www.noticiasradioreflejos.com.ar\/2021\/suspension-de-actividades-en-la-universidad-provincial-del-sudoeste\/#breadcrumb"},"inLanguage":"es","potentialAction":[{"@type":"ReadAction","target":["https:\/\/www.noticiasradioreflejos.com.ar\/2021\/suspension-de-actividades-en-la-universidad-provincial-del-sudoeste\/"]}]},{"@type":"ImageObject","inLanguage":"es","@id":"https:\/\/www.noticiasradioreflejos.com.ar\/2021\/suspension-de-actividades-en-la-universidad-provincial-del-sudoeste\/#primaryimage","url":"https:\/\/www.noticiasradioreflejos.com.ar\/2021\/wp-content\/uploads\/2020\/03\/upso1122.jpg","contentUrl":"https:\/\/www.noticiasradioreflejos.com.ar\/2021\/wp-content\/uploads\/2020\/03\/upso1122.jpg","width":861,"height":546},{"@type":"BreadcrumbList","@id":"https:\/\/www.noticiasradioreflejos.com.ar\/2021\/suspension-de-actividades-en-la-universidad-provincial-del-sudoeste\/#breadcrumb","itemListElement":[{"@type":"ListItem","position":1,"name":"Portada","item":"https:\/\/www.noticiasradioreflejos.com.ar\/2021\/"},{"@type":"ListItem","position":2,"name":"Suspensi\u00f3n de actividades en la Universidad Provincial del Sudoeste."}]},{"@type":"WebSite","@id":"https:\/\/www.noticiasradioreflejos.com.ar\/2021\/#website","url":"https:\/\/www.noticiasradioreflejos.com.ar\/2021\/","name":"Noticias Radio Reflejos","description":"Las noticias de mi comarca","potentialAction":[{"@type":"SearchAction","target":{"@type":"EntryPoint","urlTemplate":"https:\/\/www.noticiasradioreflejos.com.ar\/2021\/?s={search_term_string}"},"query-input":{"@type":"PropertyValueSpecification","valueRequired":true,"valueName":"search_term_string"}}],"inLanguage":"es"},{"@type":"Person","@id":"https:\/\/www.noticiasradioreflejos.com.ar\/2021\/#\/schema\/person\/ad82545263dcc5ec0996818884fd5fb1","name":"Arnaldo Botto","image":{"@type":"ImageObject","inLanguage":"es","@id":"https:\/\/www.noticiasradioreflejos.com.ar\/2021\/#\/schema\/person\/image\/","url":"https:\/\/secure.gravatar.com\/avatar\/55cb5e37c1efa326397366e6974cb338056df65cb50e7d64d1cf314e87504837?s=96&d=mm&r=g","contentUrl":"https:\/\/secure.gravatar.com\/avatar\/55cb5e37c1efa326397366e6974cb338056df65cb50e7d64d1cf314e87504837?s=96&d=mm&r=g","caption":"Arnaldo Botto"},"url":"https:\/\/www.noticiasradioreflejos.com.ar\/2021\/author\/arnaldo\/"}]}},"_links":{"self":[{"href":"https:\/\/www.noticiasradioreflejos.com.ar\/2021\/wp-json\/wp\/v2\/posts\/39547","targetHints":{"allow":["GET"]}}],"collection":[{"href":"https:\/\/www.noticiasradioreflejos.com.ar\/2021\/wp-json\/wp\/v2\/posts"}],"about":[{"href":"https:\/\/www.noticiasradioreflejos.com.ar\/2021\/wp-json\/wp\/v2\/types\/post"}],"author":[{"embeddable":true,"href":"https:\/\/www.noticiasradioreflejos.com.ar\/2021\/wp-json\/wp\/v2\/users\/3"}],"replies":[{"embeddable":true,"href":"https:\/\/www.noticiasradioreflejos.com.ar\/2021\/wp-json\/wp\/v2\/comments?post=39547"}],"version-history":[{"count":0,"href":"https:\/\/www.noticiasradioreflejos.com.ar\/2021\/wp-json\/wp\/v2\/posts\/39547\/revisions"}],"wp:featuredmedia":[{"embeddable":true,"href":"https:\/\/www.noticiasradioreflejos.com.ar\/2021\/wp-json\/wp\/v2\/media\/39548"}],"wp:attachment":[{"href":"https:\/\/www.noticiasradioreflejos.com.ar\/2021\/wp-json\/wp\/v2\/media?parent=39547"}],"wp:term":[{"taxonomy":"category","embeddable":true,"href":"https:\/\/www.noticiasradioreflejos.com.ar\/2021\/wp-json\/wp\/v2\/categories?post=39547"},{"taxonomy":"post_tag","embeddable":true,"href":"https:\/\/www.noticiasradioreflejos.com.ar\/2021\/wp-json\/wp\/v2\/tags?post=39547"}],"curies":[{"name":"wp","href":"https:\/\/api.w.org\/{rel}","templated":true}]}}