{"id":39492,"date":"2020-03-14T09:51:31","date_gmt":"2020-03-14T12:51:31","guid":{"rendered":"http:\/\/www.noticiasradioreflejos.com.ar\/noticias\/?p=39492"},"modified":"2020-03-14T09:51:31","modified_gmt":"2020-03-14T12:51:31","slug":"el-centro-de-jubilados-y-pensionados-de-sierra-de-la-ventana-suspendio-los-talleres","status":"publish","type":"post","link":"https:\/\/www.noticiasradioreflejos.com.ar\/2021\/el-centro-de-jubilados-y-pensionados-de-sierra-de-la-ventana-suspendio-los-talleres\/","title":{"rendered":"El Centro de jubilados y Pensionados de Sierra de la Ventana suspendi\u00f3 los talleres ."},"content":{"rendered":"<p>A partir del d\u00eda lunes 16 marzo, por disposici\u00f3n de Pami,  por razones de seguridad sanitaria se suspenden, todos los talleres que se dictan en el Centro.<br \/>\nDe todas formas el Centro atender\u00e1 a sus socios y p\u00fablico en general,  como es su costumbre todos los d\u00edas de lunes a viernes en el horario  De 9.30 hs a 12hs.<\/p>\n","protected":false},"excerpt":{"rendered":"<p>A partir del d\u00eda lunes 16 marzo, por disposici\u00f3n de Pami, por razones de seguridad sanitaria se suspenden, todos los talleres que se dictan en el Centro. De todas formas el Centro atender\u00e1 a sus socios y p\u00fablico en general, como es su costumbre todos los d\u00edas de lunes a viernes en el horario De [&hellip;]<\/p>\n","protected":false},"author":3,"featured_media":38759,"comment_status":"closed","ping_status":"open","sticky":false,"template":"","format":"standard","meta":{"footnotes":""},"categories":[26],"tags":[],"class_list":["post-39492","post","type-post","status-publish","format-standard","has-post-thumbnail","hentry","category-sociedad"],"yoast_head":"<!-- This site is optimized with the Yoast SEO plugin v25.9 - https:\/\/yoast.com\/wordpress\/plugins\/seo\/ -->\n<title>El Centro de jubilados y Pensionados de Sierra de la Ventana suspendi\u00f3 los talleres . - Noticias Radio Reflejos<\/title>\n<meta name=\"robots\" content=\"index, follow, max-snippet:-1, max-image-preview:large, max-video-preview:-1\" \/>\n<link rel=\"canonical\" href=\"https:\/\/www.noticiasradioreflejos.com.ar\/2021\/el-centro-de-jubilados-y-pensionados-de-sierra-de-la-ventana-suspendio-los-talleres\/\" \/>\n<meta property=\"og:locale\" content=\"es_ES\" \/>\n<meta property=\"og:type\" content=\"article\" \/>\n<meta property=\"og:title\" content=\"El Centro de jubilados y Pensionados de Sierra de la Ventana suspendi\u00f3 los talleres . - Noticias Radio Reflejos\" \/>\n<meta property=\"og:description\" content=\"A partir del d\u00eda lunes 16 marzo, por disposici\u00f3n de Pami, por razones de seguridad sanitaria se suspenden, todos los talleres que se dictan en el Centro. De todas formas el Centro atender\u00e1 a sus socios y p\u00fablico en general, como es su costumbre todos los d\u00edas de lunes a viernes en el horario De [&hellip;]\" \/>\n<meta property=\"og:url\" content=\"https:\/\/www.noticiasradioreflejos.com.ar\/2021\/el-centro-de-jubilados-y-pensionados-de-sierra-de-la-ventana-suspendio-los-talleres\/\" \/>\n<meta property=\"og:site_name\" content=\"Noticias Radio Reflejos\" \/>\n<meta property=\"article:published_time\" content=\"2020-03-14T12:51:31+00:00\" \/>\n<meta property=\"og:image\" content=\"https:\/\/www.noticiasradioreflejos.com.ar\/2021\/wp-content\/uploads\/2020\/02\/Centro-de-Jubilados-Sierra.jpg\" \/>\n\t<meta property=\"og:image:width\" content=\"777\" \/>\n\t<meta property=\"og:image:height\" content=\"437\" \/>\n\t<meta property=\"og:image:type\" content=\"image\/jpeg\" \/>\n<meta name=\"author\" content=\"Arnaldo Botto\" \/>\n<meta name=\"twitter:card\" content=\"summary_large_image\" \/>\n<script type=\"application\/ld+json\" class=\"yoast-schema-graph\">{\"@context\":\"https:\/\/schema.org\",\"@graph\":[{\"@type\":\"WebPage\",\"@id\":\"https:\/\/www.noticiasradioreflejos.com.ar\/2021\/el-centro-de-jubilados-y-pensionados-de-sierra-de-la-ventana-suspendio-los-talleres\/\",\"url\":\"https:\/\/www.noticiasradioreflejos.com.ar\/2021\/el-centro-de-jubilados-y-pensionados-de-sierra-de-la-ventana-suspendio-los-talleres\/\",\"name\":\"El Centro de jubilados y Pensionados de Sierra de la Ventana suspendi\u00f3 los talleres . - Noticias Radio Reflejos\",\"isPartOf\":{\"@id\":\"https:\/\/www.noticiasradioreflejos.com.ar\/2021\/#website\"},\"primaryImageOfPage\":{\"@id\":\"https:\/\/www.noticiasradioreflejos.com.ar\/2021\/el-centro-de-jubilados-y-pensionados-de-sierra-de-la-ventana-suspendio-los-talleres\/#primaryimage\"},\"image\":{\"@id\":\"https:\/\/www.noticiasradioreflejos.com.ar\/2021\/el-centro-de-jubilados-y-pensionados-de-sierra-de-la-ventana-suspendio-los-talleres\/#primaryimage\"},\"thumbnailUrl\":\"https:\/\/www.noticiasradioreflejos.com.ar\/2021\/wp-content\/uploads\/2020\/02\/Centro-de-Jubilados-Sierra.jpg\",\"datePublished\":\"2020-03-14T12:51:31+00:00\",\"author\":{\"@id\":\"https:\/\/www.noticiasradioreflejos.com.ar\/2021\/#\/schema\/person\/ad82545263dcc5ec0996818884fd5fb1\"},\"breadcrumb\":{\"@id\":\"https:\/\/www.noticiasradioreflejos.com.ar\/2021\/el-centro-de-jubilados-y-pensionados-de-sierra-de-la-ventana-suspendio-los-talleres\/#breadcrumb\"},\"inLanguage\":\"es\",\"potentialAction\":[{\"@type\":\"ReadAction\",\"target\":[\"https:\/\/www.noticiasradioreflejos.com.ar\/2021\/el-centro-de-jubilados-y-pensionados-de-sierra-de-la-ventana-suspendio-los-talleres\/\"]}]},{\"@type\":\"ImageObject\",\"inLanguage\":\"es\",\"@id\":\"https:\/\/www.noticiasradioreflejos.com.ar\/2021\/el-centro-de-jubilados-y-pensionados-de-sierra-de-la-ventana-suspendio-los-talleres\/#primaryimage\",\"url\":\"https:\/\/www.noticiasradioreflejos.com.ar\/2021\/wp-content\/uploads\/2020\/02\/Centro-de-Jubilados-Sierra.jpg\",\"contentUrl\":\"https:\/\/www.noticiasradioreflejos.com.ar\/2021\/wp-content\/uploads\/2020\/02\/Centro-de-Jubilados-Sierra.jpg\",\"width\":777,\"height\":437},{\"@type\":\"BreadcrumbList\",\"@id\":\"https:\/\/www.noticiasradioreflejos.com.ar\/2021\/el-centro-de-jubilados-y-pensionados-de-sierra-de-la-ventana-suspendio-los-talleres\/#breadcrumb\",\"itemListElement\":[{\"@type\":\"ListItem\",\"position\":1,\"name\":\"Portada\",\"item\":\"https:\/\/www.noticiasradioreflejos.com.ar\/2021\/\"},{\"@type\":\"ListItem\",\"position\":2,\"name\":\"El Centro de jubilados y Pensionados de Sierra de la Ventana suspendi\u00f3 los talleres .\"}]},{\"@type\":\"WebSite\",\"@id\":\"https:\/\/www.noticiasradioreflejos.com.ar\/2021\/#website\",\"url\":\"https:\/\/www.noticiasradioreflejos.com.ar\/2021\/\",\"name\":\"Noticias Radio Reflejos\",\"description\":\"Las noticias de mi comarca\",\"potentialAction\":[{\"@type\":\"SearchAction\",\"target\":{\"@type\":\"EntryPoint\",\"urlTemplate\":\"https:\/\/www.noticiasradioreflejos.com.ar\/2021\/?s={search_term_string}\"},\"query-input\":{\"@type\":\"PropertyValueSpecification\",\"valueRequired\":true,\"valueName\":\"search_term_string\"}}],\"inLanguage\":\"es\"},{\"@type\":\"Person\",\"@id\":\"https:\/\/www.noticiasradioreflejos.com.ar\/2021\/#\/schema\/person\/ad82545263dcc5ec0996818884fd5fb1\",\"name\":\"Arnaldo Botto\",\"image\":{\"@type\":\"ImageObject\",\"inLanguage\":\"es\",\"@id\":\"https:\/\/www.noticiasradioreflejos.com.ar\/2021\/#\/schema\/person\/image\/\",\"url\":\"https:\/\/secure.gravatar.com\/avatar\/55cb5e37c1efa326397366e6974cb338056df65cb50e7d64d1cf314e87504837?s=96&d=mm&r=g\",\"contentUrl\":\"https:\/\/secure.gravatar.com\/avatar\/55cb5e37c1efa326397366e6974cb338056df65cb50e7d64d1cf314e87504837?s=96&d=mm&r=g\",\"caption\":\"Arnaldo Botto\"},\"url\":\"https:\/\/www.noticiasradioreflejos.com.ar\/2021\/author\/arnaldo\/\"}]}<\/script>\n<!-- \/ Yoast SEO plugin. -->","yoast_head_json":{"title":"El Centro de jubilados y Pensionados de Sierra de la Ventana suspendi\u00f3 los talleres . - Noticias Radio Reflejos","robots":{"index":"index","follow":"follow","max-snippet":"max-snippet:-1","max-image-preview":"max-image-preview:large","max-video-preview":"max-video-preview:-1"},"canonical":"https:\/\/www.noticiasradioreflejos.com.ar\/2021\/el-centro-de-jubilados-y-pensionados-de-sierra-de-la-ventana-suspendio-los-talleres\/","og_locale":"es_ES","og_type":"article","og_title":"El Centro de jubilados y Pensionados de Sierra de la Ventana suspendi\u00f3 los talleres . - Noticias Radio Reflejos","og_description":"A partir del d\u00eda lunes 16 marzo, por disposici\u00f3n de Pami, por razones de seguridad sanitaria se suspenden, todos los talleres que se dictan en el Centro. De todas formas el Centro atender\u00e1 a sus socios y p\u00fablico en general, como es su costumbre todos los d\u00edas de lunes a viernes en el horario De [&hellip;]","og_url":"https:\/\/www.noticiasradioreflejos.com.ar\/2021\/el-centro-de-jubilados-y-pensionados-de-sierra-de-la-ventana-suspendio-los-talleres\/","og_site_name":"Noticias Radio Reflejos","article_published_time":"2020-03-14T12:51:31+00:00","og_image":[{"width":777,"height":437,"url":"https:\/\/www.noticiasradioreflejos.com.ar\/2021\/wp-content\/uploads\/2020\/02\/Centro-de-Jubilados-Sierra.jpg","type":"image\/jpeg"}],"author":"Arnaldo Botto","twitter_card":"summary_large_image","schema":{"@context":"https:\/\/schema.org","@graph":[{"@type":"WebPage","@id":"https:\/\/www.noticiasradioreflejos.com.ar\/2021\/el-centro-de-jubilados-y-pensionados-de-sierra-de-la-ventana-suspendio-los-talleres\/","url":"https:\/\/www.noticiasradioreflejos.com.ar\/2021\/el-centro-de-jubilados-y-pensionados-de-sierra-de-la-ventana-suspendio-los-talleres\/","name":"El Centro de jubilados y Pensionados de Sierra de la Ventana suspendi\u00f3 los talleres . - Noticias Radio Reflejos","isPartOf":{"@id":"https:\/\/www.noticiasradioreflejos.com.ar\/2021\/#website"},"primaryImageOfPage":{"@id":"https:\/\/www.noticiasradioreflejos.com.ar\/2021\/el-centro-de-jubilados-y-pensionados-de-sierra-de-la-ventana-suspendio-los-talleres\/#primaryimage"},"image":{"@id":"https:\/\/www.noticiasradioreflejos.com.ar\/2021\/el-centro-de-jubilados-y-pensionados-de-sierra-de-la-ventana-suspendio-los-talleres\/#primaryimage"},"thumbnailUrl":"https:\/\/www.noticiasradioreflejos.com.ar\/2021\/wp-content\/uploads\/2020\/02\/Centro-de-Jubilados-Sierra.jpg","datePublished":"2020-03-14T12:51:31+00:00","author":{"@id":"https:\/\/www.noticiasradioreflejos.com.ar\/2021\/#\/schema\/person\/ad82545263dcc5ec0996818884fd5fb1"},"breadcrumb":{"@id":"https:\/\/www.noticiasradioreflejos.com.ar\/2021\/el-centro-de-jubilados-y-pensionados-de-sierra-de-la-ventana-suspendio-los-talleres\/#breadcrumb"},"inLanguage":"es","potentialAction":[{"@type":"ReadAction","target":["https:\/\/www.noticiasradioreflejos.com.ar\/2021\/el-centro-de-jubilados-y-pensionados-de-sierra-de-la-ventana-suspendio-los-talleres\/"]}]},{"@type":"ImageObject","inLanguage":"es","@id":"https:\/\/www.noticiasradioreflejos.com.ar\/2021\/el-centro-de-jubilados-y-pensionados-de-sierra-de-la-ventana-suspendio-los-talleres\/#primaryimage","url":"https:\/\/www.noticiasradioreflejos.com.ar\/2021\/wp-content\/uploads\/2020\/02\/Centro-de-Jubilados-Sierra.jpg","contentUrl":"https:\/\/www.noticiasradioreflejos.com.ar\/2021\/wp-content\/uploads\/2020\/02\/Centro-de-Jubilados-Sierra.jpg","width":777,"height":437},{"@type":"BreadcrumbList","@id":"https:\/\/www.noticiasradioreflejos.com.ar\/2021\/el-centro-de-jubilados-y-pensionados-de-sierra-de-la-ventana-suspendio-los-talleres\/#breadcrumb","itemListElement":[{"@type":"ListItem","position":1,"name":"Portada","item":"https:\/\/www.noticiasradioreflejos.com.ar\/2021\/"},{"@type":"ListItem","position":2,"name":"El Centro de jubilados y Pensionados de Sierra de la Ventana suspendi\u00f3 los talleres ."}]},{"@type":"WebSite","@id":"https:\/\/www.noticiasradioreflejos.com.ar\/2021\/#website","url":"https:\/\/www.noticiasradioreflejos.com.ar\/2021\/","name":"Noticias Radio Reflejos","description":"Las noticias de mi comarca","potentialAction":[{"@type":"SearchAction","target":{"@type":"EntryPoint","urlTemplate":"https:\/\/www.noticiasradioreflejos.com.ar\/2021\/?s={search_term_string}"},"query-input":{"@type":"PropertyValueSpecification","valueRequired":true,"valueName":"search_term_string"}}],"inLanguage":"es"},{"@type":"Person","@id":"https:\/\/www.noticiasradioreflejos.com.ar\/2021\/#\/schema\/person\/ad82545263dcc5ec0996818884fd5fb1","name":"Arnaldo Botto","image":{"@type":"ImageObject","inLanguage":"es","@id":"https:\/\/www.noticiasradioreflejos.com.ar\/2021\/#\/schema\/person\/image\/","url":"https:\/\/secure.gravatar.com\/avatar\/55cb5e37c1efa326397366e6974cb338056df65cb50e7d64d1cf314e87504837?s=96&d=mm&r=g","contentUrl":"https:\/\/secure.gravatar.com\/avatar\/55cb5e37c1efa326397366e6974cb338056df65cb50e7d64d1cf314e87504837?s=96&d=mm&r=g","caption":"Arnaldo Botto"},"url":"https:\/\/www.noticiasradioreflejos.com.ar\/2021\/author\/arnaldo\/"}]}},"_links":{"self":[{"href":"https:\/\/www.noticiasradioreflejos.com.ar\/2021\/wp-json\/wp\/v2\/posts\/39492","targetHints":{"allow":["GET"]}}],"collection":[{"href":"https:\/\/www.noticiasradioreflejos.com.ar\/2021\/wp-json\/wp\/v2\/posts"}],"about":[{"href":"https:\/\/www.noticiasradioreflejos.com.ar\/2021\/wp-json\/wp\/v2\/types\/post"}],"author":[{"embeddable":true,"href":"https:\/\/www.noticiasradioreflejos.com.ar\/2021\/wp-json\/wp\/v2\/users\/3"}],"replies":[{"embeddable":true,"href":"https:\/\/www.noticiasradioreflejos.com.ar\/2021\/wp-json\/wp\/v2\/comments?post=39492"}],"version-history":[{"count":0,"href":"https:\/\/www.noticiasradioreflejos.com.ar\/2021\/wp-json\/wp\/v2\/posts\/39492\/revisions"}],"wp:featuredmedia":[{"embeddable":true,"href":"https:\/\/www.noticiasradioreflejos.com.ar\/2021\/wp-json\/wp\/v2\/media\/38759"}],"wp:attachment":[{"href":"https:\/\/www.noticiasradioreflejos.com.ar\/2021\/wp-json\/wp\/v2\/media?parent=39492"}],"wp:term":[{"taxonomy":"category","embeddable":true,"href":"https:\/\/www.noticiasradioreflejos.com.ar\/2021\/wp-json\/wp\/v2\/categories?post=39492"},{"taxonomy":"post_tag","embeddable":true,"href":"https:\/\/www.noticiasradioreflejos.com.ar\/2021\/wp-json\/wp\/v2\/tags?post=39492"}],"curies":[{"name":"wp","href":"https:\/\/api.w.org\/{rel}","templated":true}]}}