{"id":39489,"date":"2020-03-14T09:46:35","date_gmt":"2020-03-14T12:46:35","guid":{"rendered":"http:\/\/www.noticiasradioreflejos.com.ar\/noticias\/?p=39489"},"modified":"2020-03-14T09:46:35","modified_gmt":"2020-03-14T12:46:35","slug":"situacion-critica-por-la-sequia-en-tornquist-y-otros-distritos-de-la-region","status":"publish","type":"post","link":"https:\/\/www.noticiasradioreflejos.com.ar\/2021\/situacion-critica-por-la-sequia-en-tornquist-y-otros-distritos-de-la-region\/","title":{"rendered":"Situaci\u00f3n cr\u00edtica por la sequ\u00eda en Tornquist y otros distritos de la regi\u00f3n."},"content":{"rendered":"<p>El INTA estableci\u00f3 una condici\u00f3n de d\u00e9ficit h\u00eddrico severo en Bah\u00eda Blanca, Coronel Rosales, Tornquist y Puan. M\u00e1s all\u00e1 de las precipitaciones de los \u00faltimos d\u00edas, la sequ\u00eda viene causando estragos en la regi\u00f3n.<br \/>\n<!--more--><\/p>\n<p>De acuerdo a un informe elaborado por el \u00e1rea de Teledetecci\u00f3n del INTA Bordenave, los municipios de Bah\u00eda Blanca, Puan, Tornquist y Coronel Rosales registraron en la \u00faltima semana una situaci\u00f3n de d\u00e9ficit h\u00eddrico severo, con valores superiores a los 4 mil\u00edmetros.<\/p>\n<p>La situaci\u00f3n tambi\u00e9n se extiende, de acuerdo a las im\u00e1genes satelitales, al norte de Villarino, oeste de Coronel Pringles y Coronel Dorrego, y sur de Saavedra, adem\u00e1s de algunos departamentos lim\u00edtrofes de la provincia de La Pampa.<\/p>\n<p><a title=\"200311 deficit hidrico sudoeste\" href=\"http:\/\/live.staticflickr.com\/65535\/49658154946_0ddc81b3d2_s.jpg\" rel=\"\"><img loading=\"lazy\" decoding=\"async\" class=\"aligncenter\" title=\"200311 deficit hidrico sudoeste\" src=\"http:\/\/live.staticflickr.com\/65535\/49658154946_0ddc81b3d2_z.jpg\" alt=\"200311 deficit hidrico sudoeste\" width=\"640\" height=\"490\" \/><\/a><\/p>\n<p>La superficie afectada por este fen\u00f3meno es nada m\u00e1s y nada menos que el 18,3% del sudoeste bonaerense. Este porcentaje es mucho m\u00e1s importante que el registrado para esta fecha el a\u00f1o pasado, cuando tan solo el 1% del \u00e1rea se encontraba en esa situaci\u00f3n.<\/p>\n<p>El informe establece que \u201cen l\u00ednea con la crisis h\u00eddrica que la regi\u00f3n del Sudoeste viene padeciendo, el valor actual de d\u00e9ficit h\u00eddrico para el 18,3% del \u00e1rea presenta valores muy significativos, superiores a 4 mil\u00edmetros\u201d.<\/p>\n<p>Dicha superficie -se explica- es 18 veces mayor que la registrada en 2019 y el doble con respecto a la de 2018.<\/p>\n<p>\u201cEste es un modelo de estimaci\u00f3n realizado en conjunto con el INTA Castelar y la UNS empleando im\u00e1genes satelitales MODIS y datos del Servicio Meteorol\u00f3gico Nacional. El mismo permite obtener la evapotranspiraci\u00f3n potencial y la real, estim\u00e1ndose el d\u00e9ficit h\u00eddrico como la diferencia entre dichos par\u00e1metros. Los resultados demuestran que en los \u00faltimos d\u00edas ha sido mucho m\u00e1s elevado que en a\u00f1os anteriores para esta \u00e9poca\u201d, sostuvo el doctor Fabi\u00e1n Marini, del laboratorio de Teledetecci\u00f3n y SIG.<\/p>\n<p>Hist\u00f3ricamente, explic\u00f3 el profesional, el mayor d\u00e9ficit h\u00eddrico en nuestra regi\u00f3n se da entre diciembre y fin de febrero, mientras que en marzo comienza a descender.<\/p>\n<p>\u201cEn 2019, el 1% del \u00e1rea estaba en situaci\u00f3n de d\u00e9ficit h\u00eddrico y ahora pasamos al 18%, con estos cuatro distritos, a los que se suman otros de los alrededores\u201d, dijo.<\/p>\n<p>Al respecto, se\u00f1al\u00f3 que el fen\u00f3meno est\u00e1 mayormente concentrado justamente en Bah\u00eda Blanca, Puan, Tornquist y Coronel Rosales, y que las principales causas han sido la falta de precipitaciones de los \u00faltimos meses y las elevadas temperaturas registradas durante la semana pasada.<\/p>\n<p><strong>El dique Paso de las Piedras tambi\u00e9n est\u00e1 en problemas<\/strong><\/p>\n<p>Esta sequ\u00eda no solo se ve reflejada en estos cuatro distritos. Semanas atr\u00e1s, tambi\u00e9n el laboratorio de Teledetecci\u00f3n y SIG del INTA Bordenave detect\u00f3 un notable descenso en la superficie que ocupan las aguas del dique Paso de las Piedras.<\/p>\n<p><a title=\"200311 baja dique paso de las piedras\" href=\"http:\/\/live.staticflickr.com\/65535\/49658429882_35830b8098_s.jpg\" rel=\"\"><img loading=\"lazy\" decoding=\"async\" class=\"alignleft\" style=\"float: left;\" title=\"200311 baja dique paso de las piedras\" src=\"http:\/\/live.staticflickr.com\/65535\/49658429882_35830b8098.jpg\" alt=\"200311 baja dique paso de las piedras\" width=\"401\" height=\"500\" \/><\/a>Si bien el informe no establece una comparativa en volumen, ya que no se cuentan con datos de esa naturaleza, al estimar el \u00e1rea actualmente ocupada por el agua se determin\u00f3 que entre enero de 2019 y febrero de este a\u00f1o se registr\u00f3 una ca\u00edda de 250 hect\u00e1reas.<\/p>\n<p>A principios del a\u00f1o pasado, la superficie de la principal fuente de agua potable para Bah\u00eda Blanca y Punta Alta era de 3.339 hect\u00e1reas, mientras que el mes pasado esta marca hab\u00eda ca\u00eddo a 3.089. En 2016, a\u00f1o que se considera de condiciones \u00f3ptimas para el dique, el \u00e1rea hab\u00eda alcanzado las 3.377 hect\u00e1reas.<\/p>\n<p>Sin embargo, se est\u00e1 lejos de los n\u00fameros de 2009, cuando el \u00e1rea del dique era de 1.263 hect\u00e1reas.<\/p>\n<p>&nbsp;<\/p>\n<p><strong>Fuente La Nueva:\u00a0Hern\u00e1n Guercio \/ hguercio@lanueva.com<\/strong><\/p>\n","protected":false},"excerpt":{"rendered":"<p>El INTA estableci\u00f3 una condici\u00f3n de d\u00e9ficit h\u00eddrico severo en Bah\u00eda Blanca, Coronel Rosales, Tornquist y Puan. M\u00e1s all\u00e1 de las precipitaciones de los \u00faltimos d\u00edas, la sequ\u00eda viene causando estragos en la regi\u00f3n.<\/p>\n","protected":false},"author":3,"featured_media":0,"comment_status":"closed","ping_status":"open","sticky":false,"template":"","format":"standard","meta":{"footnotes":""},"categories":[36],"tags":[],"class_list":["post-39489","post","type-post","status-publish","format-standard","hentry","category-economia"],"yoast_head":"<!-- This site is optimized with the Yoast SEO plugin v25.9 - https:\/\/yoast.com\/wordpress\/plugins\/seo\/ -->\n<title>Situaci\u00f3n cr\u00edtica por la sequ\u00eda en Tornquist y otros distritos de la regi\u00f3n. - Noticias Radio Reflejos<\/title>\n<meta name=\"robots\" content=\"index, follow, max-snippet:-1, max-image-preview:large, max-video-preview:-1\" \/>\n<link rel=\"canonical\" href=\"https:\/\/www.noticiasradioreflejos.com.ar\/2021\/situacion-critica-por-la-sequia-en-tornquist-y-otros-distritos-de-la-region\/\" \/>\n<meta property=\"og:locale\" content=\"es_ES\" \/>\n<meta property=\"og:type\" content=\"article\" \/>\n<meta property=\"og:title\" content=\"Situaci\u00f3n cr\u00edtica por la sequ\u00eda en Tornquist y otros distritos de la regi\u00f3n. - Noticias Radio Reflejos\" \/>\n<meta property=\"og:description\" content=\"El INTA estableci\u00f3 una condici\u00f3n de d\u00e9ficit h\u00eddrico severo en Bah\u00eda Blanca, Coronel Rosales, Tornquist y Puan. M\u00e1s all\u00e1 de las precipitaciones de los \u00faltimos d\u00edas, la sequ\u00eda viene causando estragos en la regi\u00f3n.\" \/>\n<meta property=\"og:url\" content=\"https:\/\/www.noticiasradioreflejos.com.ar\/2021\/situacion-critica-por-la-sequia-en-tornquist-y-otros-distritos-de-la-region\/\" \/>\n<meta property=\"og:site_name\" content=\"Noticias Radio Reflejos\" \/>\n<meta property=\"article:published_time\" content=\"2020-03-14T12:46:35+00:00\" \/>\n<meta property=\"og:image\" content=\"http:\/\/live.staticflickr.com\/65535\/49658154946_0ddc81b3d2_z.jpg\" \/>\n<meta name=\"author\" content=\"Arnaldo Botto\" \/>\n<meta name=\"twitter:card\" content=\"summary_large_image\" \/>\n<script type=\"application\/ld+json\" class=\"yoast-schema-graph\">{\"@context\":\"https:\/\/schema.org\",\"@graph\":[{\"@type\":\"WebPage\",\"@id\":\"https:\/\/www.noticiasradioreflejos.com.ar\/2021\/situacion-critica-por-la-sequia-en-tornquist-y-otros-distritos-de-la-region\/\",\"url\":\"https:\/\/www.noticiasradioreflejos.com.ar\/2021\/situacion-critica-por-la-sequia-en-tornquist-y-otros-distritos-de-la-region\/\",\"name\":\"Situaci\u00f3n cr\u00edtica por la sequ\u00eda en Tornquist y otros distritos de la regi\u00f3n. - Noticias Radio Reflejos\",\"isPartOf\":{\"@id\":\"https:\/\/www.noticiasradioreflejos.com.ar\/2021\/#website\"},\"primaryImageOfPage\":{\"@id\":\"https:\/\/www.noticiasradioreflejos.com.ar\/2021\/situacion-critica-por-la-sequia-en-tornquist-y-otros-distritos-de-la-region\/#primaryimage\"},\"image\":{\"@id\":\"https:\/\/www.noticiasradioreflejos.com.ar\/2021\/situacion-critica-por-la-sequia-en-tornquist-y-otros-distritos-de-la-region\/#primaryimage\"},\"thumbnailUrl\":\"http:\/\/live.staticflickr.com\/65535\/49658154946_0ddc81b3d2_z.jpg\",\"datePublished\":\"2020-03-14T12:46:35+00:00\",\"author\":{\"@id\":\"https:\/\/www.noticiasradioreflejos.com.ar\/2021\/#\/schema\/person\/ad82545263dcc5ec0996818884fd5fb1\"},\"breadcrumb\":{\"@id\":\"https:\/\/www.noticiasradioreflejos.com.ar\/2021\/situacion-critica-por-la-sequia-en-tornquist-y-otros-distritos-de-la-region\/#breadcrumb\"},\"inLanguage\":\"es\",\"potentialAction\":[{\"@type\":\"ReadAction\",\"target\":[\"https:\/\/www.noticiasradioreflejos.com.ar\/2021\/situacion-critica-por-la-sequia-en-tornquist-y-otros-distritos-de-la-region\/\"]}]},{\"@type\":\"ImageObject\",\"inLanguage\":\"es\",\"@id\":\"https:\/\/www.noticiasradioreflejos.com.ar\/2021\/situacion-critica-por-la-sequia-en-tornquist-y-otros-distritos-de-la-region\/#primaryimage\",\"url\":\"http:\/\/live.staticflickr.com\/65535\/49658154946_0ddc81b3d2_z.jpg\",\"contentUrl\":\"http:\/\/live.staticflickr.com\/65535\/49658154946_0ddc81b3d2_z.jpg\"},{\"@type\":\"BreadcrumbList\",\"@id\":\"https:\/\/www.noticiasradioreflejos.com.ar\/2021\/situacion-critica-por-la-sequia-en-tornquist-y-otros-distritos-de-la-region\/#breadcrumb\",\"itemListElement\":[{\"@type\":\"ListItem\",\"position\":1,\"name\":\"Portada\",\"item\":\"https:\/\/www.noticiasradioreflejos.com.ar\/2021\/\"},{\"@type\":\"ListItem\",\"position\":2,\"name\":\"Situaci\u00f3n cr\u00edtica por la sequ\u00eda en Tornquist y otros distritos de la regi\u00f3n.\"}]},{\"@type\":\"WebSite\",\"@id\":\"https:\/\/www.noticiasradioreflejos.com.ar\/2021\/#website\",\"url\":\"https:\/\/www.noticiasradioreflejos.com.ar\/2021\/\",\"name\":\"Noticias Radio Reflejos\",\"description\":\"Las noticias de mi comarca\",\"potentialAction\":[{\"@type\":\"SearchAction\",\"target\":{\"@type\":\"EntryPoint\",\"urlTemplate\":\"https:\/\/www.noticiasradioreflejos.com.ar\/2021\/?s={search_term_string}\"},\"query-input\":{\"@type\":\"PropertyValueSpecification\",\"valueRequired\":true,\"valueName\":\"search_term_string\"}}],\"inLanguage\":\"es\"},{\"@type\":\"Person\",\"@id\":\"https:\/\/www.noticiasradioreflejos.com.ar\/2021\/#\/schema\/person\/ad82545263dcc5ec0996818884fd5fb1\",\"name\":\"Arnaldo Botto\",\"image\":{\"@type\":\"ImageObject\",\"inLanguage\":\"es\",\"@id\":\"https:\/\/www.noticiasradioreflejos.com.ar\/2021\/#\/schema\/person\/image\/\",\"url\":\"https:\/\/secure.gravatar.com\/avatar\/55cb5e37c1efa326397366e6974cb338056df65cb50e7d64d1cf314e87504837?s=96&d=mm&r=g\",\"contentUrl\":\"https:\/\/secure.gravatar.com\/avatar\/55cb5e37c1efa326397366e6974cb338056df65cb50e7d64d1cf314e87504837?s=96&d=mm&r=g\",\"caption\":\"Arnaldo Botto\"},\"url\":\"https:\/\/www.noticiasradioreflejos.com.ar\/2021\/author\/arnaldo\/\"}]}<\/script>\n<!-- \/ Yoast SEO plugin. -->","yoast_head_json":{"title":"Situaci\u00f3n cr\u00edtica por la sequ\u00eda en Tornquist y otros distritos de la regi\u00f3n. - Noticias Radio Reflejos","robots":{"index":"index","follow":"follow","max-snippet":"max-snippet:-1","max-image-preview":"max-image-preview:large","max-video-preview":"max-video-preview:-1"},"canonical":"https:\/\/www.noticiasradioreflejos.com.ar\/2021\/situacion-critica-por-la-sequia-en-tornquist-y-otros-distritos-de-la-region\/","og_locale":"es_ES","og_type":"article","og_title":"Situaci\u00f3n cr\u00edtica por la sequ\u00eda en Tornquist y otros distritos de la regi\u00f3n. - Noticias Radio Reflejos","og_description":"El INTA estableci\u00f3 una condici\u00f3n de d\u00e9ficit h\u00eddrico severo en Bah\u00eda Blanca, Coronel Rosales, Tornquist y Puan. M\u00e1s all\u00e1 de las precipitaciones de los \u00faltimos d\u00edas, la sequ\u00eda viene causando estragos en la regi\u00f3n.","og_url":"https:\/\/www.noticiasradioreflejos.com.ar\/2021\/situacion-critica-por-la-sequia-en-tornquist-y-otros-distritos-de-la-region\/","og_site_name":"Noticias Radio Reflejos","article_published_time":"2020-03-14T12:46:35+00:00","og_image":[{"url":"http:\/\/live.staticflickr.com\/65535\/49658154946_0ddc81b3d2_z.jpg","type":"","width":"","height":""}],"author":"Arnaldo Botto","twitter_card":"summary_large_image","schema":{"@context":"https:\/\/schema.org","@graph":[{"@type":"WebPage","@id":"https:\/\/www.noticiasradioreflejos.com.ar\/2021\/situacion-critica-por-la-sequia-en-tornquist-y-otros-distritos-de-la-region\/","url":"https:\/\/www.noticiasradioreflejos.com.ar\/2021\/situacion-critica-por-la-sequia-en-tornquist-y-otros-distritos-de-la-region\/","name":"Situaci\u00f3n cr\u00edtica por la sequ\u00eda en Tornquist y otros distritos de la regi\u00f3n. - Noticias Radio Reflejos","isPartOf":{"@id":"https:\/\/www.noticiasradioreflejos.com.ar\/2021\/#website"},"primaryImageOfPage":{"@id":"https:\/\/www.noticiasradioreflejos.com.ar\/2021\/situacion-critica-por-la-sequia-en-tornquist-y-otros-distritos-de-la-region\/#primaryimage"},"image":{"@id":"https:\/\/www.noticiasradioreflejos.com.ar\/2021\/situacion-critica-por-la-sequia-en-tornquist-y-otros-distritos-de-la-region\/#primaryimage"},"thumbnailUrl":"http:\/\/live.staticflickr.com\/65535\/49658154946_0ddc81b3d2_z.jpg","datePublished":"2020-03-14T12:46:35+00:00","author":{"@id":"https:\/\/www.noticiasradioreflejos.com.ar\/2021\/#\/schema\/person\/ad82545263dcc5ec0996818884fd5fb1"},"breadcrumb":{"@id":"https:\/\/www.noticiasradioreflejos.com.ar\/2021\/situacion-critica-por-la-sequia-en-tornquist-y-otros-distritos-de-la-region\/#breadcrumb"},"inLanguage":"es","potentialAction":[{"@type":"ReadAction","target":["https:\/\/www.noticiasradioreflejos.com.ar\/2021\/situacion-critica-por-la-sequia-en-tornquist-y-otros-distritos-de-la-region\/"]}]},{"@type":"ImageObject","inLanguage":"es","@id":"https:\/\/www.noticiasradioreflejos.com.ar\/2021\/situacion-critica-por-la-sequia-en-tornquist-y-otros-distritos-de-la-region\/#primaryimage","url":"http:\/\/live.staticflickr.com\/65535\/49658154946_0ddc81b3d2_z.jpg","contentUrl":"http:\/\/live.staticflickr.com\/65535\/49658154946_0ddc81b3d2_z.jpg"},{"@type":"BreadcrumbList","@id":"https:\/\/www.noticiasradioreflejos.com.ar\/2021\/situacion-critica-por-la-sequia-en-tornquist-y-otros-distritos-de-la-region\/#breadcrumb","itemListElement":[{"@type":"ListItem","position":1,"name":"Portada","item":"https:\/\/www.noticiasradioreflejos.com.ar\/2021\/"},{"@type":"ListItem","position":2,"name":"Situaci\u00f3n cr\u00edtica por la sequ\u00eda en Tornquist y otros distritos de la regi\u00f3n."}]},{"@type":"WebSite","@id":"https:\/\/www.noticiasradioreflejos.com.ar\/2021\/#website","url":"https:\/\/www.noticiasradioreflejos.com.ar\/2021\/","name":"Noticias Radio Reflejos","description":"Las noticias de mi comarca","potentialAction":[{"@type":"SearchAction","target":{"@type":"EntryPoint","urlTemplate":"https:\/\/www.noticiasradioreflejos.com.ar\/2021\/?s={search_term_string}"},"query-input":{"@type":"PropertyValueSpecification","valueRequired":true,"valueName":"search_term_string"}}],"inLanguage":"es"},{"@type":"Person","@id":"https:\/\/www.noticiasradioreflejos.com.ar\/2021\/#\/schema\/person\/ad82545263dcc5ec0996818884fd5fb1","name":"Arnaldo Botto","image":{"@type":"ImageObject","inLanguage":"es","@id":"https:\/\/www.noticiasradioreflejos.com.ar\/2021\/#\/schema\/person\/image\/","url":"https:\/\/secure.gravatar.com\/avatar\/55cb5e37c1efa326397366e6974cb338056df65cb50e7d64d1cf314e87504837?s=96&d=mm&r=g","contentUrl":"https:\/\/secure.gravatar.com\/avatar\/55cb5e37c1efa326397366e6974cb338056df65cb50e7d64d1cf314e87504837?s=96&d=mm&r=g","caption":"Arnaldo Botto"},"url":"https:\/\/www.noticiasradioreflejos.com.ar\/2021\/author\/arnaldo\/"}]}},"_links":{"self":[{"href":"https:\/\/www.noticiasradioreflejos.com.ar\/2021\/wp-json\/wp\/v2\/posts\/39489","targetHints":{"allow":["GET"]}}],"collection":[{"href":"https:\/\/www.noticiasradioreflejos.com.ar\/2021\/wp-json\/wp\/v2\/posts"}],"about":[{"href":"https:\/\/www.noticiasradioreflejos.com.ar\/2021\/wp-json\/wp\/v2\/types\/post"}],"author":[{"embeddable":true,"href":"https:\/\/www.noticiasradioreflejos.com.ar\/2021\/wp-json\/wp\/v2\/users\/3"}],"replies":[{"embeddable":true,"href":"https:\/\/www.noticiasradioreflejos.com.ar\/2021\/wp-json\/wp\/v2\/comments?post=39489"}],"version-history":[{"count":0,"href":"https:\/\/www.noticiasradioreflejos.com.ar\/2021\/wp-json\/wp\/v2\/posts\/39489\/revisions"}],"wp:attachment":[{"href":"https:\/\/www.noticiasradioreflejos.com.ar\/2021\/wp-json\/wp\/v2\/media?parent=39489"}],"wp:term":[{"taxonomy":"category","embeddable":true,"href":"https:\/\/www.noticiasradioreflejos.com.ar\/2021\/wp-json\/wp\/v2\/categories?post=39489"},{"taxonomy":"post_tag","embeddable":true,"href":"https:\/\/www.noticiasradioreflejos.com.ar\/2021\/wp-json\/wp\/v2\/tags?post=39489"}],"curies":[{"name":"wp","href":"https:\/\/api.w.org\/{rel}","templated":true}]}}