{"id":39485,"date":"2020-03-14T09:38:18","date_gmt":"2020-03-14T12:38:18","guid":{"rendered":"http:\/\/www.noticiasradioreflejos.com.ar\/noticias\/?p=39485"},"modified":"2020-03-14T09:38:18","modified_gmt":"2020-03-14T12:38:18","slug":"a-veces-decimos-que-un-pueblo-como-tornquist-no-puede-cambiar-la-realidad-y-hoy-me-parece-que-la-vamos-a-cambiar-federico-labarthe","status":"publish","type":"post","link":"https:\/\/www.noticiasradioreflejos.com.ar\/2021\/a-veces-decimos-que-un-pueblo-como-tornquist-no-puede-cambiar-la-realidad-y-hoy-me-parece-que-la-vamos-a-cambiar-federico-labarthe\/","title":{"rendered":"\u201cA veces decimos que un pueblo como Tornquist no puede cambiar la realidad y hoy me parece que la vamos a cambiar.\u00bb &#8211; Federico Labarthe"},"content":{"rendered":"<p><a title=\"110_40c5_20200313_225513Z1280x768_1584155419.jpg_1600\" href=\"http:\/\/live.staticflickr.com\/65535\/49658128926_33e66706f6_s.jpg\" rel=\"\"><img loading=\"lazy\" decoding=\"async\" class=\"alignleft\" style=\"float: left;\" title=\"110_40c5_20200313_225513Z1280x768_1584155419.jpg_1600\" src=\"http:\/\/live.staticflickr.com\/65535\/49658128926_33e66706f6.jpg\" alt=\"110_40c5_20200313_225513Z1280x768_1584155419.jpg_1600\" width=\"500\" height=\"281\" \/><\/a>Bajo la lluvia la gente esper\u00f3 la llegada de los concejales que fueron liberados Federico Labarthe y Cristian Raising llegaron a la ciudad y lo esperaron para brindarle todo su apoyo. Incluso estuvo el diputado provincial Emiliano Balb\u00edn y agrupaciones de cultivo de cannabis terap\u00e9utico de Pig\u00fc\u00e9.\u00a0<!--more--><\/p>\n<p>La de este viernes fue una jornada donde nuevamente Tornquist sali\u00f3 a respaldar a dos concejales y vecinos que seg\u00fan sus propias afirmaciones, cultivaban plantas de cannabis para uso terap\u00e9utico para m\u00e1s de 60 personas a las que ayudaban por las dolencias que sufr\u00edan.<\/p>\n<p>Pese a una lluvia torrencial que se desat\u00f3 durante la noche, el grupo de gente permaneci\u00f3 durante m\u00e1s de dos horas hasta el arribo cerca de la hora 22.30 desde Bah\u00eda Blanca.<\/p>\n<p>Muchas pancartas que daban la bienvenida y el pedido un\u00e1nime para que se legalice el uso de cannabis con fines terap\u00e9uticos.<\/p>\n<p>Estuvieron presentes entre otros el Intendente Sergio Bordoni y el diputado provincial Emiliano Balb\u00edn que respald\u00f3 a los ediles liberados y prometi\u00f3 trabajar para que pueda legalizarse la lucha que llevan a cabo solidariamente.<\/p>\n<p>Tanto Labarthe como Raising eran saludados por cada una de las personas que se hicieron presentes como familiares, amigos y personas a las que ayudan. Ellos mismos junto a Omar Navas que hab\u00eda recuperado la libertad el jueves, dijeron que van a redoblar los esfuerzos para que esto tenga un buen final.<\/p>\n<p>Labarthe en un p\u00e1rrafo de sus palabras destac\u00f3 lo bien que lo hab\u00eda tratado el personal de gendarmer\u00eda nacional.<\/p>\n<p>El Ingeniero Labarthe dijo:<\/p>\n<p>\u201cEsto es imposible describirlo no se lo deseo a nadie. Lo \u00fanico que tengo son palabras de agradecimiento a todos porque realmente tanto \u201cpiqui\u201d como yo sabemos que esto lo hicimos pensando en la gente para los que estaban con depresi\u00f3n, con dolor y no pod\u00edan levantarse de la cama y ahora la ves que camina que anda que tiene una vida normal y merece su medicina como cualquier persona y por una estupidez de una ley que no se termina de reglamentar y que no se ponen de acuerdo, estemos pasando este momento todos y esto tiene que estar accesible para todo el mundo y es lo mas injusto que hay\u201d<\/p>\n<p><a title=\"110_c736_20200313_224433Z1280x768_1584155514.jpg_1600\" href=\"http:\/\/live.staticflickr.com\/65535\/49658129126_ec7af8af01_s.jpg\" rel=\"\"><img loading=\"lazy\" decoding=\"async\" class=\"alignleft\" style=\"float: left;\" title=\"110_c736_20200313_224433Z1280x768_1584155514.jpg_1600\" src=\"http:\/\/live.staticflickr.com\/65535\/49658129126_ec7af8af01.jpg\" alt=\"110_c736_20200313_224433Z1280x768_1584155514.jpg_1600\" width=\"500\" height=\"281\" \/><\/a>\u201cOjal\u00e1 el sufrimiento que pasamos con Piqui sirva y cambie las cosas en serio que no quede la mala an\u00e9cdota que pas\u00f3. Cuando el estado hace las cosas mal lo dice. Realmente no puedo explicar como nos atendi\u00f3 gendarmer\u00eda, mejor que en nuestras casas, fue impresionante y siempre estuvieron amable y totalmente a disposici\u00f3n nuestra y estoy mas que agradecido\u201d<\/p>\n<p>\u201cA veces decimos que un pueblo como Tornquist no puede cambiar la realidad y hoy me parece que la vamos a cambiar. La revoluci\u00f3n que hay a nivel nacional es impresionante y se que esto no va a quedar en una an\u00e9cdota\u201d manifest\u00f3.<\/p>\n<p>Cristian Raising insist\u00eda y dec\u00eda \u201cNo m\u00e1s presos por plantar\u201d<\/p>\n<p>Omar Navas tambi\u00e9n habl\u00f3 \u201c Si esto que nos pas\u00f3 a nosotros sirve para algo, bienvenido sea. Yo me pongo a disposici\u00f3n de quien me necesite pero tenemos que seguir luchando y mucho porque el mismo doctor Nicol\u00e1s Di Biase, lo dijo hoy que atiende a 100 personas de Tornquist y no tenemos la materia para que se pueda curar la gente y que vengan a hacer lo que hicieron no tiene sentido\u201d<\/p>\n<p>\u201cNos tenemos que poner las pilas, el que tenga que legislar que lo haga. A los concejales hay que apoyar dej\u00e9monos de hacernos los payasos que uno u otro, debemos tratar de que en Tornquist se pueda hacer algo o ayudar a alguien que diga, se\u00f1ores basta de hacer burocracia. Empecemos a golpear puertas, juntemos firmas pero con nada de violencia, empezamos una batalla y la vamos a seguir. Si tengo que ir preso no me interesa. Dec\u00edan que vend\u00edamos, si no tenemos un mango partido al medio \u00abVamos a luchar\u201d. Finaliz\u00f3.<\/p>\n<p><iframe loading=\"lazy\" src=\"https:\/\/www.youtube.com\/embed\/BEq3hoi6B6Y\" width=\"560\" height=\"315\" frameborder=\"0\" allowfullscreen=\"allowfullscreen\"><\/iframe><\/p>\n<p><strong>Fuente Noticias Tornquist.<\/strong><\/p>\n","protected":false},"excerpt":{"rendered":"<p>Bajo la lluvia la gente esper\u00f3 la llegada de los concejales que fueron liberados Federico Labarthe y Cristian Raising llegaron a la ciudad y lo esperaron para brindarle todo su apoyo. Incluso estuvo el diputado provincial Emiliano Balb\u00edn y agrupaciones de cultivo de cannabis terap\u00e9utico de Pig\u00fc\u00e9.\u00a0<\/p>\n","protected":false},"author":3,"featured_media":0,"comment_status":"closed","ping_status":"open","sticky":false,"template":"","format":"standard","meta":{"footnotes":""},"categories":[26],"tags":[],"class_list":["post-39485","post","type-post","status-publish","format-standard","hentry","category-sociedad"],"yoast_head":"<!-- This site is optimized with the Yoast SEO plugin v25.9 - https:\/\/yoast.com\/wordpress\/plugins\/seo\/ -->\n<title>\u201cA veces decimos que un pueblo como Tornquist no puede cambiar la realidad y hoy me parece que la vamos a cambiar.&quot; - Federico Labarthe - Noticias Radio Reflejos<\/title>\n<meta name=\"robots\" content=\"index, follow, max-snippet:-1, max-image-preview:large, max-video-preview:-1\" \/>\n<link rel=\"canonical\" href=\"https:\/\/www.noticiasradioreflejos.com.ar\/2021\/a-veces-decimos-que-un-pueblo-como-tornquist-no-puede-cambiar-la-realidad-y-hoy-me-parece-que-la-vamos-a-cambiar-federico-labarthe\/\" \/>\n<meta property=\"og:locale\" content=\"es_ES\" \/>\n<meta property=\"og:type\" content=\"article\" \/>\n<meta property=\"og:title\" content=\"\u201cA veces decimos que un pueblo como Tornquist no puede cambiar la realidad y hoy me parece que la vamos a cambiar.&quot; - Federico Labarthe - Noticias Radio Reflejos\" \/>\n<meta property=\"og:description\" content=\"Bajo la lluvia la gente esper\u00f3 la llegada de los concejales que fueron liberados Federico Labarthe y Cristian Raising llegaron a la ciudad y lo esperaron para brindarle todo su apoyo. Incluso estuvo el diputado provincial Emiliano Balb\u00edn y agrupaciones de cultivo de cannabis terap\u00e9utico de Pig\u00fc\u00e9.\u00a0\" \/>\n<meta property=\"og:url\" content=\"https:\/\/www.noticiasradioreflejos.com.ar\/2021\/a-veces-decimos-que-un-pueblo-como-tornquist-no-puede-cambiar-la-realidad-y-hoy-me-parece-que-la-vamos-a-cambiar-federico-labarthe\/\" \/>\n<meta property=\"og:site_name\" content=\"Noticias Radio Reflejos\" \/>\n<meta property=\"article:published_time\" content=\"2020-03-14T12:38:18+00:00\" \/>\n<meta property=\"og:image\" content=\"http:\/\/live.staticflickr.com\/65535\/49658128926_33e66706f6.jpg\" \/>\n<meta name=\"author\" content=\"Arnaldo Botto\" \/>\n<meta name=\"twitter:card\" content=\"summary_large_image\" \/>\n<script type=\"application\/ld+json\" class=\"yoast-schema-graph\">{\"@context\":\"https:\/\/schema.org\",\"@graph\":[{\"@type\":\"WebPage\",\"@id\":\"https:\/\/www.noticiasradioreflejos.com.ar\/2021\/a-veces-decimos-que-un-pueblo-como-tornquist-no-puede-cambiar-la-realidad-y-hoy-me-parece-que-la-vamos-a-cambiar-federico-labarthe\/\",\"url\":\"https:\/\/www.noticiasradioreflejos.com.ar\/2021\/a-veces-decimos-que-un-pueblo-como-tornquist-no-puede-cambiar-la-realidad-y-hoy-me-parece-que-la-vamos-a-cambiar-federico-labarthe\/\",\"name\":\"\u201cA veces decimos que un pueblo como Tornquist no puede cambiar la realidad y hoy me parece que la vamos a cambiar.\\\" - Federico Labarthe - Noticias Radio Reflejos\",\"isPartOf\":{\"@id\":\"https:\/\/www.noticiasradioreflejos.com.ar\/2021\/#website\"},\"primaryImageOfPage\":{\"@id\":\"https:\/\/www.noticiasradioreflejos.com.ar\/2021\/a-veces-decimos-que-un-pueblo-como-tornquist-no-puede-cambiar-la-realidad-y-hoy-me-parece-que-la-vamos-a-cambiar-federico-labarthe\/#primaryimage\"},\"image\":{\"@id\":\"https:\/\/www.noticiasradioreflejos.com.ar\/2021\/a-veces-decimos-que-un-pueblo-como-tornquist-no-puede-cambiar-la-realidad-y-hoy-me-parece-que-la-vamos-a-cambiar-federico-labarthe\/#primaryimage\"},\"thumbnailUrl\":\"http:\/\/live.staticflickr.com\/65535\/49658128926_33e66706f6.jpg\",\"datePublished\":\"2020-03-14T12:38:18+00:00\",\"author\":{\"@id\":\"https:\/\/www.noticiasradioreflejos.com.ar\/2021\/#\/schema\/person\/ad82545263dcc5ec0996818884fd5fb1\"},\"breadcrumb\":{\"@id\":\"https:\/\/www.noticiasradioreflejos.com.ar\/2021\/a-veces-decimos-que-un-pueblo-como-tornquist-no-puede-cambiar-la-realidad-y-hoy-me-parece-que-la-vamos-a-cambiar-federico-labarthe\/#breadcrumb\"},\"inLanguage\":\"es\",\"potentialAction\":[{\"@type\":\"ReadAction\",\"target\":[\"https:\/\/www.noticiasradioreflejos.com.ar\/2021\/a-veces-decimos-que-un-pueblo-como-tornquist-no-puede-cambiar-la-realidad-y-hoy-me-parece-que-la-vamos-a-cambiar-federico-labarthe\/\"]}]},{\"@type\":\"ImageObject\",\"inLanguage\":\"es\",\"@id\":\"https:\/\/www.noticiasradioreflejos.com.ar\/2021\/a-veces-decimos-que-un-pueblo-como-tornquist-no-puede-cambiar-la-realidad-y-hoy-me-parece-que-la-vamos-a-cambiar-federico-labarthe\/#primaryimage\",\"url\":\"http:\/\/live.staticflickr.com\/65535\/49658128926_33e66706f6.jpg\",\"contentUrl\":\"http:\/\/live.staticflickr.com\/65535\/49658128926_33e66706f6.jpg\"},{\"@type\":\"BreadcrumbList\",\"@id\":\"https:\/\/www.noticiasradioreflejos.com.ar\/2021\/a-veces-decimos-que-un-pueblo-como-tornquist-no-puede-cambiar-la-realidad-y-hoy-me-parece-que-la-vamos-a-cambiar-federico-labarthe\/#breadcrumb\",\"itemListElement\":[{\"@type\":\"ListItem\",\"position\":1,\"name\":\"Portada\",\"item\":\"https:\/\/www.noticiasradioreflejos.com.ar\/2021\/\"},{\"@type\":\"ListItem\",\"position\":2,\"name\":\"\u201cA veces decimos que un pueblo como Tornquist no puede cambiar la realidad y hoy me parece que la vamos a cambiar.\u00bb &#8211; Federico Labarthe\"}]},{\"@type\":\"WebSite\",\"@id\":\"https:\/\/www.noticiasradioreflejos.com.ar\/2021\/#website\",\"url\":\"https:\/\/www.noticiasradioreflejos.com.ar\/2021\/\",\"name\":\"Noticias Radio Reflejos\",\"description\":\"Las noticias de mi comarca\",\"potentialAction\":[{\"@type\":\"SearchAction\",\"target\":{\"@type\":\"EntryPoint\",\"urlTemplate\":\"https:\/\/www.noticiasradioreflejos.com.ar\/2021\/?s={search_term_string}\"},\"query-input\":{\"@type\":\"PropertyValueSpecification\",\"valueRequired\":true,\"valueName\":\"search_term_string\"}}],\"inLanguage\":\"es\"},{\"@type\":\"Person\",\"@id\":\"https:\/\/www.noticiasradioreflejos.com.ar\/2021\/#\/schema\/person\/ad82545263dcc5ec0996818884fd5fb1\",\"name\":\"Arnaldo Botto\",\"image\":{\"@type\":\"ImageObject\",\"inLanguage\":\"es\",\"@id\":\"https:\/\/www.noticiasradioreflejos.com.ar\/2021\/#\/schema\/person\/image\/\",\"url\":\"https:\/\/secure.gravatar.com\/avatar\/55cb5e37c1efa326397366e6974cb338056df65cb50e7d64d1cf314e87504837?s=96&d=mm&r=g\",\"contentUrl\":\"https:\/\/secure.gravatar.com\/avatar\/55cb5e37c1efa326397366e6974cb338056df65cb50e7d64d1cf314e87504837?s=96&d=mm&r=g\",\"caption\":\"Arnaldo Botto\"},\"url\":\"https:\/\/www.noticiasradioreflejos.com.ar\/2021\/author\/arnaldo\/\"}]}<\/script>\n<!-- \/ Yoast SEO plugin. -->","yoast_head_json":{"title":"\u201cA veces decimos que un pueblo como Tornquist no puede cambiar la realidad y hoy me parece que la vamos a cambiar.\" - Federico Labarthe - Noticias Radio Reflejos","robots":{"index":"index","follow":"follow","max-snippet":"max-snippet:-1","max-image-preview":"max-image-preview:large","max-video-preview":"max-video-preview:-1"},"canonical":"https:\/\/www.noticiasradioreflejos.com.ar\/2021\/a-veces-decimos-que-un-pueblo-como-tornquist-no-puede-cambiar-la-realidad-y-hoy-me-parece-que-la-vamos-a-cambiar-federico-labarthe\/","og_locale":"es_ES","og_type":"article","og_title":"\u201cA veces decimos que un pueblo como Tornquist no puede cambiar la realidad y hoy me parece que la vamos a cambiar.\" - Federico Labarthe - Noticias Radio Reflejos","og_description":"Bajo la lluvia la gente esper\u00f3 la llegada de los concejales que fueron liberados Federico Labarthe y Cristian Raising llegaron a la ciudad y lo esperaron para brindarle todo su apoyo. Incluso estuvo el diputado provincial Emiliano Balb\u00edn y agrupaciones de cultivo de cannabis terap\u00e9utico de Pig\u00fc\u00e9.\u00a0","og_url":"https:\/\/www.noticiasradioreflejos.com.ar\/2021\/a-veces-decimos-que-un-pueblo-como-tornquist-no-puede-cambiar-la-realidad-y-hoy-me-parece-que-la-vamos-a-cambiar-federico-labarthe\/","og_site_name":"Noticias Radio Reflejos","article_published_time":"2020-03-14T12:38:18+00:00","og_image":[{"url":"http:\/\/live.staticflickr.com\/65535\/49658128926_33e66706f6.jpg","type":"","width":"","height":""}],"author":"Arnaldo Botto","twitter_card":"summary_large_image","schema":{"@context":"https:\/\/schema.org","@graph":[{"@type":"WebPage","@id":"https:\/\/www.noticiasradioreflejos.com.ar\/2021\/a-veces-decimos-que-un-pueblo-como-tornquist-no-puede-cambiar-la-realidad-y-hoy-me-parece-que-la-vamos-a-cambiar-federico-labarthe\/","url":"https:\/\/www.noticiasradioreflejos.com.ar\/2021\/a-veces-decimos-que-un-pueblo-como-tornquist-no-puede-cambiar-la-realidad-y-hoy-me-parece-que-la-vamos-a-cambiar-federico-labarthe\/","name":"\u201cA veces decimos que un pueblo como Tornquist no puede cambiar la realidad y hoy me parece que la vamos a cambiar.\" - Federico Labarthe - Noticias Radio Reflejos","isPartOf":{"@id":"https:\/\/www.noticiasradioreflejos.com.ar\/2021\/#website"},"primaryImageOfPage":{"@id":"https:\/\/www.noticiasradioreflejos.com.ar\/2021\/a-veces-decimos-que-un-pueblo-como-tornquist-no-puede-cambiar-la-realidad-y-hoy-me-parece-que-la-vamos-a-cambiar-federico-labarthe\/#primaryimage"},"image":{"@id":"https:\/\/www.noticiasradioreflejos.com.ar\/2021\/a-veces-decimos-que-un-pueblo-como-tornquist-no-puede-cambiar-la-realidad-y-hoy-me-parece-que-la-vamos-a-cambiar-federico-labarthe\/#primaryimage"},"thumbnailUrl":"http:\/\/live.staticflickr.com\/65535\/49658128926_33e66706f6.jpg","datePublished":"2020-03-14T12:38:18+00:00","author":{"@id":"https:\/\/www.noticiasradioreflejos.com.ar\/2021\/#\/schema\/person\/ad82545263dcc5ec0996818884fd5fb1"},"breadcrumb":{"@id":"https:\/\/www.noticiasradioreflejos.com.ar\/2021\/a-veces-decimos-que-un-pueblo-como-tornquist-no-puede-cambiar-la-realidad-y-hoy-me-parece-que-la-vamos-a-cambiar-federico-labarthe\/#breadcrumb"},"inLanguage":"es","potentialAction":[{"@type":"ReadAction","target":["https:\/\/www.noticiasradioreflejos.com.ar\/2021\/a-veces-decimos-que-un-pueblo-como-tornquist-no-puede-cambiar-la-realidad-y-hoy-me-parece-que-la-vamos-a-cambiar-federico-labarthe\/"]}]},{"@type":"ImageObject","inLanguage":"es","@id":"https:\/\/www.noticiasradioreflejos.com.ar\/2021\/a-veces-decimos-que-un-pueblo-como-tornquist-no-puede-cambiar-la-realidad-y-hoy-me-parece-que-la-vamos-a-cambiar-federico-labarthe\/#primaryimage","url":"http:\/\/live.staticflickr.com\/65535\/49658128926_33e66706f6.jpg","contentUrl":"http:\/\/live.staticflickr.com\/65535\/49658128926_33e66706f6.jpg"},{"@type":"BreadcrumbList","@id":"https:\/\/www.noticiasradioreflejos.com.ar\/2021\/a-veces-decimos-que-un-pueblo-como-tornquist-no-puede-cambiar-la-realidad-y-hoy-me-parece-que-la-vamos-a-cambiar-federico-labarthe\/#breadcrumb","itemListElement":[{"@type":"ListItem","position":1,"name":"Portada","item":"https:\/\/www.noticiasradioreflejos.com.ar\/2021\/"},{"@type":"ListItem","position":2,"name":"\u201cA veces decimos que un pueblo como Tornquist no puede cambiar la realidad y hoy me parece que la vamos a cambiar.\u00bb &#8211; Federico Labarthe"}]},{"@type":"WebSite","@id":"https:\/\/www.noticiasradioreflejos.com.ar\/2021\/#website","url":"https:\/\/www.noticiasradioreflejos.com.ar\/2021\/","name":"Noticias Radio Reflejos","description":"Las noticias de mi comarca","potentialAction":[{"@type":"SearchAction","target":{"@type":"EntryPoint","urlTemplate":"https:\/\/www.noticiasradioreflejos.com.ar\/2021\/?s={search_term_string}"},"query-input":{"@type":"PropertyValueSpecification","valueRequired":true,"valueName":"search_term_string"}}],"inLanguage":"es"},{"@type":"Person","@id":"https:\/\/www.noticiasradioreflejos.com.ar\/2021\/#\/schema\/person\/ad82545263dcc5ec0996818884fd5fb1","name":"Arnaldo Botto","image":{"@type":"ImageObject","inLanguage":"es","@id":"https:\/\/www.noticiasradioreflejos.com.ar\/2021\/#\/schema\/person\/image\/","url":"https:\/\/secure.gravatar.com\/avatar\/55cb5e37c1efa326397366e6974cb338056df65cb50e7d64d1cf314e87504837?s=96&d=mm&r=g","contentUrl":"https:\/\/secure.gravatar.com\/avatar\/55cb5e37c1efa326397366e6974cb338056df65cb50e7d64d1cf314e87504837?s=96&d=mm&r=g","caption":"Arnaldo Botto"},"url":"https:\/\/www.noticiasradioreflejos.com.ar\/2021\/author\/arnaldo\/"}]}},"_links":{"self":[{"href":"https:\/\/www.noticiasradioreflejos.com.ar\/2021\/wp-json\/wp\/v2\/posts\/39485","targetHints":{"allow":["GET"]}}],"collection":[{"href":"https:\/\/www.noticiasradioreflejos.com.ar\/2021\/wp-json\/wp\/v2\/posts"}],"about":[{"href":"https:\/\/www.noticiasradioreflejos.com.ar\/2021\/wp-json\/wp\/v2\/types\/post"}],"author":[{"embeddable":true,"href":"https:\/\/www.noticiasradioreflejos.com.ar\/2021\/wp-json\/wp\/v2\/users\/3"}],"replies":[{"embeddable":true,"href":"https:\/\/www.noticiasradioreflejos.com.ar\/2021\/wp-json\/wp\/v2\/comments?post=39485"}],"version-history":[{"count":0,"href":"https:\/\/www.noticiasradioreflejos.com.ar\/2021\/wp-json\/wp\/v2\/posts\/39485\/revisions"}],"wp:attachment":[{"href":"https:\/\/www.noticiasradioreflejos.com.ar\/2021\/wp-json\/wp\/v2\/media?parent=39485"}],"wp:term":[{"taxonomy":"category","embeddable":true,"href":"https:\/\/www.noticiasradioreflejos.com.ar\/2021\/wp-json\/wp\/v2\/categories?post=39485"},{"taxonomy":"post_tag","embeddable":true,"href":"https:\/\/www.noticiasradioreflejos.com.ar\/2021\/wp-json\/wp\/v2\/tags?post=39485"}],"curies":[{"name":"wp","href":"https:\/\/api.w.org\/{rel}","templated":true}]}}