{"id":39481,"date":"2020-03-14T09:26:53","date_gmt":"2020-03-14T12:26:53","guid":{"rendered":"http:\/\/www.noticiasradioreflejos.com.ar\/noticias\/?p=39481"},"modified":"2020-03-14T09:26:53","modified_gmt":"2020-03-14T12:26:53","slug":"informacion-y-prevencion-para-cuidarnos-entre-nosotros-nota-a-la-infectologa-dra-lorena-cabaleiro","status":"publish","type":"post","link":"https:\/\/www.noticiasradioreflejos.com.ar\/2021\/informacion-y-prevencion-para-cuidarnos-entre-nosotros-nota-a-la-infectologa-dra-lorena-cabaleiro\/","title":{"rendered":"Informaci\u00f3n y prevenci\u00f3n para cuidarnos entre nosotros &#8211; Nota a la Infect\u00f3loga, Dra. Lorena Cabaleiro"},"content":{"rendered":"<p>En el Micro Tiempo Educativo, durante el programa Un Mate y un Caf\u00e9, pudimos entrevistar a la doctora Lorena Cabaleiro, (MN130.879\/MP229.961), m\u00e9dica infect\u00f3loga y miembro del equipo de salud del hospital municipal de Tornquist. Inicialmente, ante el c\u00famulo de informaci\u00f3n falsa y ante el temor que significa la desinformaci\u00f3n, aprovechamos el contacto para poder informarnos adecuadamente sobre el COVID-19 o CORONAVIRUS.<!--more--><br \/>\n<a title=\"coronavirus_1\" href=\"http:\/\/live.staticflickr.com\/65535\/49658103601_145dcd6cc9_s.jpg\" rel=\"\"><img loading=\"lazy\" decoding=\"async\" class=\"alignleft\" style=\"float: left;\" title=\"coronavirus_1\" src=\"http:\/\/live.staticflickr.com\/65535\/49658103601_145dcd6cc9.jpg\" alt=\"coronavirus_1\" width=\"500\" height=\"281\" \/><\/a>La doctora inmediatamente se avoc\u00f3, a brindar informaci\u00f3n y asesoramiento sobre diferentes cuestiones que hoy son parte de las inquietudes de los vecinos de nuestra comunidad para estar mejor preparados ante un virus ante el cual \u201cdebemos trabajar como lo estamos haciendo para mitigar los efectos de ese virus porque evitar que se desarrolle en argentina, como sucedi\u00f3 en otros pa\u00edses ser\u00e1 imposible\u201d.<\/p>\n<p>En el orden informativo y preventivo la doctora Cabaleiro inform\u00f3 que para el lunes 16 de Marzo est\u00e1n todos los efectores de salud del distrito convocados a una reuni\u00f3n para organizar los dispositivos de atenci\u00f3n que se desarrollar\u00e1n de acuerdo a como se manifieste la enfermedad en distrito, y en coordinaci\u00f3n con las decisiones que tomen los responsables de salud de la Naci\u00f3n y de la Provincia. En este sentido la facultativa expres\u00f3 que las medidas adoptadas por el gobierno nacional y provincial pueden parecer exageradas pero desde el punto de vista preventivo y con el objetivo de mitigar los posibles contagios van en la v\u00eda correcta.<\/p>\n<p>Lo central en la nota ha sido la prevenci\u00f3n, y la responsabilidad solidaria para evitar que el virus no se propague y que cuando lo haga, que se pueda contener esa difusi\u00f3n, mas sabiendo que en un alto porcentaje (85 % +-5\/) el virus no es letal, y que luego de tenerlo los pacientes por ahora presentan cierta inmunidad.<\/p>\n<p>Durante el transcurso de la nota ha sido abundante la informaci\u00f3n y los consejos para c\u00f3mo conducirnos en la actual fase en la que se encuentra el virus en nuestro pa\u00eds y que hacer seg\u00fan sea su desarrollo. En este sentido y ante tanta falsa informaci\u00f3n se vuelve a revalorizar la funci\u00f3n de la radio como un elemento fundamental en la organizaci\u00f3n y coordinaci\u00f3n de las conductas necesarias para evitar males mayores como pueden ser las muertes.<\/p>\n<p>La nota a disposici\u00f3n en<\/p>\n<p><iframe loading=\"lazy\" src=\"https:\/\/w.soundcloud.com\/player\/?url=https%3A\/\/api.soundcloud.com\/tracks\/775510597&amp;color=%23ff5500&amp;auto_play=false&amp;hide_related=false&amp;show_comments=true&amp;show_user=true&amp;show_reposts=false&amp;show_teaser=true\" width=\"100%\" height=\"166\" frameborder=\"no\" scrolling=\"no\"><\/iframe><\/p>\n<p><a title=\"Coronavirus_CAST_2\" href=\"http:\/\/live.staticflickr.com\/65535\/49658103796_df4ecbb56f_s.jpg\" rel=\"\"><img loading=\"lazy\" decoding=\"async\" class=\"aligncenter\" title=\"Coronavirus_CAST_2\" src=\"http:\/\/live.staticflickr.com\/65535\/49658103796_df4ecbb56f_z.jpg\" alt=\"Coronavirus_CAST_2\" width=\"583\" height=\"640\" \/><\/a><\/p>\n","protected":false},"excerpt":{"rendered":"<p>En el Micro Tiempo Educativo, durante el programa Un Mate y un Caf\u00e9, pudimos entrevistar a la doctora Lorena Cabaleiro, (MN130.879\/MP229.961), m\u00e9dica infect\u00f3loga y miembro del equipo de salud del hospital municipal de Tornquist. Inicialmente, ante el c\u00famulo de informaci\u00f3n falsa y ante el temor que significa la desinformaci\u00f3n, aprovechamos el contacto para poder informarnos [&hellip;]<\/p>\n","protected":false},"author":3,"featured_media":0,"comment_status":"closed","ping_status":"open","sticky":false,"template":"","format":"standard","meta":{"footnotes":""},"categories":[30],"tags":[],"class_list":["post-39481","post","type-post","status-publish","format-standard","hentry","category-salud"],"yoast_head":"<!-- This site is optimized with the Yoast SEO plugin v25.9 - https:\/\/yoast.com\/wordpress\/plugins\/seo\/ -->\n<title>Informaci\u00f3n y prevenci\u00f3n para cuidarnos entre nosotros - Nota a la Infect\u00f3loga, Dra. Lorena Cabaleiro - Noticias Radio Reflejos<\/title>\n<meta name=\"robots\" content=\"index, follow, max-snippet:-1, max-image-preview:large, max-video-preview:-1\" \/>\n<link rel=\"canonical\" href=\"https:\/\/www.noticiasradioreflejos.com.ar\/2021\/informacion-y-prevencion-para-cuidarnos-entre-nosotros-nota-a-la-infectologa-dra-lorena-cabaleiro\/\" \/>\n<meta property=\"og:locale\" content=\"es_ES\" \/>\n<meta property=\"og:type\" content=\"article\" \/>\n<meta property=\"og:title\" content=\"Informaci\u00f3n y prevenci\u00f3n para cuidarnos entre nosotros - Nota a la Infect\u00f3loga, Dra. Lorena Cabaleiro - Noticias Radio Reflejos\" \/>\n<meta property=\"og:description\" content=\"En el Micro Tiempo Educativo, durante el programa Un Mate y un Caf\u00e9, pudimos entrevistar a la doctora Lorena Cabaleiro, (MN130.879\/MP229.961), m\u00e9dica infect\u00f3loga y miembro del equipo de salud del hospital municipal de Tornquist. Inicialmente, ante el c\u00famulo de informaci\u00f3n falsa y ante el temor que significa la desinformaci\u00f3n, aprovechamos el contacto para poder informarnos [&hellip;]\" \/>\n<meta property=\"og:url\" content=\"https:\/\/www.noticiasradioreflejos.com.ar\/2021\/informacion-y-prevencion-para-cuidarnos-entre-nosotros-nota-a-la-infectologa-dra-lorena-cabaleiro\/\" \/>\n<meta property=\"og:site_name\" content=\"Noticias Radio Reflejos\" \/>\n<meta property=\"article:published_time\" content=\"2020-03-14T12:26:53+00:00\" \/>\n<meta property=\"og:image\" content=\"http:\/\/live.staticflickr.com\/65535\/49658103601_145dcd6cc9.jpg\" \/>\n<meta name=\"author\" content=\"Arnaldo Botto\" \/>\n<meta name=\"twitter:card\" content=\"summary_large_image\" \/>\n<script type=\"application\/ld+json\" class=\"yoast-schema-graph\">{\"@context\":\"https:\/\/schema.org\",\"@graph\":[{\"@type\":\"WebPage\",\"@id\":\"https:\/\/www.noticiasradioreflejos.com.ar\/2021\/informacion-y-prevencion-para-cuidarnos-entre-nosotros-nota-a-la-infectologa-dra-lorena-cabaleiro\/\",\"url\":\"https:\/\/www.noticiasradioreflejos.com.ar\/2021\/informacion-y-prevencion-para-cuidarnos-entre-nosotros-nota-a-la-infectologa-dra-lorena-cabaleiro\/\",\"name\":\"Informaci\u00f3n y prevenci\u00f3n para cuidarnos entre nosotros - Nota a la Infect\u00f3loga, Dra. Lorena Cabaleiro - Noticias Radio Reflejos\",\"isPartOf\":{\"@id\":\"https:\/\/www.noticiasradioreflejos.com.ar\/2021\/#website\"},\"primaryImageOfPage\":{\"@id\":\"https:\/\/www.noticiasradioreflejos.com.ar\/2021\/informacion-y-prevencion-para-cuidarnos-entre-nosotros-nota-a-la-infectologa-dra-lorena-cabaleiro\/#primaryimage\"},\"image\":{\"@id\":\"https:\/\/www.noticiasradioreflejos.com.ar\/2021\/informacion-y-prevencion-para-cuidarnos-entre-nosotros-nota-a-la-infectologa-dra-lorena-cabaleiro\/#primaryimage\"},\"thumbnailUrl\":\"http:\/\/live.staticflickr.com\/65535\/49658103601_145dcd6cc9.jpg\",\"datePublished\":\"2020-03-14T12:26:53+00:00\",\"author\":{\"@id\":\"https:\/\/www.noticiasradioreflejos.com.ar\/2021\/#\/schema\/person\/ad82545263dcc5ec0996818884fd5fb1\"},\"breadcrumb\":{\"@id\":\"https:\/\/www.noticiasradioreflejos.com.ar\/2021\/informacion-y-prevencion-para-cuidarnos-entre-nosotros-nota-a-la-infectologa-dra-lorena-cabaleiro\/#breadcrumb\"},\"inLanguage\":\"es\",\"potentialAction\":[{\"@type\":\"ReadAction\",\"target\":[\"https:\/\/www.noticiasradioreflejos.com.ar\/2021\/informacion-y-prevencion-para-cuidarnos-entre-nosotros-nota-a-la-infectologa-dra-lorena-cabaleiro\/\"]}]},{\"@type\":\"ImageObject\",\"inLanguage\":\"es\",\"@id\":\"https:\/\/www.noticiasradioreflejos.com.ar\/2021\/informacion-y-prevencion-para-cuidarnos-entre-nosotros-nota-a-la-infectologa-dra-lorena-cabaleiro\/#primaryimage\",\"url\":\"http:\/\/live.staticflickr.com\/65535\/49658103601_145dcd6cc9.jpg\",\"contentUrl\":\"http:\/\/live.staticflickr.com\/65535\/49658103601_145dcd6cc9.jpg\"},{\"@type\":\"BreadcrumbList\",\"@id\":\"https:\/\/www.noticiasradioreflejos.com.ar\/2021\/informacion-y-prevencion-para-cuidarnos-entre-nosotros-nota-a-la-infectologa-dra-lorena-cabaleiro\/#breadcrumb\",\"itemListElement\":[{\"@type\":\"ListItem\",\"position\":1,\"name\":\"Portada\",\"item\":\"https:\/\/www.noticiasradioreflejos.com.ar\/2021\/\"},{\"@type\":\"ListItem\",\"position\":2,\"name\":\"Informaci\u00f3n y prevenci\u00f3n para cuidarnos entre nosotros &#8211; Nota a la Infect\u00f3loga, Dra. Lorena Cabaleiro\"}]},{\"@type\":\"WebSite\",\"@id\":\"https:\/\/www.noticiasradioreflejos.com.ar\/2021\/#website\",\"url\":\"https:\/\/www.noticiasradioreflejos.com.ar\/2021\/\",\"name\":\"Noticias Radio Reflejos\",\"description\":\"Las noticias de mi comarca\",\"potentialAction\":[{\"@type\":\"SearchAction\",\"target\":{\"@type\":\"EntryPoint\",\"urlTemplate\":\"https:\/\/www.noticiasradioreflejos.com.ar\/2021\/?s={search_term_string}\"},\"query-input\":{\"@type\":\"PropertyValueSpecification\",\"valueRequired\":true,\"valueName\":\"search_term_string\"}}],\"inLanguage\":\"es\"},{\"@type\":\"Person\",\"@id\":\"https:\/\/www.noticiasradioreflejos.com.ar\/2021\/#\/schema\/person\/ad82545263dcc5ec0996818884fd5fb1\",\"name\":\"Arnaldo Botto\",\"image\":{\"@type\":\"ImageObject\",\"inLanguage\":\"es\",\"@id\":\"https:\/\/www.noticiasradioreflejos.com.ar\/2021\/#\/schema\/person\/image\/\",\"url\":\"https:\/\/secure.gravatar.com\/avatar\/55cb5e37c1efa326397366e6974cb338056df65cb50e7d64d1cf314e87504837?s=96&d=mm&r=g\",\"contentUrl\":\"https:\/\/secure.gravatar.com\/avatar\/55cb5e37c1efa326397366e6974cb338056df65cb50e7d64d1cf314e87504837?s=96&d=mm&r=g\",\"caption\":\"Arnaldo Botto\"},\"url\":\"https:\/\/www.noticiasradioreflejos.com.ar\/2021\/author\/arnaldo\/\"}]}<\/script>\n<!-- \/ Yoast SEO plugin. -->","yoast_head_json":{"title":"Informaci\u00f3n y prevenci\u00f3n para cuidarnos entre nosotros - Nota a la Infect\u00f3loga, Dra. Lorena Cabaleiro - Noticias Radio Reflejos","robots":{"index":"index","follow":"follow","max-snippet":"max-snippet:-1","max-image-preview":"max-image-preview:large","max-video-preview":"max-video-preview:-1"},"canonical":"https:\/\/www.noticiasradioreflejos.com.ar\/2021\/informacion-y-prevencion-para-cuidarnos-entre-nosotros-nota-a-la-infectologa-dra-lorena-cabaleiro\/","og_locale":"es_ES","og_type":"article","og_title":"Informaci\u00f3n y prevenci\u00f3n para cuidarnos entre nosotros - Nota a la Infect\u00f3loga, Dra. Lorena Cabaleiro - Noticias Radio Reflejos","og_description":"En el Micro Tiempo Educativo, durante el programa Un Mate y un Caf\u00e9, pudimos entrevistar a la doctora Lorena Cabaleiro, (MN130.879\/MP229.961), m\u00e9dica infect\u00f3loga y miembro del equipo de salud del hospital municipal de Tornquist. Inicialmente, ante el c\u00famulo de informaci\u00f3n falsa y ante el temor que significa la desinformaci\u00f3n, aprovechamos el contacto para poder informarnos [&hellip;]","og_url":"https:\/\/www.noticiasradioreflejos.com.ar\/2021\/informacion-y-prevencion-para-cuidarnos-entre-nosotros-nota-a-la-infectologa-dra-lorena-cabaleiro\/","og_site_name":"Noticias Radio Reflejos","article_published_time":"2020-03-14T12:26:53+00:00","og_image":[{"url":"http:\/\/live.staticflickr.com\/65535\/49658103601_145dcd6cc9.jpg","type":"","width":"","height":""}],"author":"Arnaldo Botto","twitter_card":"summary_large_image","schema":{"@context":"https:\/\/schema.org","@graph":[{"@type":"WebPage","@id":"https:\/\/www.noticiasradioreflejos.com.ar\/2021\/informacion-y-prevencion-para-cuidarnos-entre-nosotros-nota-a-la-infectologa-dra-lorena-cabaleiro\/","url":"https:\/\/www.noticiasradioreflejos.com.ar\/2021\/informacion-y-prevencion-para-cuidarnos-entre-nosotros-nota-a-la-infectologa-dra-lorena-cabaleiro\/","name":"Informaci\u00f3n y prevenci\u00f3n para cuidarnos entre nosotros - Nota a la Infect\u00f3loga, Dra. Lorena Cabaleiro - Noticias Radio Reflejos","isPartOf":{"@id":"https:\/\/www.noticiasradioreflejos.com.ar\/2021\/#website"},"primaryImageOfPage":{"@id":"https:\/\/www.noticiasradioreflejos.com.ar\/2021\/informacion-y-prevencion-para-cuidarnos-entre-nosotros-nota-a-la-infectologa-dra-lorena-cabaleiro\/#primaryimage"},"image":{"@id":"https:\/\/www.noticiasradioreflejos.com.ar\/2021\/informacion-y-prevencion-para-cuidarnos-entre-nosotros-nota-a-la-infectologa-dra-lorena-cabaleiro\/#primaryimage"},"thumbnailUrl":"http:\/\/live.staticflickr.com\/65535\/49658103601_145dcd6cc9.jpg","datePublished":"2020-03-14T12:26:53+00:00","author":{"@id":"https:\/\/www.noticiasradioreflejos.com.ar\/2021\/#\/schema\/person\/ad82545263dcc5ec0996818884fd5fb1"},"breadcrumb":{"@id":"https:\/\/www.noticiasradioreflejos.com.ar\/2021\/informacion-y-prevencion-para-cuidarnos-entre-nosotros-nota-a-la-infectologa-dra-lorena-cabaleiro\/#breadcrumb"},"inLanguage":"es","potentialAction":[{"@type":"ReadAction","target":["https:\/\/www.noticiasradioreflejos.com.ar\/2021\/informacion-y-prevencion-para-cuidarnos-entre-nosotros-nota-a-la-infectologa-dra-lorena-cabaleiro\/"]}]},{"@type":"ImageObject","inLanguage":"es","@id":"https:\/\/www.noticiasradioreflejos.com.ar\/2021\/informacion-y-prevencion-para-cuidarnos-entre-nosotros-nota-a-la-infectologa-dra-lorena-cabaleiro\/#primaryimage","url":"http:\/\/live.staticflickr.com\/65535\/49658103601_145dcd6cc9.jpg","contentUrl":"http:\/\/live.staticflickr.com\/65535\/49658103601_145dcd6cc9.jpg"},{"@type":"BreadcrumbList","@id":"https:\/\/www.noticiasradioreflejos.com.ar\/2021\/informacion-y-prevencion-para-cuidarnos-entre-nosotros-nota-a-la-infectologa-dra-lorena-cabaleiro\/#breadcrumb","itemListElement":[{"@type":"ListItem","position":1,"name":"Portada","item":"https:\/\/www.noticiasradioreflejos.com.ar\/2021\/"},{"@type":"ListItem","position":2,"name":"Informaci\u00f3n y prevenci\u00f3n para cuidarnos entre nosotros &#8211; Nota a la Infect\u00f3loga, Dra. Lorena Cabaleiro"}]},{"@type":"WebSite","@id":"https:\/\/www.noticiasradioreflejos.com.ar\/2021\/#website","url":"https:\/\/www.noticiasradioreflejos.com.ar\/2021\/","name":"Noticias Radio Reflejos","description":"Las noticias de mi comarca","potentialAction":[{"@type":"SearchAction","target":{"@type":"EntryPoint","urlTemplate":"https:\/\/www.noticiasradioreflejos.com.ar\/2021\/?s={search_term_string}"},"query-input":{"@type":"PropertyValueSpecification","valueRequired":true,"valueName":"search_term_string"}}],"inLanguage":"es"},{"@type":"Person","@id":"https:\/\/www.noticiasradioreflejos.com.ar\/2021\/#\/schema\/person\/ad82545263dcc5ec0996818884fd5fb1","name":"Arnaldo Botto","image":{"@type":"ImageObject","inLanguage":"es","@id":"https:\/\/www.noticiasradioreflejos.com.ar\/2021\/#\/schema\/person\/image\/","url":"https:\/\/secure.gravatar.com\/avatar\/55cb5e37c1efa326397366e6974cb338056df65cb50e7d64d1cf314e87504837?s=96&d=mm&r=g","contentUrl":"https:\/\/secure.gravatar.com\/avatar\/55cb5e37c1efa326397366e6974cb338056df65cb50e7d64d1cf314e87504837?s=96&d=mm&r=g","caption":"Arnaldo Botto"},"url":"https:\/\/www.noticiasradioreflejos.com.ar\/2021\/author\/arnaldo\/"}]}},"_links":{"self":[{"href":"https:\/\/www.noticiasradioreflejos.com.ar\/2021\/wp-json\/wp\/v2\/posts\/39481","targetHints":{"allow":["GET"]}}],"collection":[{"href":"https:\/\/www.noticiasradioreflejos.com.ar\/2021\/wp-json\/wp\/v2\/posts"}],"about":[{"href":"https:\/\/www.noticiasradioreflejos.com.ar\/2021\/wp-json\/wp\/v2\/types\/post"}],"author":[{"embeddable":true,"href":"https:\/\/www.noticiasradioreflejos.com.ar\/2021\/wp-json\/wp\/v2\/users\/3"}],"replies":[{"embeddable":true,"href":"https:\/\/www.noticiasradioreflejos.com.ar\/2021\/wp-json\/wp\/v2\/comments?post=39481"}],"version-history":[{"count":0,"href":"https:\/\/www.noticiasradioreflejos.com.ar\/2021\/wp-json\/wp\/v2\/posts\/39481\/revisions"}],"wp:attachment":[{"href":"https:\/\/www.noticiasradioreflejos.com.ar\/2021\/wp-json\/wp\/v2\/media?parent=39481"}],"wp:term":[{"taxonomy":"category","embeddable":true,"href":"https:\/\/www.noticiasradioreflejos.com.ar\/2021\/wp-json\/wp\/v2\/categories?post=39481"},{"taxonomy":"post_tag","embeddable":true,"href":"https:\/\/www.noticiasradioreflejos.com.ar\/2021\/wp-json\/wp\/v2\/tags?post=39481"}],"curies":[{"name":"wp","href":"https:\/\/api.w.org\/{rel}","templated":true}]}}