{"id":39470,"date":"2020-03-13T18:47:16","date_gmt":"2020-03-13T21:47:16","guid":{"rendered":"http:\/\/www.noticiasradioreflejos.com.ar\/noticias\/?p=39470"},"modified":"2020-03-13T18:47:16","modified_gmt":"2020-03-13T21:47:16","slug":"gestiones-en-el-ambito-productivo-y-turistico","status":"publish","type":"post","link":"https:\/\/www.noticiasradioreflejos.com.ar\/2021\/gestiones-en-el-ambito-productivo-y-turistico\/","title":{"rendered":"Gestiones en el \u00e1mbito productivo y tur\u00edstico"},"content":{"rendered":"<p>Esta semana, la Secretaria de Turismo, Producci\u00f3n, Comercio e Industria Susana Dos Santos, viaj\u00f3 a la ciudad de Buenos Aires para mantener reuniones en distintos Ministerios.<!--more--><br \/>\nEn primera instancia, particip\u00f3 en la Casa de la Provincia, de la presentaci\u00f3n de eventos tur\u00edsticos- deportivos; con el fin de promocionar el distrito como un lugar de desarrollo de actividades que vinculen el entrenamiento con distintos escenarios naturales como senderos, arroyos, sierras y paisajes. Tambi\u00e9n visit\u00f3 el Ministerio de Turismo de la Naci\u00f3n, con fin de incluir el destino dentro de las promociones que promueve dicho ministerio.<br \/>\nEn el \u00e1mbito productivo, la titular de la cartera se reuni\u00f3 con la Directora de Sustentabilidad y Medio Ambiente, Mar\u00eda Jos\u00e9 Tesoro. Durante el encuentro trataron varios temas prioritarios de la agenda de la secretar\u00eda, como la declaraci\u00f3n de la emergencia clim\u00e1tica en el \u00e1mbito agropecuario.<br \/>\nDos Santos mantuvo un encuentro con las autoridades de Campo Limpio, organizaci\u00f3n que genera una econom\u00eda circular de los envases fitosanitarios, recepcion\u00e1ndolos y transform\u00e1ndolos, con el objetivo de proponer al distrito como centro de acopio transitorio.<br \/>\nPor otro lado, se dio cita en el Ministerio de Desarrollo Social de la Naci\u00f3n, con el fin de dar el puntapi\u00e9 inicial a un proyecto estrat\u00e9gico que se denominar\u00e1: Plan Maestro de Desarrollo Alimentario Ventania.<br \/>\nAdem\u00e1s visit\u00f3 el Ministerio de Ciencia, Tecnolog\u00eda e Innovaci\u00f3n para participar de la apertura de los nuevos proyectos 2020.<\/p>\n","protected":false},"excerpt":{"rendered":"<p>Esta semana, la Secretaria de Turismo, Producci\u00f3n, Comercio e Industria Susana Dos Santos, viaj\u00f3 a la ciudad de Buenos Aires para mantener reuniones en distintos Ministerios.<\/p>\n","protected":false},"author":3,"featured_media":0,"comment_status":"closed","ping_status":"open","sticky":false,"template":"","format":"standard","meta":{"footnotes":""},"categories":[33],"tags":[],"class_list":["post-39470","post","type-post","status-publish","format-standard","hentry","category-turismo"],"yoast_head":"<!-- This site is optimized with the Yoast SEO plugin v25.9 - https:\/\/yoast.com\/wordpress\/plugins\/seo\/ -->\n<title>Gestiones en el \u00e1mbito productivo y tur\u00edstico - Noticias Radio Reflejos<\/title>\n<meta name=\"robots\" content=\"index, follow, max-snippet:-1, max-image-preview:large, max-video-preview:-1\" \/>\n<link rel=\"canonical\" href=\"https:\/\/www.noticiasradioreflejos.com.ar\/2021\/gestiones-en-el-ambito-productivo-y-turistico\/\" \/>\n<meta property=\"og:locale\" content=\"es_ES\" \/>\n<meta property=\"og:type\" content=\"article\" \/>\n<meta property=\"og:title\" content=\"Gestiones en el \u00e1mbito productivo y tur\u00edstico - Noticias Radio Reflejos\" \/>\n<meta property=\"og:description\" content=\"Esta semana, la Secretaria de Turismo, Producci\u00f3n, Comercio e Industria Susana Dos Santos, viaj\u00f3 a la ciudad de Buenos Aires para mantener reuniones en distintos Ministerios.\" \/>\n<meta property=\"og:url\" content=\"https:\/\/www.noticiasradioreflejos.com.ar\/2021\/gestiones-en-el-ambito-productivo-y-turistico\/\" \/>\n<meta property=\"og:site_name\" content=\"Noticias Radio Reflejos\" \/>\n<meta property=\"article:published_time\" content=\"2020-03-13T21:47:16+00:00\" \/>\n<meta property=\"og:image\" content=\"https:\/\/www.noticiasradioreflejos.com.ar\/2021\/wp-content\/uploads\/2021\/07\/logosol300x200.png\" \/>\n\t<meta property=\"og:image:width\" content=\"300\" \/>\n\t<meta property=\"og:image:height\" content=\"200\" \/>\n\t<meta property=\"og:image:type\" content=\"image\/png\" \/>\n<meta name=\"author\" content=\"Arnaldo Botto\" \/>\n<meta name=\"twitter:card\" content=\"summary_large_image\" \/>\n<script type=\"application\/ld+json\" class=\"yoast-schema-graph\">{\"@context\":\"https:\/\/schema.org\",\"@graph\":[{\"@type\":\"WebPage\",\"@id\":\"https:\/\/www.noticiasradioreflejos.com.ar\/2021\/gestiones-en-el-ambito-productivo-y-turistico\/\",\"url\":\"https:\/\/www.noticiasradioreflejos.com.ar\/2021\/gestiones-en-el-ambito-productivo-y-turistico\/\",\"name\":\"Gestiones en el \u00e1mbito productivo y tur\u00edstico - Noticias Radio Reflejos\",\"isPartOf\":{\"@id\":\"https:\/\/www.noticiasradioreflejos.com.ar\/2021\/#website\"},\"datePublished\":\"2020-03-13T21:47:16+00:00\",\"author\":{\"@id\":\"https:\/\/www.noticiasradioreflejos.com.ar\/2021\/#\/schema\/person\/ad82545263dcc5ec0996818884fd5fb1\"},\"breadcrumb\":{\"@id\":\"https:\/\/www.noticiasradioreflejos.com.ar\/2021\/gestiones-en-el-ambito-productivo-y-turistico\/#breadcrumb\"},\"inLanguage\":\"es\",\"potentialAction\":[{\"@type\":\"ReadAction\",\"target\":[\"https:\/\/www.noticiasradioreflejos.com.ar\/2021\/gestiones-en-el-ambito-productivo-y-turistico\/\"]}]},{\"@type\":\"BreadcrumbList\",\"@id\":\"https:\/\/www.noticiasradioreflejos.com.ar\/2021\/gestiones-en-el-ambito-productivo-y-turistico\/#breadcrumb\",\"itemListElement\":[{\"@type\":\"ListItem\",\"position\":1,\"name\":\"Portada\",\"item\":\"https:\/\/www.noticiasradioreflejos.com.ar\/2021\/\"},{\"@type\":\"ListItem\",\"position\":2,\"name\":\"Gestiones en el \u00e1mbito productivo y tur\u00edstico\"}]},{\"@type\":\"WebSite\",\"@id\":\"https:\/\/www.noticiasradioreflejos.com.ar\/2021\/#website\",\"url\":\"https:\/\/www.noticiasradioreflejos.com.ar\/2021\/\",\"name\":\"Noticias Radio Reflejos\",\"description\":\"Las noticias de mi comarca\",\"potentialAction\":[{\"@type\":\"SearchAction\",\"target\":{\"@type\":\"EntryPoint\",\"urlTemplate\":\"https:\/\/www.noticiasradioreflejos.com.ar\/2021\/?s={search_term_string}\"},\"query-input\":{\"@type\":\"PropertyValueSpecification\",\"valueRequired\":true,\"valueName\":\"search_term_string\"}}],\"inLanguage\":\"es\"},{\"@type\":\"Person\",\"@id\":\"https:\/\/www.noticiasradioreflejos.com.ar\/2021\/#\/schema\/person\/ad82545263dcc5ec0996818884fd5fb1\",\"name\":\"Arnaldo Botto\",\"image\":{\"@type\":\"ImageObject\",\"inLanguage\":\"es\",\"@id\":\"https:\/\/www.noticiasradioreflejos.com.ar\/2021\/#\/schema\/person\/image\/\",\"url\":\"https:\/\/secure.gravatar.com\/avatar\/55cb5e37c1efa326397366e6974cb338056df65cb50e7d64d1cf314e87504837?s=96&d=mm&r=g\",\"contentUrl\":\"https:\/\/secure.gravatar.com\/avatar\/55cb5e37c1efa326397366e6974cb338056df65cb50e7d64d1cf314e87504837?s=96&d=mm&r=g\",\"caption\":\"Arnaldo Botto\"},\"url\":\"https:\/\/www.noticiasradioreflejos.com.ar\/2021\/author\/arnaldo\/\"}]}<\/script>\n<!-- \/ Yoast SEO plugin. -->","yoast_head_json":{"title":"Gestiones en el \u00e1mbito productivo y tur\u00edstico - Noticias Radio Reflejos","robots":{"index":"index","follow":"follow","max-snippet":"max-snippet:-1","max-image-preview":"max-image-preview:large","max-video-preview":"max-video-preview:-1"},"canonical":"https:\/\/www.noticiasradioreflejos.com.ar\/2021\/gestiones-en-el-ambito-productivo-y-turistico\/","og_locale":"es_ES","og_type":"article","og_title":"Gestiones en el \u00e1mbito productivo y tur\u00edstico - Noticias Radio Reflejos","og_description":"Esta semana, la Secretaria de Turismo, Producci\u00f3n, Comercio e Industria Susana Dos Santos, viaj\u00f3 a la ciudad de Buenos Aires para mantener reuniones en distintos Ministerios.","og_url":"https:\/\/www.noticiasradioreflejos.com.ar\/2021\/gestiones-en-el-ambito-productivo-y-turistico\/","og_site_name":"Noticias Radio Reflejos","article_published_time":"2020-03-13T21:47:16+00:00","og_image":[{"width":300,"height":200,"url":"https:\/\/www.noticiasradioreflejos.com.ar\/2021\/wp-content\/uploads\/2021\/07\/logosol300x200.png","type":"image\/png"}],"author":"Arnaldo Botto","twitter_card":"summary_large_image","schema":{"@context":"https:\/\/schema.org","@graph":[{"@type":"WebPage","@id":"https:\/\/www.noticiasradioreflejos.com.ar\/2021\/gestiones-en-el-ambito-productivo-y-turistico\/","url":"https:\/\/www.noticiasradioreflejos.com.ar\/2021\/gestiones-en-el-ambito-productivo-y-turistico\/","name":"Gestiones en el \u00e1mbito productivo y tur\u00edstico - Noticias Radio Reflejos","isPartOf":{"@id":"https:\/\/www.noticiasradioreflejos.com.ar\/2021\/#website"},"datePublished":"2020-03-13T21:47:16+00:00","author":{"@id":"https:\/\/www.noticiasradioreflejos.com.ar\/2021\/#\/schema\/person\/ad82545263dcc5ec0996818884fd5fb1"},"breadcrumb":{"@id":"https:\/\/www.noticiasradioreflejos.com.ar\/2021\/gestiones-en-el-ambito-productivo-y-turistico\/#breadcrumb"},"inLanguage":"es","potentialAction":[{"@type":"ReadAction","target":["https:\/\/www.noticiasradioreflejos.com.ar\/2021\/gestiones-en-el-ambito-productivo-y-turistico\/"]}]},{"@type":"BreadcrumbList","@id":"https:\/\/www.noticiasradioreflejos.com.ar\/2021\/gestiones-en-el-ambito-productivo-y-turistico\/#breadcrumb","itemListElement":[{"@type":"ListItem","position":1,"name":"Portada","item":"https:\/\/www.noticiasradioreflejos.com.ar\/2021\/"},{"@type":"ListItem","position":2,"name":"Gestiones en el \u00e1mbito productivo y tur\u00edstico"}]},{"@type":"WebSite","@id":"https:\/\/www.noticiasradioreflejos.com.ar\/2021\/#website","url":"https:\/\/www.noticiasradioreflejos.com.ar\/2021\/","name":"Noticias Radio Reflejos","description":"Las noticias de mi comarca","potentialAction":[{"@type":"SearchAction","target":{"@type":"EntryPoint","urlTemplate":"https:\/\/www.noticiasradioreflejos.com.ar\/2021\/?s={search_term_string}"},"query-input":{"@type":"PropertyValueSpecification","valueRequired":true,"valueName":"search_term_string"}}],"inLanguage":"es"},{"@type":"Person","@id":"https:\/\/www.noticiasradioreflejos.com.ar\/2021\/#\/schema\/person\/ad82545263dcc5ec0996818884fd5fb1","name":"Arnaldo Botto","image":{"@type":"ImageObject","inLanguage":"es","@id":"https:\/\/www.noticiasradioreflejos.com.ar\/2021\/#\/schema\/person\/image\/","url":"https:\/\/secure.gravatar.com\/avatar\/55cb5e37c1efa326397366e6974cb338056df65cb50e7d64d1cf314e87504837?s=96&d=mm&r=g","contentUrl":"https:\/\/secure.gravatar.com\/avatar\/55cb5e37c1efa326397366e6974cb338056df65cb50e7d64d1cf314e87504837?s=96&d=mm&r=g","caption":"Arnaldo Botto"},"url":"https:\/\/www.noticiasradioreflejos.com.ar\/2021\/author\/arnaldo\/"}]}},"_links":{"self":[{"href":"https:\/\/www.noticiasradioreflejos.com.ar\/2021\/wp-json\/wp\/v2\/posts\/39470","targetHints":{"allow":["GET"]}}],"collection":[{"href":"https:\/\/www.noticiasradioreflejos.com.ar\/2021\/wp-json\/wp\/v2\/posts"}],"about":[{"href":"https:\/\/www.noticiasradioreflejos.com.ar\/2021\/wp-json\/wp\/v2\/types\/post"}],"author":[{"embeddable":true,"href":"https:\/\/www.noticiasradioreflejos.com.ar\/2021\/wp-json\/wp\/v2\/users\/3"}],"replies":[{"embeddable":true,"href":"https:\/\/www.noticiasradioreflejos.com.ar\/2021\/wp-json\/wp\/v2\/comments?post=39470"}],"version-history":[{"count":0,"href":"https:\/\/www.noticiasradioreflejos.com.ar\/2021\/wp-json\/wp\/v2\/posts\/39470\/revisions"}],"wp:attachment":[{"href":"https:\/\/www.noticiasradioreflejos.com.ar\/2021\/wp-json\/wp\/v2\/media?parent=39470"}],"wp:term":[{"taxonomy":"category","embeddable":true,"href":"https:\/\/www.noticiasradioreflejos.com.ar\/2021\/wp-json\/wp\/v2\/categories?post=39470"},{"taxonomy":"post_tag","embeddable":true,"href":"https:\/\/www.noticiasradioreflejos.com.ar\/2021\/wp-json\/wp\/v2\/tags?post=39470"}],"curies":[{"name":"wp","href":"https:\/\/api.w.org\/{rel}","templated":true}]}}